


{"id":8625,"date":"2014-06-06T11:00:48","date_gmt":"2014-06-06T09:00:48","guid":{"rendered":"http:\/\/icon-vrai.loc\/2014\/06\/06\/burberrys-spring-summer-2015-pre-collection\/"},"modified":"2020-10-21T00:13:24","modified_gmt":"2020-10-20T22:13:24","slug":"burberrys-spring-summer-2015-pre-collection","status":"publish","type":"post","link":"https:\/\/www.icon-icon.com\/en\/burberrys-spring-summer-2015-pre-collection\/","title":{"rendered":"Burberry\u2019s Spring\/Summer 2015 Pre-Collection"},"content":{"rendered":"<div>This year, creative director Christopher Bailey imagined a collection inspired by poetry and British book covers from a century gone by. A mixture of genres and fabrics, Burberry surprises with a contrast between respect for tradition and sizable innovation. It\u2019s a veritable mixture of genres: a multitude of materials and fabrics, notably pieces made of military cotton, cashmere, covered in sequins, silk, lace, deerskin, or serigraph leather.<\/div>\n<div>When it comes to the pieces that compose the Spring\/Summer 2015 pre-collection, the exterior garments take the cake. The famed trench coat that brought the brand its notoriety is revisited here in a multitude of typically British colors. Coats and jackets are also on the menu, penetrated with sober tones. Printed blouses, silk and lace dresses, but also skirts and bags, this prorsum collection is an eclectic grab bag of researched, powerful, and purely English colors. Colors that add up to neutral, like honey or white, appear alongside warm colors like red, pink, orange, or more intense ones like dark green and midnight blue.<\/div>\n<div>The biggest surprise in this pre-collection: the motifs are words that reappear on a few pieces. Certain sweaters, bags, trench coats, dresses, or skirts are engraved with designed words or manuscript writings. The brand took inspiration from the graphic design of the covers of English literary works of the 20th century:&nbsp;<em>Winds &amp; Showers, The Orchard<\/em>, and&nbsp;<em>Explore and Adventure<\/em>&#8230; In this pre-collection, Christopher Bailey put the accent on contrasts. A slightly off kilter style that recalls the magic and chaos of the rain in Great Britain.<\/div>\n<div>&nbsp;<\/div>\n","protected":false},"excerpt":{"rendered":"<p>This year, creative director Christopher Bailey imagined a collection inspired by poetry and British book covers from a century gone by. A mixture of genres and fabrics, Burberry surprises with a contrast between respect for tradition and sizable innovation. It\u2019s a veritable mixture of genres: a multitude of materials and fabrics, notably pieces made of&#8230;<\/p>\n","protected":false},"author":3,"featured_media":8622,"comment_status":"open","ping_status":"open","sticky":false,"template":"","format":"standard","meta":{"_acf_changed":false,"footnotes":""},"categories":[32,6],"tags":[14745,6303,15201,6665,1963,345,15198,15196,15195,2275,14730,3233,15193,15204,5558,15197,15199,2669,15200,15175,14561,569,2756,14531,15194,8183,15192,15203,6741,15202],"class_list":["post-8625","post","type-post","status-publish","format-standard","has-post-thumbnail","hentry","category-fashion-accessories","category-ready-to-wear","tag-14745","tag-blanc","tag-bleu-nuit","tag-blouses","tag-british","tag-burberry","tag-cabans","tag-coloris","tag-cristopher-bailey","tag-cuir","tag-dentelle","tag-directeur-artistique","tag-elegante","tag-explore-and-adventure","tag-maison","tag-manteaux","tag-miel","tag-news","tag-orange","tag-pre-collection","tag-printemps-ete","tag-robes","tag-rose","tag-rouge","tag-serigraphie","tag-soie","tag-sophistiquee","tag-the-orchard","tag-vert","tag-winds-and-showers"],"acf":[],"yoast_head":"<!-- This site is optimized with the Yoast SEO plugin v27.2 - https:\/\/yoast.com\/product\/yoast-seo-wordpress\/ -->\n<title>Burberry\u2019s Spring\/Summer 2015 Pre-Collection - ICON-ICON<\/title>\n<meta name=\"robots\" content=\"index, follow, max-snippet:-1, max-image-preview:large, max-video-preview:-1\" \/>\n<link rel=\"canonical\" href=\"https:\/\/www.icon-icon.com\/en\/burberrys-spring-summer-2015-pre-collection\/\" \/>\n<meta property=\"og:locale\" content=\"en_US\" \/>\n<meta property=\"og:type\" content=\"article\" \/>\n<meta property=\"og:title\" content=\"Burberry\u2019s Spring\/Summer 2015 Pre-Collection - ICON-ICON\" \/>\n<meta property=\"og:description\" content=\"This year, creative director Christopher Bailey imagined a collection inspired by poetry and British book covers from a century gone by. A mixture of genres and fabrics, Burberry surprises with a contrast between respect for tradition and sizable innovation. It\u2019s a veritable mixture of genres: a multitude of materials and fabrics, notably pieces made of...\" \/>\n<meta property=\"og:url\" content=\"https:\/\/www.icon-icon.com\/en\/burberrys-spring-summer-2015-pre-collection\/\" \/>\n<meta property=\"og:site_name\" content=\"ICON-ICON\" \/>\n<meta property=\"article:published_time\" content=\"2014-06-06T09:00:48+00:00\" \/>\n<meta property=\"article:modified_time\" content=\"2020-10-20T22:13:24+00:00\" \/>\n<meta property=\"og:image\" content=\"https:\/\/www.icon-icon.com\/wp-content\/uploads\/2014\/06\/capture_decran_2014-06-13_a_13.48.42.png\" \/>\n\t<meta property=\"og:image:width\" content=\"450\" \/>\n\t<meta property=\"og:image:height\" content=\"678\" \/>\n\t<meta property=\"og:image:type\" content=\"image\/png\" \/>\n<meta name=\"author\" content=\"Icon-Icon\" \/>\n<meta name=\"twitter:card\" content=\"summary_large_image\" \/>\n<meta name=\"twitter:label1\" content=\"Written by\" \/>\n\t<meta name=\"twitter:data1\" content=\"Icon-Icon\" \/>\n\t<meta name=\"twitter:label2\" content=\"Est. reading time\" \/>\n\t<meta name=\"twitter:data2\" content=\"1 minute\" \/>\n<script type=\"application\/ld+json\" class=\"yoast-schema-graph\">{\"@context\":\"https:\/\/schema.org\",\"@graph\":[{\"@type\":\"Article\",\"@id\":\"https:\/\/www.icon-icon.com\/en\/burberrys-spring-summer-2015-pre-collection\/#article\",\"isPartOf\":{\"@id\":\"https:\/\/www.icon-icon.com\/en\/burberrys-spring-summer-2015-pre-collection\/\"},\"author\":{\"name\":\"Icon-Icon\",\"@id\":\"https:\/\/www.icon-icon.com\/#\/schema\/person\/e55d52fc3eb90f0f596d4040244e9e8a\"},\"headline\":\"Burberry\u2019s Spring\/Summer 2015 Pre-Collection\",\"datePublished\":\"2014-06-06T09:00:48+00:00\",\"dateModified\":\"2020-10-20T22:13:24+00:00\",\"mainEntityOfPage\":{\"@id\":\"https:\/\/www.icon-icon.com\/en\/burberrys-spring-summer-2015-pre-collection\/\"},\"wordCount\":267,\"commentCount\":0,\"image\":{\"@id\":\"https:\/\/www.icon-icon.com\/en\/burberrys-spring-summer-2015-pre-collection\/#primaryimage\"},\"thumbnailUrl\":\"https:\/\/www.icon-icon.com\/wp-content\/uploads\/2014\/06\/capture_decran_2014-06-13_a_13.48.42.png\",\"keywords\":[\"2015\",\"blanc\",\"bleu-nuit\",\"blouses\",\"British\",\"burberry\",\"cabans\",\"coloris\",\"cristopher-bailey\",\"cuir\",\"dentelle\",\"directeur-artistique\",\"\u00e9l\u00e9gante\",\"explore-and-adventure\",\"maison\",\"manteaux\",\"miel\",\"News\",\"orange\",\"pre-collection\",\"printemps-\u00e9t\u00e9\",\"robes\",\"Ros\u00e9\",\"rouge\",\"serigraphi\u00e9\",\"soie\",\"sophistiqu\u00e9e\",\"the-orchard\",\"vert\",\"winds-and-showers\"],\"articleSection\":[\"Fashion &amp; accessories\",\"Ready To Wear\"],\"inLanguage\":\"en-US\",\"potentialAction\":[{\"@type\":\"CommentAction\",\"name\":\"Comment\",\"target\":[\"https:\/\/www.icon-icon.com\/en\/burberrys-spring-summer-2015-pre-collection\/#respond\"]}]},{\"@type\":\"WebPage\",\"@id\":\"https:\/\/www.icon-icon.com\/en\/burberrys-spring-summer-2015-pre-collection\/\",\"url\":\"https:\/\/www.icon-icon.com\/en\/burberrys-spring-summer-2015-pre-collection\/\",\"name\":\"Burberry\u2019s Spring\/Summer 2015 Pre-Collection - ICON-ICON\",\"isPartOf\":{\"@id\":\"https:\/\/www.icon-icon.com\/#website\"},\"primaryImageOfPage\":{\"@id\":\"https:\/\/www.icon-icon.com\/en\/burberrys-spring-summer-2015-pre-collection\/#primaryimage\"},\"image\":{\"@id\":\"https:\/\/www.icon-icon.com\/en\/burberrys-spring-summer-2015-pre-collection\/#primaryimage\"},\"thumbnailUrl\":\"https:\/\/www.icon-icon.com\/wp-content\/uploads\/2014\/06\/capture_decran_2014-06-13_a_13.48.42.png\",\"datePublished\":\"2014-06-06T09:00:48+00:00\",\"dateModified\":\"2020-10-20T22:13:24+00:00\",\"author\":{\"@id\":\"https:\/\/www.icon-icon.com\/#\/schema\/person\/e55d52fc3eb90f0f596d4040244e9e8a\"},\"breadcrumb\":{\"@id\":\"https:\/\/www.icon-icon.com\/en\/burberrys-spring-summer-2015-pre-collection\/#breadcrumb\"},\"inLanguage\":\"en-US\",\"potentialAction\":[{\"@type\":\"ReadAction\",\"target\":[\"https:\/\/www.icon-icon.com\/en\/burberrys-spring-summer-2015-pre-collection\/\"]}]},{\"@type\":\"ImageObject\",\"inLanguage\":\"en-US\",\"@id\":\"https:\/\/www.icon-icon.com\/en\/burberrys-spring-summer-2015-pre-collection\/#primaryimage\",\"url\":\"https:\/\/www.icon-icon.com\/wp-content\/uploads\/2014\/06\/capture_decran_2014-06-13_a_13.48.42.png\",\"contentUrl\":\"https:\/\/www.icon-icon.com\/wp-content\/uploads\/2014\/06\/capture_decran_2014-06-13_a_13.48.42.png\",\"width\":450,\"height\":678,\"caption\":\"capture_decran_2014-06-13_a_13.48.42.png\"},{\"@type\":\"BreadcrumbList\",\"@id\":\"https:\/\/www.icon-icon.com\/en\/burberrys-spring-summer-2015-pre-collection\/#breadcrumb\",\"itemListElement\":[{\"@type\":\"ListItem\",\"position\":1,\"name\":\"Accueil\",\"item\":\"https:\/\/www.icon-icon.com\/en\/\"},{\"@type\":\"ListItem\",\"position\":2,\"name\":\"Burberry\u2019s Spring\/Summer 2015 Pre-Collection\"}]},{\"@type\":\"WebSite\",\"@id\":\"https:\/\/www.icon-icon.com\/#website\",\"url\":\"https:\/\/www.icon-icon.com\/\",\"name\":\"ICON-ICON\",\"description\":\"Luxury Stories\",\"potentialAction\":[{\"@type\":\"SearchAction\",\"target\":{\"@type\":\"EntryPoint\",\"urlTemplate\":\"https:\/\/www.icon-icon.com\/?s={search_term_string}\"},\"query-input\":{\"@type\":\"PropertyValueSpecification\",\"valueRequired\":true,\"valueName\":\"search_term_string\"}}],\"inLanguage\":\"en-US\"},{\"@type\":\"Person\",\"@id\":\"https:\/\/www.icon-icon.com\/#\/schema\/person\/e55d52fc3eb90f0f596d4040244e9e8a\",\"name\":\"Icon-Icon\",\"image\":{\"@type\":\"ImageObject\",\"inLanguage\":\"en-US\",\"@id\":\"https:\/\/secure.gravatar.com\/avatar\/a805f008148faa69a17c7f0ea39c1c8fe7cf57667bd31c5e023987a404bf2748?s=96&d=mm&r=g\",\"url\":\"https:\/\/secure.gravatar.com\/avatar\/a805f008148faa69a17c7f0ea39c1c8fe7cf57667bd31c5e023987a404bf2748?s=96&d=mm&r=g\",\"contentUrl\":\"https:\/\/secure.gravatar.com\/avatar\/a805f008148faa69a17c7f0ea39c1c8fe7cf57667bd31c5e023987a404bf2748?s=96&d=mm&r=g\",\"caption\":\"Icon-Icon\"},\"url\":\"https:\/\/www.icon-icon.com\/en\/author\/icon\/\"}]}<\/script>\n<!-- \/ Yoast SEO plugin. -->","yoast_head_json":{"title":"Burberry\u2019s Spring\/Summer 2015 Pre-Collection - ICON-ICON","robots":{"index":"index","follow":"follow","max-snippet":"max-snippet:-1","max-image-preview":"max-image-preview:large","max-video-preview":"max-video-preview:-1"},"canonical":"https:\/\/www.icon-icon.com\/en\/burberrys-spring-summer-2015-pre-collection\/","og_locale":"en_US","og_type":"article","og_title":"Burberry\u2019s Spring\/Summer 2015 Pre-Collection - ICON-ICON","og_description":"This year, creative director Christopher Bailey imagined a collection inspired by poetry and British book covers from a century gone by. A mixture of genres and fabrics, Burberry surprises with a contrast between respect for tradition and sizable innovation. It\u2019s a veritable mixture of genres: a multitude of materials and fabrics, notably pieces made of...","og_url":"https:\/\/www.icon-icon.com\/en\/burberrys-spring-summer-2015-pre-collection\/","og_site_name":"ICON-ICON","article_published_time":"2014-06-06T09:00:48+00:00","article_modified_time":"2020-10-20T22:13:24+00:00","og_image":[{"width":450,"height":678,"url":"https:\/\/www.icon-icon.com\/wp-content\/uploads\/2014\/06\/capture_decran_2014-06-13_a_13.48.42.png","type":"image\/png"}],"author":"Icon-Icon","twitter_card":"summary_large_image","twitter_misc":{"Written by":"Icon-Icon","Est. reading time":"1 minute"},"schema":{"@context":"https:\/\/schema.org","@graph":[{"@type":"Article","@id":"https:\/\/www.icon-icon.com\/en\/burberrys-spring-summer-2015-pre-collection\/#article","isPartOf":{"@id":"https:\/\/www.icon-icon.com\/en\/burberrys-spring-summer-2015-pre-collection\/"},"author":{"name":"Icon-Icon","@id":"https:\/\/www.icon-icon.com\/#\/schema\/person\/e55d52fc3eb90f0f596d4040244e9e8a"},"headline":"Burberry\u2019s Spring\/Summer 2015 Pre-Collection","datePublished":"2014-06-06T09:00:48+00:00","dateModified":"2020-10-20T22:13:24+00:00","mainEntityOfPage":{"@id":"https:\/\/www.icon-icon.com\/en\/burberrys-spring-summer-2015-pre-collection\/"},"wordCount":267,"commentCount":0,"image":{"@id":"https:\/\/www.icon-icon.com\/en\/burberrys-spring-summer-2015-pre-collection\/#primaryimage"},"thumbnailUrl":"https:\/\/www.icon-icon.com\/wp-content\/uploads\/2014\/06\/capture_decran_2014-06-13_a_13.48.42.png","keywords":["2015","blanc","bleu-nuit","blouses","British","burberry","cabans","coloris","cristopher-bailey","cuir","dentelle","directeur-artistique","\u00e9l\u00e9gante","explore-and-adventure","maison","manteaux","miel","News","orange","pre-collection","printemps-\u00e9t\u00e9","robes","Ros\u00e9","rouge","serigraphi\u00e9","soie","sophistiqu\u00e9e","the-orchard","vert","winds-and-showers"],"articleSection":["Fashion &amp; accessories","Ready To Wear"],"inLanguage":"en-US","potentialAction":[{"@type":"CommentAction","name":"Comment","target":["https:\/\/www.icon-icon.com\/en\/burberrys-spring-summer-2015-pre-collection\/#respond"]}]},{"@type":"WebPage","@id":"https:\/\/www.icon-icon.com\/en\/burberrys-spring-summer-2015-pre-collection\/","url":"https:\/\/www.icon-icon.com\/en\/burberrys-spring-summer-2015-pre-collection\/","name":"Burberry\u2019s Spring\/Summer 2015 Pre-Collection - ICON-ICON","isPartOf":{"@id":"https:\/\/www.icon-icon.com\/#website"},"primaryImageOfPage":{"@id":"https:\/\/www.icon-icon.com\/en\/burberrys-spring-summer-2015-pre-collection\/#primaryimage"},"image":{"@id":"https:\/\/www.icon-icon.com\/en\/burberrys-spring-summer-2015-pre-collection\/#primaryimage"},"thumbnailUrl":"https:\/\/www.icon-icon.com\/wp-content\/uploads\/2014\/06\/capture_decran_2014-06-13_a_13.48.42.png","datePublished":"2014-06-06T09:00:48+00:00","dateModified":"2020-10-20T22:13:24+00:00","author":{"@id":"https:\/\/www.icon-icon.com\/#\/schema\/person\/e55d52fc3eb90f0f596d4040244e9e8a"},"breadcrumb":{"@id":"https:\/\/www.icon-icon.com\/en\/burberrys-spring-summer-2015-pre-collection\/#breadcrumb"},"inLanguage":"en-US","potentialAction":[{"@type":"ReadAction","target":["https:\/\/www.icon-icon.com\/en\/burberrys-spring-summer-2015-pre-collection\/"]}]},{"@type":"ImageObject","inLanguage":"en-US","@id":"https:\/\/www.icon-icon.com\/en\/burberrys-spring-summer-2015-pre-collection\/#primaryimage","url":"https:\/\/www.icon-icon.com\/wp-content\/uploads\/2014\/06\/capture_decran_2014-06-13_a_13.48.42.png","contentUrl":"https:\/\/www.icon-icon.com\/wp-content\/uploads\/2014\/06\/capture_decran_2014-06-13_a_13.48.42.png","width":450,"height":678,"caption":"capture_decran_2014-06-13_a_13.48.42.png"},{"@type":"BreadcrumbList","@id":"https:\/\/www.icon-icon.com\/en\/burberrys-spring-summer-2015-pre-collection\/#breadcrumb","itemListElement":[{"@type":"ListItem","position":1,"name":"Accueil","item":"https:\/\/www.icon-icon.com\/en\/"},{"@type":"ListItem","position":2,"name":"Burberry\u2019s Spring\/Summer 2015 Pre-Collection"}]},{"@type":"WebSite","@id":"https:\/\/www.icon-icon.com\/#website","url":"https:\/\/www.icon-icon.com\/","name":"ICON-ICON","description":"Luxury Stories","potentialAction":[{"@type":"SearchAction","target":{"@type":"EntryPoint","urlTemplate":"https:\/\/www.icon-icon.com\/?s={search_term_string}"},"query-input":{"@type":"PropertyValueSpecification","valueRequired":true,"valueName":"search_term_string"}}],"inLanguage":"en-US"},{"@type":"Person","@id":"https:\/\/www.icon-icon.com\/#\/schema\/person\/e55d52fc3eb90f0f596d4040244e9e8a","name":"Icon-Icon","image":{"@type":"ImageObject","inLanguage":"en-US","@id":"https:\/\/secure.gravatar.com\/avatar\/a805f008148faa69a17c7f0ea39c1c8fe7cf57667bd31c5e023987a404bf2748?s=96&d=mm&r=g","url":"https:\/\/secure.gravatar.com\/avatar\/a805f008148faa69a17c7f0ea39c1c8fe7cf57667bd31c5e023987a404bf2748?s=96&d=mm&r=g","contentUrl":"https:\/\/secure.gravatar.com\/avatar\/a805f008148faa69a17c7f0ea39c1c8fe7cf57667bd31c5e023987a404bf2748?s=96&d=mm&r=g","caption":"Icon-Icon"},"url":"https:\/\/www.icon-icon.com\/en\/author\/icon\/"}]}},"_links":{"self":[{"href":"https:\/\/www.icon-icon.com\/en\/wp-json\/wp\/v2\/posts\/8625","targetHints":{"allow":["GET"]}}],"collection":[{"href":"https:\/\/www.icon-icon.com\/en\/wp-json\/wp\/v2\/posts"}],"about":[{"href":"https:\/\/www.icon-icon.com\/en\/wp-json\/wp\/v2\/types\/post"}],"author":[{"embeddable":true,"href":"https:\/\/www.icon-icon.com\/en\/wp-json\/wp\/v2\/users\/3"}],"replies":[{"embeddable":true,"href":"https:\/\/www.icon-icon.com\/en\/wp-json\/wp\/v2\/comments?post=8625"}],"version-history":[{"count":1,"href":"https:\/\/www.icon-icon.com\/en\/wp-json\/wp\/v2\/posts\/8625\/revisions"}],"predecessor-version":[{"id":29994,"href":"https:\/\/www.icon-icon.com\/en\/wp-json\/wp\/v2\/posts\/8625\/revisions\/29994"}],"wp:featuredmedia":[{"embeddable":true,"href":"https:\/\/www.icon-icon.com\/en\/wp-json\/wp\/v2\/media\/8622"}],"wp:attachment":[{"href":"https:\/\/www.icon-icon.com\/en\/wp-json\/wp\/v2\/media?parent=8625"}],"wp:term":[{"taxonomy":"category","embeddable":true,"href":"https:\/\/www.icon-icon.com\/en\/wp-json\/wp\/v2\/categories?post=8625"},{"taxonomy":"post_tag","embeddable":true,"href":"https:\/\/www.icon-icon.com\/en\/wp-json\/wp\/v2\/tags?post=8625"}],"curies":[{"name":"wp","href":"https:\/\/api.w.org\/{rel}","templated":true}]}}