


{"id":79432,"date":"2022-06-24T02:04:35","date_gmt":"2022-06-24T00:04:35","guid":{"rendered":"https:\/\/www.icon-icon.com\/bugatti-chiron-lebe-art-is-also-in-the-past-tense\/"},"modified":"2022-06-24T02:04:50","modified_gmt":"2022-06-24T00:04:50","slug":"bugatti-chiron-lebe-art-is-also-in-the-past-tense","status":"publish","type":"post","link":"https:\/\/www.icon-icon.com\/en\/bugatti-chiron-lebe-art-is-also-in-the-past-tense\/","title":{"rendered":"Bugatti Chiron L&#8217;\u00c9b\u00e9 : art is also in the past tense"},"content":{"rendered":"\n<p>There\u2019s no more <a href=\"https:\/\/www.icon-icon.com\/en\/bugatti-chiron-cars-are-now-completely-sold-out\/\">Bugatti Chiron<\/a> in sell. The all 500 copies have been sold. The three last versions destined for Europe are currently leaving the Molsheim plant, and these three models are a bit special as they are dedicated to the memory of \u00c9b\u00e9 Maria Teresa Bugatti, the eldest daughter of Ettore Bugatti, the iconic founder of the French firm. <\/p>\n\n<p>Eb\u00e9 Maria Teresa Bugatti has especially wrote the biography <em>L\u2019histoire de Bugatti<\/em>, in which in which many excerpts from his father&#8217;s diary were revealed. Even if her name is less famous than her father\u2019s name, She was an important figure for Bugatti, and the brand is paying tribute to her today with several special versions called &#8220;Bugatti Chiron L&#8217;\u00c9b\u00e9&#8221;. The colours echo Art Deco, one of \u00c9b\u00e9&#8217;s great passions.<\/p>\n\n<div class=\"wp-block-image\"><figure class=\"aligncenter size-large\"><img loading=\"lazy\" decoding=\"async\" width=\"1024\" height=\"576\" src=\"https:\/\/www.icon-icon.com\/wp-content\/uploads\/2022\/06\/bugatti-chiron-l-ebe-rear-corner-1-1024x576.jpeg\" alt=\"\" class=\"wp-image-79345\" srcset=\"https:\/\/www.icon-icon.com\/wp-content\/uploads\/2022\/06\/bugatti-chiron-l-ebe-rear-corner-1-1024x576.jpeg 1024w, https:\/\/www.icon-icon.com\/wp-content\/uploads\/2022\/06\/bugatti-chiron-l-ebe-rear-corner-1-600x338.jpeg 600w, https:\/\/www.icon-icon.com\/wp-content\/uploads\/2022\/06\/bugatti-chiron-l-ebe-rear-corner-1-300x169.jpeg 300w, https:\/\/www.icon-icon.com\/wp-content\/uploads\/2022\/06\/bugatti-chiron-l-ebe-rear-corner-1-768x432.jpeg 768w, https:\/\/www.icon-icon.com\/wp-content\/uploads\/2022\/06\/bugatti-chiron-l-ebe-rear-corner-1-1536x864.jpeg 1536w, https:\/\/www.icon-icon.com\/wp-content\/uploads\/2022\/06\/bugatti-chiron-l-ebe-rear-corner-1-580x326.jpeg 580w, https:\/\/www.icon-icon.com\/wp-content\/uploads\/2022\/06\/bugatti-chiron-l-ebe-rear-corner-1-860x484.jpeg 860w, https:\/\/www.icon-icon.com\/wp-content\/uploads\/2022\/06\/bugatti-chiron-l-ebe-rear-corner-1-1160x653.jpeg 1160w, https:\/\/www.icon-icon.com\/wp-content\/uploads\/2022\/06\/bugatti-chiron-l-ebe-rear-corner-1.jpeg 1920w\" sizes=\"auto, (max-width: 1024px) 100vw, 1024px\" \/><figcaption>Bugatti Chiron L&#8217;\u00c9b\u00e9<\/figcaption><\/figure><\/div>\n\n<p>There are various references to Bugatti cars of the past. Some elements echo the Type 57 G that triumphed at Le Mans in 1937, notably the blue bodywork with visible carbon fibre and gold inserts. These inserts are found on the diffuser, the spoiler and the wheels. It is absolutely splendid.<\/p>\n\n<p>The colour scheme is repeated in the interior, with blue carbon and alternating light and dark leather, with the colours reversed between the driver and passenger sides. As you can see in the picture below, each of the two door panels also shows the evolution of the front end of the various Bugatti cars, from the first racing cars to the Chiron.<\/p>\n\n<div class=\"wp-block-image\"><figure class=\"aligncenter size-large\"><img loading=\"lazy\" decoding=\"async\" width=\"1024\" height=\"576\" src=\"https:\/\/www.icon-icon.com\/wp-content\/uploads\/2022\/06\/bugatti-chiron-l-ebe-driver-cabin-1024x576.jpeg\" alt=\"\" class=\"wp-image-79347\" srcset=\"https:\/\/www.icon-icon.com\/wp-content\/uploads\/2022\/06\/bugatti-chiron-l-ebe-driver-cabin-1024x576.jpeg 1024w, https:\/\/www.icon-icon.com\/wp-content\/uploads\/2022\/06\/bugatti-chiron-l-ebe-driver-cabin-600x338.jpeg 600w, https:\/\/www.icon-icon.com\/wp-content\/uploads\/2022\/06\/bugatti-chiron-l-ebe-driver-cabin-300x169.jpeg 300w, https:\/\/www.icon-icon.com\/wp-content\/uploads\/2022\/06\/bugatti-chiron-l-ebe-driver-cabin-768x432.jpeg 768w, https:\/\/www.icon-icon.com\/wp-content\/uploads\/2022\/06\/bugatti-chiron-l-ebe-driver-cabin-1536x864.jpeg 1536w, https:\/\/www.icon-icon.com\/wp-content\/uploads\/2022\/06\/bugatti-chiron-l-ebe-driver-cabin-580x326.jpeg 580w, https:\/\/www.icon-icon.com\/wp-content\/uploads\/2022\/06\/bugatti-chiron-l-ebe-driver-cabin-860x484.jpeg 860w, https:\/\/www.icon-icon.com\/wp-content\/uploads\/2022\/06\/bugatti-chiron-l-ebe-driver-cabin-1160x653.jpeg 1160w, https:\/\/www.icon-icon.com\/wp-content\/uploads\/2022\/06\/bugatti-chiron-l-ebe-driver-cabin.jpeg 1920w\" sizes=\"auto, (max-width: 1024px) 100vw, 1024px\" \/><figcaption>The interior of the Bugatti Chiron L&#8217;\u00c9b\u00e9<\/figcaption><\/figure><\/div>\n\n<p>As said previously, The Chiron will gradually leave the Molsheim factory and will no longer be produced. The powerful 8.0 litre W16 with 1,500 hp and 1,600 Nm of torque will soon be retired and replaced in 2024 by a model with a highly electrified powertrain.<\/p>\n\n<p><a href=\"https:\/\/www.icon-icon.com\/en\/bugatti-rimac-the-wedding-of-both-extremes-is-made-official\/\">Bugatti has merged with Croatian company Rimac<\/a>, a company that specialises in the design of 100% electric supercars. The next Bugatti is expected to be a hybrid, and the new engine will probably be developed in the brand&#8217;s new research centre to be built in Italy&#8217;s Motor Valley.<\/p>\n","protected":false},"excerpt":{"rendered":"<p>There\u2019s no more Bugatti Chiron in sell. The all 500 copies have been sold. The three last versions destined for Europe are currently leaving the Molsheim plant, and these three models are a bit special as they are dedicated to the memory of \u00c9b\u00e9 Maria Teresa Bugatti, the eldest daughter of Ettore Bugatti, the iconic&#8230;<\/p>\n","protected":false},"author":3,"featured_media":79340,"comment_status":"open","ping_status":"open","sticky":false,"template":"","format":"standard","meta":{"_acf_changed":false,"footnotes":""},"categories":[28],"tags":[24667,23261,32243,29738,24144,23252],"class_list":["post-79432","post","type-post","status-publish","format-standard","has-post-thumbnail","hentry","category-cars-jets","tag-bugatti-en","tag-icon-en","tag-icon-icon-en","tag-icone-en","tag-iconic-en-2","tag-luxe-en"],"acf":[],"yoast_head":"<!-- This site is optimized with the Yoast SEO plugin v27.2 - https:\/\/yoast.com\/product\/yoast-seo-wordpress\/ -->\n<title>Bugatti Chiron L&#039;\u00c9b\u00e9 : art is also in the past tense - ICON-ICON<\/title>\n<meta name=\"description\" content=\"Discover the new Bugatti Chiron L&#039;\u00c9b\u00e9, a model that pays homage to \u00c9b\u00e9 Maria Teresa Bugatti, the first daughter of Ettore Bugatti.\" \/>\n<meta name=\"robots\" content=\"index, follow, max-snippet:-1, max-image-preview:large, max-video-preview:-1\" \/>\n<link rel=\"canonical\" href=\"http:\/\/www.icon-icon.com\/en\/bugatti-chiron-lebe-art-is-also-in-the-past-tense\/\" \/>\n<meta property=\"og:locale\" content=\"en_US\" \/>\n<meta property=\"og:type\" content=\"article\" \/>\n<meta property=\"og:title\" content=\"Bugatti Chiron L&#039;\u00c9b\u00e9 : art is also in the past tense - ICON-ICON\" \/>\n<meta property=\"og:description\" content=\"Discover the new Bugatti Chiron L&#039;\u00c9b\u00e9, a model that pays homage to \u00c9b\u00e9 Maria Teresa Bugatti, the first daughter of Ettore Bugatti.\" \/>\n<meta property=\"og:url\" content=\"http:\/\/www.icon-icon.com\/en\/bugatti-chiron-lebe-art-is-also-in-the-past-tense\/\" \/>\n<meta property=\"og:site_name\" content=\"ICON-ICON\" \/>\n<meta property=\"article:published_time\" content=\"2022-06-24T00:04:35+00:00\" \/>\n<meta property=\"article:modified_time\" content=\"2022-06-24T00:04:50+00:00\" \/>\n<meta property=\"og:image\" content=\"http:\/\/www.icon-icon.com\/wp-content\/uploads\/2022\/06\/bugatti-chiron-l-ebe-nose.jpeg\" \/>\n\t<meta property=\"og:image:width\" content=\"1920\" \/>\n\t<meta property=\"og:image:height\" content=\"1080\" \/>\n\t<meta property=\"og:image:type\" content=\"image\/jpeg\" \/>\n<meta name=\"author\" content=\"Icon-Icon\" \/>\n<meta name=\"twitter:card\" content=\"summary_large_image\" \/>\n<meta name=\"twitter:label1\" content=\"Written by\" \/>\n\t<meta name=\"twitter:data1\" content=\"Icon-Icon\" \/>\n\t<meta name=\"twitter:label2\" content=\"Est. reading time\" \/>\n\t<meta name=\"twitter:data2\" content=\"2 minutes\" \/>\n<script type=\"application\/ld+json\" class=\"yoast-schema-graph\">{\"@context\":\"https:\/\/schema.org\",\"@graph\":[{\"@type\":\"Article\",\"@id\":\"http:\/\/www.icon-icon.com\/en\/bugatti-chiron-lebe-art-is-also-in-the-past-tense\/#article\",\"isPartOf\":{\"@id\":\"http:\/\/www.icon-icon.com\/en\/bugatti-chiron-lebe-art-is-also-in-the-past-tense\/\"},\"author\":{\"name\":\"Icon-Icon\",\"@id\":\"https:\/\/www.icon-icon.com\/#\/schema\/person\/e55d52fc3eb90f0f596d4040244e9e8a\"},\"headline\":\"Bugatti Chiron L&#8217;\u00c9b\u00e9 : art is also in the past tense\",\"datePublished\":\"2022-06-24T00:04:35+00:00\",\"dateModified\":\"2022-06-24T00:04:50+00:00\",\"mainEntityOfPage\":{\"@id\":\"http:\/\/www.icon-icon.com\/en\/bugatti-chiron-lebe-art-is-also-in-the-past-tense\/\"},\"wordCount\":356,\"commentCount\":0,\"image\":{\"@id\":\"http:\/\/www.icon-icon.com\/en\/bugatti-chiron-lebe-art-is-also-in-the-past-tense\/#primaryimage\"},\"thumbnailUrl\":\"https:\/\/www.icon-icon.com\/wp-content\/uploads\/2022\/06\/bugatti-chiron-l-ebe-nose.jpeg\",\"keywords\":[\"Bugatti\",\"icon\",\"icon-icon\",\"icone\",\"iconic\",\"luxe\"],\"articleSection\":[\"Cars &amp; Jets\"],\"inLanguage\":\"en-US\",\"potentialAction\":[{\"@type\":\"CommentAction\",\"name\":\"Comment\",\"target\":[\"http:\/\/www.icon-icon.com\/en\/bugatti-chiron-lebe-art-is-also-in-the-past-tense\/#respond\"]}]},{\"@type\":\"WebPage\",\"@id\":\"http:\/\/www.icon-icon.com\/en\/bugatti-chiron-lebe-art-is-also-in-the-past-tense\/\",\"url\":\"http:\/\/www.icon-icon.com\/en\/bugatti-chiron-lebe-art-is-also-in-the-past-tense\/\",\"name\":\"Bugatti Chiron L'\u00c9b\u00e9 : art is also in the past tense - ICON-ICON\",\"isPartOf\":{\"@id\":\"https:\/\/www.icon-icon.com\/#website\"},\"primaryImageOfPage\":{\"@id\":\"http:\/\/www.icon-icon.com\/en\/bugatti-chiron-lebe-art-is-also-in-the-past-tense\/#primaryimage\"},\"image\":{\"@id\":\"http:\/\/www.icon-icon.com\/en\/bugatti-chiron-lebe-art-is-also-in-the-past-tense\/#primaryimage\"},\"thumbnailUrl\":\"https:\/\/www.icon-icon.com\/wp-content\/uploads\/2022\/06\/bugatti-chiron-l-ebe-nose.jpeg\",\"datePublished\":\"2022-06-24T00:04:35+00:00\",\"dateModified\":\"2022-06-24T00:04:50+00:00\",\"author\":{\"@id\":\"https:\/\/www.icon-icon.com\/#\/schema\/person\/e55d52fc3eb90f0f596d4040244e9e8a\"},\"description\":\"Discover the new Bugatti Chiron L'\u00c9b\u00e9, a model that pays homage to \u00c9b\u00e9 Maria Teresa Bugatti, the first daughter of Ettore Bugatti.\",\"breadcrumb\":{\"@id\":\"http:\/\/www.icon-icon.com\/en\/bugatti-chiron-lebe-art-is-also-in-the-past-tense\/#breadcrumb\"},\"inLanguage\":\"en-US\",\"potentialAction\":[{\"@type\":\"ReadAction\",\"target\":[\"http:\/\/www.icon-icon.com\/en\/bugatti-chiron-lebe-art-is-also-in-the-past-tense\/\"]}]},{\"@type\":\"ImageObject\",\"inLanguage\":\"en-US\",\"@id\":\"http:\/\/www.icon-icon.com\/en\/bugatti-chiron-lebe-art-is-also-in-the-past-tense\/#primaryimage\",\"url\":\"https:\/\/www.icon-icon.com\/wp-content\/uploads\/2022\/06\/bugatti-chiron-l-ebe-nose.jpeg\",\"contentUrl\":\"https:\/\/www.icon-icon.com\/wp-content\/uploads\/2022\/06\/bugatti-chiron-l-ebe-nose.jpeg\",\"width\":1920,\"height\":1080},{\"@type\":\"BreadcrumbList\",\"@id\":\"http:\/\/www.icon-icon.com\/en\/bugatti-chiron-lebe-art-is-also-in-the-past-tense\/#breadcrumb\",\"itemListElement\":[{\"@type\":\"ListItem\",\"position\":1,\"name\":\"Accueil\",\"item\":\"https:\/\/www.icon-icon.com\/en\/\"},{\"@type\":\"ListItem\",\"position\":2,\"name\":\"Bugatti Chiron L&#8217;\u00c9b\u00e9 : art is also in the past tense\"}]},{\"@type\":\"WebSite\",\"@id\":\"https:\/\/www.icon-icon.com\/#website\",\"url\":\"https:\/\/www.icon-icon.com\/\",\"name\":\"ICON-ICON\",\"description\":\"Luxury Stories\",\"potentialAction\":[{\"@type\":\"SearchAction\",\"target\":{\"@type\":\"EntryPoint\",\"urlTemplate\":\"https:\/\/www.icon-icon.com\/?s={search_term_string}\"},\"query-input\":{\"@type\":\"PropertyValueSpecification\",\"valueRequired\":true,\"valueName\":\"search_term_string\"}}],\"inLanguage\":\"en-US\"},{\"@type\":\"Person\",\"@id\":\"https:\/\/www.icon-icon.com\/#\/schema\/person\/e55d52fc3eb90f0f596d4040244e9e8a\",\"name\":\"Icon-Icon\",\"image\":{\"@type\":\"ImageObject\",\"inLanguage\":\"en-US\",\"@id\":\"https:\/\/secure.gravatar.com\/avatar\/a805f008148faa69a17c7f0ea39c1c8fe7cf57667bd31c5e023987a404bf2748?s=96&d=mm&r=g\",\"url\":\"https:\/\/secure.gravatar.com\/avatar\/a805f008148faa69a17c7f0ea39c1c8fe7cf57667bd31c5e023987a404bf2748?s=96&d=mm&r=g\",\"contentUrl\":\"https:\/\/secure.gravatar.com\/avatar\/a805f008148faa69a17c7f0ea39c1c8fe7cf57667bd31c5e023987a404bf2748?s=96&d=mm&r=g\",\"caption\":\"Icon-Icon\"},\"url\":\"https:\/\/www.icon-icon.com\/en\/author\/icon\/\"}]}<\/script>\n<!-- \/ Yoast SEO plugin. -->","yoast_head_json":{"title":"Bugatti Chiron L'\u00c9b\u00e9 : art is also in the past tense - ICON-ICON","description":"Discover the new Bugatti Chiron L'\u00c9b\u00e9, a model that pays homage to \u00c9b\u00e9 Maria Teresa Bugatti, the first daughter of Ettore Bugatti.","robots":{"index":"index","follow":"follow","max-snippet":"max-snippet:-1","max-image-preview":"max-image-preview:large","max-video-preview":"max-video-preview:-1"},"canonical":"http:\/\/www.icon-icon.com\/en\/bugatti-chiron-lebe-art-is-also-in-the-past-tense\/","og_locale":"en_US","og_type":"article","og_title":"Bugatti Chiron L'\u00c9b\u00e9 : art is also in the past tense - ICON-ICON","og_description":"Discover the new Bugatti Chiron L'\u00c9b\u00e9, a model that pays homage to \u00c9b\u00e9 Maria Teresa Bugatti, the first daughter of Ettore Bugatti.","og_url":"http:\/\/www.icon-icon.com\/en\/bugatti-chiron-lebe-art-is-also-in-the-past-tense\/","og_site_name":"ICON-ICON","article_published_time":"2022-06-24T00:04:35+00:00","article_modified_time":"2022-06-24T00:04:50+00:00","og_image":[{"width":1920,"height":1080,"url":"http:\/\/www.icon-icon.com\/wp-content\/uploads\/2022\/06\/bugatti-chiron-l-ebe-nose.jpeg","type":"image\/jpeg"}],"author":"Icon-Icon","twitter_card":"summary_large_image","twitter_misc":{"Written by":"Icon-Icon","Est. reading time":"2 minutes"},"schema":{"@context":"https:\/\/schema.org","@graph":[{"@type":"Article","@id":"http:\/\/www.icon-icon.com\/en\/bugatti-chiron-lebe-art-is-also-in-the-past-tense\/#article","isPartOf":{"@id":"http:\/\/www.icon-icon.com\/en\/bugatti-chiron-lebe-art-is-also-in-the-past-tense\/"},"author":{"name":"Icon-Icon","@id":"https:\/\/www.icon-icon.com\/#\/schema\/person\/e55d52fc3eb90f0f596d4040244e9e8a"},"headline":"Bugatti Chiron L&#8217;\u00c9b\u00e9 : art is also in the past tense","datePublished":"2022-06-24T00:04:35+00:00","dateModified":"2022-06-24T00:04:50+00:00","mainEntityOfPage":{"@id":"http:\/\/www.icon-icon.com\/en\/bugatti-chiron-lebe-art-is-also-in-the-past-tense\/"},"wordCount":356,"commentCount":0,"image":{"@id":"http:\/\/www.icon-icon.com\/en\/bugatti-chiron-lebe-art-is-also-in-the-past-tense\/#primaryimage"},"thumbnailUrl":"https:\/\/www.icon-icon.com\/wp-content\/uploads\/2022\/06\/bugatti-chiron-l-ebe-nose.jpeg","keywords":["Bugatti","icon","icon-icon","icone","iconic","luxe"],"articleSection":["Cars &amp; Jets"],"inLanguage":"en-US","potentialAction":[{"@type":"CommentAction","name":"Comment","target":["http:\/\/www.icon-icon.com\/en\/bugatti-chiron-lebe-art-is-also-in-the-past-tense\/#respond"]}]},{"@type":"WebPage","@id":"http:\/\/www.icon-icon.com\/en\/bugatti-chiron-lebe-art-is-also-in-the-past-tense\/","url":"http:\/\/www.icon-icon.com\/en\/bugatti-chiron-lebe-art-is-also-in-the-past-tense\/","name":"Bugatti Chiron L'\u00c9b\u00e9 : art is also in the past tense - ICON-ICON","isPartOf":{"@id":"https:\/\/www.icon-icon.com\/#website"},"primaryImageOfPage":{"@id":"http:\/\/www.icon-icon.com\/en\/bugatti-chiron-lebe-art-is-also-in-the-past-tense\/#primaryimage"},"image":{"@id":"http:\/\/www.icon-icon.com\/en\/bugatti-chiron-lebe-art-is-also-in-the-past-tense\/#primaryimage"},"thumbnailUrl":"https:\/\/www.icon-icon.com\/wp-content\/uploads\/2022\/06\/bugatti-chiron-l-ebe-nose.jpeg","datePublished":"2022-06-24T00:04:35+00:00","dateModified":"2022-06-24T00:04:50+00:00","author":{"@id":"https:\/\/www.icon-icon.com\/#\/schema\/person\/e55d52fc3eb90f0f596d4040244e9e8a"},"description":"Discover the new Bugatti Chiron L'\u00c9b\u00e9, a model that pays homage to \u00c9b\u00e9 Maria Teresa Bugatti, the first daughter of Ettore Bugatti.","breadcrumb":{"@id":"http:\/\/www.icon-icon.com\/en\/bugatti-chiron-lebe-art-is-also-in-the-past-tense\/#breadcrumb"},"inLanguage":"en-US","potentialAction":[{"@type":"ReadAction","target":["http:\/\/www.icon-icon.com\/en\/bugatti-chiron-lebe-art-is-also-in-the-past-tense\/"]}]},{"@type":"ImageObject","inLanguage":"en-US","@id":"http:\/\/www.icon-icon.com\/en\/bugatti-chiron-lebe-art-is-also-in-the-past-tense\/#primaryimage","url":"https:\/\/www.icon-icon.com\/wp-content\/uploads\/2022\/06\/bugatti-chiron-l-ebe-nose.jpeg","contentUrl":"https:\/\/www.icon-icon.com\/wp-content\/uploads\/2022\/06\/bugatti-chiron-l-ebe-nose.jpeg","width":1920,"height":1080},{"@type":"BreadcrumbList","@id":"http:\/\/www.icon-icon.com\/en\/bugatti-chiron-lebe-art-is-also-in-the-past-tense\/#breadcrumb","itemListElement":[{"@type":"ListItem","position":1,"name":"Accueil","item":"https:\/\/www.icon-icon.com\/en\/"},{"@type":"ListItem","position":2,"name":"Bugatti Chiron L&#8217;\u00c9b\u00e9 : art is also in the past tense"}]},{"@type":"WebSite","@id":"https:\/\/www.icon-icon.com\/#website","url":"https:\/\/www.icon-icon.com\/","name":"ICON-ICON","description":"Luxury Stories","potentialAction":[{"@type":"SearchAction","target":{"@type":"EntryPoint","urlTemplate":"https:\/\/www.icon-icon.com\/?s={search_term_string}"},"query-input":{"@type":"PropertyValueSpecification","valueRequired":true,"valueName":"search_term_string"}}],"inLanguage":"en-US"},{"@type":"Person","@id":"https:\/\/www.icon-icon.com\/#\/schema\/person\/e55d52fc3eb90f0f596d4040244e9e8a","name":"Icon-Icon","image":{"@type":"ImageObject","inLanguage":"en-US","@id":"https:\/\/secure.gravatar.com\/avatar\/a805f008148faa69a17c7f0ea39c1c8fe7cf57667bd31c5e023987a404bf2748?s=96&d=mm&r=g","url":"https:\/\/secure.gravatar.com\/avatar\/a805f008148faa69a17c7f0ea39c1c8fe7cf57667bd31c5e023987a404bf2748?s=96&d=mm&r=g","contentUrl":"https:\/\/secure.gravatar.com\/avatar\/a805f008148faa69a17c7f0ea39c1c8fe7cf57667bd31c5e023987a404bf2748?s=96&d=mm&r=g","caption":"Icon-Icon"},"url":"https:\/\/www.icon-icon.com\/en\/author\/icon\/"}]}},"_links":{"self":[{"href":"https:\/\/www.icon-icon.com\/en\/wp-json\/wp\/v2\/posts\/79432","targetHints":{"allow":["GET"]}}],"collection":[{"href":"https:\/\/www.icon-icon.com\/en\/wp-json\/wp\/v2\/posts"}],"about":[{"href":"https:\/\/www.icon-icon.com\/en\/wp-json\/wp\/v2\/types\/post"}],"author":[{"embeddable":true,"href":"https:\/\/www.icon-icon.com\/en\/wp-json\/wp\/v2\/users\/3"}],"replies":[{"embeddable":true,"href":"https:\/\/www.icon-icon.com\/en\/wp-json\/wp\/v2\/comments?post=79432"}],"version-history":[{"count":3,"href":"https:\/\/www.icon-icon.com\/en\/wp-json\/wp\/v2\/posts\/79432\/revisions"}],"predecessor-version":[{"id":79435,"href":"https:\/\/www.icon-icon.com\/en\/wp-json\/wp\/v2\/posts\/79432\/revisions\/79435"}],"wp:featuredmedia":[{"embeddable":true,"href":"https:\/\/www.icon-icon.com\/en\/wp-json\/wp\/v2\/media\/79340"}],"wp:attachment":[{"href":"https:\/\/www.icon-icon.com\/en\/wp-json\/wp\/v2\/media?parent=79432"}],"wp:term":[{"taxonomy":"category","embeddable":true,"href":"https:\/\/www.icon-icon.com\/en\/wp-json\/wp\/v2\/categories?post=79432"},{"taxonomy":"post_tag","embeddable":true,"href":"https:\/\/www.icon-icon.com\/en\/wp-json\/wp\/v2\/tags?post=79432"}],"curies":[{"name":"wp","href":"https:\/\/api.w.org\/{rel}","templated":true}]}}