


{"id":79033,"date":"2022-06-15T16:47:57","date_gmt":"2022-06-15T14:47:57","guid":{"rendered":"https:\/\/www.icon-icon.com\/alpine-a110-gt-jean-redele-a-centenary-celebrated-with-dignity%ef%bf%bc\/"},"modified":"2022-06-15T16:48:10","modified_gmt":"2022-06-15T14:48:10","slug":"alpine-a110-gt-jean-redele-a-centenary-celebrated-with-dignity%ef%bf%bc","status":"publish","type":"post","link":"https:\/\/www.icon-icon.com\/en\/alpine-a110-gt-jean-redele-a-centenary-celebrated-with-dignity%ef%bf%bc\/","title":{"rendered":"Alpine A110 GT &#8220;Jean R\u00e9d\u00e9l\u00e9&#8221;: A Centenary Celebrated With Dignity\ufffc"},"content":{"rendered":"\n<p>A few days ago, Alpine fans met in Dieppe for the largest gathering of models from the Normandy firm: &#8220;1,000 Alpines for the 100 years of Jean R\u00e9d\u00e9l\u00e9&#8221;.<\/p>\n\n<p>The event was held to celebrate the 100<sup>th<\/sup>birthday of Alpine&#8217;s founder, Jean R\u00e9d\u00e9l\u00e9. He founded <a href=\"https:\/\/www.icon-icon.com\/en\/alpine-a110-sastruga-an-art-car-exhibited-in-paris\/\">Alpine<\/a> in 1955, a name chosen in reference to his successes on the roads of the Alps during his numerous races. In 1962, the very first Alpine A110 was launched at the Paris Motor Show.<\/p>\n\n<div class=\"wp-block-image\"><figure class=\"aligncenter size-large\"><img loading=\"lazy\" decoding=\"async\" width=\"1024\" height=\"683\" src=\"https:\/\/www.icon-icon.com\/wp-content\/uploads\/2022\/06\/alpine-a110-24680-2-1024x683.jpeg\" alt=\"\" class=\"wp-image-78600\" srcset=\"https:\/\/www.icon-icon.com\/wp-content\/uploads\/2022\/06\/alpine-a110-24680-2-1024x683.jpeg 1024w, https:\/\/www.icon-icon.com\/wp-content\/uploads\/2022\/06\/alpine-a110-24680-2-600x400.jpeg 600w, https:\/\/www.icon-icon.com\/wp-content\/uploads\/2022\/06\/alpine-a110-24680-2-300x200.jpeg 300w, https:\/\/www.icon-icon.com\/wp-content\/uploads\/2022\/06\/alpine-a110-24680-2-768x512.jpeg 768w, https:\/\/www.icon-icon.com\/wp-content\/uploads\/2022\/06\/alpine-a110-24680-2-1536x1024.jpeg 1536w, https:\/\/www.icon-icon.com\/wp-content\/uploads\/2022\/06\/alpine-a110-24680-2-2048x1365.jpeg 2048w, https:\/\/www.icon-icon.com\/wp-content\/uploads\/2022\/06\/alpine-a110-24680-2-580x387.jpeg 580w, https:\/\/www.icon-icon.com\/wp-content\/uploads\/2022\/06\/alpine-a110-24680-2-860x573.jpeg 860w, https:\/\/www.icon-icon.com\/wp-content\/uploads\/2022\/06\/alpine-a110-24680-2-1160x773.jpeg 1160w\" sizes=\"auto, (max-width: 1024px) 100vw, 1024px\" \/><figcaption>Alpine A110 GT &#8220;Jean R\u00e9d\u00e9l\u00e9&#8221;: A Centenary Celebrated With Dignity\ufffc<\/figcaption><\/figure><\/div>\n\n<p>Three years after the car&#8217;s presentation, a partnership is signed with Renault, so that the Berlinette can be distributed within the network. It was the beginning of a great and beautiful adventure for Alpine. After a few years in oblivion, the brand made its big comeback in 2017, with a brand new generation of the A110.<\/p>\n\n<p>The enthusiasts and owners of the various Alpine models gathered for a big party, full of surprises, including the presentation of the model that interests us today. A presentation with great pomp as the newcomer was escorted by a Formula 1 car and presented by Laurent Rossi, CEO of Alpine.<\/p>\n\n<div class=\"wp-block-image\"><figure class=\"aligncenter size-large\"><img loading=\"lazy\" decoding=\"async\" width=\"1024\" height=\"683\" src=\"https:\/\/www.icon-icon.com\/wp-content\/uploads\/2022\/06\/alpine-a110-24680-1-P-1024x683.jpeg\" alt=\"\" class=\"wp-image-78602\" srcset=\"https:\/\/www.icon-icon.com\/wp-content\/uploads\/2022\/06\/alpine-a110-24680-1-P-1024x683.jpeg 1024w, https:\/\/www.icon-icon.com\/wp-content\/uploads\/2022\/06\/alpine-a110-24680-1-P-600x400.jpeg 600w, https:\/\/www.icon-icon.com\/wp-content\/uploads\/2022\/06\/alpine-a110-24680-1-P-300x200.jpeg 300w, https:\/\/www.icon-icon.com\/wp-content\/uploads\/2022\/06\/alpine-a110-24680-1-P-768x512.jpeg 768w, https:\/\/www.icon-icon.com\/wp-content\/uploads\/2022\/06\/alpine-a110-24680-1-P-1536x1024.jpeg 1536w, https:\/\/www.icon-icon.com\/wp-content\/uploads\/2022\/06\/alpine-a110-24680-1-P-2048x1365.jpeg 2048w, https:\/\/www.icon-icon.com\/wp-content\/uploads\/2022\/06\/alpine-a110-24680-1-P-580x387.jpeg 580w, https:\/\/www.icon-icon.com\/wp-content\/uploads\/2022\/06\/alpine-a110-24680-1-P-860x573.jpeg 860w, https:\/\/www.icon-icon.com\/wp-content\/uploads\/2022\/06\/alpine-a110-24680-1-P-1160x773.jpeg 1160w\" sizes=\"auto, (max-width: 1024px) 100vw, 1024px\" \/><figcaption>Alpine A110 GT &#8220;Jean R\u00e9d\u00e9l\u00e9&#8221;: A Centenary Celebrated With Dignity\ufffc<\/figcaption><\/figure><\/div>\n\n<p>Based on the restyled A110 GT, this special series is distinguished by a specific livery, namely Montebello grey and a black roof. A choice that was not left to chance, since it is quite simply Jean R\u00e9d\u00e9l\u00e9&#8217;s favourite colour, which was used in the very first Alpine. Black diamond-polished 18-inch Grand Prix wheels complete the package, as do chrome brake calipers.<\/p>\n\n<p>Inside, this special series receives a specific pedal set as well as a numbered plaque and Sabelt seats in black leather with grey stitching. Apart from these few elements, nothing changes on this Alpine A110 GT &#8220;Jean R\u00e9d\u00e9l\u00e9&#8221;, which keeps its technical sheet. The car is powered by a 1.8-litre TCe four-cylinder engine developing 300 hp and 340 Nm of torque. 0 to 100 km\/h is achieved in 4.2 seconds.<\/p>\n\n<p>Only 100 copies were sold, one of which was given to Michelle R\u00e9d\u00e9l\u00e9, the wife of the former pilot. Orders will open on 1<sup>st <\/sup>June. This special series will cost 83,000 euros<\/p>\n","protected":false},"excerpt":{"rendered":"<p>A few days ago, Alpine fans met in Dieppe for the largest gathering of models from the Normandy firm: &#8220;1,000 Alpines for the 100 years of Jean R\u00e9d\u00e9l\u00e9&#8221;. The event was held to celebrate the 100thbirthday of Alpine&#8217;s founder, Jean R\u00e9d\u00e9l\u00e9. He founded Alpine in 1955, a name chosen in reference to his successes on&#8230;<\/p>\n","protected":false},"author":3,"featured_media":78598,"comment_status":"open","ping_status":"open","sticky":false,"template":"","format":"standard","meta":{"_acf_changed":false,"footnotes":""},"categories":[28],"tags":[32947,23261,32243,29738,24144,23252,23254],"class_list":["post-79033","post","type-post","status-publish","format-standard","has-post-thumbnail","hentry","category-cars-jets","tag-alpine-en","tag-icon-en","tag-icon-icon-en","tag-icone-en","tag-iconic-en-2","tag-luxe-en","tag-luxury-en"],"acf":[],"yoast_head":"<!-- This site is optimized with the Yoast SEO plugin v27.2 - https:\/\/yoast.com\/product\/yoast-seo-wordpress\/ -->\n<title>Alpine A110 GT &quot;Jean R\u00e9d\u00e9l\u00e9&quot;: A Centenary Celebrated With Dignity\ufffc<\/title>\n<meta name=\"description\" content=\"Discover the information and photos concerning the new limited series of the Alpine A110 GT paying tribute to Jean R\u00e9d\u00e9l\u00e9.\" \/>\n<meta name=\"robots\" content=\"index, follow, max-snippet:-1, max-image-preview:large, max-video-preview:-1\" \/>\n<link rel=\"canonical\" href=\"http:\/\/www.icon-icon.com\/en\/alpine-a110-gt-jean-redele-a-centenary-celebrated-with-dignity\ufffc\/\" \/>\n<meta property=\"og:locale\" content=\"en_US\" \/>\n<meta property=\"og:type\" content=\"article\" \/>\n<meta property=\"og:title\" content=\"Alpine A110 GT &quot;Jean R\u00e9d\u00e9l\u00e9&quot;: A Centenary Celebrated With Dignity\ufffc\" \/>\n<meta property=\"og:description\" content=\"Discover the information and photos concerning the new limited series of the Alpine A110 GT paying tribute to Jean R\u00e9d\u00e9l\u00e9.\" \/>\n<meta property=\"og:url\" content=\"http:\/\/www.icon-icon.com\/en\/alpine-a110-gt-jean-redele-a-centenary-celebrated-with-dignity\ufffc\/\" \/>\n<meta property=\"og:site_name\" content=\"ICON-ICON\" \/>\n<meta property=\"article:published_time\" content=\"2022-06-15T14:47:57+00:00\" \/>\n<meta property=\"article:modified_time\" content=\"2022-06-15T14:48:10+00:00\" \/>\n<meta property=\"og:image\" content=\"http:\/\/www.icon-icon.com\/wp-content\/uploads\/2022\/06\/alpine-a110-24680-1.jpeg\" \/>\n\t<meta property=\"og:image:width\" content=\"2250\" \/>\n\t<meta property=\"og:image:height\" content=\"1500\" \/>\n\t<meta property=\"og:image:type\" content=\"image\/jpeg\" \/>\n<meta name=\"author\" content=\"Icon-Icon\" \/>\n<meta name=\"twitter:card\" content=\"summary_large_image\" \/>\n<meta name=\"twitter:label1\" content=\"Written by\" \/>\n\t<meta name=\"twitter:data1\" content=\"Icon-Icon\" \/>\n\t<meta name=\"twitter:label2\" content=\"Est. reading time\" \/>\n\t<meta name=\"twitter:data2\" content=\"2 minutes\" \/>\n<script type=\"application\/ld+json\" class=\"yoast-schema-graph\">{\"@context\":\"https:\/\/schema.org\",\"@graph\":[{\"@type\":\"Article\",\"@id\":\"http:\/\/www.icon-icon.com\/en\/alpine-a110-gt-jean-redele-a-centenary-celebrated-with-dignity%ef%bf%bc\/#article\",\"isPartOf\":{\"@id\":\"http:\/\/www.icon-icon.com\/en\/alpine-a110-gt-jean-redele-a-centenary-celebrated-with-dignity%ef%bf%bc\/\"},\"author\":{\"name\":\"Icon-Icon\",\"@id\":\"https:\/\/www.icon-icon.com\/#\/schema\/person\/e55d52fc3eb90f0f596d4040244e9e8a\"},\"headline\":\"Alpine A110 GT &#8220;Jean R\u00e9d\u00e9l\u00e9&#8221;: A Centenary Celebrated With Dignity\ufffc\",\"datePublished\":\"2022-06-15T14:47:57+00:00\",\"dateModified\":\"2022-06-15T14:48:10+00:00\",\"mainEntityOfPage\":{\"@id\":\"http:\/\/www.icon-icon.com\/en\/alpine-a110-gt-jean-redele-a-centenary-celebrated-with-dignity%ef%bf%bc\/\"},\"wordCount\":382,\"commentCount\":0,\"image\":{\"@id\":\"http:\/\/www.icon-icon.com\/en\/alpine-a110-gt-jean-redele-a-centenary-celebrated-with-dignity%ef%bf%bc\/#primaryimage\"},\"thumbnailUrl\":\"https:\/\/www.icon-icon.com\/wp-content\/uploads\/2022\/06\/alpine-a110-24680-1.jpeg\",\"keywords\":[\"alpine\",\"icon\",\"icon-icon\",\"icone\",\"iconic\",\"luxe\",\"luxury\"],\"articleSection\":[\"Cars &amp; Jets\"],\"inLanguage\":\"en-US\",\"potentialAction\":[{\"@type\":\"CommentAction\",\"name\":\"Comment\",\"target\":[\"http:\/\/www.icon-icon.com\/en\/alpine-a110-gt-jean-redele-a-centenary-celebrated-with-dignity%ef%bf%bc\/#respond\"]}]},{\"@type\":\"WebPage\",\"@id\":\"http:\/\/www.icon-icon.com\/en\/alpine-a110-gt-jean-redele-a-centenary-celebrated-with-dignity%ef%bf%bc\/\",\"url\":\"http:\/\/www.icon-icon.com\/en\/alpine-a110-gt-jean-redele-a-centenary-celebrated-with-dignity%ef%bf%bc\/\",\"name\":\"Alpine A110 GT \\\"Jean R\u00e9d\u00e9l\u00e9\\\": A Centenary Celebrated With Dignity\ufffc\",\"isPartOf\":{\"@id\":\"https:\/\/www.icon-icon.com\/#website\"},\"primaryImageOfPage\":{\"@id\":\"http:\/\/www.icon-icon.com\/en\/alpine-a110-gt-jean-redele-a-centenary-celebrated-with-dignity%ef%bf%bc\/#primaryimage\"},\"image\":{\"@id\":\"http:\/\/www.icon-icon.com\/en\/alpine-a110-gt-jean-redele-a-centenary-celebrated-with-dignity%ef%bf%bc\/#primaryimage\"},\"thumbnailUrl\":\"https:\/\/www.icon-icon.com\/wp-content\/uploads\/2022\/06\/alpine-a110-24680-1.jpeg\",\"datePublished\":\"2022-06-15T14:47:57+00:00\",\"dateModified\":\"2022-06-15T14:48:10+00:00\",\"author\":{\"@id\":\"https:\/\/www.icon-icon.com\/#\/schema\/person\/e55d52fc3eb90f0f596d4040244e9e8a\"},\"description\":\"Discover the information and photos concerning the new limited series of the Alpine A110 GT paying tribute to Jean R\u00e9d\u00e9l\u00e9.\",\"breadcrumb\":{\"@id\":\"http:\/\/www.icon-icon.com\/en\/alpine-a110-gt-jean-redele-a-centenary-celebrated-with-dignity%ef%bf%bc\/#breadcrumb\"},\"inLanguage\":\"en-US\",\"potentialAction\":[{\"@type\":\"ReadAction\",\"target\":[\"http:\/\/www.icon-icon.com\/en\/alpine-a110-gt-jean-redele-a-centenary-celebrated-with-dignity%ef%bf%bc\/\"]}]},{\"@type\":\"ImageObject\",\"inLanguage\":\"en-US\",\"@id\":\"http:\/\/www.icon-icon.com\/en\/alpine-a110-gt-jean-redele-a-centenary-celebrated-with-dignity%ef%bf%bc\/#primaryimage\",\"url\":\"https:\/\/www.icon-icon.com\/wp-content\/uploads\/2022\/06\/alpine-a110-24680-1.jpeg\",\"contentUrl\":\"https:\/\/www.icon-icon.com\/wp-content\/uploads\/2022\/06\/alpine-a110-24680-1.jpeg\",\"width\":2250,\"height\":1500},{\"@type\":\"BreadcrumbList\",\"@id\":\"http:\/\/www.icon-icon.com\/en\/alpine-a110-gt-jean-redele-a-centenary-celebrated-with-dignity%ef%bf%bc\/#breadcrumb\",\"itemListElement\":[{\"@type\":\"ListItem\",\"position\":1,\"name\":\"Accueil\",\"item\":\"https:\/\/www.icon-icon.com\/en\/\"},{\"@type\":\"ListItem\",\"position\":2,\"name\":\"Alpine A110 GT &#8220;Jean R\u00e9d\u00e9l\u00e9&#8221;: A Centenary Celebrated With Dignity\ufffc\"}]},{\"@type\":\"WebSite\",\"@id\":\"https:\/\/www.icon-icon.com\/#website\",\"url\":\"https:\/\/www.icon-icon.com\/\",\"name\":\"ICON-ICON\",\"description\":\"Luxury Stories\",\"potentialAction\":[{\"@type\":\"SearchAction\",\"target\":{\"@type\":\"EntryPoint\",\"urlTemplate\":\"https:\/\/www.icon-icon.com\/?s={search_term_string}\"},\"query-input\":{\"@type\":\"PropertyValueSpecification\",\"valueRequired\":true,\"valueName\":\"search_term_string\"}}],\"inLanguage\":\"en-US\"},{\"@type\":\"Person\",\"@id\":\"https:\/\/www.icon-icon.com\/#\/schema\/person\/e55d52fc3eb90f0f596d4040244e9e8a\",\"name\":\"Icon-Icon\",\"image\":{\"@type\":\"ImageObject\",\"inLanguage\":\"en-US\",\"@id\":\"https:\/\/secure.gravatar.com\/avatar\/a805f008148faa69a17c7f0ea39c1c8fe7cf57667bd31c5e023987a404bf2748?s=96&d=mm&r=g\",\"url\":\"https:\/\/secure.gravatar.com\/avatar\/a805f008148faa69a17c7f0ea39c1c8fe7cf57667bd31c5e023987a404bf2748?s=96&d=mm&r=g\",\"contentUrl\":\"https:\/\/secure.gravatar.com\/avatar\/a805f008148faa69a17c7f0ea39c1c8fe7cf57667bd31c5e023987a404bf2748?s=96&d=mm&r=g\",\"caption\":\"Icon-Icon\"},\"url\":\"https:\/\/www.icon-icon.com\/en\/author\/icon\/\"}]}<\/script>\n<!-- \/ Yoast SEO plugin. -->","yoast_head_json":{"title":"Alpine A110 GT \"Jean R\u00e9d\u00e9l\u00e9\": A Centenary Celebrated With Dignity\ufffc","description":"Discover the information and photos concerning the new limited series of the Alpine A110 GT paying tribute to Jean R\u00e9d\u00e9l\u00e9.","robots":{"index":"index","follow":"follow","max-snippet":"max-snippet:-1","max-image-preview":"max-image-preview:large","max-video-preview":"max-video-preview:-1"},"canonical":"http:\/\/www.icon-icon.com\/en\/alpine-a110-gt-jean-redele-a-centenary-celebrated-with-dignity\ufffc\/","og_locale":"en_US","og_type":"article","og_title":"Alpine A110 GT \"Jean R\u00e9d\u00e9l\u00e9\": A Centenary Celebrated With Dignity\ufffc","og_description":"Discover the information and photos concerning the new limited series of the Alpine A110 GT paying tribute to Jean R\u00e9d\u00e9l\u00e9.","og_url":"http:\/\/www.icon-icon.com\/en\/alpine-a110-gt-jean-redele-a-centenary-celebrated-with-dignity\ufffc\/","og_site_name":"ICON-ICON","article_published_time":"2022-06-15T14:47:57+00:00","article_modified_time":"2022-06-15T14:48:10+00:00","og_image":[{"width":2250,"height":1500,"url":"http:\/\/www.icon-icon.com\/wp-content\/uploads\/2022\/06\/alpine-a110-24680-1.jpeg","type":"image\/jpeg"}],"author":"Icon-Icon","twitter_card":"summary_large_image","twitter_misc":{"Written by":"Icon-Icon","Est. reading time":"2 minutes"},"schema":{"@context":"https:\/\/schema.org","@graph":[{"@type":"Article","@id":"http:\/\/www.icon-icon.com\/en\/alpine-a110-gt-jean-redele-a-centenary-celebrated-with-dignity%ef%bf%bc\/#article","isPartOf":{"@id":"http:\/\/www.icon-icon.com\/en\/alpine-a110-gt-jean-redele-a-centenary-celebrated-with-dignity%ef%bf%bc\/"},"author":{"name":"Icon-Icon","@id":"https:\/\/www.icon-icon.com\/#\/schema\/person\/e55d52fc3eb90f0f596d4040244e9e8a"},"headline":"Alpine A110 GT &#8220;Jean R\u00e9d\u00e9l\u00e9&#8221;: A Centenary Celebrated With Dignity\ufffc","datePublished":"2022-06-15T14:47:57+00:00","dateModified":"2022-06-15T14:48:10+00:00","mainEntityOfPage":{"@id":"http:\/\/www.icon-icon.com\/en\/alpine-a110-gt-jean-redele-a-centenary-celebrated-with-dignity%ef%bf%bc\/"},"wordCount":382,"commentCount":0,"image":{"@id":"http:\/\/www.icon-icon.com\/en\/alpine-a110-gt-jean-redele-a-centenary-celebrated-with-dignity%ef%bf%bc\/#primaryimage"},"thumbnailUrl":"https:\/\/www.icon-icon.com\/wp-content\/uploads\/2022\/06\/alpine-a110-24680-1.jpeg","keywords":["alpine","icon","icon-icon","icone","iconic","luxe","luxury"],"articleSection":["Cars &amp; Jets"],"inLanguage":"en-US","potentialAction":[{"@type":"CommentAction","name":"Comment","target":["http:\/\/www.icon-icon.com\/en\/alpine-a110-gt-jean-redele-a-centenary-celebrated-with-dignity%ef%bf%bc\/#respond"]}]},{"@type":"WebPage","@id":"http:\/\/www.icon-icon.com\/en\/alpine-a110-gt-jean-redele-a-centenary-celebrated-with-dignity%ef%bf%bc\/","url":"http:\/\/www.icon-icon.com\/en\/alpine-a110-gt-jean-redele-a-centenary-celebrated-with-dignity%ef%bf%bc\/","name":"Alpine A110 GT \"Jean R\u00e9d\u00e9l\u00e9\": A Centenary Celebrated With Dignity\ufffc","isPartOf":{"@id":"https:\/\/www.icon-icon.com\/#website"},"primaryImageOfPage":{"@id":"http:\/\/www.icon-icon.com\/en\/alpine-a110-gt-jean-redele-a-centenary-celebrated-with-dignity%ef%bf%bc\/#primaryimage"},"image":{"@id":"http:\/\/www.icon-icon.com\/en\/alpine-a110-gt-jean-redele-a-centenary-celebrated-with-dignity%ef%bf%bc\/#primaryimage"},"thumbnailUrl":"https:\/\/www.icon-icon.com\/wp-content\/uploads\/2022\/06\/alpine-a110-24680-1.jpeg","datePublished":"2022-06-15T14:47:57+00:00","dateModified":"2022-06-15T14:48:10+00:00","author":{"@id":"https:\/\/www.icon-icon.com\/#\/schema\/person\/e55d52fc3eb90f0f596d4040244e9e8a"},"description":"Discover the information and photos concerning the new limited series of the Alpine A110 GT paying tribute to Jean R\u00e9d\u00e9l\u00e9.","breadcrumb":{"@id":"http:\/\/www.icon-icon.com\/en\/alpine-a110-gt-jean-redele-a-centenary-celebrated-with-dignity%ef%bf%bc\/#breadcrumb"},"inLanguage":"en-US","potentialAction":[{"@type":"ReadAction","target":["http:\/\/www.icon-icon.com\/en\/alpine-a110-gt-jean-redele-a-centenary-celebrated-with-dignity%ef%bf%bc\/"]}]},{"@type":"ImageObject","inLanguage":"en-US","@id":"http:\/\/www.icon-icon.com\/en\/alpine-a110-gt-jean-redele-a-centenary-celebrated-with-dignity%ef%bf%bc\/#primaryimage","url":"https:\/\/www.icon-icon.com\/wp-content\/uploads\/2022\/06\/alpine-a110-24680-1.jpeg","contentUrl":"https:\/\/www.icon-icon.com\/wp-content\/uploads\/2022\/06\/alpine-a110-24680-1.jpeg","width":2250,"height":1500},{"@type":"BreadcrumbList","@id":"http:\/\/www.icon-icon.com\/en\/alpine-a110-gt-jean-redele-a-centenary-celebrated-with-dignity%ef%bf%bc\/#breadcrumb","itemListElement":[{"@type":"ListItem","position":1,"name":"Accueil","item":"https:\/\/www.icon-icon.com\/en\/"},{"@type":"ListItem","position":2,"name":"Alpine A110 GT &#8220;Jean R\u00e9d\u00e9l\u00e9&#8221;: A Centenary Celebrated With Dignity\ufffc"}]},{"@type":"WebSite","@id":"https:\/\/www.icon-icon.com\/#website","url":"https:\/\/www.icon-icon.com\/","name":"ICON-ICON","description":"Luxury Stories","potentialAction":[{"@type":"SearchAction","target":{"@type":"EntryPoint","urlTemplate":"https:\/\/www.icon-icon.com\/?s={search_term_string}"},"query-input":{"@type":"PropertyValueSpecification","valueRequired":true,"valueName":"search_term_string"}}],"inLanguage":"en-US"},{"@type":"Person","@id":"https:\/\/www.icon-icon.com\/#\/schema\/person\/e55d52fc3eb90f0f596d4040244e9e8a","name":"Icon-Icon","image":{"@type":"ImageObject","inLanguage":"en-US","@id":"https:\/\/secure.gravatar.com\/avatar\/a805f008148faa69a17c7f0ea39c1c8fe7cf57667bd31c5e023987a404bf2748?s=96&d=mm&r=g","url":"https:\/\/secure.gravatar.com\/avatar\/a805f008148faa69a17c7f0ea39c1c8fe7cf57667bd31c5e023987a404bf2748?s=96&d=mm&r=g","contentUrl":"https:\/\/secure.gravatar.com\/avatar\/a805f008148faa69a17c7f0ea39c1c8fe7cf57667bd31c5e023987a404bf2748?s=96&d=mm&r=g","caption":"Icon-Icon"},"url":"https:\/\/www.icon-icon.com\/en\/author\/icon\/"}]}},"_links":{"self":[{"href":"https:\/\/www.icon-icon.com\/en\/wp-json\/wp\/v2\/posts\/79033","targetHints":{"allow":["GET"]}}],"collection":[{"href":"https:\/\/www.icon-icon.com\/en\/wp-json\/wp\/v2\/posts"}],"about":[{"href":"https:\/\/www.icon-icon.com\/en\/wp-json\/wp\/v2\/types\/post"}],"author":[{"embeddable":true,"href":"https:\/\/www.icon-icon.com\/en\/wp-json\/wp\/v2\/users\/3"}],"replies":[{"embeddable":true,"href":"https:\/\/www.icon-icon.com\/en\/wp-json\/wp\/v2\/comments?post=79033"}],"version-history":[{"count":1,"href":"https:\/\/www.icon-icon.com\/en\/wp-json\/wp\/v2\/posts\/79033\/revisions"}],"predecessor-version":[{"id":79034,"href":"https:\/\/www.icon-icon.com\/en\/wp-json\/wp\/v2\/posts\/79033\/revisions\/79034"}],"wp:featuredmedia":[{"embeddable":true,"href":"https:\/\/www.icon-icon.com\/en\/wp-json\/wp\/v2\/media\/78598"}],"wp:attachment":[{"href":"https:\/\/www.icon-icon.com\/en\/wp-json\/wp\/v2\/media?parent=79033"}],"wp:term":[{"taxonomy":"category","embeddable":true,"href":"https:\/\/www.icon-icon.com\/en\/wp-json\/wp\/v2\/categories?post=79033"},{"taxonomy":"post_tag","embeddable":true,"href":"https:\/\/www.icon-icon.com\/en\/wp-json\/wp\/v2\/tags?post=79033"}],"curies":[{"name":"wp","href":"https:\/\/api.w.org\/{rel}","templated":true}]}}