


{"id":75272,"date":"2022-04-21T11:07:20","date_gmt":"2022-04-21T09:07:20","guid":{"rendered":"https:\/\/www.icon-icon.com\/burger-pere-fils-father-son-burger-the-burger-by-mohamed-cheikh-yannick-and-antoine-alleno\/"},"modified":"2022-04-25T15:28:03","modified_gmt":"2022-04-25T13:28:03","slug":"burger-pere-fils-father-son-burger-the-burger-by-mohamed-cheikh-yannick-and-antoine-alleno","status":"publish","type":"post","link":"https:\/\/www.icon-icon.com\/en\/burger-pere-fils-father-son-burger-the-burger-by-mohamed-cheikh-yannick-and-antoine-alleno\/","title":{"rendered":"Burger P\u00e8re &amp; Fils (Father &amp; Son Burger): The Burger by Mohamed Cheikh, Yannick, and Antoine All\u00e9no."},"content":{"rendered":"\n<p>Inaugurated in 2021, the Burger P\u00e8re &amp; Fils restaurant comes from the mind of the triple starred chef Yannick All\u00e9no and his son Antoine, a restaurant that aims to sublimate the burger, around a gourmet concept. It is alongside Chef Mohamed Cheikh that they imagined their new ephemeral burger, to taste until April 17, on site or on delivery via Uber Eats!<\/p>\n\n<h2 class=\"wp-block-heading\"><strong>Burger P\u00e8re &amp; Fils: 3 Chefs for a gourmet interpretation of the notorious burger.<\/strong><\/h2>\n\n<p>In Paris, this season, the burger is Mediterranean <a href=\"https:\/\/www.burgerperefils.com\" target=\"_blank\" rel=\"noreferrer noopener\">at Burger P\u00e8re &amp; Fils!<\/a> Nestled in the heart of Beaupassage, the center point of gastronomy in the 7th arrondissement of Paris, the Burger P\u00e8re &amp; Fils restaurant magnifies this classic dish according to the codes of gastronomy.<\/p>\n\n<p>Led by Chef Yannick All\u00e9no and his son Antoine, Burger P\u00e8re &amp; Fils has been surprising food lovers looking for new experiences around the burger we know the cornerstone of Yannick All\u00e9no\u2019s gastronomic creativity: sauces!<\/p>\n\n<p>Here, it is the technique, the pursuit of taste, and especially the use of high-quality resources, thanks to French organic agriculture, that make the outstanding taste of these burgers.<\/p>\n\n<div class=\"wp-block-image\"><figure class=\"aligncenter size-full\"><img loading=\"lazy\" decoding=\"async\" width=\"467\" height=\"701\" src=\"https:\/\/www.icon-icon.com\/wp-content\/uploads\/2022\/04\/Burger-Pere-Fils-par-Alleno-x-Mohamed-Cheikh-@SimonDetraz-90.jpg\" alt=\"\" class=\"wp-image-74253\" srcset=\"https:\/\/www.icon-icon.com\/wp-content\/uploads\/2022\/04\/Burger-Pere-Fils-par-Alleno-x-Mohamed-Cheikh-@SimonDetraz-90.jpg 467w, https:\/\/www.icon-icon.com\/wp-content\/uploads\/2022\/04\/Burger-Pere-Fils-par-Alleno-x-Mohamed-Cheikh-@SimonDetraz-90-200x300.jpg 200w\" sizes=\"auto, (max-width: 467px) 100vw, 467px\" \/><\/figure><\/div>\n\n<p>Since innovation and the pursuit of excellence are part of this restaurant\u2019s DNA, a third Chef is joining Burger P\u00e8re &amp; Fils this season, for the time of an ephemeral creation.<\/p>\n\n<p>Mohamed Cheikh is no stranger to the culinary identity of Chef All\u00e9no. Indeed, before winning Top Chef season 12, Mohamed Cheikh, then a young cook, practiced in Yannick All\u00e9no\u2019s kitchens in 2013.<\/p>\n\n<p>In 2022, these three personalities gather around a burger concept for the least daring: an ephemeral creation. It is a burger \u00abHaut en couleur\u00bb inspired by the Maghrebi origins of chef Mohamed Cheikh. Available for tasting until April 17 on site or on delivery via Uber Eats.<\/p>\n\n<p>Icon-Icon met with Antoine All\u00e9no and Mohamed Cheikh to talk about this burger!<\/p>\n\n<h3 class=\"wp-block-heading\"><strong>You\u2019re going for the burger, but why did you choose what is arguably the most iconic food of the new generation?<\/strong><\/h3>\n\n<p><strong>Antoine All\u00e9no<\/strong> To tell you a bit of the story, during the lockdown, on Sunday nights we would often meet with my dad at his house and one night we said, \u201cLet\u2019s order burgers!\u201d, and well, we were a little disappointed, so we were like \u201cwhy not do ours?\u201d<\/p>\n\n<div class=\"wp-block-image\"><figure class=\"aligncenter size-full\"><img loading=\"lazy\" decoding=\"async\" width=\"402\" height=\"600\" src=\"https:\/\/www.icon-icon.com\/wp-content\/uploads\/2022\/04\/fb7d15_31fd4db12edc4ef19c8feeac1f9db4a7mv2.jpg\" alt=\"Burger P&#xE8;re &amp;amp; Fils\" class=\"wp-image-74239\" srcset=\"https:\/\/www.icon-icon.com\/wp-content\/uploads\/2022\/04\/fb7d15_31fd4db12edc4ef19c8feeac1f9db4a7mv2.jpg 402w, https:\/\/www.icon-icon.com\/wp-content\/uploads\/2022\/04\/fb7d15_31fd4db12edc4ef19c8feeac1f9db4a7mv2-201x300.jpg 201w\" sizes=\"auto, (max-width: 402px) 100vw, 402px\" \/><\/figure><\/div>\n\n<p>We worked about two months to come up with the first recipe, and we thought, let\u2019s launch it during summer! It was supposed to last just the time of a \u201cpop-up\u201d for the summer and finally, given the enthusiasm, we said \u00ablet\u2019s keep on the adventure. \u00bb<\/p>\n\n<p><strong>To make a good burger, the three essential elements are obviously bread, meat, and sauce. Can you explain your perspective on \u201cgood meat\u201d?<\/strong><\/p>\n\n<p><strong>Antoine All\u00e9no:<\/strong>I\u2019m going to talk about my father again, but it\u2019s true that on Sundays, for example, we usually eat a good veal chop. We have always loved a beautiful piece of meat and as cooks we always have this desire to work on a product that we appreciate to sublimate it. <\/p>\n\n<p>At Burger P\u00e8re &amp; Fils we serve French meat only. On travaille avec la Boucherie Moderne (situ\u00e9e \u00e0 Nation \u00e0 Paris) pour le b\u0153uf. We also worked with the butcheries Les Jumeaux in Les Lilas when collaborating with Mohamed where the meat is hallal.<\/p>\n\n<p><strong>The encounter between Mediterranean flavors and the burger\u2026 how does this materialize in the burger?<\/strong><\/p>\n\n<p><strong>Antoine All\u00e9no: <\/strong>To me, everything is in the sauce. This aspect is the one that brought this match between the different flavors, including a spicy ketchup. We made a parsley mayonnaise to go with the garlic potatoes, and that\u2019s kind of the meeting point with the Mediterranean side.<\/p>\n\n<div class=\"wp-block-image\"><figure class=\"aligncenter size-full\"><img loading=\"lazy\" decoding=\"async\" width=\"467\" height=\"701\" src=\"https:\/\/www.icon-icon.com\/wp-content\/uploads\/2022\/04\/Burger-Pere-Fils-par-Alleno-x-Mohamed-Cheikh-@SimonDetraz-88-2.jpg\" alt=\"\" class=\"wp-image-74255\" srcset=\"https:\/\/www.icon-icon.com\/wp-content\/uploads\/2022\/04\/Burger-Pere-Fils-par-Alleno-x-Mohamed-Cheikh-@SimonDetraz-88-2.jpg 467w, https:\/\/www.icon-icon.com\/wp-content\/uploads\/2022\/04\/Burger-Pere-Fils-par-Alleno-x-Mohamed-Cheikh-@SimonDetraz-88-2-200x300.jpg 200w\" sizes=\"auto, (max-width: 467px) 100vw, 467px\" \/><\/figure><\/div>\n\n<p><strong>Mohamed Cheikh:<\/strong> We worked on this burger around the bread mostly. I talked with the Chef, everything is in the way to cook it. In Tunisia, they tend to make this type of bread, a fried bread, which is used to make what is called fricasser. It actually really inspired me, so I told myself \u201cWe\u2019re going to take a little bit of this spirit, of mixing regions\u201d We made several meat combinations to get the best taste possible. o, we have French lamb, but we also wanted to try with beef. It didn\u2019t work too well. We finally used beef fat to get that specific taste only, and we found it to be great.<br\/>Then we added the harissa, the white sauce that we mixed with tzatziki, red fruit pickles and smoked Corsican cheese, a beautiful cheese that I discovered not long ago actually&#8230; So, there it was, I wanted to make a burger a bit like myself.<\/p>\n\n<p><strong>Antoine All\u00e9no:<\/strong>Yes, the steak was particularly important to him: It\u2019s a fairly traditional blend of lamb and veal, there are quite a lot of spices as well.<\/p>\n\n<p><strong>How would you describe this perfect burger in a few words?<\/strong><\/p>\n\n<p><strong>Mohamed Cheikh:<\/strong> tasty, sunny, it\u2019s a real journey and especially a brand-new flavor.<\/p>\n\n<p><strong>Antoine All\u00e9no:<\/strong> Same: travel and gourmandize. It\u2019s true that once tasted, you want a second one. o yes, very tasty.<\/p>\n\n<p><strong>How important was it to create it in this \u201chomemade\u201d spirit?<\/strong><\/p>\n\n<p><strong>Antoine All\u00e9no<\/strong>: First there is this homemade bread, which is made in the Pavillon Ledoyen. There are two cooking on this bread, one steaming and one where it is fried by the minute. So, we have a real job on this bread, on the sauces as well.<\/p>\n\n<p>We have, for instance, the Ars\u00e8ne burger <em>(editor\u2019s note: another burger available at Burger P\u00e8re &amp; Fils)<\/em>which is cooked with a steak with pepper, deglaze with cognac cream We are on a 45-day mature meat. We did not want to fall into the drift of fast-food burger but really into a burger made by a real cook.<\/p>\n\n<p><strong>What would your ideal tasting experience look like for this burger?<\/strong><\/p>\n\n<p><strong>Mohamed Cheikh:<\/strong> using hands of course. Usually when I go to eat a burger, I go, laughing, with the idea that I go to fight.<\/p>\n\n<p><strong>Antoine All\u00e9no:<\/strong> Same here, with my hands. I think that any sandwich should be eaten by hand to really have the taste.<\/p>\n\n<p><strong>The matter of legacy arises in view of this beautiful project carried out with 6 hands&#8230;<\/strong><\/p>\n\n<p><strong>Antoine All\u00e9no:<\/strong> with six hands yes. With my father we got together at the Ledoyen pavilion, so we already worked together. Mohamed brought his ideas, we brought ours and we tried to see how to create a burger all together. And the result is really good.<\/p>\n\n<p>Mohamed used to work with my father in Saint Tropez a few years ago. So, it is true that we have always kept a sort of connection. We are a small family of cooks: we all know each other a little, we said why not have fun and make a burger together\u2026 And here is the result! <\/p>\n\n<p class=\"has-text-align-right has-small-font-size\"><em>Propos recueillis par S\u00e9bastien Girard, Pr\u00e9sident d&#8217;Icon-Icon<\/em> <\/p>\n","protected":false},"excerpt":{"rendered":"<p>the burger is Mediterranean <\/p>\n","protected":false},"author":3,"featured_media":74232,"comment_status":"closed","ping_status":"closed","sticky":false,"template":"","format":"standard","meta":{"_acf_changed":false,"footnotes":""},"categories":[30],"tags":[31501,31502,23349,31503,31504,31505,31506],"class_list":["post-75272","post","type-post","status-publish","format-standard","has-post-thumbnail","hentry","category-hotels-chefs-2","tag-burger-en","tag-mohamed-cheikh-en","tag-paris-en","tag-pavillon-ledoyen-en","tag-top-chef-en","tag-uber-eats-en","tag-yannick-alleno-en"],"acf":[],"yoast_head":"<!-- This site is optimized with the Yoast SEO plugin v27.2 - https:\/\/yoast.com\/product\/yoast-seo-wordpress\/ -->\n<title>Burger P\u00e8re &amp; Fils (Father &amp; Son Burger): The Burger by Mohamed Cheikh, Yannick, and Antoine All\u00e9no. - ICON-ICON<\/title>\n<meta name=\"description\" content=\"Inaugurated in 2021, the Burger P\u00e8re &amp; Fils restaurant comes from the mind of the triple starred chef Yannick All\u00e9no and his son Antoine, a restaurant\" \/>\n<meta name=\"robots\" content=\"index, follow, max-snippet:-1, max-image-preview:large, max-video-preview:-1\" \/>\n<link rel=\"canonical\" href=\"https:\/\/www.icon-icon.com\/en\/burger-pere-fils-father-son-burger-the-burger-by-mohamed-cheikh-yannick-and-antoine-alleno\/\" \/>\n<meta property=\"og:locale\" content=\"en_US\" \/>\n<meta property=\"og:type\" content=\"article\" \/>\n<meta property=\"og:title\" content=\"Burger P\u00e8re &amp; Fils (Father &amp; Son Burger): The Burger by Mohamed Cheikh, Yannick, and Antoine All\u00e9no. - ICON-ICON\" \/>\n<meta property=\"og:description\" content=\"Inaugurated in 2021, the Burger P\u00e8re &amp; Fils restaurant comes from the mind of the triple starred chef Yannick All\u00e9no and his son Antoine, a restaurant\" \/>\n<meta property=\"og:url\" content=\"https:\/\/www.icon-icon.com\/en\/burger-pere-fils-father-son-burger-the-burger-by-mohamed-cheikh-yannick-and-antoine-alleno\/\" \/>\n<meta property=\"og:site_name\" content=\"ICON-ICON\" \/>\n<meta property=\"article:published_time\" content=\"2022-04-21T09:07:20+00:00\" \/>\n<meta property=\"article:modified_time\" content=\"2022-04-25T13:28:03+00:00\" \/>\n<meta property=\"og:image\" content=\"https:\/\/www.icon-icon.com\/wp-content\/uploads\/2022\/04\/Burger-Pe\u0300re-Fils-par-Alle\u0301no-x-Mohamed-Cheikh-@SimonDetraz-89.jpg\" \/>\n\t<meta property=\"og:image:width\" content=\"467\" \/>\n\t<meta property=\"og:image:height\" content=\"701\" \/>\n\t<meta property=\"og:image:type\" content=\"image\/jpeg\" \/>\n<meta name=\"author\" content=\"Icon-Icon\" \/>\n<meta name=\"twitter:card\" content=\"summary_large_image\" \/>\n<meta name=\"twitter:label1\" content=\"Written by\" \/>\n\t<meta name=\"twitter:data1\" content=\"Icon-Icon\" \/>\n\t<meta name=\"twitter:label2\" content=\"Est. reading time\" \/>\n\t<meta name=\"twitter:data2\" content=\"6 minutes\" \/>\n<script type=\"application\/ld+json\" class=\"yoast-schema-graph\">{\"@context\":\"https:\/\/schema.org\",\"@graph\":[{\"@type\":\"Article\",\"@id\":\"https:\/\/www.icon-icon.com\/en\/burger-pere-fils-father-son-burger-the-burger-by-mohamed-cheikh-yannick-and-antoine-alleno\/#article\",\"isPartOf\":{\"@id\":\"https:\/\/www.icon-icon.com\/en\/burger-pere-fils-father-son-burger-the-burger-by-mohamed-cheikh-yannick-and-antoine-alleno\/\"},\"author\":{\"name\":\"Icon-Icon\",\"@id\":\"https:\/\/www.icon-icon.com\/#\/schema\/person\/e55d52fc3eb90f0f596d4040244e9e8a\"},\"headline\":\"Burger P\u00e8re &amp; Fils (Father &amp; Son Burger): The Burger by Mohamed Cheikh, Yannick, and Antoine All\u00e9no.\",\"datePublished\":\"2022-04-21T09:07:20+00:00\",\"dateModified\":\"2022-04-25T13:28:03+00:00\",\"mainEntityOfPage\":{\"@id\":\"https:\/\/www.icon-icon.com\/en\/burger-pere-fils-father-son-burger-the-burger-by-mohamed-cheikh-yannick-and-antoine-alleno\/\"},\"wordCount\":1191,\"image\":{\"@id\":\"https:\/\/www.icon-icon.com\/en\/burger-pere-fils-father-son-burger-the-burger-by-mohamed-cheikh-yannick-and-antoine-alleno\/#primaryimage\"},\"thumbnailUrl\":\"https:\/\/www.icon-icon.com\/wp-content\/uploads\/2022\/04\/Burger-Pe\u0300re-Fils-par-Alle\u0301no-x-Mohamed-Cheikh-@SimonDetraz-89.jpg\",\"keywords\":[\"burger\",\"Mohamed Cheikh\",\"Paris\",\"pavillon ledoyen\",\"Top Chef\",\"uber eats\",\"Yannick Alleno\"],\"articleSection\":[\"Hotels &amp; Chefs\"],\"inLanguage\":\"en-US\"},{\"@type\":\"WebPage\",\"@id\":\"https:\/\/www.icon-icon.com\/en\/burger-pere-fils-father-son-burger-the-burger-by-mohamed-cheikh-yannick-and-antoine-alleno\/\",\"url\":\"https:\/\/www.icon-icon.com\/en\/burger-pere-fils-father-son-burger-the-burger-by-mohamed-cheikh-yannick-and-antoine-alleno\/\",\"name\":\"Burger P\u00e8re &amp; Fils (Father &amp; Son Burger): The Burger by Mohamed Cheikh, Yannick, and Antoine All\u00e9no. - ICON-ICON\",\"isPartOf\":{\"@id\":\"https:\/\/www.icon-icon.com\/#website\"},\"primaryImageOfPage\":{\"@id\":\"https:\/\/www.icon-icon.com\/en\/burger-pere-fils-father-son-burger-the-burger-by-mohamed-cheikh-yannick-and-antoine-alleno\/#primaryimage\"},\"image\":{\"@id\":\"https:\/\/www.icon-icon.com\/en\/burger-pere-fils-father-son-burger-the-burger-by-mohamed-cheikh-yannick-and-antoine-alleno\/#primaryimage\"},\"thumbnailUrl\":\"https:\/\/www.icon-icon.com\/wp-content\/uploads\/2022\/04\/Burger-Pe\u0300re-Fils-par-Alle\u0301no-x-Mohamed-Cheikh-@SimonDetraz-89.jpg\",\"datePublished\":\"2022-04-21T09:07:20+00:00\",\"dateModified\":\"2022-04-25T13:28:03+00:00\",\"author\":{\"@id\":\"https:\/\/www.icon-icon.com\/#\/schema\/person\/e55d52fc3eb90f0f596d4040244e9e8a\"},\"description\":\"Inaugurated in 2021, the Burger P\u00e8re & Fils restaurant comes from the mind of the triple starred chef Yannick All\u00e9no and his son Antoine, a restaurant\",\"breadcrumb\":{\"@id\":\"https:\/\/www.icon-icon.com\/en\/burger-pere-fils-father-son-burger-the-burger-by-mohamed-cheikh-yannick-and-antoine-alleno\/#breadcrumb\"},\"inLanguage\":\"en-US\",\"potentialAction\":[{\"@type\":\"ReadAction\",\"target\":[\"https:\/\/www.icon-icon.com\/en\/burger-pere-fils-father-son-burger-the-burger-by-mohamed-cheikh-yannick-and-antoine-alleno\/\"]}]},{\"@type\":\"ImageObject\",\"inLanguage\":\"en-US\",\"@id\":\"https:\/\/www.icon-icon.com\/en\/burger-pere-fils-father-son-burger-the-burger-by-mohamed-cheikh-yannick-and-antoine-alleno\/#primaryimage\",\"url\":\"https:\/\/www.icon-icon.com\/wp-content\/uploads\/2022\/04\/Burger-Pe\u0300re-Fils-par-Alle\u0301no-x-Mohamed-Cheikh-@SimonDetraz-89.jpg\",\"contentUrl\":\"https:\/\/www.icon-icon.com\/wp-content\/uploads\/2022\/04\/Burger-Pe\u0300re-Fils-par-Alle\u0301no-x-Mohamed-Cheikh-@SimonDetraz-89.jpg\",\"width\":467,\"height\":701},{\"@type\":\"BreadcrumbList\",\"@id\":\"https:\/\/www.icon-icon.com\/en\/burger-pere-fils-father-son-burger-the-burger-by-mohamed-cheikh-yannick-and-antoine-alleno\/#breadcrumb\",\"itemListElement\":[{\"@type\":\"ListItem\",\"position\":1,\"name\":\"Accueil\",\"item\":\"https:\/\/www.icon-icon.com\/en\/\"},{\"@type\":\"ListItem\",\"position\":2,\"name\":\"Burger P\u00e8re &amp; Fils (Father &amp; Son Burger): The Burger by Mohamed Cheikh, Yannick, and Antoine All\u00e9no.\"}]},{\"@type\":\"WebSite\",\"@id\":\"https:\/\/www.icon-icon.com\/#website\",\"url\":\"https:\/\/www.icon-icon.com\/\",\"name\":\"ICON-ICON\",\"description\":\"Luxury Stories\",\"potentialAction\":[{\"@type\":\"SearchAction\",\"target\":{\"@type\":\"EntryPoint\",\"urlTemplate\":\"https:\/\/www.icon-icon.com\/?s={search_term_string}\"},\"query-input\":{\"@type\":\"PropertyValueSpecification\",\"valueRequired\":true,\"valueName\":\"search_term_string\"}}],\"inLanguage\":\"en-US\"},{\"@type\":\"Person\",\"@id\":\"https:\/\/www.icon-icon.com\/#\/schema\/person\/e55d52fc3eb90f0f596d4040244e9e8a\",\"name\":\"Icon-Icon\",\"image\":{\"@type\":\"ImageObject\",\"inLanguage\":\"en-US\",\"@id\":\"https:\/\/secure.gravatar.com\/avatar\/a805f008148faa69a17c7f0ea39c1c8fe7cf57667bd31c5e023987a404bf2748?s=96&d=mm&r=g\",\"url\":\"https:\/\/secure.gravatar.com\/avatar\/a805f008148faa69a17c7f0ea39c1c8fe7cf57667bd31c5e023987a404bf2748?s=96&d=mm&r=g\",\"contentUrl\":\"https:\/\/secure.gravatar.com\/avatar\/a805f008148faa69a17c7f0ea39c1c8fe7cf57667bd31c5e023987a404bf2748?s=96&d=mm&r=g\",\"caption\":\"Icon-Icon\"},\"url\":\"https:\/\/www.icon-icon.com\/en\/author\/icon\/\"}]}<\/script>\n<!-- \/ Yoast SEO plugin. -->","yoast_head_json":{"title":"Burger P\u00e8re &amp; Fils (Father &amp; Son Burger): The Burger by Mohamed Cheikh, Yannick, and Antoine All\u00e9no. - ICON-ICON","description":"Inaugurated in 2021, the Burger P\u00e8re & Fils restaurant comes from the mind of the triple starred chef Yannick All\u00e9no and his son Antoine, a restaurant","robots":{"index":"index","follow":"follow","max-snippet":"max-snippet:-1","max-image-preview":"max-image-preview:large","max-video-preview":"max-video-preview:-1"},"canonical":"https:\/\/www.icon-icon.com\/en\/burger-pere-fils-father-son-burger-the-burger-by-mohamed-cheikh-yannick-and-antoine-alleno\/","og_locale":"en_US","og_type":"article","og_title":"Burger P\u00e8re &amp; Fils (Father &amp; Son Burger): The Burger by Mohamed Cheikh, Yannick, and Antoine All\u00e9no. - ICON-ICON","og_description":"Inaugurated in 2021, the Burger P\u00e8re & Fils restaurant comes from the mind of the triple starred chef Yannick All\u00e9no and his son Antoine, a restaurant","og_url":"https:\/\/www.icon-icon.com\/en\/burger-pere-fils-father-son-burger-the-burger-by-mohamed-cheikh-yannick-and-antoine-alleno\/","og_site_name":"ICON-ICON","article_published_time":"2022-04-21T09:07:20+00:00","article_modified_time":"2022-04-25T13:28:03+00:00","og_image":[{"width":467,"height":701,"url":"https:\/\/www.icon-icon.com\/wp-content\/uploads\/2022\/04\/Burger-Pe\u0300re-Fils-par-Alle\u0301no-x-Mohamed-Cheikh-@SimonDetraz-89.jpg","type":"image\/jpeg"}],"author":"Icon-Icon","twitter_card":"summary_large_image","twitter_misc":{"Written by":"Icon-Icon","Est. reading time":"6 minutes"},"schema":{"@context":"https:\/\/schema.org","@graph":[{"@type":"Article","@id":"https:\/\/www.icon-icon.com\/en\/burger-pere-fils-father-son-burger-the-burger-by-mohamed-cheikh-yannick-and-antoine-alleno\/#article","isPartOf":{"@id":"https:\/\/www.icon-icon.com\/en\/burger-pere-fils-father-son-burger-the-burger-by-mohamed-cheikh-yannick-and-antoine-alleno\/"},"author":{"name":"Icon-Icon","@id":"https:\/\/www.icon-icon.com\/#\/schema\/person\/e55d52fc3eb90f0f596d4040244e9e8a"},"headline":"Burger P\u00e8re &amp; Fils (Father &amp; Son Burger): The Burger by Mohamed Cheikh, Yannick, and Antoine All\u00e9no.","datePublished":"2022-04-21T09:07:20+00:00","dateModified":"2022-04-25T13:28:03+00:00","mainEntityOfPage":{"@id":"https:\/\/www.icon-icon.com\/en\/burger-pere-fils-father-son-burger-the-burger-by-mohamed-cheikh-yannick-and-antoine-alleno\/"},"wordCount":1191,"image":{"@id":"https:\/\/www.icon-icon.com\/en\/burger-pere-fils-father-son-burger-the-burger-by-mohamed-cheikh-yannick-and-antoine-alleno\/#primaryimage"},"thumbnailUrl":"https:\/\/www.icon-icon.com\/wp-content\/uploads\/2022\/04\/Burger-Pe\u0300re-Fils-par-Alle\u0301no-x-Mohamed-Cheikh-@SimonDetraz-89.jpg","keywords":["burger","Mohamed Cheikh","Paris","pavillon ledoyen","Top Chef","uber eats","Yannick Alleno"],"articleSection":["Hotels &amp; Chefs"],"inLanguage":"en-US"},{"@type":"WebPage","@id":"https:\/\/www.icon-icon.com\/en\/burger-pere-fils-father-son-burger-the-burger-by-mohamed-cheikh-yannick-and-antoine-alleno\/","url":"https:\/\/www.icon-icon.com\/en\/burger-pere-fils-father-son-burger-the-burger-by-mohamed-cheikh-yannick-and-antoine-alleno\/","name":"Burger P\u00e8re &amp; Fils (Father &amp; Son Burger): The Burger by Mohamed Cheikh, Yannick, and Antoine All\u00e9no. - ICON-ICON","isPartOf":{"@id":"https:\/\/www.icon-icon.com\/#website"},"primaryImageOfPage":{"@id":"https:\/\/www.icon-icon.com\/en\/burger-pere-fils-father-son-burger-the-burger-by-mohamed-cheikh-yannick-and-antoine-alleno\/#primaryimage"},"image":{"@id":"https:\/\/www.icon-icon.com\/en\/burger-pere-fils-father-son-burger-the-burger-by-mohamed-cheikh-yannick-and-antoine-alleno\/#primaryimage"},"thumbnailUrl":"https:\/\/www.icon-icon.com\/wp-content\/uploads\/2022\/04\/Burger-Pe\u0300re-Fils-par-Alle\u0301no-x-Mohamed-Cheikh-@SimonDetraz-89.jpg","datePublished":"2022-04-21T09:07:20+00:00","dateModified":"2022-04-25T13:28:03+00:00","author":{"@id":"https:\/\/www.icon-icon.com\/#\/schema\/person\/e55d52fc3eb90f0f596d4040244e9e8a"},"description":"Inaugurated in 2021, the Burger P\u00e8re & Fils restaurant comes from the mind of the triple starred chef Yannick All\u00e9no and his son Antoine, a restaurant","breadcrumb":{"@id":"https:\/\/www.icon-icon.com\/en\/burger-pere-fils-father-son-burger-the-burger-by-mohamed-cheikh-yannick-and-antoine-alleno\/#breadcrumb"},"inLanguage":"en-US","potentialAction":[{"@type":"ReadAction","target":["https:\/\/www.icon-icon.com\/en\/burger-pere-fils-father-son-burger-the-burger-by-mohamed-cheikh-yannick-and-antoine-alleno\/"]}]},{"@type":"ImageObject","inLanguage":"en-US","@id":"https:\/\/www.icon-icon.com\/en\/burger-pere-fils-father-son-burger-the-burger-by-mohamed-cheikh-yannick-and-antoine-alleno\/#primaryimage","url":"https:\/\/www.icon-icon.com\/wp-content\/uploads\/2022\/04\/Burger-Pe\u0300re-Fils-par-Alle\u0301no-x-Mohamed-Cheikh-@SimonDetraz-89.jpg","contentUrl":"https:\/\/www.icon-icon.com\/wp-content\/uploads\/2022\/04\/Burger-Pe\u0300re-Fils-par-Alle\u0301no-x-Mohamed-Cheikh-@SimonDetraz-89.jpg","width":467,"height":701},{"@type":"BreadcrumbList","@id":"https:\/\/www.icon-icon.com\/en\/burger-pere-fils-father-son-burger-the-burger-by-mohamed-cheikh-yannick-and-antoine-alleno\/#breadcrumb","itemListElement":[{"@type":"ListItem","position":1,"name":"Accueil","item":"https:\/\/www.icon-icon.com\/en\/"},{"@type":"ListItem","position":2,"name":"Burger P\u00e8re &amp; Fils (Father &amp; Son Burger): The Burger by Mohamed Cheikh, Yannick, and Antoine All\u00e9no."}]},{"@type":"WebSite","@id":"https:\/\/www.icon-icon.com\/#website","url":"https:\/\/www.icon-icon.com\/","name":"ICON-ICON","description":"Luxury Stories","potentialAction":[{"@type":"SearchAction","target":{"@type":"EntryPoint","urlTemplate":"https:\/\/www.icon-icon.com\/?s={search_term_string}"},"query-input":{"@type":"PropertyValueSpecification","valueRequired":true,"valueName":"search_term_string"}}],"inLanguage":"en-US"},{"@type":"Person","@id":"https:\/\/www.icon-icon.com\/#\/schema\/person\/e55d52fc3eb90f0f596d4040244e9e8a","name":"Icon-Icon","image":{"@type":"ImageObject","inLanguage":"en-US","@id":"https:\/\/secure.gravatar.com\/avatar\/a805f008148faa69a17c7f0ea39c1c8fe7cf57667bd31c5e023987a404bf2748?s=96&d=mm&r=g","url":"https:\/\/secure.gravatar.com\/avatar\/a805f008148faa69a17c7f0ea39c1c8fe7cf57667bd31c5e023987a404bf2748?s=96&d=mm&r=g","contentUrl":"https:\/\/secure.gravatar.com\/avatar\/a805f008148faa69a17c7f0ea39c1c8fe7cf57667bd31c5e023987a404bf2748?s=96&d=mm&r=g","caption":"Icon-Icon"},"url":"https:\/\/www.icon-icon.com\/en\/author\/icon\/"}]}},"_links":{"self":[{"href":"https:\/\/www.icon-icon.com\/en\/wp-json\/wp\/v2\/posts\/75272","targetHints":{"allow":["GET"]}}],"collection":[{"href":"https:\/\/www.icon-icon.com\/en\/wp-json\/wp\/v2\/posts"}],"about":[{"href":"https:\/\/www.icon-icon.com\/en\/wp-json\/wp\/v2\/types\/post"}],"author":[{"embeddable":true,"href":"https:\/\/www.icon-icon.com\/en\/wp-json\/wp\/v2\/users\/3"}],"replies":[{"embeddable":true,"href":"https:\/\/www.icon-icon.com\/en\/wp-json\/wp\/v2\/comments?post=75272"}],"version-history":[{"count":1,"href":"https:\/\/www.icon-icon.com\/en\/wp-json\/wp\/v2\/posts\/75272\/revisions"}],"predecessor-version":[{"id":75273,"href":"https:\/\/www.icon-icon.com\/en\/wp-json\/wp\/v2\/posts\/75272\/revisions\/75273"}],"wp:featuredmedia":[{"embeddable":true,"href":"https:\/\/www.icon-icon.com\/en\/wp-json\/wp\/v2\/media\/74232"}],"wp:attachment":[{"href":"https:\/\/www.icon-icon.com\/en\/wp-json\/wp\/v2\/media?parent=75272"}],"wp:term":[{"taxonomy":"category","embeddable":true,"href":"https:\/\/www.icon-icon.com\/en\/wp-json\/wp\/v2\/categories?post=75272"},{"taxonomy":"post_tag","embeddable":true,"href":"https:\/\/www.icon-icon.com\/en\/wp-json\/wp\/v2\/tags?post=75272"}],"curies":[{"name":"wp","href":"https:\/\/api.w.org\/{rel}","templated":true}]}}