


{"id":739,"date":"2013-05-22T08:47:08","date_gmt":"2013-05-22T06:47:08","guid":{"rendered":"http:\/\/icon-vrai.loc\/2013\/05\/22\/danielle-luquet-de-saint-germain-selling-her-private-collection\/"},"modified":"2020-10-21T00:18:52","modified_gmt":"2020-10-20T22:18:52","slug":"danielle-luquet-de-saint-germain-selling-her-private-collection","status":"publish","type":"post","link":"https:\/\/www.icon-icon.com\/en\/danielle-luquet-de-saint-germain-selling-her-private-collection\/","title":{"rendered":"Danielle Luquet de Saint-Germain Selling Her Private Collection"},"content":{"rendered":"<div><strong>A veritable diamond in the rough will soon be unveiled for all to see. On October 14th, Danielle Luquet de Saint-Germain, retired model, will be putting her private collection of Haute Couture and ready-to-wear pieces, one of the most significant of the late 20th-century, up for auction at the Hotel Drouot in Paris.<\/strong><\/div>\n<div>&nbsp;<\/div>\n<div>Yves Saint-Laurent muse from 1965 to 1968 despite the fact that models come and go quicker than the seasons pass, Danielle Luquet inspired the designer to create some of his most mythic pieces. The female \u201csmoking\u201d? That was Danielle. \u201cOne morning, I arrived at the same time as Yves, dressed in pants and a men\u2019s trench coat. When I went up to the studio after the presentation of the collection, he asked me if I could put my outfit at his disposal for him to get inspiration from it.\u201d When she walked the runway for the first time in the suit in 1966, Danielle threw the jacket over her shoulder, revealing a chiffon blouse that was anything BUT a veil of modesty. The Female body appeared, its most beautiful attributes subtly brought out. All those gathered there were blown away.&nbsp;After 10 years of collaboration, the muse left the brand to become artistic advisor at Christian Dior, then went on to work for Claude Montana. She still continued to inspire, though. Fran\u00e7oise Sternach, member of the UFE, French society of art and antiquities experts, declared, \u201cI know that everyone will concentrate on the YSL pieces, which are magnificent, but I can tell you that there are Claude Montana dresses that would have never existed without her. They\u2019re punctual, specially conceived for her.\u201d<\/div>\n<div>&nbsp;<\/div>\n<div>From season to season, she collected the most beautiful creations by designers from Yves Saint-Laurent to Christian Lacroix, Thierry Mugler to Azzedine Ala\u00efa. Mythic pieces from the 70s to the 2000s, collected with the greatest of care for the sake of Beauty, but also because of what each of them bore witness to. Speaking more than the weight of words, some of them attest to the drastic changes that saw the light of day in the second half of the 20th-century. Coco Chanel said that fashion didn\u2019t exist if it didn\u2019t make it into the streets. Saint-Laurent proved that it\u2019s sometimes the street that comes to fashion. In 1968, the streets roared as the youth tore them up to create their own path. Even though pants were still considered inappropriate for women, the designer hijacked the hunting suit, a virile garment, to turn it into an urban classic of the feminine dress code: the Safari jacket that he created on Danielle Luquet de Saint-Germain\u2019s back.<\/div>\n<div>&nbsp;<\/div>\n<div>This fall more than 350 pieces will be presented, first during a public exhibit from October 2nd to the 5th at the H\u00f4tel Drouot, then during the auction on the 14th. Among them, the famous satin \u201cPicasso\u201d dress by Yves Saint-Laurent, with an estimated value between 10,000-12,000\u20ac, or the bold chiffon and ostrich feather veiled dress, valued at around 13,000\u20ac. It remains a mystery why Danielle Luquet de Saint-Germain suddenly decided to part ways with these treasures that she so carefully kept behind the closed doors of her 500m\u00b2 dressing room, transformed throughout time into a temple of Fashion.<\/div>\n","protected":false},"excerpt":{"rendered":"<p>A veritable diamond in the rough will soon be unveiled for all to see. On October 14th, Danielle Luquet de Saint-Germain, retired model, will be putting her private collection of Haute Couture and ready-to-wear pieces, one of the most significant of the late 20th-century, up for auction at the Hotel Drouot in Paris. &nbsp; Yves&#8230;<\/p>\n","protected":false},"author":3,"featured_media":734,"comment_status":"open","ping_status":"open","sticky":false,"template":"","format":"standard","meta":{"_acf_changed":false,"footnotes":""},"categories":[32],"tags":[2551,270,2550,2553,155,2545,271,2552,266,2554,2548,2549,1617,2544,2547,2546,199],"class_list":["post-739","post","type-post","status-publish","format-standard","has-post-thumbnail","hentry","category-fashion-accessories","tag-azzeline-alaia","tag-christian-dior","tag-christian-lacroix","tag-claude-montanan","tag-coco-chanel","tag-danielle-luquet","tag-dior","tag-francoise-sternbach","tag-haute-couture","tag-hotel-druout","tag-manequin","tag-muse","tag-pret-a-porter","tag-saint-germain","tag-smoking-feminin","tag-thierry-mugler","tag-yves-saint-laurent"],"acf":[],"yoast_head":"<!-- This site is optimized with the Yoast SEO plugin v27.2 - https:\/\/yoast.com\/product\/yoast-seo-wordpress\/ -->\n<title>Danielle Luquet de Saint-Germain Selling Her Private Collection - ICON-ICON<\/title>\n<meta name=\"robots\" content=\"index, follow, max-snippet:-1, max-image-preview:large, max-video-preview:-1\" \/>\n<link rel=\"canonical\" href=\"https:\/\/www.icon-icon.com\/en\/danielle-luquet-de-saint-germain-selling-her-private-collection\/\" \/>\n<meta property=\"og:locale\" content=\"en_US\" \/>\n<meta property=\"og:type\" content=\"article\" \/>\n<meta property=\"og:title\" content=\"Danielle Luquet de Saint-Germain Selling Her Private Collection - ICON-ICON\" \/>\n<meta property=\"og:description\" content=\"A veritable diamond in the rough will soon be unveiled for all to see. On October 14th, Danielle Luquet de Saint-Germain, retired model, will be putting her private collection of Haute Couture and ready-to-wear pieces, one of the most significant of the late 20th-century, up for auction at the Hotel Drouot in Paris. &nbsp; Yves...\" \/>\n<meta property=\"og:url\" content=\"https:\/\/www.icon-icon.com\/en\/danielle-luquet-de-saint-germain-selling-her-private-collection\/\" \/>\n<meta property=\"og:site_name\" content=\"ICON-ICON\" \/>\n<meta property=\"article:published_time\" content=\"2013-05-22T06:47:08+00:00\" \/>\n<meta property=\"article:modified_time\" content=\"2020-10-20T22:18:52+00:00\" \/>\n<meta property=\"og:image\" content=\"https:\/\/www.icon-icon.com\/wp-content\/uploads\/2013\/05\/posts-44.jpg\" \/>\n\t<meta property=\"og:image:width\" content=\"450\" \/>\n\t<meta property=\"og:image:height\" content=\"675\" \/>\n\t<meta property=\"og:image:type\" content=\"image\/jpeg\" \/>\n<meta name=\"author\" content=\"Icon-Icon\" \/>\n<meta name=\"twitter:card\" content=\"summary_large_image\" \/>\n<meta name=\"twitter:label1\" content=\"Written by\" \/>\n\t<meta name=\"twitter:data1\" content=\"Icon-Icon\" \/>\n\t<meta name=\"twitter:label2\" content=\"Est. reading time\" \/>\n\t<meta name=\"twitter:data2\" content=\"3 minutes\" \/>\n<script type=\"application\/ld+json\" class=\"yoast-schema-graph\">{\"@context\":\"https:\/\/schema.org\",\"@graph\":[{\"@type\":\"Article\",\"@id\":\"https:\/\/www.icon-icon.com\/en\/danielle-luquet-de-saint-germain-selling-her-private-collection\/#article\",\"isPartOf\":{\"@id\":\"https:\/\/www.icon-icon.com\/en\/danielle-luquet-de-saint-germain-selling-her-private-collection\/\"},\"author\":{\"name\":\"Icon-Icon\",\"@id\":\"https:\/\/www.icon-icon.com\/#\/schema\/person\/e55d52fc3eb90f0f596d4040244e9e8a\"},\"headline\":\"Danielle Luquet de Saint-Germain Selling Her Private Collection\",\"datePublished\":\"2013-05-22T06:47:08+00:00\",\"dateModified\":\"2020-10-20T22:18:52+00:00\",\"mainEntityOfPage\":{\"@id\":\"https:\/\/www.icon-icon.com\/en\/danielle-luquet-de-saint-germain-selling-her-private-collection\/\"},\"wordCount\":553,\"commentCount\":0,\"image\":{\"@id\":\"https:\/\/www.icon-icon.com\/en\/danielle-luquet-de-saint-germain-selling-her-private-collection\/#primaryimage\"},\"thumbnailUrl\":\"https:\/\/www.icon-icon.com\/wp-content\/uploads\/2013\/05\/posts-44.jpg\",\"keywords\":[\"Azzeline-Ala\u00efa\",\"christian-dior\",\"Christian-Lacroix\",\"Claude-Montanan\",\"coco-chanel\",\"Danielle-Luquet\",\"dior\",\"Fran\u00e7oise-Sternbach\",\"haute-couture\",\"H\u00f4tel-Druout\",\"manequin\",\"muse\",\"pr\u00eat-\u00e0-porter\",\"Saint-Germain\",\"smoking-f\u00e9minin\",\"Thierry-Mugler\",\"yves-saint-laurent\"],\"articleSection\":[\"Fashion &amp; accessories\"],\"inLanguage\":\"en-US\",\"potentialAction\":[{\"@type\":\"CommentAction\",\"name\":\"Comment\",\"target\":[\"https:\/\/www.icon-icon.com\/en\/danielle-luquet-de-saint-germain-selling-her-private-collection\/#respond\"]}]},{\"@type\":\"WebPage\",\"@id\":\"https:\/\/www.icon-icon.com\/en\/danielle-luquet-de-saint-germain-selling-her-private-collection\/\",\"url\":\"https:\/\/www.icon-icon.com\/en\/danielle-luquet-de-saint-germain-selling-her-private-collection\/\",\"name\":\"Danielle Luquet de Saint-Germain Selling Her Private Collection - ICON-ICON\",\"isPartOf\":{\"@id\":\"https:\/\/www.icon-icon.com\/#website\"},\"primaryImageOfPage\":{\"@id\":\"https:\/\/www.icon-icon.com\/en\/danielle-luquet-de-saint-germain-selling-her-private-collection\/#primaryimage\"},\"image\":{\"@id\":\"https:\/\/www.icon-icon.com\/en\/danielle-luquet-de-saint-germain-selling-her-private-collection\/#primaryimage\"},\"thumbnailUrl\":\"https:\/\/www.icon-icon.com\/wp-content\/uploads\/2013\/05\/posts-44.jpg\",\"datePublished\":\"2013-05-22T06:47:08+00:00\",\"dateModified\":\"2020-10-20T22:18:52+00:00\",\"author\":{\"@id\":\"https:\/\/www.icon-icon.com\/#\/schema\/person\/e55d52fc3eb90f0f596d4040244e9e8a\"},\"breadcrumb\":{\"@id\":\"https:\/\/www.icon-icon.com\/en\/danielle-luquet-de-saint-germain-selling-her-private-collection\/#breadcrumb\"},\"inLanguage\":\"en-US\",\"potentialAction\":[{\"@type\":\"ReadAction\",\"target\":[\"https:\/\/www.icon-icon.com\/en\/danielle-luquet-de-saint-germain-selling-her-private-collection\/\"]}]},{\"@type\":\"ImageObject\",\"inLanguage\":\"en-US\",\"@id\":\"https:\/\/www.icon-icon.com\/en\/danielle-luquet-de-saint-germain-selling-her-private-collection\/#primaryimage\",\"url\":\"https:\/\/www.icon-icon.com\/wp-content\/uploads\/2013\/05\/posts-44.jpg\",\"contentUrl\":\"https:\/\/www.icon-icon.com\/wp-content\/uploads\/2013\/05\/posts-44.jpg\",\"width\":450,\"height\":675,\"caption\":\"posts-44.jpg\"},{\"@type\":\"BreadcrumbList\",\"@id\":\"https:\/\/www.icon-icon.com\/en\/danielle-luquet-de-saint-germain-selling-her-private-collection\/#breadcrumb\",\"itemListElement\":[{\"@type\":\"ListItem\",\"position\":1,\"name\":\"Accueil\",\"item\":\"https:\/\/www.icon-icon.com\/en\/\"},{\"@type\":\"ListItem\",\"position\":2,\"name\":\"Danielle Luquet de Saint-Germain Selling Her Private Collection\"}]},{\"@type\":\"WebSite\",\"@id\":\"https:\/\/www.icon-icon.com\/#website\",\"url\":\"https:\/\/www.icon-icon.com\/\",\"name\":\"ICON-ICON\",\"description\":\"Luxury Stories\",\"potentialAction\":[{\"@type\":\"SearchAction\",\"target\":{\"@type\":\"EntryPoint\",\"urlTemplate\":\"https:\/\/www.icon-icon.com\/?s={search_term_string}\"},\"query-input\":{\"@type\":\"PropertyValueSpecification\",\"valueRequired\":true,\"valueName\":\"search_term_string\"}}],\"inLanguage\":\"en-US\"},{\"@type\":\"Person\",\"@id\":\"https:\/\/www.icon-icon.com\/#\/schema\/person\/e55d52fc3eb90f0f596d4040244e9e8a\",\"name\":\"Icon-Icon\",\"image\":{\"@type\":\"ImageObject\",\"inLanguage\":\"en-US\",\"@id\":\"https:\/\/secure.gravatar.com\/avatar\/a805f008148faa69a17c7f0ea39c1c8fe7cf57667bd31c5e023987a404bf2748?s=96&d=mm&r=g\",\"url\":\"https:\/\/secure.gravatar.com\/avatar\/a805f008148faa69a17c7f0ea39c1c8fe7cf57667bd31c5e023987a404bf2748?s=96&d=mm&r=g\",\"contentUrl\":\"https:\/\/secure.gravatar.com\/avatar\/a805f008148faa69a17c7f0ea39c1c8fe7cf57667bd31c5e023987a404bf2748?s=96&d=mm&r=g\",\"caption\":\"Icon-Icon\"},\"url\":\"https:\/\/www.icon-icon.com\/en\/author\/icon\/\"}]}<\/script>\n<!-- \/ Yoast SEO plugin. -->","yoast_head_json":{"title":"Danielle Luquet de Saint-Germain Selling Her Private Collection - ICON-ICON","robots":{"index":"index","follow":"follow","max-snippet":"max-snippet:-1","max-image-preview":"max-image-preview:large","max-video-preview":"max-video-preview:-1"},"canonical":"https:\/\/www.icon-icon.com\/en\/danielle-luquet-de-saint-germain-selling-her-private-collection\/","og_locale":"en_US","og_type":"article","og_title":"Danielle Luquet de Saint-Germain Selling Her Private Collection - ICON-ICON","og_description":"A veritable diamond in the rough will soon be unveiled for all to see. On October 14th, Danielle Luquet de Saint-Germain, retired model, will be putting her private collection of Haute Couture and ready-to-wear pieces, one of the most significant of the late 20th-century, up for auction at the Hotel Drouot in Paris. &nbsp; Yves...","og_url":"https:\/\/www.icon-icon.com\/en\/danielle-luquet-de-saint-germain-selling-her-private-collection\/","og_site_name":"ICON-ICON","article_published_time":"2013-05-22T06:47:08+00:00","article_modified_time":"2020-10-20T22:18:52+00:00","og_image":[{"width":450,"height":675,"url":"https:\/\/www.icon-icon.com\/wp-content\/uploads\/2013\/05\/posts-44.jpg","type":"image\/jpeg"}],"author":"Icon-Icon","twitter_card":"summary_large_image","twitter_misc":{"Written by":"Icon-Icon","Est. reading time":"3 minutes"},"schema":{"@context":"https:\/\/schema.org","@graph":[{"@type":"Article","@id":"https:\/\/www.icon-icon.com\/en\/danielle-luquet-de-saint-germain-selling-her-private-collection\/#article","isPartOf":{"@id":"https:\/\/www.icon-icon.com\/en\/danielle-luquet-de-saint-germain-selling-her-private-collection\/"},"author":{"name":"Icon-Icon","@id":"https:\/\/www.icon-icon.com\/#\/schema\/person\/e55d52fc3eb90f0f596d4040244e9e8a"},"headline":"Danielle Luquet de Saint-Germain Selling Her Private Collection","datePublished":"2013-05-22T06:47:08+00:00","dateModified":"2020-10-20T22:18:52+00:00","mainEntityOfPage":{"@id":"https:\/\/www.icon-icon.com\/en\/danielle-luquet-de-saint-germain-selling-her-private-collection\/"},"wordCount":553,"commentCount":0,"image":{"@id":"https:\/\/www.icon-icon.com\/en\/danielle-luquet-de-saint-germain-selling-her-private-collection\/#primaryimage"},"thumbnailUrl":"https:\/\/www.icon-icon.com\/wp-content\/uploads\/2013\/05\/posts-44.jpg","keywords":["Azzeline-Ala\u00efa","christian-dior","Christian-Lacroix","Claude-Montanan","coco-chanel","Danielle-Luquet","dior","Fran\u00e7oise-Sternbach","haute-couture","H\u00f4tel-Druout","manequin","muse","pr\u00eat-\u00e0-porter","Saint-Germain","smoking-f\u00e9minin","Thierry-Mugler","yves-saint-laurent"],"articleSection":["Fashion &amp; accessories"],"inLanguage":"en-US","potentialAction":[{"@type":"CommentAction","name":"Comment","target":["https:\/\/www.icon-icon.com\/en\/danielle-luquet-de-saint-germain-selling-her-private-collection\/#respond"]}]},{"@type":"WebPage","@id":"https:\/\/www.icon-icon.com\/en\/danielle-luquet-de-saint-germain-selling-her-private-collection\/","url":"https:\/\/www.icon-icon.com\/en\/danielle-luquet-de-saint-germain-selling-her-private-collection\/","name":"Danielle Luquet de Saint-Germain Selling Her Private Collection - ICON-ICON","isPartOf":{"@id":"https:\/\/www.icon-icon.com\/#website"},"primaryImageOfPage":{"@id":"https:\/\/www.icon-icon.com\/en\/danielle-luquet-de-saint-germain-selling-her-private-collection\/#primaryimage"},"image":{"@id":"https:\/\/www.icon-icon.com\/en\/danielle-luquet-de-saint-germain-selling-her-private-collection\/#primaryimage"},"thumbnailUrl":"https:\/\/www.icon-icon.com\/wp-content\/uploads\/2013\/05\/posts-44.jpg","datePublished":"2013-05-22T06:47:08+00:00","dateModified":"2020-10-20T22:18:52+00:00","author":{"@id":"https:\/\/www.icon-icon.com\/#\/schema\/person\/e55d52fc3eb90f0f596d4040244e9e8a"},"breadcrumb":{"@id":"https:\/\/www.icon-icon.com\/en\/danielle-luquet-de-saint-germain-selling-her-private-collection\/#breadcrumb"},"inLanguage":"en-US","potentialAction":[{"@type":"ReadAction","target":["https:\/\/www.icon-icon.com\/en\/danielle-luquet-de-saint-germain-selling-her-private-collection\/"]}]},{"@type":"ImageObject","inLanguage":"en-US","@id":"https:\/\/www.icon-icon.com\/en\/danielle-luquet-de-saint-germain-selling-her-private-collection\/#primaryimage","url":"https:\/\/www.icon-icon.com\/wp-content\/uploads\/2013\/05\/posts-44.jpg","contentUrl":"https:\/\/www.icon-icon.com\/wp-content\/uploads\/2013\/05\/posts-44.jpg","width":450,"height":675,"caption":"posts-44.jpg"},{"@type":"BreadcrumbList","@id":"https:\/\/www.icon-icon.com\/en\/danielle-luquet-de-saint-germain-selling-her-private-collection\/#breadcrumb","itemListElement":[{"@type":"ListItem","position":1,"name":"Accueil","item":"https:\/\/www.icon-icon.com\/en\/"},{"@type":"ListItem","position":2,"name":"Danielle Luquet de Saint-Germain Selling Her Private Collection"}]},{"@type":"WebSite","@id":"https:\/\/www.icon-icon.com\/#website","url":"https:\/\/www.icon-icon.com\/","name":"ICON-ICON","description":"Luxury Stories","potentialAction":[{"@type":"SearchAction","target":{"@type":"EntryPoint","urlTemplate":"https:\/\/www.icon-icon.com\/?s={search_term_string}"},"query-input":{"@type":"PropertyValueSpecification","valueRequired":true,"valueName":"search_term_string"}}],"inLanguage":"en-US"},{"@type":"Person","@id":"https:\/\/www.icon-icon.com\/#\/schema\/person\/e55d52fc3eb90f0f596d4040244e9e8a","name":"Icon-Icon","image":{"@type":"ImageObject","inLanguage":"en-US","@id":"https:\/\/secure.gravatar.com\/avatar\/a805f008148faa69a17c7f0ea39c1c8fe7cf57667bd31c5e023987a404bf2748?s=96&d=mm&r=g","url":"https:\/\/secure.gravatar.com\/avatar\/a805f008148faa69a17c7f0ea39c1c8fe7cf57667bd31c5e023987a404bf2748?s=96&d=mm&r=g","contentUrl":"https:\/\/secure.gravatar.com\/avatar\/a805f008148faa69a17c7f0ea39c1c8fe7cf57667bd31c5e023987a404bf2748?s=96&d=mm&r=g","caption":"Icon-Icon"},"url":"https:\/\/www.icon-icon.com\/en\/author\/icon\/"}]}},"_links":{"self":[{"href":"https:\/\/www.icon-icon.com\/en\/wp-json\/wp\/v2\/posts\/739","targetHints":{"allow":["GET"]}}],"collection":[{"href":"https:\/\/www.icon-icon.com\/en\/wp-json\/wp\/v2\/posts"}],"about":[{"href":"https:\/\/www.icon-icon.com\/en\/wp-json\/wp\/v2\/types\/post"}],"author":[{"embeddable":true,"href":"https:\/\/www.icon-icon.com\/en\/wp-json\/wp\/v2\/users\/3"}],"replies":[{"embeddable":true,"href":"https:\/\/www.icon-icon.com\/en\/wp-json\/wp\/v2\/comments?post=739"}],"version-history":[{"count":1,"href":"https:\/\/www.icon-icon.com\/en\/wp-json\/wp\/v2\/posts\/739\/revisions"}],"predecessor-version":[{"id":34262,"href":"https:\/\/www.icon-icon.com\/en\/wp-json\/wp\/v2\/posts\/739\/revisions\/34262"}],"wp:featuredmedia":[{"embeddable":true,"href":"https:\/\/www.icon-icon.com\/en\/wp-json\/wp\/v2\/media\/734"}],"wp:attachment":[{"href":"https:\/\/www.icon-icon.com\/en\/wp-json\/wp\/v2\/media?parent=739"}],"wp:term":[{"taxonomy":"category","embeddable":true,"href":"https:\/\/www.icon-icon.com\/en\/wp-json\/wp\/v2\/categories?post=739"},{"taxonomy":"post_tag","embeddable":true,"href":"https:\/\/www.icon-icon.com\/en\/wp-json\/wp\/v2\/tags?post=739"}],"curies":[{"name":"wp","href":"https:\/\/api.w.org\/{rel}","templated":true}]}}