


{"id":70102,"date":"2022-02-17T17:26:58","date_gmt":"2022-02-17T16:26:58","guid":{"rendered":"https:\/\/www.icon-icon.com\/iconic-scarves-from-gucci-pucci-to-hermes\/"},"modified":"2022-02-17T17:27:20","modified_gmt":"2022-02-17T16:27:20","slug":"iconic-scarves-from-gucci-pucci-to-hermes","status":"publish","type":"post","link":"https:\/\/www.icon-icon.com\/en\/iconic-scarves-from-gucci-pucci-to-hermes\/","title":{"rendered":"Iconic Scarves: From Gucci, Pucci to Herm\u00e8s"},"content":{"rendered":"\n<p>Iconic scarves are among the most versatile fashion accessories. Speaking of which, here are the must have iconic scarves, from Gucci, Pucci to Herm\u00e8s!<\/p>\n\n<p>Small sizes for maximum impact \u2013 scarves, twillys and square scarves, are some of the most versatile and alluring accessories! A simple addition to inject a touch of elegance and chicness. So here are the iconic scarves that Icon-Icon has specially selected.<\/p>\n\n<div class=\"wp-block-buttons is-layout-flex wp-block-buttons-is-layout-flex\">\n<div class=\"wp-block-button aligncenter\"><a class=\"wp-block-button__link\" href=\"https:\/\/www.icon-icon.com\/categorie-produit\/mode-et-accessoires\/accessoires-2\/foulards\/\" target=\"_blank\" rel=\"noreferrer noopener\">Selection of iconic scarves<\/a><\/div>\n<\/div>\n\n<h2 class=\"wp-block-heading\" id=\"les-carres-a-posseder\"><strong>The must-have scarves<\/strong><\/h2>\n\n<p>What is more iconic than the Herm\u00e8s scarf? The Herm\u00e8s scarf is more than just a scarf, it\u2019s an heirloom passed down from generation to generation. Versatile, colourful and incredibly luxurious, this design was created by Henri d\u2019Origny, the artist behind many of the Herm\u00e8s iconic signatures.<\/p>\n\n<div class=\"wp-block-buttons is-layout-flex wp-block-buttons-is-layout-flex\">\n<div class=\"wp-block-button aligncenter\"><a class=\"wp-block-button__link\" href=\"https:\/\/www.hermes.com\/fr\/fr\/product\/carre-90-encadre-eperon-d-or-H233786Sv05\/\" target=\"_blank\" rel=\"noreferrer noopener\">Hermes Square 90 Framed Golden Spur<\/a><\/div>\n<\/div>\n\n<div class=\"wp-block-image\"><figure class=\"aligncenter size-large\"><img loading=\"lazy\" decoding=\"async\" width=\"1024\" height=\"1024\" src=\"http:\/\/www.icon-icon.com\/wp-content\/uploads\/2022\/02\/carre-90-encadre-eperon-d-or-233786S-05-worn-2-0-0-1100-1100_b-1024x1024.jpg\" alt=\"\" class=\"wp-image-69082\" srcset=\"https:\/\/www.icon-icon.com\/wp-content\/uploads\/2022\/02\/carre-90-encadre-eperon-d-or-233786S-05-worn-2-0-0-1100-1100_b-1024x1024.jpg 1024w, https:\/\/www.icon-icon.com\/wp-content\/uploads\/2022\/02\/carre-90-encadre-eperon-d-or-233786S-05-worn-2-0-0-1100-1100_b-540x540.jpg 540w, https:\/\/www.icon-icon.com\/wp-content\/uploads\/2022\/02\/carre-90-encadre-eperon-d-or-233786S-05-worn-2-0-0-1100-1100_b-100x100.jpg 100w, https:\/\/www.icon-icon.com\/wp-content\/uploads\/2022\/02\/carre-90-encadre-eperon-d-or-233786S-05-worn-2-0-0-1100-1100_b-600x600.jpg 600w, https:\/\/www.icon-icon.com\/wp-content\/uploads\/2022\/02\/carre-90-encadre-eperon-d-or-233786S-05-worn-2-0-0-1100-1100_b-300x300.jpg 300w, https:\/\/www.icon-icon.com\/wp-content\/uploads\/2022\/02\/carre-90-encadre-eperon-d-or-233786S-05-worn-2-0-0-1100-1100_b-150x150.jpg 150w, https:\/\/www.icon-icon.com\/wp-content\/uploads\/2022\/02\/carre-90-encadre-eperon-d-or-233786S-05-worn-2-0-0-1100-1100_b-768x768.jpg 768w, https:\/\/www.icon-icon.com\/wp-content\/uploads\/2022\/02\/carre-90-encadre-eperon-d-or-233786S-05-worn-2-0-0-1100-1100_b-75x75.jpg 75w, https:\/\/www.icon-icon.com\/wp-content\/uploads\/2022\/02\/carre-90-encadre-eperon-d-or-233786S-05-worn-2-0-0-1100-1100_b-350x350.jpg 350w, https:\/\/www.icon-icon.com\/wp-content\/uploads\/2022\/02\/carre-90-encadre-eperon-d-or-233786S-05-worn-2-0-0-1100-1100_b-580x580.jpg 580w, https:\/\/www.icon-icon.com\/wp-content\/uploads\/2022\/02\/carre-90-encadre-eperon-d-or-233786S-05-worn-2-0-0-1100-1100_b-860x860.jpg 860w, https:\/\/www.icon-icon.com\/wp-content\/uploads\/2022\/02\/carre-90-encadre-eperon-d-or-233786S-05-worn-2-0-0-1100-1100_b.jpg 1100w\" sizes=\"auto, (max-width: 1024px) 100vw, 1024px\" \/><\/figure><\/div>\n\n<p>Dior also has a fabulous scarf, the Carr\u00e9 Toile de Jouy Sauvage.<\/p>\n\n<p>The Toile de Jouy has long reigned over the house of Dior with its ability to tell so many beautiful stories. From the salons of 30 Avenue Montaigne to the recent Maria Grazia Chuiri and Kim <a href=\"https:\/\/www.icon-icon.com\/tag\/kim-jones-2\/\" target=\"_blank\" rel=\"noreferrer noopener\">Jone\u2019s<\/a> collections, the Toile de Jouy accessorises Dior\u2019s creations with a rustic elegance. And especially this square!<\/p>\n\n<div class=\"wp-block-buttons is-layout-flex wp-block-buttons-is-layout-flex\">\n<div class=\"wp-block-button aligncenter\"><a class=\"wp-block-button__link\" href=\"https:\/\/www.dior.com\/fr_fr\/products\/couture-15JOU090I602_C805-carre-toile-de-jouy-sauvage-twill-de-soie-ivoire-et-gris\" target=\"_blank\" rel=\"noreferrer noopener\">CARR\u00c9 dior TOILE DE JOUY SAUVAGE<\/a><\/div>\n<\/div>\n\n<div class=\"wp-block-image\"><figure class=\"aligncenter size-full\"><img loading=\"lazy\" decoding=\"async\" width=\"870\" height=\"580\" src=\"http:\/\/www.icon-icon.com\/wp-content\/uploads\/2022\/02\/1627405804_15JOU090I602_C805_E01_ZHC-1.jpeg\" alt=\"Iconic Scarves\" class=\"wp-image-69086\" srcset=\"https:\/\/www.icon-icon.com\/wp-content\/uploads\/2022\/02\/1627405804_15JOU090I602_C805_E01_ZHC-1.jpeg 870w, https:\/\/www.icon-icon.com\/wp-content\/uploads\/2022\/02\/1627405804_15JOU090I602_C805_E01_ZHC-1-600x400.jpeg 600w, https:\/\/www.icon-icon.com\/wp-content\/uploads\/2022\/02\/1627405804_15JOU090I602_C805_E01_ZHC-1-300x200.jpeg 300w, https:\/\/www.icon-icon.com\/wp-content\/uploads\/2022\/02\/1627405804_15JOU090I602_C805_E01_ZHC-1-768x512.jpeg 768w, https:\/\/www.icon-icon.com\/wp-content\/uploads\/2022\/02\/1627405804_15JOU090I602_C805_E01_ZHC-1-580x387.jpeg 580w, https:\/\/www.icon-icon.com\/wp-content\/uploads\/2022\/02\/1627405804_15JOU090I602_C805_E01_ZHC-1-860x573.jpeg 860w\" sizes=\"auto, (max-width: 870px) 100vw, 870px\" \/><\/figure><\/div>\n\n<p>In 1966 Gucci designed a scarf especially for Grace Kelly.<\/p>\n\n<p>1966. She visited the Gucci flagship store in Milan to buy a Bamboo bag. Delighted and overwhelmed to have the princess as a customer, Rodolfo Gucci made sure to give her a present. When asked what she would like, Grace Kelly opted for something cheerful and colourful, a scarf. She designed the Flora scarf, with a fantastical print inspired by a Botticcelli painting!<\/p>\n\n<div class=\"wp-block-buttons is-layout-flex wp-block-buttons-is-layout-flex\">\n<div class=\"wp-block-button aligncenter\"><a class=\"wp-block-button__link\" href=\"https:\/\/www.gucci.com\/fr\/fr\/pr\/women\/accessories-for-women\/silks-and-scarves-for-women\/silk-square-scarves-for-women\/flora-gucci-vintage-logo-print-silk-scarf-p-6636833G0019200\" target=\"_blank\" rel=\"noreferrer noopener\">flora gucci<\/a><\/div>\n<\/div>\n\n<div class=\"wp-block-image\"><figure class=\"aligncenter size-full\"><img loading=\"lazy\" decoding=\"async\" width=\"800\" height=\"800\" src=\"http:\/\/www.icon-icon.com\/wp-content\/uploads\/2022\/02\/663683_3G001_9200_001_090_0000_Light-Foulard-en-soie-imprim-Flora-et-logo-vintage-Gucci.jpg\" alt=\"Iconic Scarves\" class=\"wp-image-69088\" srcset=\"https:\/\/www.icon-icon.com\/wp-content\/uploads\/2022\/02\/663683_3G001_9200_001_090_0000_Light-Foulard-en-soie-imprim-Flora-et-logo-vintage-Gucci.jpg 800w, https:\/\/www.icon-icon.com\/wp-content\/uploads\/2022\/02\/663683_3G001_9200_001_090_0000_Light-Foulard-en-soie-imprim-Flora-et-logo-vintage-Gucci-540x540.jpg 540w, https:\/\/www.icon-icon.com\/wp-content\/uploads\/2022\/02\/663683_3G001_9200_001_090_0000_Light-Foulard-en-soie-imprim-Flora-et-logo-vintage-Gucci-100x100.jpg 100w, https:\/\/www.icon-icon.com\/wp-content\/uploads\/2022\/02\/663683_3G001_9200_001_090_0000_Light-Foulard-en-soie-imprim-Flora-et-logo-vintage-Gucci-600x600.jpg 600w, https:\/\/www.icon-icon.com\/wp-content\/uploads\/2022\/02\/663683_3G001_9200_001_090_0000_Light-Foulard-en-soie-imprim-Flora-et-logo-vintage-Gucci-300x300.jpg 300w, https:\/\/www.icon-icon.com\/wp-content\/uploads\/2022\/02\/663683_3G001_9200_001_090_0000_Light-Foulard-en-soie-imprim-Flora-et-logo-vintage-Gucci-150x150.jpg 150w, https:\/\/www.icon-icon.com\/wp-content\/uploads\/2022\/02\/663683_3G001_9200_001_090_0000_Light-Foulard-en-soie-imprim-Flora-et-logo-vintage-Gucci-768x768.jpg 768w, https:\/\/www.icon-icon.com\/wp-content\/uploads\/2022\/02\/663683_3G001_9200_001_090_0000_Light-Foulard-en-soie-imprim-Flora-et-logo-vintage-Gucci-75x75.jpg 75w, https:\/\/www.icon-icon.com\/wp-content\/uploads\/2022\/02\/663683_3G001_9200_001_090_0000_Light-Foulard-en-soie-imprim-Flora-et-logo-vintage-Gucci-350x350.jpg 350w, https:\/\/www.icon-icon.com\/wp-content\/uploads\/2022\/02\/663683_3G001_9200_001_090_0000_Light-Foulard-en-soie-imprim-Flora-et-logo-vintage-Gucci-580x580.jpg 580w\" sizes=\"auto, (max-width: 800px) 100vw, 800px\" \/><\/figure><\/div>\n\n<p>What about Cartier? Introducing the Carr\u00e9 90 Panth\u00e8re Art D\u00e9co. Inspired by Jeanne Toussaint who created the house\u2019s most iconic pieces, and the extravagant style of mixing jewels, stones, colours, shapes and styles like no other!<\/p>\n\n<p>Jeanne Toussaint, nicknamed the panther, was the creative director of Cartier between 1933 and 1970. She was responsible for some of the most beautiful pieces, in particular Art Deco, which can be seen on this square scarf!<\/p>\n\n<div class=\"wp-block-buttons is-layout-flex wp-block-buttons-is-layout-flex\">\n<div class=\"wp-block-button aligncenter\"><a class=\"wp-block-button__link\" href=\"https:\/\/www.cartier.com\/fr-fr\/carre-90-panthere-art-deco_cod28941591747168592.html#dept=EU_Scarves\" target=\"_blank\" rel=\"noreferrer noopener\">CARR\u00c9 cartier 90 PANTH\u00c8RE ART D\u00c9CO<\/a><\/div>\n<\/div>\n\n<div class=\"wp-block-image\"><figure class=\"aligncenter size-large\"><img loading=\"lazy\" decoding=\"async\" width=\"1024\" height=\"1024\" src=\"http:\/\/www.icon-icon.com\/wp-content\/uploads\/2022\/02\/w1242_tpadding6.jpg-1024x1024.webp\" alt=\"\" class=\"wp-image-69156\" srcset=\"https:\/\/www.icon-icon.com\/wp-content\/uploads\/2022\/02\/w1242_tpadding6.jpg-1024x1024.webp 1024w, https:\/\/www.icon-icon.com\/wp-content\/uploads\/2022\/02\/w1242_tpadding6.jpg-540x540.webp 540w, https:\/\/www.icon-icon.com\/wp-content\/uploads\/2022\/02\/w1242_tpadding6.jpg-100x100.webp 100w, https:\/\/www.icon-icon.com\/wp-content\/uploads\/2022\/02\/w1242_tpadding6.jpg-600x600.webp 600w, https:\/\/www.icon-icon.com\/wp-content\/uploads\/2022\/02\/w1242_tpadding6.jpg-300x300.webp 300w, https:\/\/www.icon-icon.com\/wp-content\/uploads\/2022\/02\/w1242_tpadding6.jpg-150x150.webp 150w, https:\/\/www.icon-icon.com\/wp-content\/uploads\/2022\/02\/w1242_tpadding6.jpg-768x768.webp 768w, https:\/\/www.icon-icon.com\/wp-content\/uploads\/2022\/02\/w1242_tpadding6.jpg-75x75.webp 75w, https:\/\/www.icon-icon.com\/wp-content\/uploads\/2022\/02\/w1242_tpadding6.jpg-350x350.webp 350w, https:\/\/www.icon-icon.com\/wp-content\/uploads\/2022\/02\/w1242_tpadding6.jpg-580x580.webp 580w, https:\/\/www.icon-icon.com\/wp-content\/uploads\/2022\/02\/w1242_tpadding6.jpg-860x860.webp 860w, https:\/\/www.icon-icon.com\/wp-content\/uploads\/2022\/02\/w1242_tpadding6.jpg-1160x1160.webp 1160w, https:\/\/www.icon-icon.com\/wp-content\/uploads\/2022\/02\/w1242_tpadding6.jpg.webp 1250w\" sizes=\"auto, (max-width: 1024px) 100vw, 1024px\" \/><\/figure><\/div>\n\n<p>Gianni Versace drew inspiration for the fashion house\u2019s logo from Greek mythology: Medusa and her snakes. This scarf references yet another Greek motif dear to the house of Versace \u2013 the Cup of the Gods. This motif once displayed on Athenian palaces is now referenced in many Versace designs.<\/p>\n\n<div class=\"wp-block-buttons is-layout-flex wp-block-buttons-is-layout-flex\">\n<div class=\"wp-block-button aligncenter\"><a class=\"wp-block-button__link\" href=\"https:\/\/www.versace.com\/fr\/fr-fr\/femme\/accessoires\/foulards-et-echarpes\/foulard-en-soie-a-imprime-la-coupe-des-dieux-5w050\/1001600-1A01278_5W050.html?cgid=141100#wt_mc=FR.SEM.Google.Text&amp;utm_campaignname=02_Search_Accessories_FR&amp;utm_adgroup=Foulard_Women&amp;utm_term=%22versace%20foulard%22&amp;s_kwcid=AL!6089!3!526828564275!p!!g!!versace%20foulard&amp;gclid=CjwKCAiAxJSPBhAoEiwAeO_fP_oJCU-Ro7c5u2uOT0zjYaQYJpewrIkTY5B89amaXLNXxjZHcy_aNhoC6MoQAvD_BwE&amp;gclsrc=aw.ds&amp;start=1\" target=\"_blank\" rel=\"noreferrer noopener\">versace scarf COUPE DES DIEUX <\/a><\/div>\n<\/div>\n\n<div class=\"wp-block-image\"><figure class=\"aligncenter size-large\"><img loading=\"lazy\" decoding=\"async\" width=\"729\" height=\"1024\" src=\"http:\/\/www.icon-icon.com\/wp-content\/uploads\/2022\/02\/90_1001600-1A01278_5W050_20_LaCoupedesDieuxPrintSilkFoulard-FoulardsandScarves-versace-online-store_0_0-729x1024.jpg\" alt=\"\" class=\"wp-image-69092\" srcset=\"https:\/\/www.icon-icon.com\/wp-content\/uploads\/2022\/02\/90_1001600-1A01278_5W050_20_LaCoupedesDieuxPrintSilkFoulard-FoulardsandScarves-versace-online-store_0_0-729x1024.jpg 729w, https:\/\/www.icon-icon.com\/wp-content\/uploads\/2022\/02\/90_1001600-1A01278_5W050_20_LaCoupedesDieuxPrintSilkFoulard-FoulardsandScarves-versace-online-store_0_0-600x842.jpg 600w, https:\/\/www.icon-icon.com\/wp-content\/uploads\/2022\/02\/90_1001600-1A01278_5W050_20_LaCoupedesDieuxPrintSilkFoulard-FoulardsandScarves-versace-online-store_0_0-214x300.jpg 214w, https:\/\/www.icon-icon.com\/wp-content\/uploads\/2022\/02\/90_1001600-1A01278_5W050_20_LaCoupedesDieuxPrintSilkFoulard-FoulardsandScarves-versace-online-store_0_0-580x814.jpg 580w, https:\/\/www.icon-icon.com\/wp-content\/uploads\/2022\/02\/90_1001600-1A01278_5W050_20_LaCoupedesDieuxPrintSilkFoulard-FoulardsandScarves-versace-online-store_0_0.jpg 748w\" sizes=\"auto, (max-width: 729px) 100vw, 729px\" \/><\/figure><\/div>\n\n<p><\/p>\n\n<h2 class=\"wp-block-heading\" id=\"les-twilly-iconiques-a-styliser\"><strong>Iconic Twillys to style<\/strong><\/h2>\n\n<div class=\"wp-block-buttons is-layout-flex wp-block-buttons-is-layout-flex\">\n<div class=\"wp-block-button aligncenter\"><a class=\"wp-block-button__link\" href=\"https:\/\/www.icon-icon.com\/categorie-produit\/mode-et-accessoires\/accessoires-2\/rubans\/\" target=\"_blank\" rel=\"noreferrer noopener\"><strong>discover the twilly selection<\/strong><\/a><\/div>\n<\/div>\n\n<p>First of all let\u2019s start with, the Herm\u00e8s Twilly! Here it is in its most iconic version, the Ex-Libris design. This pattern the Ex-Libris or the Duke harnessed was chosen in 1923, a design by Alfred de Dreux, which became the logo of the most luxurious house in the world!<\/p>\n\n<div class=\"wp-block-buttons is-layout-flex wp-block-buttons-is-layout-flex\">\n<div class=\"wp-block-button aligncenter\"><a class=\"wp-block-button__link\" href=\"https:\/\/www.hermes.com\/fr\/fr\/product\/twilly-ex-libris-H063791Sv10\/\" target=\"_blank\" rel=\"noreferrer noopener\">Herm\u00e8s \u2013 Twilly Ex-Libris<\/a><\/div>\n<\/div>\n\n<div class=\"wp-block-image\"><figure class=\"aligncenter size-large\"><img loading=\"lazy\" decoding=\"async\" width=\"1024\" height=\"1024\" src=\"http:\/\/www.icon-icon.com\/wp-content\/uploads\/2022\/02\/twilly-ex-libris-063791S-10-worn-2-0-0-1100-1100_b-1-1024x1024.jpg\" alt=\"Iconic Scarves\" class=\"wp-image-69074\" srcset=\"https:\/\/www.icon-icon.com\/wp-content\/uploads\/2022\/02\/twilly-ex-libris-063791S-10-worn-2-0-0-1100-1100_b-1-1024x1024.jpg 1024w, https:\/\/www.icon-icon.com\/wp-content\/uploads\/2022\/02\/twilly-ex-libris-063791S-10-worn-2-0-0-1100-1100_b-1-540x540.jpg 540w, https:\/\/www.icon-icon.com\/wp-content\/uploads\/2022\/02\/twilly-ex-libris-063791S-10-worn-2-0-0-1100-1100_b-1-100x100.jpg 100w, https:\/\/www.icon-icon.com\/wp-content\/uploads\/2022\/02\/twilly-ex-libris-063791S-10-worn-2-0-0-1100-1100_b-1-600x600.jpg 600w, https:\/\/www.icon-icon.com\/wp-content\/uploads\/2022\/02\/twilly-ex-libris-063791S-10-worn-2-0-0-1100-1100_b-1-300x300.jpg 300w, https:\/\/www.icon-icon.com\/wp-content\/uploads\/2022\/02\/twilly-ex-libris-063791S-10-worn-2-0-0-1100-1100_b-1-150x150.jpg 150w, https:\/\/www.icon-icon.com\/wp-content\/uploads\/2022\/02\/twilly-ex-libris-063791S-10-worn-2-0-0-1100-1100_b-1-768x768.jpg 768w, https:\/\/www.icon-icon.com\/wp-content\/uploads\/2022\/02\/twilly-ex-libris-063791S-10-worn-2-0-0-1100-1100_b-1-75x75.jpg 75w, https:\/\/www.icon-icon.com\/wp-content\/uploads\/2022\/02\/twilly-ex-libris-063791S-10-worn-2-0-0-1100-1100_b-1-350x350.jpg 350w, https:\/\/www.icon-icon.com\/wp-content\/uploads\/2022\/02\/twilly-ex-libris-063791S-10-worn-2-0-0-1100-1100_b-1-580x580.jpg 580w, https:\/\/www.icon-icon.com\/wp-content\/uploads\/2022\/02\/twilly-ex-libris-063791S-10-worn-2-0-0-1100-1100_b-1-860x860.jpg 860w, https:\/\/www.icon-icon.com\/wp-content\/uploads\/2022\/02\/twilly-ex-libris-063791S-10-worn-2-0-0-1100-1100_b-1.jpg 1100w\" sizes=\"auto, (max-width: 1024px) 100vw, 1024px\" \/><\/figure><\/div>\n\n<p>Where can you find a scarf rich in Dior symbolism? The Dior Oblique twill Mitzah. First of all, there is of course the monographic design, but above all the reference to Mitzah Bricard, Christian Dior\u2019s friend, muse and advisor; who was in charge of Dior hats. It was rumoured that she used to tie a cheetah print muslin to her wrist to hide a scar.<\/p>\n\n<div class=\"wp-block-buttons is-layout-flex wp-block-buttons-is-layout-flex\">\n<div class=\"wp-block-button aligncenter\"><a class=\"wp-block-button__link\" href=\"https:\/\/www.dior.com\/fr_fr\/products\/couture-15DOB106I600_C541-mitzah-dior-oblique-twill-de-soie-bleu-marine\" target=\"_blank\" rel=\"noreferrer noopener\">Mitzah dior oblique<\/a><\/div>\n<\/div>\n\n<div class=\"wp-block-image\"><figure class=\"aligncenter size-full\"><img loading=\"lazy\" decoding=\"async\" width=\"500\" height=\"500\" src=\"http:\/\/www.icon-icon.com\/wp-content\/uploads\/2022\/02\/FOULARD-Dior-.jpeg\" alt=\"\" class=\"wp-image-69076\" srcset=\"https:\/\/www.icon-icon.com\/wp-content\/uploads\/2022\/02\/FOULARD-Dior-.jpeg 500w, https:\/\/www.icon-icon.com\/wp-content\/uploads\/2022\/02\/FOULARD-Dior--100x100.jpeg 100w, https:\/\/www.icon-icon.com\/wp-content\/uploads\/2022\/02\/FOULARD-Dior--300x300.jpeg 300w, https:\/\/www.icon-icon.com\/wp-content\/uploads\/2022\/02\/FOULARD-Dior--150x150.jpeg 150w, https:\/\/www.icon-icon.com\/wp-content\/uploads\/2022\/02\/FOULARD-Dior--75x75.jpeg 75w, https:\/\/www.icon-icon.com\/wp-content\/uploads\/2022\/02\/FOULARD-Dior--350x350.jpeg 350w\" sizes=\"auto, (max-width: 500px) 100vw, 500px\" \/><\/figure><\/div>\n\n<p>A silk twilly headband in camellia print, Coco Chanel\u2019s favourite flower, famed for its perfect symmetry and dandy symbolism!<\/p>\n\n<div class=\"wp-block-buttons is-layout-flex wp-block-buttons-is-layout-flex\">\n<div class=\"wp-block-button aligncenter\"><a class=\"wp-block-button__link\">headband chanel camelia<\/a><\/div>\n<\/div>\n\n<div class=\"wp-block-image\"><figure class=\"aligncenter size-large\"><img loading=\"lazy\" decoding=\"async\" width=\"877\" height=\"1024\" src=\"http:\/\/www.icon-icon.com\/wp-content\/uploads\/2022\/02\/8848523362334-877x1024.jpg\" alt=\"\" class=\"wp-image-69078\" srcset=\"https:\/\/www.icon-icon.com\/wp-content\/uploads\/2022\/02\/8848523362334-877x1024.jpg 877w, https:\/\/www.icon-icon.com\/wp-content\/uploads\/2022\/02\/8848523362334-600x701.jpg 600w, https:\/\/www.icon-icon.com\/wp-content\/uploads\/2022\/02\/8848523362334-257x300.jpg 257w, https:\/\/www.icon-icon.com\/wp-content\/uploads\/2022\/02\/8848523362334-768x897.jpg 768w, https:\/\/www.icon-icon.com\/wp-content\/uploads\/2022\/02\/8848523362334-1315x1536.jpg 1315w, https:\/\/www.icon-icon.com\/wp-content\/uploads\/2022\/02\/8848523362334-580x677.jpg 580w, https:\/\/www.icon-icon.com\/wp-content\/uploads\/2022\/02\/8848523362334-860x1004.jpg 860w, https:\/\/www.icon-icon.com\/wp-content\/uploads\/2022\/02\/8848523362334-1160x1355.jpg 1160w, https:\/\/www.icon-icon.com\/wp-content\/uploads\/2022\/02\/8848523362334.jpg 1488w\" sizes=\"auto, (max-width: 877px) 100vw, 877px\" \/><\/figure><\/div>\n\n<p>The house of Emilio Pucci is instantly recognisable and has been since the 1950s. Since its establishment, the house of Pucci, founded by the private Marquis Emilio Pucci di Barsento, has made shimmery and swirly prints a signature classic!<\/p>\n\n<p>Now for Pucci\u2019s signature graphic on a silk scarf, here the king of prints presents a pop of sensuality in a fresh and elegant twilly.<\/p>\n\n<div class=\"wp-block-buttons is-layout-flex wp-block-buttons-is-layout-flex\">\n<div class=\"wp-block-button aligncenter\"><a class=\"wp-block-button__link\" href=\"https:\/\/www.emiliopucci.com\/en-fr\/shopping\/onde-and-bandierine-print-silk-twill-scarf-16995369\" target=\"_blank\" rel=\"noreferrer noopener\">Twilly Pucci<\/a><\/div>\n<\/div>\n\n<div class=\"wp-block-image\"><figure class=\"aligncenter size-full\"><img loading=\"lazy\" decoding=\"async\" width=\"800\" height=\"800\" src=\"http:\/\/www.icon-icon.com\/wp-content\/uploads\/2022\/02\/emilio-pucci-onde-and-bandierine-print-silk-twill-scarf_16995369_37189544_800.jpg\" alt=\"\" class=\"wp-image-69070\" srcset=\"https:\/\/www.icon-icon.com\/wp-content\/uploads\/2022\/02\/emilio-pucci-onde-and-bandierine-print-silk-twill-scarf_16995369_37189544_800.jpg 800w, https:\/\/www.icon-icon.com\/wp-content\/uploads\/2022\/02\/emilio-pucci-onde-and-bandierine-print-silk-twill-scarf_16995369_37189544_800-540x540.jpg 540w, https:\/\/www.icon-icon.com\/wp-content\/uploads\/2022\/02\/emilio-pucci-onde-and-bandierine-print-silk-twill-scarf_16995369_37189544_800-100x100.jpg 100w, https:\/\/www.icon-icon.com\/wp-content\/uploads\/2022\/02\/emilio-pucci-onde-and-bandierine-print-silk-twill-scarf_16995369_37189544_800-600x600.jpg 600w, https:\/\/www.icon-icon.com\/wp-content\/uploads\/2022\/02\/emilio-pucci-onde-and-bandierine-print-silk-twill-scarf_16995369_37189544_800-300x300.jpg 300w, https:\/\/www.icon-icon.com\/wp-content\/uploads\/2022\/02\/emilio-pucci-onde-and-bandierine-print-silk-twill-scarf_16995369_37189544_800-150x150.jpg 150w, https:\/\/www.icon-icon.com\/wp-content\/uploads\/2022\/02\/emilio-pucci-onde-and-bandierine-print-silk-twill-scarf_16995369_37189544_800-768x768.jpg 768w, https:\/\/www.icon-icon.com\/wp-content\/uploads\/2022\/02\/emilio-pucci-onde-and-bandierine-print-silk-twill-scarf_16995369_37189544_800-75x75.jpg 75w, https:\/\/www.icon-icon.com\/wp-content\/uploads\/2022\/02\/emilio-pucci-onde-and-bandierine-print-silk-twill-scarf_16995369_37189544_800-350x350.jpg 350w, https:\/\/www.icon-icon.com\/wp-content\/uploads\/2022\/02\/emilio-pucci-onde-and-bandierine-print-silk-twill-scarf_16995369_37189544_800-580x580.jpg 580w\" sizes=\"auto, (max-width: 800px) 100vw, 800px\" \/><\/figure><\/div>\n\n<p>The house of Versace draws its extravagant luxuriance and flamboyance from its southern Italian roots. Over the top and utterly splendid, this scarf ties in features from the chain print, a signature print of Versace directly inspired by Roman antiquity.<\/p>\n\n<div class=\"wp-block-buttons is-layout-flex wp-block-buttons-is-layout-flex\">\n<div class=\"wp-block-button aligncenter\"><a class=\"wp-block-button__link\" href=\"https:\/\/www.versace.com\/fr\/fr-fr\/femme\/accessoires\/foulards-et-echarpes\/cravate-foulard-chain-pinstripe-5b000\/IBA0005-1A03001_5B000.html?cgid=141100#start=1\" target=\"_blank\" rel=\"noreferrer noopener\">Versace Chain Scarf Tie<\/a><\/div>\n<\/div>\n\n<p>In this selection you will find a game changing accessory!<\/p>\n\n<div class=\"wp-block-image\"><figure class=\"aligncenter size-large\"><img loading=\"lazy\" decoding=\"async\" width=\"729\" height=\"1024\" src=\"http:\/\/www.icon-icon.com\/wp-content\/uploads\/2022\/02\/90_IBA0005-1A03001_5B000_20_ChainPinstripeScarfTie-FoulardsandScarves-versace-online-store_0_1-729x1024.jpg\" alt=\"\" class=\"wp-image-69080\" srcset=\"https:\/\/www.icon-icon.com\/wp-content\/uploads\/2022\/02\/90_IBA0005-1A03001_5B000_20_ChainPinstripeScarfTie-FoulardsandScarves-versace-online-store_0_1-729x1024.jpg 729w, https:\/\/www.icon-icon.com\/wp-content\/uploads\/2022\/02\/90_IBA0005-1A03001_5B000_20_ChainPinstripeScarfTie-FoulardsandScarves-versace-online-store_0_1-600x842.jpg 600w, https:\/\/www.icon-icon.com\/wp-content\/uploads\/2022\/02\/90_IBA0005-1A03001_5B000_20_ChainPinstripeScarfTie-FoulardsandScarves-versace-online-store_0_1-214x300.jpg 214w, https:\/\/www.icon-icon.com\/wp-content\/uploads\/2022\/02\/90_IBA0005-1A03001_5B000_20_ChainPinstripeScarfTie-FoulardsandScarves-versace-online-store_0_1-580x814.jpg 580w, https:\/\/www.icon-icon.com\/wp-content\/uploads\/2022\/02\/90_IBA0005-1A03001_5B000_20_ChainPinstripeScarfTie-FoulardsandScarves-versace-online-store_0_1.jpg 748w\" sizes=\"auto, (max-width: 729px) 100vw, 729px\" \/><\/figure><\/div>\n\n<p><\/p>\n\n<h2 class=\"has-text-align-center wp-block-heading\" id=\"telling-you-more-about-les-foulards-iconiques\"><strong><em>Telling You More About&#8230; Les Foulards Iconiques <\/em><\/strong><\/h2>\n\n<p><a href=\"https:\/\/www.icon-icon.com\/lhistoire-du-carre-hermes-2\/\" target=\"_blank\" rel=\"noreferrer noopener\">Carr\u00e9 Herm\u00e8s<\/a>: L\u2019Histoire<\/p>\n\n<p>L\u2019Histoire Du <a href=\"https:\/\/www.icon-icon.com\/lhistoire-du-carre-hermes\/\" target=\"_blank\" rel=\"noreferrer noopener\">Carr\u00e9 Herm\u00e8s<\/a><\/p>\n","protected":false},"excerpt":{"rendered":"<p>The most versatile fashion accessories! <\/p>\n","protected":false},"author":3,"featured_media":69094,"comment_status":"closed","ping_status":"closed","sticky":false,"template":"","format":"standard","meta":{"_acf_changed":false,"footnotes":""},"categories":[32,21282],"tags":[28870,23369,27888,25088,25739,21284,28869,28872,28871,28868],"class_list":["post-70102","post","type-post","status-publish","format-standard","has-post-thumbnail","hentry","category-fashion-accessories","category-iconic-posts-en","tag-carre-en","tag-chanel-en","tag-flora-en","tag-grace-kelly-en","tag-gucci-en","tag-hermes-en","tag-kelly-en","tag-scarve","tag-twilly-en","tag-versace-en"],"acf":[],"yoast_head":"<!-- This site is optimized with the Yoast SEO plugin v27.2 - https:\/\/yoast.com\/product\/yoast-seo-wordpress\/ -->\n<title>Iconic Scarves: From Gucci, Pucci to Herm\u00e8s - ICON-ICON<\/title>\n<meta name=\"description\" content=\"Iconic scarves are among the most versatile fashion accessories. Speaking of which, here are the must have iconic scarves, from Gucci, Pucci to Herm\u00e8s!\" \/>\n<meta name=\"robots\" content=\"index, follow, max-snippet:-1, max-image-preview:large, max-video-preview:-1\" \/>\n<link rel=\"canonical\" href=\"https:\/\/www.icon-icon.com\/en\/iconic-scarves-from-gucci-pucci-to-hermes\/\" \/>\n<meta property=\"og:locale\" content=\"en_US\" \/>\n<meta property=\"og:type\" content=\"article\" \/>\n<meta property=\"og:title\" content=\"Iconic Scarves: From Gucci, Pucci to Herm\u00e8s - ICON-ICON\" \/>\n<meta property=\"og:description\" content=\"Iconic scarves are among the most versatile fashion accessories. Speaking of which, here are the must have iconic scarves, from Gucci, Pucci to Herm\u00e8s!\" \/>\n<meta property=\"og:url\" content=\"https:\/\/www.icon-icon.com\/en\/iconic-scarves-from-gucci-pucci-to-hermes\/\" \/>\n<meta property=\"og:site_name\" content=\"ICON-ICON\" \/>\n<meta property=\"article:published_time\" content=\"2022-02-17T16:26:58+00:00\" \/>\n<meta property=\"article:modified_time\" content=\"2022-02-17T16:27:20+00:00\" \/>\n<meta property=\"og:image\" content=\"https:\/\/www.icon-icon.com\/wp-content\/uploads\/2022\/02\/carre-hermes-brazil.jpeg\" \/>\n\t<meta property=\"og:image:width\" content=\"800\" \/>\n\t<meta property=\"og:image:height\" content=\"800\" \/>\n\t<meta property=\"og:image:type\" content=\"image\/jpeg\" \/>\n<meta name=\"author\" content=\"Icon-Icon\" \/>\n<meta name=\"twitter:card\" content=\"summary_large_image\" \/>\n<meta name=\"twitter:label1\" content=\"Written by\" \/>\n\t<meta name=\"twitter:data1\" content=\"Icon-Icon\" \/>\n\t<meta name=\"twitter:label2\" content=\"Est. reading time\" \/>\n\t<meta name=\"twitter:data2\" content=\"4 minutes\" \/>\n<script type=\"application\/ld+json\" class=\"yoast-schema-graph\">{\"@context\":\"https:\/\/schema.org\",\"@graph\":[{\"@type\":\"Article\",\"@id\":\"https:\/\/www.icon-icon.com\/en\/iconic-scarves-from-gucci-pucci-to-hermes\/#article\",\"isPartOf\":{\"@id\":\"https:\/\/www.icon-icon.com\/en\/iconic-scarves-from-gucci-pucci-to-hermes\/\"},\"author\":{\"name\":\"Icon-Icon\",\"@id\":\"https:\/\/www.icon-icon.com\/#\/schema\/person\/e55d52fc3eb90f0f596d4040244e9e8a\"},\"headline\":\"Iconic Scarves: From Gucci, Pucci to Herm\u00e8s\",\"datePublished\":\"2022-02-17T16:26:58+00:00\",\"dateModified\":\"2022-02-17T16:27:20+00:00\",\"mainEntityOfPage\":{\"@id\":\"https:\/\/www.icon-icon.com\/en\/iconic-scarves-from-gucci-pucci-to-hermes\/\"},\"wordCount\":711,\"image\":{\"@id\":\"https:\/\/www.icon-icon.com\/en\/iconic-scarves-from-gucci-pucci-to-hermes\/#primaryimage\"},\"thumbnailUrl\":\"https:\/\/www.icon-icon.com\/wp-content\/uploads\/2022\/02\/carre-hermes-brazil.jpeg\",\"keywords\":[\"carre\",\"chanel\",\"Flora\",\"Grace Kelly\",\"gucci\",\"hermes\",\"kelly\",\"scarve\",\"Twilly\",\"versace\"],\"articleSection\":[\"Fashion &amp; accessories\",\"Iconic posts\"],\"inLanguage\":\"en-US\"},{\"@type\":\"WebPage\",\"@id\":\"https:\/\/www.icon-icon.com\/en\/iconic-scarves-from-gucci-pucci-to-hermes\/\",\"url\":\"https:\/\/www.icon-icon.com\/en\/iconic-scarves-from-gucci-pucci-to-hermes\/\",\"name\":\"Iconic Scarves: From Gucci, Pucci to Herm\u00e8s - ICON-ICON\",\"isPartOf\":{\"@id\":\"https:\/\/www.icon-icon.com\/#website\"},\"primaryImageOfPage\":{\"@id\":\"https:\/\/www.icon-icon.com\/en\/iconic-scarves-from-gucci-pucci-to-hermes\/#primaryimage\"},\"image\":{\"@id\":\"https:\/\/www.icon-icon.com\/en\/iconic-scarves-from-gucci-pucci-to-hermes\/#primaryimage\"},\"thumbnailUrl\":\"https:\/\/www.icon-icon.com\/wp-content\/uploads\/2022\/02\/carre-hermes-brazil.jpeg\",\"datePublished\":\"2022-02-17T16:26:58+00:00\",\"dateModified\":\"2022-02-17T16:27:20+00:00\",\"author\":{\"@id\":\"https:\/\/www.icon-icon.com\/#\/schema\/person\/e55d52fc3eb90f0f596d4040244e9e8a\"},\"description\":\"Iconic scarves are among the most versatile fashion accessories. Speaking of which, here are the must have iconic scarves, from Gucci, Pucci to Herm\u00e8s!\",\"breadcrumb\":{\"@id\":\"https:\/\/www.icon-icon.com\/en\/iconic-scarves-from-gucci-pucci-to-hermes\/#breadcrumb\"},\"inLanguage\":\"en-US\",\"potentialAction\":[{\"@type\":\"ReadAction\",\"target\":[\"https:\/\/www.icon-icon.com\/en\/iconic-scarves-from-gucci-pucci-to-hermes\/\"]}]},{\"@type\":\"ImageObject\",\"inLanguage\":\"en-US\",\"@id\":\"https:\/\/www.icon-icon.com\/en\/iconic-scarves-from-gucci-pucci-to-hermes\/#primaryimage\",\"url\":\"https:\/\/www.icon-icon.com\/wp-content\/uploads\/2022\/02\/carre-hermes-brazil.jpeg\",\"contentUrl\":\"https:\/\/www.icon-icon.com\/wp-content\/uploads\/2022\/02\/carre-hermes-brazil.jpeg\",\"width\":800,\"height\":800},{\"@type\":\"BreadcrumbList\",\"@id\":\"https:\/\/www.icon-icon.com\/en\/iconic-scarves-from-gucci-pucci-to-hermes\/#breadcrumb\",\"itemListElement\":[{\"@type\":\"ListItem\",\"position\":1,\"name\":\"Accueil\",\"item\":\"https:\/\/www.icon-icon.com\/en\/\"},{\"@type\":\"ListItem\",\"position\":2,\"name\":\"Iconic Scarves: From Gucci, Pucci to Herm\u00e8s\"}]},{\"@type\":\"WebSite\",\"@id\":\"https:\/\/www.icon-icon.com\/#website\",\"url\":\"https:\/\/www.icon-icon.com\/\",\"name\":\"ICON-ICON\",\"description\":\"Luxury Stories\",\"potentialAction\":[{\"@type\":\"SearchAction\",\"target\":{\"@type\":\"EntryPoint\",\"urlTemplate\":\"https:\/\/www.icon-icon.com\/?s={search_term_string}\"},\"query-input\":{\"@type\":\"PropertyValueSpecification\",\"valueRequired\":true,\"valueName\":\"search_term_string\"}}],\"inLanguage\":\"en-US\"},{\"@type\":\"Person\",\"@id\":\"https:\/\/www.icon-icon.com\/#\/schema\/person\/e55d52fc3eb90f0f596d4040244e9e8a\",\"name\":\"Icon-Icon\",\"image\":{\"@type\":\"ImageObject\",\"inLanguage\":\"en-US\",\"@id\":\"https:\/\/secure.gravatar.com\/avatar\/a805f008148faa69a17c7f0ea39c1c8fe7cf57667bd31c5e023987a404bf2748?s=96&d=mm&r=g\",\"url\":\"https:\/\/secure.gravatar.com\/avatar\/a805f008148faa69a17c7f0ea39c1c8fe7cf57667bd31c5e023987a404bf2748?s=96&d=mm&r=g\",\"contentUrl\":\"https:\/\/secure.gravatar.com\/avatar\/a805f008148faa69a17c7f0ea39c1c8fe7cf57667bd31c5e023987a404bf2748?s=96&d=mm&r=g\",\"caption\":\"Icon-Icon\"},\"url\":\"https:\/\/www.icon-icon.com\/en\/author\/icon\/\"}]}<\/script>\n<!-- \/ Yoast SEO plugin. -->","yoast_head_json":{"title":"Iconic Scarves: From Gucci, Pucci to Herm\u00e8s - ICON-ICON","description":"Iconic scarves are among the most versatile fashion accessories. Speaking of which, here are the must have iconic scarves, from Gucci, Pucci to Herm\u00e8s!","robots":{"index":"index","follow":"follow","max-snippet":"max-snippet:-1","max-image-preview":"max-image-preview:large","max-video-preview":"max-video-preview:-1"},"canonical":"https:\/\/www.icon-icon.com\/en\/iconic-scarves-from-gucci-pucci-to-hermes\/","og_locale":"en_US","og_type":"article","og_title":"Iconic Scarves: From Gucci, Pucci to Herm\u00e8s - ICON-ICON","og_description":"Iconic scarves are among the most versatile fashion accessories. Speaking of which, here are the must have iconic scarves, from Gucci, Pucci to Herm\u00e8s!","og_url":"https:\/\/www.icon-icon.com\/en\/iconic-scarves-from-gucci-pucci-to-hermes\/","og_site_name":"ICON-ICON","article_published_time":"2022-02-17T16:26:58+00:00","article_modified_time":"2022-02-17T16:27:20+00:00","og_image":[{"width":800,"height":800,"url":"https:\/\/www.icon-icon.com\/wp-content\/uploads\/2022\/02\/carre-hermes-brazil.jpeg","type":"image\/jpeg"}],"author":"Icon-Icon","twitter_card":"summary_large_image","twitter_misc":{"Written by":"Icon-Icon","Est. reading time":"4 minutes"},"schema":{"@context":"https:\/\/schema.org","@graph":[{"@type":"Article","@id":"https:\/\/www.icon-icon.com\/en\/iconic-scarves-from-gucci-pucci-to-hermes\/#article","isPartOf":{"@id":"https:\/\/www.icon-icon.com\/en\/iconic-scarves-from-gucci-pucci-to-hermes\/"},"author":{"name":"Icon-Icon","@id":"https:\/\/www.icon-icon.com\/#\/schema\/person\/e55d52fc3eb90f0f596d4040244e9e8a"},"headline":"Iconic Scarves: From Gucci, Pucci to Herm\u00e8s","datePublished":"2022-02-17T16:26:58+00:00","dateModified":"2022-02-17T16:27:20+00:00","mainEntityOfPage":{"@id":"https:\/\/www.icon-icon.com\/en\/iconic-scarves-from-gucci-pucci-to-hermes\/"},"wordCount":711,"image":{"@id":"https:\/\/www.icon-icon.com\/en\/iconic-scarves-from-gucci-pucci-to-hermes\/#primaryimage"},"thumbnailUrl":"https:\/\/www.icon-icon.com\/wp-content\/uploads\/2022\/02\/carre-hermes-brazil.jpeg","keywords":["carre","chanel","Flora","Grace Kelly","gucci","hermes","kelly","scarve","Twilly","versace"],"articleSection":["Fashion &amp; accessories","Iconic posts"],"inLanguage":"en-US"},{"@type":"WebPage","@id":"https:\/\/www.icon-icon.com\/en\/iconic-scarves-from-gucci-pucci-to-hermes\/","url":"https:\/\/www.icon-icon.com\/en\/iconic-scarves-from-gucci-pucci-to-hermes\/","name":"Iconic Scarves: From Gucci, Pucci to Herm\u00e8s - ICON-ICON","isPartOf":{"@id":"https:\/\/www.icon-icon.com\/#website"},"primaryImageOfPage":{"@id":"https:\/\/www.icon-icon.com\/en\/iconic-scarves-from-gucci-pucci-to-hermes\/#primaryimage"},"image":{"@id":"https:\/\/www.icon-icon.com\/en\/iconic-scarves-from-gucci-pucci-to-hermes\/#primaryimage"},"thumbnailUrl":"https:\/\/www.icon-icon.com\/wp-content\/uploads\/2022\/02\/carre-hermes-brazil.jpeg","datePublished":"2022-02-17T16:26:58+00:00","dateModified":"2022-02-17T16:27:20+00:00","author":{"@id":"https:\/\/www.icon-icon.com\/#\/schema\/person\/e55d52fc3eb90f0f596d4040244e9e8a"},"description":"Iconic scarves are among the most versatile fashion accessories. Speaking of which, here are the must have iconic scarves, from Gucci, Pucci to Herm\u00e8s!","breadcrumb":{"@id":"https:\/\/www.icon-icon.com\/en\/iconic-scarves-from-gucci-pucci-to-hermes\/#breadcrumb"},"inLanguage":"en-US","potentialAction":[{"@type":"ReadAction","target":["https:\/\/www.icon-icon.com\/en\/iconic-scarves-from-gucci-pucci-to-hermes\/"]}]},{"@type":"ImageObject","inLanguage":"en-US","@id":"https:\/\/www.icon-icon.com\/en\/iconic-scarves-from-gucci-pucci-to-hermes\/#primaryimage","url":"https:\/\/www.icon-icon.com\/wp-content\/uploads\/2022\/02\/carre-hermes-brazil.jpeg","contentUrl":"https:\/\/www.icon-icon.com\/wp-content\/uploads\/2022\/02\/carre-hermes-brazil.jpeg","width":800,"height":800},{"@type":"BreadcrumbList","@id":"https:\/\/www.icon-icon.com\/en\/iconic-scarves-from-gucci-pucci-to-hermes\/#breadcrumb","itemListElement":[{"@type":"ListItem","position":1,"name":"Accueil","item":"https:\/\/www.icon-icon.com\/en\/"},{"@type":"ListItem","position":2,"name":"Iconic Scarves: From Gucci, Pucci to Herm\u00e8s"}]},{"@type":"WebSite","@id":"https:\/\/www.icon-icon.com\/#website","url":"https:\/\/www.icon-icon.com\/","name":"ICON-ICON","description":"Luxury Stories","potentialAction":[{"@type":"SearchAction","target":{"@type":"EntryPoint","urlTemplate":"https:\/\/www.icon-icon.com\/?s={search_term_string}"},"query-input":{"@type":"PropertyValueSpecification","valueRequired":true,"valueName":"search_term_string"}}],"inLanguage":"en-US"},{"@type":"Person","@id":"https:\/\/www.icon-icon.com\/#\/schema\/person\/e55d52fc3eb90f0f596d4040244e9e8a","name":"Icon-Icon","image":{"@type":"ImageObject","inLanguage":"en-US","@id":"https:\/\/secure.gravatar.com\/avatar\/a805f008148faa69a17c7f0ea39c1c8fe7cf57667bd31c5e023987a404bf2748?s=96&d=mm&r=g","url":"https:\/\/secure.gravatar.com\/avatar\/a805f008148faa69a17c7f0ea39c1c8fe7cf57667bd31c5e023987a404bf2748?s=96&d=mm&r=g","contentUrl":"https:\/\/secure.gravatar.com\/avatar\/a805f008148faa69a17c7f0ea39c1c8fe7cf57667bd31c5e023987a404bf2748?s=96&d=mm&r=g","caption":"Icon-Icon"},"url":"https:\/\/www.icon-icon.com\/en\/author\/icon\/"}]}},"_links":{"self":[{"href":"https:\/\/www.icon-icon.com\/en\/wp-json\/wp\/v2\/posts\/70102","targetHints":{"allow":["GET"]}}],"collection":[{"href":"https:\/\/www.icon-icon.com\/en\/wp-json\/wp\/v2\/posts"}],"about":[{"href":"https:\/\/www.icon-icon.com\/en\/wp-json\/wp\/v2\/types\/post"}],"author":[{"embeddable":true,"href":"https:\/\/www.icon-icon.com\/en\/wp-json\/wp\/v2\/users\/3"}],"replies":[{"embeddable":true,"href":"https:\/\/www.icon-icon.com\/en\/wp-json\/wp\/v2\/comments?post=70102"}],"version-history":[{"count":1,"href":"https:\/\/www.icon-icon.com\/en\/wp-json\/wp\/v2\/posts\/70102\/revisions"}],"predecessor-version":[{"id":70103,"href":"https:\/\/www.icon-icon.com\/en\/wp-json\/wp\/v2\/posts\/70102\/revisions\/70103"}],"wp:featuredmedia":[{"embeddable":true,"href":"https:\/\/www.icon-icon.com\/en\/wp-json\/wp\/v2\/media\/69094"}],"wp:attachment":[{"href":"https:\/\/www.icon-icon.com\/en\/wp-json\/wp\/v2\/media?parent=70102"}],"wp:term":[{"taxonomy":"category","embeddable":true,"href":"https:\/\/www.icon-icon.com\/en\/wp-json\/wp\/v2\/categories?post=70102"},{"taxonomy":"post_tag","embeddable":true,"href":"https:\/\/www.icon-icon.com\/en\/wp-json\/wp\/v2\/tags?post=70102"}],"curies":[{"name":"wp","href":"https:\/\/api.w.org\/{rel}","templated":true}]}}