


{"id":6214,"date":"2013-11-04T13:42:02","date_gmt":"2013-11-04T12:42:02","guid":{"rendered":"http:\/\/icon-vrai.loc\/2013\/11\/04\/eternity-dress-by-olivier-saillard\/"},"modified":"2020-10-21T00:14:42","modified_gmt":"2020-10-20T22:14:42","slug":"eternity-dress-by-olivier-saillard","status":"publish","type":"post","link":"https:\/\/www.icon-icon.com\/en\/eternity-dress-by-olivier-saillard\/","title":{"rendered":"Eternity Dress by Olivier Saillard"},"content":{"rendered":"<div>The Director of the Mus\u00e9e Galliera, Olivier Saillard, is presenting&nbsp;at the Beaux-Arts de Paris for the Festival d\u2019Automne. Thanks to Clare Waight and the entire team at Chlo\u00e9, the Eternity Dress project will come to life from Wednesday, November 20th to Sunday, November 24th. It\u2019s the fruit of research and work in residence at Chlo\u00e9, who is seeking to highlight the gestural memory of their workshops. Olivier Saillard is able to bring out the laws of the silhouette by starting from patrons discovered in the archives of the Mus\u00e9e Galliera. These served as a model for students from schools of cuts in the 50s and 60s. In this way, the conception of this lone dress ends up being the result of a mathematical and progressive process. All of the stages of creation are consecrated in order to perpetuate each of the small gestures that led to the fabrication of the final garment.<\/div>\n<div>Each night, the dress will be put together and taken apart in this makeshift atelier. The conception of the Eternity Dress could thus be seen as a shadow of every dress in contemporary fashion history: those of every label together in one, finally fessing up to the cyclical rebounds of the fashion system. By another measure, thanks to Chlo\u00e9\u2019s knowledge, the occasion is also presented to highlight the ensemble of the creative process for a piece of clothing. It\u2019s a way to lay out a kind of \u201cgarment academy\u201d before the eyes of the public. But, of course, an actual dress will not be created in the process, since that would defeat the purpose of the entire performance. The Eternity Dress is the wake, the stigma, the shadow, the offspring of every 20th century dress. Perhaps a kind of Apollo of the Belvedere made of chiffon.<\/div>\n<div>Visual: \u00a9 Katerina Jebb, 2013<\/div>\n<div>&nbsp;<\/div>\n<div>&nbsp;<\/div>\n","protected":false},"excerpt":{"rendered":"<p>The Director of the Mus\u00e9e Galliera, Olivier Saillard, is presenting&nbsp;at the Beaux-Arts de Paris for the Festival d\u2019Automne. Thanks to Clare Waight and the entire team at Chlo\u00e9, the Eternity Dress project will come to life from Wednesday, November 20th to Sunday, November 24th. It\u2019s the fruit of research and work in residence at Chlo\u00e9,&#8230;<\/p>\n","protected":false},"author":3,"featured_media":6210,"comment_status":"open","ping_status":"open","sticky":false,"template":"","format":"standard","meta":{"_acf_changed":false,"footnotes":""},"categories":[32,6],"tags":[11141,11140,11139],"class_list":["post-6214","post","type-post","status-publish","format-standard","has-post-thumbnail","hentry","category-fashion-accessories","category-ready-to-wear","tag-chloe-palais-galliera","tag-eternity-dress-chloe","tag-eternity-dress-chloe-palais-galliera"],"acf":[],"yoast_head":"<!-- This site is optimized with the Yoast SEO plugin v27.2 - https:\/\/yoast.com\/product\/yoast-seo-wordpress\/ -->\n<title>Eternity Dress by Olivier Saillard - ICON-ICON<\/title>\n<meta name=\"robots\" content=\"index, follow, max-snippet:-1, max-image-preview:large, max-video-preview:-1\" \/>\n<link rel=\"canonical\" href=\"http:\/\/www.icon-icon.com\/en\/eternity-dress-by-olivier-saillard\/\" \/>\n<meta property=\"og:locale\" content=\"en_US\" \/>\n<meta property=\"og:type\" content=\"article\" \/>\n<meta property=\"og:title\" content=\"Eternity Dress by Olivier Saillard - ICON-ICON\" \/>\n<meta property=\"og:description\" content=\"The Director of the Mus\u00e9e Galliera, Olivier Saillard, is presenting&nbsp;at the Beaux-Arts de Paris for the Festival d\u2019Automne. Thanks to Clare Waight and the entire team at Chlo\u00e9, the Eternity Dress project will come to life from Wednesday, November 20th to Sunday, November 24th. It\u2019s the fruit of research and work in residence at Chlo\u00e9,...\" \/>\n<meta property=\"og:url\" content=\"http:\/\/www.icon-icon.com\/en\/eternity-dress-by-olivier-saillard\/\" \/>\n<meta property=\"og:site_name\" content=\"ICON-ICON\" \/>\n<meta property=\"article:published_time\" content=\"2013-11-04T12:42:02+00:00\" \/>\n<meta property=\"article:modified_time\" content=\"2020-10-20T22:14:42+00:00\" \/>\n<meta property=\"og:image\" content=\"http:\/\/www.icon-icon.com\/wp-content\/uploads\/2013\/11\/eternitydress.jpg\" \/>\n\t<meta property=\"og:image:width\" content=\"450\" \/>\n\t<meta property=\"og:image:height\" content=\"675\" \/>\n\t<meta property=\"og:image:type\" content=\"image\/jpeg\" \/>\n<meta name=\"author\" content=\"Icon-Icon\" \/>\n<meta name=\"twitter:card\" content=\"summary_large_image\" \/>\n<meta name=\"twitter:label1\" content=\"Written by\" \/>\n\t<meta name=\"twitter:data1\" content=\"Icon-Icon\" \/>\n\t<meta name=\"twitter:label2\" content=\"Est. reading time\" \/>\n\t<meta name=\"twitter:data2\" content=\"2 minutes\" \/>\n<script type=\"application\/ld+json\" class=\"yoast-schema-graph\">{\"@context\":\"https:\/\/schema.org\",\"@graph\":[{\"@type\":\"Article\",\"@id\":\"http:\/\/www.icon-icon.com\/en\/eternity-dress-by-olivier-saillard\/#article\",\"isPartOf\":{\"@id\":\"http:\/\/www.icon-icon.com\/en\/eternity-dress-by-olivier-saillard\/\"},\"author\":{\"name\":\"Icon-Icon\",\"@id\":\"https:\/\/www.icon-icon.com\/#\/schema\/person\/e55d52fc3eb90f0f596d4040244e9e8a\"},\"headline\":\"Eternity Dress by Olivier Saillard\",\"datePublished\":\"2013-11-04T12:42:02+00:00\",\"dateModified\":\"2020-10-20T22:14:42+00:00\",\"mainEntityOfPage\":{\"@id\":\"http:\/\/www.icon-icon.com\/en\/eternity-dress-by-olivier-saillard\/\"},\"wordCount\":316,\"commentCount\":0,\"image\":{\"@id\":\"http:\/\/www.icon-icon.com\/en\/eternity-dress-by-olivier-saillard\/#primaryimage\"},\"thumbnailUrl\":\"https:\/\/www.icon-icon.com\/wp-content\/uploads\/2013\/11\/eternitydress.jpg\",\"keywords\":[\"Chlo\u00e9-Palais-Galliera\",\"Eternity-Dress-Chlo\u00e9\",\"Eternity-Dress-Chlo\u00e9-Palais-Galliera\"],\"articleSection\":[\"Fashion &amp; accessories\",\"Ready To Wear\"],\"inLanguage\":\"en-US\",\"potentialAction\":[{\"@type\":\"CommentAction\",\"name\":\"Comment\",\"target\":[\"http:\/\/www.icon-icon.com\/en\/eternity-dress-by-olivier-saillard\/#respond\"]}]},{\"@type\":\"WebPage\",\"@id\":\"http:\/\/www.icon-icon.com\/en\/eternity-dress-by-olivier-saillard\/\",\"url\":\"http:\/\/www.icon-icon.com\/en\/eternity-dress-by-olivier-saillard\/\",\"name\":\"Eternity Dress by Olivier Saillard - ICON-ICON\",\"isPartOf\":{\"@id\":\"https:\/\/www.icon-icon.com\/#website\"},\"primaryImageOfPage\":{\"@id\":\"http:\/\/www.icon-icon.com\/en\/eternity-dress-by-olivier-saillard\/#primaryimage\"},\"image\":{\"@id\":\"http:\/\/www.icon-icon.com\/en\/eternity-dress-by-olivier-saillard\/#primaryimage\"},\"thumbnailUrl\":\"https:\/\/www.icon-icon.com\/wp-content\/uploads\/2013\/11\/eternitydress.jpg\",\"datePublished\":\"2013-11-04T12:42:02+00:00\",\"dateModified\":\"2020-10-20T22:14:42+00:00\",\"author\":{\"@id\":\"https:\/\/www.icon-icon.com\/#\/schema\/person\/e55d52fc3eb90f0f596d4040244e9e8a\"},\"breadcrumb\":{\"@id\":\"http:\/\/www.icon-icon.com\/en\/eternity-dress-by-olivier-saillard\/#breadcrumb\"},\"inLanguage\":\"en-US\",\"potentialAction\":[{\"@type\":\"ReadAction\",\"target\":[\"http:\/\/www.icon-icon.com\/en\/eternity-dress-by-olivier-saillard\/\"]}]},{\"@type\":\"ImageObject\",\"inLanguage\":\"en-US\",\"@id\":\"http:\/\/www.icon-icon.com\/en\/eternity-dress-by-olivier-saillard\/#primaryimage\",\"url\":\"https:\/\/www.icon-icon.com\/wp-content\/uploads\/2013\/11\/eternitydress.jpg\",\"contentUrl\":\"https:\/\/www.icon-icon.com\/wp-content\/uploads\/2013\/11\/eternitydress.jpg\",\"width\":450,\"height\":675,\"caption\":\"eternitydress.jpg\"},{\"@type\":\"BreadcrumbList\",\"@id\":\"http:\/\/www.icon-icon.com\/en\/eternity-dress-by-olivier-saillard\/#breadcrumb\",\"itemListElement\":[{\"@type\":\"ListItem\",\"position\":1,\"name\":\"Accueil\",\"item\":\"https:\/\/www.icon-icon.com\/en\/\"},{\"@type\":\"ListItem\",\"position\":2,\"name\":\"Eternity Dress by Olivier Saillard\"}]},{\"@type\":\"WebSite\",\"@id\":\"https:\/\/www.icon-icon.com\/#website\",\"url\":\"https:\/\/www.icon-icon.com\/\",\"name\":\"ICON-ICON\",\"description\":\"Luxury Stories\",\"potentialAction\":[{\"@type\":\"SearchAction\",\"target\":{\"@type\":\"EntryPoint\",\"urlTemplate\":\"https:\/\/www.icon-icon.com\/?s={search_term_string}\"},\"query-input\":{\"@type\":\"PropertyValueSpecification\",\"valueRequired\":true,\"valueName\":\"search_term_string\"}}],\"inLanguage\":\"en-US\"},{\"@type\":\"Person\",\"@id\":\"https:\/\/www.icon-icon.com\/#\/schema\/person\/e55d52fc3eb90f0f596d4040244e9e8a\",\"name\":\"Icon-Icon\",\"image\":{\"@type\":\"ImageObject\",\"inLanguage\":\"en-US\",\"@id\":\"https:\/\/secure.gravatar.com\/avatar\/a805f008148faa69a17c7f0ea39c1c8fe7cf57667bd31c5e023987a404bf2748?s=96&d=mm&r=g\",\"url\":\"https:\/\/secure.gravatar.com\/avatar\/a805f008148faa69a17c7f0ea39c1c8fe7cf57667bd31c5e023987a404bf2748?s=96&d=mm&r=g\",\"contentUrl\":\"https:\/\/secure.gravatar.com\/avatar\/a805f008148faa69a17c7f0ea39c1c8fe7cf57667bd31c5e023987a404bf2748?s=96&d=mm&r=g\",\"caption\":\"Icon-Icon\"},\"url\":\"https:\/\/www.icon-icon.com\/en\/author\/icon\/\"}]}<\/script>\n<!-- \/ Yoast SEO plugin. -->","yoast_head_json":{"title":"Eternity Dress by Olivier Saillard - ICON-ICON","robots":{"index":"index","follow":"follow","max-snippet":"max-snippet:-1","max-image-preview":"max-image-preview:large","max-video-preview":"max-video-preview:-1"},"canonical":"http:\/\/www.icon-icon.com\/en\/eternity-dress-by-olivier-saillard\/","og_locale":"en_US","og_type":"article","og_title":"Eternity Dress by Olivier Saillard - ICON-ICON","og_description":"The Director of the Mus\u00e9e Galliera, Olivier Saillard, is presenting&nbsp;at the Beaux-Arts de Paris for the Festival d\u2019Automne. Thanks to Clare Waight and the entire team at Chlo\u00e9, the Eternity Dress project will come to life from Wednesday, November 20th to Sunday, November 24th. It\u2019s the fruit of research and work in residence at Chlo\u00e9,...","og_url":"http:\/\/www.icon-icon.com\/en\/eternity-dress-by-olivier-saillard\/","og_site_name":"ICON-ICON","article_published_time":"2013-11-04T12:42:02+00:00","article_modified_time":"2020-10-20T22:14:42+00:00","og_image":[{"width":450,"height":675,"url":"http:\/\/www.icon-icon.com\/wp-content\/uploads\/2013\/11\/eternitydress.jpg","type":"image\/jpeg"}],"author":"Icon-Icon","twitter_card":"summary_large_image","twitter_misc":{"Written by":"Icon-Icon","Est. reading time":"2 minutes"},"schema":{"@context":"https:\/\/schema.org","@graph":[{"@type":"Article","@id":"http:\/\/www.icon-icon.com\/en\/eternity-dress-by-olivier-saillard\/#article","isPartOf":{"@id":"http:\/\/www.icon-icon.com\/en\/eternity-dress-by-olivier-saillard\/"},"author":{"name":"Icon-Icon","@id":"https:\/\/www.icon-icon.com\/#\/schema\/person\/e55d52fc3eb90f0f596d4040244e9e8a"},"headline":"Eternity Dress by Olivier Saillard","datePublished":"2013-11-04T12:42:02+00:00","dateModified":"2020-10-20T22:14:42+00:00","mainEntityOfPage":{"@id":"http:\/\/www.icon-icon.com\/en\/eternity-dress-by-olivier-saillard\/"},"wordCount":316,"commentCount":0,"image":{"@id":"http:\/\/www.icon-icon.com\/en\/eternity-dress-by-olivier-saillard\/#primaryimage"},"thumbnailUrl":"https:\/\/www.icon-icon.com\/wp-content\/uploads\/2013\/11\/eternitydress.jpg","keywords":["Chlo\u00e9-Palais-Galliera","Eternity-Dress-Chlo\u00e9","Eternity-Dress-Chlo\u00e9-Palais-Galliera"],"articleSection":["Fashion &amp; accessories","Ready To Wear"],"inLanguage":"en-US","potentialAction":[{"@type":"CommentAction","name":"Comment","target":["http:\/\/www.icon-icon.com\/en\/eternity-dress-by-olivier-saillard\/#respond"]}]},{"@type":"WebPage","@id":"http:\/\/www.icon-icon.com\/en\/eternity-dress-by-olivier-saillard\/","url":"http:\/\/www.icon-icon.com\/en\/eternity-dress-by-olivier-saillard\/","name":"Eternity Dress by Olivier Saillard - ICON-ICON","isPartOf":{"@id":"https:\/\/www.icon-icon.com\/#website"},"primaryImageOfPage":{"@id":"http:\/\/www.icon-icon.com\/en\/eternity-dress-by-olivier-saillard\/#primaryimage"},"image":{"@id":"http:\/\/www.icon-icon.com\/en\/eternity-dress-by-olivier-saillard\/#primaryimage"},"thumbnailUrl":"https:\/\/www.icon-icon.com\/wp-content\/uploads\/2013\/11\/eternitydress.jpg","datePublished":"2013-11-04T12:42:02+00:00","dateModified":"2020-10-20T22:14:42+00:00","author":{"@id":"https:\/\/www.icon-icon.com\/#\/schema\/person\/e55d52fc3eb90f0f596d4040244e9e8a"},"breadcrumb":{"@id":"http:\/\/www.icon-icon.com\/en\/eternity-dress-by-olivier-saillard\/#breadcrumb"},"inLanguage":"en-US","potentialAction":[{"@type":"ReadAction","target":["http:\/\/www.icon-icon.com\/en\/eternity-dress-by-olivier-saillard\/"]}]},{"@type":"ImageObject","inLanguage":"en-US","@id":"http:\/\/www.icon-icon.com\/en\/eternity-dress-by-olivier-saillard\/#primaryimage","url":"https:\/\/www.icon-icon.com\/wp-content\/uploads\/2013\/11\/eternitydress.jpg","contentUrl":"https:\/\/www.icon-icon.com\/wp-content\/uploads\/2013\/11\/eternitydress.jpg","width":450,"height":675,"caption":"eternitydress.jpg"},{"@type":"BreadcrumbList","@id":"http:\/\/www.icon-icon.com\/en\/eternity-dress-by-olivier-saillard\/#breadcrumb","itemListElement":[{"@type":"ListItem","position":1,"name":"Accueil","item":"https:\/\/www.icon-icon.com\/en\/"},{"@type":"ListItem","position":2,"name":"Eternity Dress by Olivier Saillard"}]},{"@type":"WebSite","@id":"https:\/\/www.icon-icon.com\/#website","url":"https:\/\/www.icon-icon.com\/","name":"ICON-ICON","description":"Luxury Stories","potentialAction":[{"@type":"SearchAction","target":{"@type":"EntryPoint","urlTemplate":"https:\/\/www.icon-icon.com\/?s={search_term_string}"},"query-input":{"@type":"PropertyValueSpecification","valueRequired":true,"valueName":"search_term_string"}}],"inLanguage":"en-US"},{"@type":"Person","@id":"https:\/\/www.icon-icon.com\/#\/schema\/person\/e55d52fc3eb90f0f596d4040244e9e8a","name":"Icon-Icon","image":{"@type":"ImageObject","inLanguage":"en-US","@id":"https:\/\/secure.gravatar.com\/avatar\/a805f008148faa69a17c7f0ea39c1c8fe7cf57667bd31c5e023987a404bf2748?s=96&d=mm&r=g","url":"https:\/\/secure.gravatar.com\/avatar\/a805f008148faa69a17c7f0ea39c1c8fe7cf57667bd31c5e023987a404bf2748?s=96&d=mm&r=g","contentUrl":"https:\/\/secure.gravatar.com\/avatar\/a805f008148faa69a17c7f0ea39c1c8fe7cf57667bd31c5e023987a404bf2748?s=96&d=mm&r=g","caption":"Icon-Icon"},"url":"https:\/\/www.icon-icon.com\/en\/author\/icon\/"}]}},"_links":{"self":[{"href":"https:\/\/www.icon-icon.com\/en\/wp-json\/wp\/v2\/posts\/6214","targetHints":{"allow":["GET"]}}],"collection":[{"href":"https:\/\/www.icon-icon.com\/en\/wp-json\/wp\/v2\/posts"}],"about":[{"href":"https:\/\/www.icon-icon.com\/en\/wp-json\/wp\/v2\/types\/post"}],"author":[{"embeddable":true,"href":"https:\/\/www.icon-icon.com\/en\/wp-json\/wp\/v2\/users\/3"}],"replies":[{"embeddable":true,"href":"https:\/\/www.icon-icon.com\/en\/wp-json\/wp\/v2\/comments?post=6214"}],"version-history":[{"count":1,"href":"https:\/\/www.icon-icon.com\/en\/wp-json\/wp\/v2\/posts\/6214\/revisions"}],"predecessor-version":[{"id":30815,"href":"https:\/\/www.icon-icon.com\/en\/wp-json\/wp\/v2\/posts\/6214\/revisions\/30815"}],"wp:featuredmedia":[{"embeddable":true,"href":"https:\/\/www.icon-icon.com\/en\/wp-json\/wp\/v2\/media\/6210"}],"wp:attachment":[{"href":"https:\/\/www.icon-icon.com\/en\/wp-json\/wp\/v2\/media?parent=6214"}],"wp:term":[{"taxonomy":"category","embeddable":true,"href":"https:\/\/www.icon-icon.com\/en\/wp-json\/wp\/v2\/categories?post=6214"},{"taxonomy":"post_tag","embeddable":true,"href":"https:\/\/www.icon-icon.com\/en\/wp-json\/wp\/v2\/tags?post=6214"}],"curies":[{"name":"wp","href":"https:\/\/api.w.org\/{rel}","templated":true}]}}