


{"id":57450,"date":"2021-10-20T14:37:56","date_gmt":"2021-10-20T12:37:56","guid":{"rendered":"https:\/\/www.icon-icon.com\/paris-fiac-the-guerlain-exhibition\/"},"modified":"2021-10-20T14:38:07","modified_gmt":"2021-10-20T12:38:07","slug":"paris-fiac-the-guerlain-exhibition","status":"publish","type":"post","link":"https:\/\/www.icon-icon.com\/en\/paris-fiac-the-guerlain-exhibition\/","title":{"rendered":"Paris&#8217; FIAC: The Guerlain Exhibition"},"content":{"rendered":"\n<p>From the 21st of Ovtober to the 14th of November, Guerlain seizes the opportunity that is Paris&#8217; FIAC in order to expose its 14th exhibiton; a petic and sensory show dubbed &#8220;When matter becomes art&#8221;. <\/p>\n\n<h2 class=\"wp-block-heading\"><p><span id=\"_mce_caret\" data-mce-bogus=\"1\" data-mce-type=\"format-caret\"><strong>Paris FIAC: Guerlain, Art and Matter<\/strong><\/span><br data-mce-bogus=\"1\"\/><\/p><\/h2>\n\n<p>Registered in the Private Tour of the FIAC, the new exhibiton, courtesy of Guerlain, puts into visual verse the exploration of matter as a primary artistic medium. In the days of a hyper-digitalised world, where matter is wasted or recycled to the heart&#8217;s content, Guerlain hits hard with a thematic tour as inspired as it is poetic.<\/p>\n\n<div class=\"wp-block-image\"><figure class=\"aligncenter size-full\"><img loading=\"lazy\" decoding=\"async\" width=\"370\" height=\"563\" src=\"https:\/\/www.icon-icon.com\/wp-content\/uploads\/2021\/10\/Capture-decran-2021-10-19-a-15.19.20.png\" alt=\"\" class=\"wp-image-57416\" srcset=\"https:\/\/www.icon-icon.com\/wp-content\/uploads\/2021\/10\/Capture-decran-2021-10-19-a-15.19.20.png 370w, https:\/\/www.icon-icon.com\/wp-content\/uploads\/2021\/10\/Capture-decran-2021-10-19-a-15.19.20-197x300.png 197w\" sizes=\"auto, (max-width: 370px) 100vw, 370px\" \/><\/figure><\/div>\n\n<p>Entrusted to the curator Caroline Messensee, the &#8220;When Matter Becomes Art&#8221; exhibition by Guerlain questions the plural, ordinary and sublime relationship between artist and matter. <\/p>\n\n<p>Caroline Messensee&#8217;s spot on path echoes the same innovative approaches of th artists that the exhibition represents. &#8220;The artistic matter becomes plural, simoultaneously tangible and intangible, a dichotomy of a forever mutating contemporary world. The grand questionings of this same world reverberate in the use of varied materials: climate crisis\/re-and-upcycling; cutting edge technology development; hybridisation\/beliefs and religions; the reprisal of symbols and objects of faith\/globalisation and the woman&#8217;s position; the use of materials that are historically linked to one sex or another, et cetera.&#8221;<\/p>\n\n<div class=\"wp-block-image\"><figure class=\"aligncenter size-full\"><img loading=\"lazy\" decoding=\"async\" width=\"590\" height=\"653\" src=\"https:\/\/www.icon-icon.com\/wp-content\/uploads\/2021\/10\/Capture-decran-2021-10-19-a-15.17.27.png\" alt=\"\" class=\"wp-image-57406\" srcset=\"https:\/\/www.icon-icon.com\/wp-content\/uploads\/2021\/10\/Capture-decran-2021-10-19-a-15.17.27.png 590w, https:\/\/www.icon-icon.com\/wp-content\/uploads\/2021\/10\/Capture-decran-2021-10-19-a-15.17.27-271x300.png 271w, https:\/\/www.icon-icon.com\/wp-content\/uploads\/2021\/10\/Capture-decran-2021-10-19-a-15.17.27-580x642.png 580w\" sizes=\"auto, (max-width: 590px) 100vw, 590px\" \/><\/figure><\/div>\n\n<p><p>It must be said that Guerlain has ancred, since 200 years, its perfumer know-how in tune with nature. By making the <a data-mce-href=\"https:\/\/www.icon-icon.com\/labeille-limperatrice-et-le-logo-guerlain\/\" href=\"https:\/\/www.icon-icon.com\/labeille-limperatrice-et-le-logo-guerlain\/\">bee<\/a> its symbol, Guerlain wears high and proud the values of a perfect nature, that we must contemplate, imitate, sublimate and source with reason and creativity.\u00a0<\/p><p><br data-mce-bogus=\"1\"\/><\/p><\/p>\n\n<h2 class=\"wp-block-heading\"><p><span id=\"_mce_caret\" data-mce-bogus=\"1\" data-mce-type=\"format-caret\"><strong>The Guerlain Exhibition: Making Matter Speak<\/strong><\/span><br data-mce-bogus=\"1\"\/><\/p><\/h2>\n\n<p>Sculptures, paintings, pictures, installations, but also digitally certified works; &#8220;the &#8220;When Matter Becomes Art&#8221; exhibition&#8217;s bias positions itself at the opposite of immaterial research and ties itself to the notion of the alchemis artist. We affirm that matter is not only a basis, but also that creative gesture cannot be born only through confrontation with matter.  [&#8230;] Beyond matter, the question that interests pertains more to the transformation of the creative act, the artistic execution, that give birth to the work.&#8221;<\/p>\n\n<div class=\"wp-block-image\"><figure class=\"aligncenter size-full\"><img loading=\"lazy\" decoding=\"async\" width=\"421\" height=\"734\" src=\"https:\/\/www.icon-icon.com\/wp-content\/uploads\/2021\/10\/Capture-decran-2021-10-19-a-15.17.46.png\" alt=\"\" class=\"wp-image-57408\" srcset=\"https:\/\/www.icon-icon.com\/wp-content\/uploads\/2021\/10\/Capture-decran-2021-10-19-a-15.17.46.png 421w, https:\/\/www.icon-icon.com\/wp-content\/uploads\/2021\/10\/Capture-decran-2021-10-19-a-15.17.46-172x300.png 172w\" sizes=\"auto, (max-width: 421px) 100vw, 421px\" \/><\/figure><\/div>\n\n<p>So who are they, these artists handpicked by Caroline Messensee? There are 21 of them, international, emerging or iconic: Ana Silva, Calixte Dakpogan, C\u00e9line Cl\u00e9ron, the emblematic C\u00e9sar, Constance Val\u00e9ro, Dana-Fiona Armour, Georgia Russell, Jean-Charles Blais, Lauren Moffatt, Lee Bul, Lionel Sabatt\u00e9, Nacho Carbonell, Najla el Zein, Philippe Cogn\u00e9e, Philippe Favier, Sabrina Ratt\u00e9, Tomas Libertiny.<\/p>\n\n<div class=\"wp-block-image\"><figure class=\"aligncenter size-full\"><img loading=\"lazy\" decoding=\"async\" width=\"526\" height=\"518\" src=\"https:\/\/www.icon-icon.com\/wp-content\/uploads\/2021\/10\/Capture-decran-2021-10-19-a-15.18.06.png\" alt=\"\" class=\"wp-image-57410\" srcset=\"https:\/\/www.icon-icon.com\/wp-content\/uploads\/2021\/10\/Capture-decran-2021-10-19-a-15.18.06.png 526w, https:\/\/www.icon-icon.com\/wp-content\/uploads\/2021\/10\/Capture-decran-2021-10-19-a-15.18.06-300x295.png 300w, https:\/\/www.icon-icon.com\/wp-content\/uploads\/2021\/10\/Capture-decran-2021-10-19-a-15.18.06-75x75.png 75w\" sizes=\"auto, (max-width: 526px) 100vw, 526px\" \/><\/figure><\/div>\n\n<p><p>We cross paths once again with the works of artists that are used to collaborating with fashion and luxury houses; Vin Muniz, Wim Delvoye or even Liu Bolin.\u00a0<\/p><\/p>\n\n<p>By the way, we owe to the latter an NFT specially composed for the occasion that is this exhibition. A digitally certified piece, whose profit, as well as that of other NFTs created for the exhibition, will be donated to the GoodPlanet Foundation, presided by Yann Arthus-Bertrand. This piece is described by Guerlain as &#8220;an unheard of aparatus created by using the cameras from 23 portable phones. It creates a digital tunnel by positioning each lens facing the screen of the previous phone. By passing through this tunnel, the original image is transformed and gives birth to a totally new one.&#8221;<\/p>\n\n<div class=\"wp-block-image\"><figure class=\"aligncenter size-full\"><img loading=\"lazy\" decoding=\"async\" width=\"430\" height=\"581\" src=\"https:\/\/www.icon-icon.com\/wp-content\/uploads\/2021\/10\/Capture-decran-2021-10-19-a-15.19.04.png\" alt=\"\" class=\"wp-image-57414\" srcset=\"https:\/\/www.icon-icon.com\/wp-content\/uploads\/2021\/10\/Capture-decran-2021-10-19-a-15.19.04.png 430w, https:\/\/www.icon-icon.com\/wp-content\/uploads\/2021\/10\/Capture-decran-2021-10-19-a-15.19.04-222x300.png 222w\" sizes=\"auto, (max-width: 430px) 100vw, 430px\" \/><\/figure><\/div>\n\n<p>Wim Delvoye, for his part, follows his deconstruction of objects we perceive as familiar. Whereas Vik Muniz plays once more with perspectives to encourage our capacity to look at things and analyse them: &#8220;vision is above all a form of intelligence and the recognising or identifying of some sort of comfort&#8221;, he concludes. <\/p>\n\n<p>An exhibition that demands that we question our senses, to be discovered from the 21st of October to the 14th of November 2021, at the Maison Guerlain, n\u00b068 Champs-\u00c9lys\u00e9es, Paris. <\/p>\n","protected":false},"excerpt":{"rendered":"<p>An exhibition that demands that we question our senses. <\/p>\n","protected":false},"author":3,"featured_media":57412,"comment_status":"closed","ping_status":"closed","sticky":false,"template":"","format":"standard","meta":{"_acf_changed":false,"footnotes":""},"categories":[13,32425,23902,32426,18],"tags":[23906,23905,23904,23903,23696,23907],"class_list":["post-57450","post","type-post","status-publish","format-standard","has-post-thumbnail","hentry","category-beauty","category-culture-technology","category-design-art-en","category-events-and-exhibitions","category-perfumes","tag-bee-en","tag-contemporary-art-en","tag-exhibition-en","tag-guerlain-en","tag-nft-en","tag-paris-fiac"],"acf":[],"yoast_head":"<!-- This site is optimized with the Yoast SEO plugin v27.2 - https:\/\/yoast.com\/product\/yoast-seo-wordpress\/ -->\n<title>Paris&#039; FIAC: The Guerlain Exhibition - ICON-ICON<\/title>\n<meta name=\"description\" content=\"From the 21st of October to the 14th of November 2021, Guerlain seizes the opportunity to expose at the Paris FIAC for its 14th exhibition\" \/>\n<meta name=\"robots\" content=\"index, follow, max-snippet:-1, max-image-preview:large, max-video-preview:-1\" \/>\n<link rel=\"canonical\" href=\"https:\/\/www.icon-icon.com\/en\/paris-fiac-the-guerlain-exhibition\/\" \/>\n<meta property=\"og:locale\" content=\"en_US\" \/>\n<meta property=\"og:type\" content=\"article\" \/>\n<meta property=\"og:title\" content=\"Paris&#039; FIAC: The Guerlain Exhibition - ICON-ICON\" \/>\n<meta property=\"og:description\" content=\"From the 21st of October to the 14th of November 2021, Guerlain seizes the opportunity to expose at the Paris FIAC for its 14th exhibition\" \/>\n<meta property=\"og:url\" content=\"https:\/\/www.icon-icon.com\/en\/paris-fiac-the-guerlain-exhibition\/\" \/>\n<meta property=\"og:site_name\" content=\"ICON-ICON\" \/>\n<meta property=\"article:published_time\" content=\"2021-10-20T12:37:56+00:00\" \/>\n<meta property=\"article:modified_time\" content=\"2021-10-20T12:38:07+00:00\" \/>\n<meta property=\"og:image\" content=\"https:\/\/www.icon-icon.com\/wp-content\/uploads\/2021\/10\/Capture-decran-2021-10-19-a-15.18.27.png\" \/>\n\t<meta property=\"og:image:width\" content=\"521\" \/>\n\t<meta property=\"og:image:height\" content=\"684\" \/>\n\t<meta property=\"og:image:type\" content=\"image\/png\" \/>\n<meta name=\"author\" content=\"Icon-Icon\" \/>\n<meta name=\"twitter:card\" content=\"summary_large_image\" \/>\n<meta name=\"twitter:label1\" content=\"Written by\" \/>\n\t<meta name=\"twitter:data1\" content=\"Icon-Icon\" \/>\n\t<meta name=\"twitter:label2\" content=\"Est. reading time\" \/>\n\t<meta name=\"twitter:data2\" content=\"3 minutes\" \/>\n<script type=\"application\/ld+json\" class=\"yoast-schema-graph\">{\"@context\":\"https:\/\/schema.org\",\"@graph\":[{\"@type\":\"Article\",\"@id\":\"https:\/\/www.icon-icon.com\/en\/paris-fiac-the-guerlain-exhibition\/#article\",\"isPartOf\":{\"@id\":\"https:\/\/www.icon-icon.com\/en\/paris-fiac-the-guerlain-exhibition\/\"},\"author\":{\"name\":\"Icon-Icon\",\"@id\":\"https:\/\/www.icon-icon.com\/#\/schema\/person\/e55d52fc3eb90f0f596d4040244e9e8a\"},\"headline\":\"Paris&#8217; FIAC: The Guerlain Exhibition\",\"datePublished\":\"2021-10-20T12:37:56+00:00\",\"dateModified\":\"2021-10-20T12:38:07+00:00\",\"mainEntityOfPage\":{\"@id\":\"https:\/\/www.icon-icon.com\/en\/paris-fiac-the-guerlain-exhibition\/\"},\"wordCount\":618,\"image\":{\"@id\":\"https:\/\/www.icon-icon.com\/en\/paris-fiac-the-guerlain-exhibition\/#primaryimage\"},\"thumbnailUrl\":\"https:\/\/www.icon-icon.com\/wp-content\/uploads\/2021\/10\/Capture-decran-2021-10-19-a-15.18.27.png\",\"keywords\":[\"Bee\",\"Contemporary Art\",\"exhibition\",\"Guerlain\",\"NFT\",\"Paris FIAC\"],\"articleSection\":[\"Beauty\",\"Culture &amp; Technology\",\"Design &amp; Art\",\"events and exhibitions\",\"Perfumes\"],\"inLanguage\":\"en-US\"},{\"@type\":\"WebPage\",\"@id\":\"https:\/\/www.icon-icon.com\/en\/paris-fiac-the-guerlain-exhibition\/\",\"url\":\"https:\/\/www.icon-icon.com\/en\/paris-fiac-the-guerlain-exhibition\/\",\"name\":\"Paris' FIAC: The Guerlain Exhibition - ICON-ICON\",\"isPartOf\":{\"@id\":\"https:\/\/www.icon-icon.com\/#website\"},\"primaryImageOfPage\":{\"@id\":\"https:\/\/www.icon-icon.com\/en\/paris-fiac-the-guerlain-exhibition\/#primaryimage\"},\"image\":{\"@id\":\"https:\/\/www.icon-icon.com\/en\/paris-fiac-the-guerlain-exhibition\/#primaryimage\"},\"thumbnailUrl\":\"https:\/\/www.icon-icon.com\/wp-content\/uploads\/2021\/10\/Capture-decran-2021-10-19-a-15.18.27.png\",\"datePublished\":\"2021-10-20T12:37:56+00:00\",\"dateModified\":\"2021-10-20T12:38:07+00:00\",\"author\":{\"@id\":\"https:\/\/www.icon-icon.com\/#\/schema\/person\/e55d52fc3eb90f0f596d4040244e9e8a\"},\"description\":\"From the 21st of October to the 14th of November 2021, Guerlain seizes the opportunity to expose at the Paris FIAC for its 14th exhibition\",\"breadcrumb\":{\"@id\":\"https:\/\/www.icon-icon.com\/en\/paris-fiac-the-guerlain-exhibition\/#breadcrumb\"},\"inLanguage\":\"en-US\",\"potentialAction\":[{\"@type\":\"ReadAction\",\"target\":[\"https:\/\/www.icon-icon.com\/en\/paris-fiac-the-guerlain-exhibition\/\"]}]},{\"@type\":\"ImageObject\",\"inLanguage\":\"en-US\",\"@id\":\"https:\/\/www.icon-icon.com\/en\/paris-fiac-the-guerlain-exhibition\/#primaryimage\",\"url\":\"https:\/\/www.icon-icon.com\/wp-content\/uploads\/2021\/10\/Capture-decran-2021-10-19-a-15.18.27.png\",\"contentUrl\":\"https:\/\/www.icon-icon.com\/wp-content\/uploads\/2021\/10\/Capture-decran-2021-10-19-a-15.18.27.png\",\"width\":521,\"height\":684},{\"@type\":\"BreadcrumbList\",\"@id\":\"https:\/\/www.icon-icon.com\/en\/paris-fiac-the-guerlain-exhibition\/#breadcrumb\",\"itemListElement\":[{\"@type\":\"ListItem\",\"position\":1,\"name\":\"Accueil\",\"item\":\"https:\/\/www.icon-icon.com\/en\/\"},{\"@type\":\"ListItem\",\"position\":2,\"name\":\"Paris&#8217; FIAC: The Guerlain Exhibition\"}]},{\"@type\":\"WebSite\",\"@id\":\"https:\/\/www.icon-icon.com\/#website\",\"url\":\"https:\/\/www.icon-icon.com\/\",\"name\":\"ICON-ICON\",\"description\":\"Luxury Stories\",\"potentialAction\":[{\"@type\":\"SearchAction\",\"target\":{\"@type\":\"EntryPoint\",\"urlTemplate\":\"https:\/\/www.icon-icon.com\/?s={search_term_string}\"},\"query-input\":{\"@type\":\"PropertyValueSpecification\",\"valueRequired\":true,\"valueName\":\"search_term_string\"}}],\"inLanguage\":\"en-US\"},{\"@type\":\"Person\",\"@id\":\"https:\/\/www.icon-icon.com\/#\/schema\/person\/e55d52fc3eb90f0f596d4040244e9e8a\",\"name\":\"Icon-Icon\",\"image\":{\"@type\":\"ImageObject\",\"inLanguage\":\"en-US\",\"@id\":\"https:\/\/secure.gravatar.com\/avatar\/a805f008148faa69a17c7f0ea39c1c8fe7cf57667bd31c5e023987a404bf2748?s=96&d=mm&r=g\",\"url\":\"https:\/\/secure.gravatar.com\/avatar\/a805f008148faa69a17c7f0ea39c1c8fe7cf57667bd31c5e023987a404bf2748?s=96&d=mm&r=g\",\"contentUrl\":\"https:\/\/secure.gravatar.com\/avatar\/a805f008148faa69a17c7f0ea39c1c8fe7cf57667bd31c5e023987a404bf2748?s=96&d=mm&r=g\",\"caption\":\"Icon-Icon\"},\"url\":\"https:\/\/www.icon-icon.com\/en\/author\/icon\/\"}]}<\/script>\n<!-- \/ Yoast SEO plugin. -->","yoast_head_json":{"title":"Paris' FIAC: The Guerlain Exhibition - ICON-ICON","description":"From the 21st of October to the 14th of November 2021, Guerlain seizes the opportunity to expose at the Paris FIAC for its 14th exhibition","robots":{"index":"index","follow":"follow","max-snippet":"max-snippet:-1","max-image-preview":"max-image-preview:large","max-video-preview":"max-video-preview:-1"},"canonical":"https:\/\/www.icon-icon.com\/en\/paris-fiac-the-guerlain-exhibition\/","og_locale":"en_US","og_type":"article","og_title":"Paris' FIAC: The Guerlain Exhibition - ICON-ICON","og_description":"From the 21st of October to the 14th of November 2021, Guerlain seizes the opportunity to expose at the Paris FIAC for its 14th exhibition","og_url":"https:\/\/www.icon-icon.com\/en\/paris-fiac-the-guerlain-exhibition\/","og_site_name":"ICON-ICON","article_published_time":"2021-10-20T12:37:56+00:00","article_modified_time":"2021-10-20T12:38:07+00:00","og_image":[{"width":521,"height":684,"url":"https:\/\/www.icon-icon.com\/wp-content\/uploads\/2021\/10\/Capture-decran-2021-10-19-a-15.18.27.png","type":"image\/png"}],"author":"Icon-Icon","twitter_card":"summary_large_image","twitter_misc":{"Written by":"Icon-Icon","Est. reading time":"3 minutes"},"schema":{"@context":"https:\/\/schema.org","@graph":[{"@type":"Article","@id":"https:\/\/www.icon-icon.com\/en\/paris-fiac-the-guerlain-exhibition\/#article","isPartOf":{"@id":"https:\/\/www.icon-icon.com\/en\/paris-fiac-the-guerlain-exhibition\/"},"author":{"name":"Icon-Icon","@id":"https:\/\/www.icon-icon.com\/#\/schema\/person\/e55d52fc3eb90f0f596d4040244e9e8a"},"headline":"Paris&#8217; FIAC: The Guerlain Exhibition","datePublished":"2021-10-20T12:37:56+00:00","dateModified":"2021-10-20T12:38:07+00:00","mainEntityOfPage":{"@id":"https:\/\/www.icon-icon.com\/en\/paris-fiac-the-guerlain-exhibition\/"},"wordCount":618,"image":{"@id":"https:\/\/www.icon-icon.com\/en\/paris-fiac-the-guerlain-exhibition\/#primaryimage"},"thumbnailUrl":"https:\/\/www.icon-icon.com\/wp-content\/uploads\/2021\/10\/Capture-decran-2021-10-19-a-15.18.27.png","keywords":["Bee","Contemporary Art","exhibition","Guerlain","NFT","Paris FIAC"],"articleSection":["Beauty","Culture &amp; Technology","Design &amp; Art","events and exhibitions","Perfumes"],"inLanguage":"en-US"},{"@type":"WebPage","@id":"https:\/\/www.icon-icon.com\/en\/paris-fiac-the-guerlain-exhibition\/","url":"https:\/\/www.icon-icon.com\/en\/paris-fiac-the-guerlain-exhibition\/","name":"Paris' FIAC: The Guerlain Exhibition - ICON-ICON","isPartOf":{"@id":"https:\/\/www.icon-icon.com\/#website"},"primaryImageOfPage":{"@id":"https:\/\/www.icon-icon.com\/en\/paris-fiac-the-guerlain-exhibition\/#primaryimage"},"image":{"@id":"https:\/\/www.icon-icon.com\/en\/paris-fiac-the-guerlain-exhibition\/#primaryimage"},"thumbnailUrl":"https:\/\/www.icon-icon.com\/wp-content\/uploads\/2021\/10\/Capture-decran-2021-10-19-a-15.18.27.png","datePublished":"2021-10-20T12:37:56+00:00","dateModified":"2021-10-20T12:38:07+00:00","author":{"@id":"https:\/\/www.icon-icon.com\/#\/schema\/person\/e55d52fc3eb90f0f596d4040244e9e8a"},"description":"From the 21st of October to the 14th of November 2021, Guerlain seizes the opportunity to expose at the Paris FIAC for its 14th exhibition","breadcrumb":{"@id":"https:\/\/www.icon-icon.com\/en\/paris-fiac-the-guerlain-exhibition\/#breadcrumb"},"inLanguage":"en-US","potentialAction":[{"@type":"ReadAction","target":["https:\/\/www.icon-icon.com\/en\/paris-fiac-the-guerlain-exhibition\/"]}]},{"@type":"ImageObject","inLanguage":"en-US","@id":"https:\/\/www.icon-icon.com\/en\/paris-fiac-the-guerlain-exhibition\/#primaryimage","url":"https:\/\/www.icon-icon.com\/wp-content\/uploads\/2021\/10\/Capture-decran-2021-10-19-a-15.18.27.png","contentUrl":"https:\/\/www.icon-icon.com\/wp-content\/uploads\/2021\/10\/Capture-decran-2021-10-19-a-15.18.27.png","width":521,"height":684},{"@type":"BreadcrumbList","@id":"https:\/\/www.icon-icon.com\/en\/paris-fiac-the-guerlain-exhibition\/#breadcrumb","itemListElement":[{"@type":"ListItem","position":1,"name":"Accueil","item":"https:\/\/www.icon-icon.com\/en\/"},{"@type":"ListItem","position":2,"name":"Paris&#8217; FIAC: The Guerlain Exhibition"}]},{"@type":"WebSite","@id":"https:\/\/www.icon-icon.com\/#website","url":"https:\/\/www.icon-icon.com\/","name":"ICON-ICON","description":"Luxury Stories","potentialAction":[{"@type":"SearchAction","target":{"@type":"EntryPoint","urlTemplate":"https:\/\/www.icon-icon.com\/?s={search_term_string}"},"query-input":{"@type":"PropertyValueSpecification","valueRequired":true,"valueName":"search_term_string"}}],"inLanguage":"en-US"},{"@type":"Person","@id":"https:\/\/www.icon-icon.com\/#\/schema\/person\/e55d52fc3eb90f0f596d4040244e9e8a","name":"Icon-Icon","image":{"@type":"ImageObject","inLanguage":"en-US","@id":"https:\/\/secure.gravatar.com\/avatar\/a805f008148faa69a17c7f0ea39c1c8fe7cf57667bd31c5e023987a404bf2748?s=96&d=mm&r=g","url":"https:\/\/secure.gravatar.com\/avatar\/a805f008148faa69a17c7f0ea39c1c8fe7cf57667bd31c5e023987a404bf2748?s=96&d=mm&r=g","contentUrl":"https:\/\/secure.gravatar.com\/avatar\/a805f008148faa69a17c7f0ea39c1c8fe7cf57667bd31c5e023987a404bf2748?s=96&d=mm&r=g","caption":"Icon-Icon"},"url":"https:\/\/www.icon-icon.com\/en\/author\/icon\/"}]}},"_links":{"self":[{"href":"https:\/\/www.icon-icon.com\/en\/wp-json\/wp\/v2\/posts\/57450","targetHints":{"allow":["GET"]}}],"collection":[{"href":"https:\/\/www.icon-icon.com\/en\/wp-json\/wp\/v2\/posts"}],"about":[{"href":"https:\/\/www.icon-icon.com\/en\/wp-json\/wp\/v2\/types\/post"}],"author":[{"embeddable":true,"href":"https:\/\/www.icon-icon.com\/en\/wp-json\/wp\/v2\/users\/3"}],"replies":[{"embeddable":true,"href":"https:\/\/www.icon-icon.com\/en\/wp-json\/wp\/v2\/comments?post=57450"}],"version-history":[{"count":3,"href":"https:\/\/www.icon-icon.com\/en\/wp-json\/wp\/v2\/posts\/57450\/revisions"}],"predecessor-version":[{"id":57453,"href":"https:\/\/www.icon-icon.com\/en\/wp-json\/wp\/v2\/posts\/57450\/revisions\/57453"}],"wp:featuredmedia":[{"embeddable":true,"href":"https:\/\/www.icon-icon.com\/en\/wp-json\/wp\/v2\/media\/57412"}],"wp:attachment":[{"href":"https:\/\/www.icon-icon.com\/en\/wp-json\/wp\/v2\/media?parent=57450"}],"wp:term":[{"taxonomy":"category","embeddable":true,"href":"https:\/\/www.icon-icon.com\/en\/wp-json\/wp\/v2\/categories?post=57450"},{"taxonomy":"post_tag","embeddable":true,"href":"https:\/\/www.icon-icon.com\/en\/wp-json\/wp\/v2\/tags?post=57450"}],"curies":[{"name":"wp","href":"https:\/\/api.w.org\/{rel}","templated":true}]}}