


{"id":55895,"date":"2021-10-05T07:45:53","date_gmt":"2021-10-05T05:45:53","guid":{"rendered":"https:\/\/www.icon-icon.com\/?p=55895"},"modified":"2021-10-19T12:34:52","modified_gmt":"2021-10-19T10:34:52","slug":"starring-black-balenciaga-ss-2022","status":"publish","type":"post","link":"https:\/\/www.icon-icon.com\/en\/starring-black-balenciaga-ss-2022\/","title":{"rendered":"Balenciaga&#8217;s Black: The Star of SS 2022"},"content":{"rendered":"\n<p>Balenciaga&#8217;s own black is the star of a collection which is very much born from performance. <\/p>\n\n\n\n<h2 class=\"wp-block-heading\"><strong>Balenciaga Black: A True Fake Show Loaded With References<\/strong><\/h2>\n\n\n\n<p>For Spring\/Summer 2022, Demna Gvasalia orchestrated a true performance. The house&#8217;s current artistic director elaborated a fake-yet-real red carpet in lieu of a runway, as well as a true movie premiere around a full black Balenciaga collection. <\/p>\n\n\n\n<figure class=\"wp-block-image\"><img decoding=\"async\" src=\"http:\/\/www.icon-icon.com\/wp-content\/uploads\/2021\/10\/00062-Balenciaga-RTW-Spring22-Paris-credit-brand-1-683x1024.jpg\" alt=\"Noir Balenciaga\"\/><\/figure>\n\n\n\n<p>Inside the Th\u00e9\u00e2tre du Ch\u00e2telet, models were like myriads of stars presented on the occasion \u2014 introducing Spring\/Summer 2022 silhouettes on a fake red carpet. Isabelle Huppert, Lewis Hamilton, Cardi B and Offset, Elliot Page\u2026 All fully clothed in next season&#8217;s Balenciaga. <\/p>\n\n\n\n<p>Just look at those looks! Grandiloquent dresses directly inspired from those imagined by the brand&#8217;s eponymous founder, overdimensioned black tailored jackets, skinny bodysuits, pleated fan dresses, exaggerated jeans and couture-allured tracksuit pants. Although Balenciaga&#8217;s signature black dominated, the silhouettes caught everyone&#8217;s attention. <\/p>\n\n\n\n<p> <\/p>\n\n\n\n<figure class=\"wp-block-image\"><img decoding=\"async\" src=\"http:\/\/www.icon-icon.com\/wp-content\/uploads\/2021\/10\/00007-Balenciaga-RTW-Spring22-Paris-credit-brand-1-683x1024.jpeg\" alt=\"Noir Balenciaga\"\/><\/figure>\n\n\n\n<p>A skirt\/hoodie mix and match in tune with the times; a skirt pulled straight out of the brand&#8217;s archives, covered in sequins and paired with the most contemporary hoodie you could find.<\/p>\n\n\n\n<p>Pushing the fashion world&#8217;s theatrics a bit further still, Demna Gvasalia also orchestrated the actual premiere of the Simpsons\/Balenciaga short film. A true comedic show-within-a-show about Balenciaga&#8217;s new perception and its audience, all while Balenciaga&#8217;s signature black was being celebrated!<\/p>\n","protected":false},"excerpt":{"rendered":"<p>Balenciaga &#8211; the power of black!<\/p>\n","protected":false},"author":3,"featured_media":55755,"comment_status":"closed","ping_status":"closed","sticky":false,"template":"","format":"standard","meta":{"_acf_changed":false,"footnotes":""},"categories":[32,21345],"tags":[23223,23224,21930,23228,23229,23261,23253,23252,23254,23227,20554,23231,23225,22364,22820,23230,23226],"class_list":["post-55895","post","type-post","status-publish","format-standard","has-post-thumbnail","hentry","category-fashion-accessories","category-news","tag-black-2","tag-black-balenciaga","tag-fashion-2","tag-film-simpsons-balenciaga","tag-hoody","tag-icon-en","tag-iconic-en","tag-luxe-en","tag-luxury-en","tag-oversize-2","tag-paris-2","tag-performance-2","tag-red-carpet-3","tag-show-2","tag-ss-22","tag-theater","tag-theatre-du-chatelet"],"acf":[],"yoast_head":"<!-- This site is optimized with the Yoast SEO plugin v27.2 - https:\/\/yoast.com\/product\/yoast-seo-wordpress\/ -->\n<title>Balenciaga&#039;s Black: The Star of SS 2022 - ICON-ICON<\/title>\n<meta name=\"description\" content=\"Black Balenciaga is the star of the collection outgrown into a real performance!\" \/>\n<meta name=\"robots\" content=\"index, follow, max-snippet:-1, max-image-preview:large, max-video-preview:-1\" \/>\n<link rel=\"canonical\" href=\"http:\/\/www.icon-icon.com\/en\/starring-black-balenciaga-ss-2022\/\" \/>\n<meta property=\"og:locale\" content=\"en_US\" \/>\n<meta property=\"og:type\" content=\"article\" \/>\n<meta property=\"og:title\" content=\"Balenciaga&#039;s Black: The Star of SS 2022 - ICON-ICON\" \/>\n<meta property=\"og:description\" content=\"Black Balenciaga is the star of the collection outgrown into a real performance!\" \/>\n<meta property=\"og:url\" content=\"http:\/\/www.icon-icon.com\/en\/starring-black-balenciaga-ss-2022\/\" \/>\n<meta property=\"og:site_name\" content=\"ICON-ICON\" \/>\n<meta property=\"article:published_time\" content=\"2021-10-05T05:45:53+00:00\" \/>\n<meta property=\"article:modified_time\" content=\"2021-10-19T10:34:52+00:00\" \/>\n<meta property=\"og:image\" content=\"http:\/\/www.icon-icon.com\/wp-content\/uploads\/2021\/10\/00001-Balenciaga-RTW-Spring22-Paris-credit-brand.jpg\" \/>\n\t<meta property=\"og:image:width\" content=\"1600\" \/>\n\t<meta property=\"og:image:height\" content=\"2400\" \/>\n\t<meta property=\"og:image:type\" content=\"image\/jpeg\" \/>\n<meta name=\"author\" content=\"Icon-Icon\" \/>\n<meta name=\"twitter:card\" content=\"summary_large_image\" \/>\n<meta name=\"twitter:label1\" content=\"Written by\" \/>\n\t<meta name=\"twitter:data1\" content=\"Icon-Icon\" \/>\n\t<meta name=\"twitter:label2\" content=\"Est. reading time\" \/>\n\t<meta name=\"twitter:data2\" content=\"2 minutes\" \/>\n<script type=\"application\/ld+json\" class=\"yoast-schema-graph\">{\"@context\":\"https:\/\/schema.org\",\"@graph\":[{\"@type\":\"Article\",\"@id\":\"http:\/\/www.icon-icon.com\/en\/starring-black-balenciaga-ss-2022\/#article\",\"isPartOf\":{\"@id\":\"http:\/\/www.icon-icon.com\/en\/starring-black-balenciaga-ss-2022\/\"},\"author\":{\"name\":\"Icon-Icon\",\"@id\":\"https:\/\/www.icon-icon.com\/#\/schema\/person\/e55d52fc3eb90f0f596d4040244e9e8a\"},\"headline\":\"Balenciaga&#8217;s Black: The Star of SS 2022\",\"datePublished\":\"2021-10-05T05:45:53+00:00\",\"dateModified\":\"2021-10-19T10:34:52+00:00\",\"mainEntityOfPage\":{\"@id\":\"http:\/\/www.icon-icon.com\/en\/starring-black-balenciaga-ss-2022\/\"},\"wordCount\":227,\"image\":{\"@id\":\"http:\/\/www.icon-icon.com\/en\/starring-black-balenciaga-ss-2022\/#primaryimage\"},\"thumbnailUrl\":\"https:\/\/www.icon-icon.com\/wp-content\/uploads\/2021\/10\/00001-Balenciaga-RTW-Spring22-Paris-credit-brand.jpg\",\"keywords\":[\"black\",\"Black Balenciaga\",\"fashion\",\"film Simpsons\/Balenciaga\",\"hoody\",\"icon\",\"iconic\",\"luxe\",\"luxury\",\"oversize\",\"paris\",\"performance\",\"red carpet\",\"show\",\"SS 22\",\"theater\",\"Th\u00e9\u00e2tre du Ch\u00e2telet\"],\"articleSection\":[\"Fashion &amp; accessories\",\"News\"],\"inLanguage\":\"en-US\"},{\"@type\":\"WebPage\",\"@id\":\"http:\/\/www.icon-icon.com\/en\/starring-black-balenciaga-ss-2022\/\",\"url\":\"http:\/\/www.icon-icon.com\/en\/starring-black-balenciaga-ss-2022\/\",\"name\":\"Balenciaga's Black: The Star of SS 2022 - ICON-ICON\",\"isPartOf\":{\"@id\":\"https:\/\/www.icon-icon.com\/#website\"},\"primaryImageOfPage\":{\"@id\":\"http:\/\/www.icon-icon.com\/en\/starring-black-balenciaga-ss-2022\/#primaryimage\"},\"image\":{\"@id\":\"http:\/\/www.icon-icon.com\/en\/starring-black-balenciaga-ss-2022\/#primaryimage\"},\"thumbnailUrl\":\"https:\/\/www.icon-icon.com\/wp-content\/uploads\/2021\/10\/00001-Balenciaga-RTW-Spring22-Paris-credit-brand.jpg\",\"datePublished\":\"2021-10-05T05:45:53+00:00\",\"dateModified\":\"2021-10-19T10:34:52+00:00\",\"author\":{\"@id\":\"https:\/\/www.icon-icon.com\/#\/schema\/person\/e55d52fc3eb90f0f596d4040244e9e8a\"},\"description\":\"Black Balenciaga is the star of the collection outgrown into a real performance!\",\"breadcrumb\":{\"@id\":\"http:\/\/www.icon-icon.com\/en\/starring-black-balenciaga-ss-2022\/#breadcrumb\"},\"inLanguage\":\"en-US\",\"potentialAction\":[{\"@type\":\"ReadAction\",\"target\":[\"http:\/\/www.icon-icon.com\/en\/starring-black-balenciaga-ss-2022\/\"]}]},{\"@type\":\"ImageObject\",\"inLanguage\":\"en-US\",\"@id\":\"http:\/\/www.icon-icon.com\/en\/starring-black-balenciaga-ss-2022\/#primaryimage\",\"url\":\"https:\/\/www.icon-icon.com\/wp-content\/uploads\/2021\/10\/00001-Balenciaga-RTW-Spring22-Paris-credit-brand.jpg\",\"contentUrl\":\"https:\/\/www.icon-icon.com\/wp-content\/uploads\/2021\/10\/00001-Balenciaga-RTW-Spring22-Paris-credit-brand.jpg\",\"width\":1600,\"height\":2400},{\"@type\":\"BreadcrumbList\",\"@id\":\"http:\/\/www.icon-icon.com\/en\/starring-black-balenciaga-ss-2022\/#breadcrumb\",\"itemListElement\":[{\"@type\":\"ListItem\",\"position\":1,\"name\":\"Accueil\",\"item\":\"https:\/\/www.icon-icon.com\/en\/\"},{\"@type\":\"ListItem\",\"position\":2,\"name\":\"Balenciaga&#8217;s Black: The Star of SS 2022\"}]},{\"@type\":\"WebSite\",\"@id\":\"https:\/\/www.icon-icon.com\/#website\",\"url\":\"https:\/\/www.icon-icon.com\/\",\"name\":\"ICON-ICON\",\"description\":\"Luxury Stories\",\"potentialAction\":[{\"@type\":\"SearchAction\",\"target\":{\"@type\":\"EntryPoint\",\"urlTemplate\":\"https:\/\/www.icon-icon.com\/?s={search_term_string}\"},\"query-input\":{\"@type\":\"PropertyValueSpecification\",\"valueRequired\":true,\"valueName\":\"search_term_string\"}}],\"inLanguage\":\"en-US\"},{\"@type\":\"Person\",\"@id\":\"https:\/\/www.icon-icon.com\/#\/schema\/person\/e55d52fc3eb90f0f596d4040244e9e8a\",\"name\":\"Icon-Icon\",\"image\":{\"@type\":\"ImageObject\",\"inLanguage\":\"en-US\",\"@id\":\"https:\/\/secure.gravatar.com\/avatar\/a805f008148faa69a17c7f0ea39c1c8fe7cf57667bd31c5e023987a404bf2748?s=96&d=mm&r=g\",\"url\":\"https:\/\/secure.gravatar.com\/avatar\/a805f008148faa69a17c7f0ea39c1c8fe7cf57667bd31c5e023987a404bf2748?s=96&d=mm&r=g\",\"contentUrl\":\"https:\/\/secure.gravatar.com\/avatar\/a805f008148faa69a17c7f0ea39c1c8fe7cf57667bd31c5e023987a404bf2748?s=96&d=mm&r=g\",\"caption\":\"Icon-Icon\"},\"url\":\"https:\/\/www.icon-icon.com\/en\/author\/icon\/\"}]}<\/script>\n<!-- \/ Yoast SEO plugin. -->","yoast_head_json":{"title":"Balenciaga's Black: The Star of SS 2022 - ICON-ICON","description":"Black Balenciaga is the star of the collection outgrown into a real performance!","robots":{"index":"index","follow":"follow","max-snippet":"max-snippet:-1","max-image-preview":"max-image-preview:large","max-video-preview":"max-video-preview:-1"},"canonical":"http:\/\/www.icon-icon.com\/en\/starring-black-balenciaga-ss-2022\/","og_locale":"en_US","og_type":"article","og_title":"Balenciaga's Black: The Star of SS 2022 - ICON-ICON","og_description":"Black Balenciaga is the star of the collection outgrown into a real performance!","og_url":"http:\/\/www.icon-icon.com\/en\/starring-black-balenciaga-ss-2022\/","og_site_name":"ICON-ICON","article_published_time":"2021-10-05T05:45:53+00:00","article_modified_time":"2021-10-19T10:34:52+00:00","og_image":[{"width":1600,"height":2400,"url":"http:\/\/www.icon-icon.com\/wp-content\/uploads\/2021\/10\/00001-Balenciaga-RTW-Spring22-Paris-credit-brand.jpg","type":"image\/jpeg"}],"author":"Icon-Icon","twitter_card":"summary_large_image","twitter_misc":{"Written by":"Icon-Icon","Est. reading time":"2 minutes"},"schema":{"@context":"https:\/\/schema.org","@graph":[{"@type":"Article","@id":"http:\/\/www.icon-icon.com\/en\/starring-black-balenciaga-ss-2022\/#article","isPartOf":{"@id":"http:\/\/www.icon-icon.com\/en\/starring-black-balenciaga-ss-2022\/"},"author":{"name":"Icon-Icon","@id":"https:\/\/www.icon-icon.com\/#\/schema\/person\/e55d52fc3eb90f0f596d4040244e9e8a"},"headline":"Balenciaga&#8217;s Black: The Star of SS 2022","datePublished":"2021-10-05T05:45:53+00:00","dateModified":"2021-10-19T10:34:52+00:00","mainEntityOfPage":{"@id":"http:\/\/www.icon-icon.com\/en\/starring-black-balenciaga-ss-2022\/"},"wordCount":227,"image":{"@id":"http:\/\/www.icon-icon.com\/en\/starring-black-balenciaga-ss-2022\/#primaryimage"},"thumbnailUrl":"https:\/\/www.icon-icon.com\/wp-content\/uploads\/2021\/10\/00001-Balenciaga-RTW-Spring22-Paris-credit-brand.jpg","keywords":["black","Black Balenciaga","fashion","film Simpsons\/Balenciaga","hoody","icon","iconic","luxe","luxury","oversize","paris","performance","red carpet","show","SS 22","theater","Th\u00e9\u00e2tre du Ch\u00e2telet"],"articleSection":["Fashion &amp; accessories","News"],"inLanguage":"en-US"},{"@type":"WebPage","@id":"http:\/\/www.icon-icon.com\/en\/starring-black-balenciaga-ss-2022\/","url":"http:\/\/www.icon-icon.com\/en\/starring-black-balenciaga-ss-2022\/","name":"Balenciaga's Black: The Star of SS 2022 - ICON-ICON","isPartOf":{"@id":"https:\/\/www.icon-icon.com\/#website"},"primaryImageOfPage":{"@id":"http:\/\/www.icon-icon.com\/en\/starring-black-balenciaga-ss-2022\/#primaryimage"},"image":{"@id":"http:\/\/www.icon-icon.com\/en\/starring-black-balenciaga-ss-2022\/#primaryimage"},"thumbnailUrl":"https:\/\/www.icon-icon.com\/wp-content\/uploads\/2021\/10\/00001-Balenciaga-RTW-Spring22-Paris-credit-brand.jpg","datePublished":"2021-10-05T05:45:53+00:00","dateModified":"2021-10-19T10:34:52+00:00","author":{"@id":"https:\/\/www.icon-icon.com\/#\/schema\/person\/e55d52fc3eb90f0f596d4040244e9e8a"},"description":"Black Balenciaga is the star of the collection outgrown into a real performance!","breadcrumb":{"@id":"http:\/\/www.icon-icon.com\/en\/starring-black-balenciaga-ss-2022\/#breadcrumb"},"inLanguage":"en-US","potentialAction":[{"@type":"ReadAction","target":["http:\/\/www.icon-icon.com\/en\/starring-black-balenciaga-ss-2022\/"]}]},{"@type":"ImageObject","inLanguage":"en-US","@id":"http:\/\/www.icon-icon.com\/en\/starring-black-balenciaga-ss-2022\/#primaryimage","url":"https:\/\/www.icon-icon.com\/wp-content\/uploads\/2021\/10\/00001-Balenciaga-RTW-Spring22-Paris-credit-brand.jpg","contentUrl":"https:\/\/www.icon-icon.com\/wp-content\/uploads\/2021\/10\/00001-Balenciaga-RTW-Spring22-Paris-credit-brand.jpg","width":1600,"height":2400},{"@type":"BreadcrumbList","@id":"http:\/\/www.icon-icon.com\/en\/starring-black-balenciaga-ss-2022\/#breadcrumb","itemListElement":[{"@type":"ListItem","position":1,"name":"Accueil","item":"https:\/\/www.icon-icon.com\/en\/"},{"@type":"ListItem","position":2,"name":"Balenciaga&#8217;s Black: The Star of SS 2022"}]},{"@type":"WebSite","@id":"https:\/\/www.icon-icon.com\/#website","url":"https:\/\/www.icon-icon.com\/","name":"ICON-ICON","description":"Luxury Stories","potentialAction":[{"@type":"SearchAction","target":{"@type":"EntryPoint","urlTemplate":"https:\/\/www.icon-icon.com\/?s={search_term_string}"},"query-input":{"@type":"PropertyValueSpecification","valueRequired":true,"valueName":"search_term_string"}}],"inLanguage":"en-US"},{"@type":"Person","@id":"https:\/\/www.icon-icon.com\/#\/schema\/person\/e55d52fc3eb90f0f596d4040244e9e8a","name":"Icon-Icon","image":{"@type":"ImageObject","inLanguage":"en-US","@id":"https:\/\/secure.gravatar.com\/avatar\/a805f008148faa69a17c7f0ea39c1c8fe7cf57667bd31c5e023987a404bf2748?s=96&d=mm&r=g","url":"https:\/\/secure.gravatar.com\/avatar\/a805f008148faa69a17c7f0ea39c1c8fe7cf57667bd31c5e023987a404bf2748?s=96&d=mm&r=g","contentUrl":"https:\/\/secure.gravatar.com\/avatar\/a805f008148faa69a17c7f0ea39c1c8fe7cf57667bd31c5e023987a404bf2748?s=96&d=mm&r=g","caption":"Icon-Icon"},"url":"https:\/\/www.icon-icon.com\/en\/author\/icon\/"}]}},"_links":{"self":[{"href":"https:\/\/www.icon-icon.com\/en\/wp-json\/wp\/v2\/posts\/55895","targetHints":{"allow":["GET"]}}],"collection":[{"href":"https:\/\/www.icon-icon.com\/en\/wp-json\/wp\/v2\/posts"}],"about":[{"href":"https:\/\/www.icon-icon.com\/en\/wp-json\/wp\/v2\/types\/post"}],"author":[{"embeddable":true,"href":"https:\/\/www.icon-icon.com\/en\/wp-json\/wp\/v2\/users\/3"}],"replies":[{"embeddable":true,"href":"https:\/\/www.icon-icon.com\/en\/wp-json\/wp\/v2\/comments?post=55895"}],"version-history":[{"count":3,"href":"https:\/\/www.icon-icon.com\/en\/wp-json\/wp\/v2\/posts\/55895\/revisions"}],"predecessor-version":[{"id":57391,"href":"https:\/\/www.icon-icon.com\/en\/wp-json\/wp\/v2\/posts\/55895\/revisions\/57391"}],"wp:featuredmedia":[{"embeddable":true,"href":"https:\/\/www.icon-icon.com\/en\/wp-json\/wp\/v2\/media\/55755"}],"wp:attachment":[{"href":"https:\/\/www.icon-icon.com\/en\/wp-json\/wp\/v2\/media?parent=55895"}],"wp:term":[{"taxonomy":"category","embeddable":true,"href":"https:\/\/www.icon-icon.com\/en\/wp-json\/wp\/v2\/categories?post=55895"},{"taxonomy":"post_tag","embeddable":true,"href":"https:\/\/www.icon-icon.com\/en\/wp-json\/wp\/v2\/tags?post=55895"}],"curies":[{"name":"wp","href":"https:\/\/api.w.org\/{rel}","templated":true}]}}