


{"id":54640,"date":"2021-09-22T22:46:08","date_gmt":"2021-09-22T20:46:08","guid":{"rendered":"https:\/\/www.icon-icon.com\/?p=54640"},"modified":"2021-09-22T22:46:25","modified_gmt":"2021-09-22T20:46:25","slug":"living-luxury-icons-milan-fashion-week-in-paris","status":"publish","type":"post","link":"https:\/\/www.icon-icon.com\/en\/living-luxury-icons-milan-fashion-week-in-paris\/","title":{"rendered":"Living Luxury Icons: Milan Fashion Week&#8230; In Paris"},"content":{"rendered":"\n<h2 class=\"wp-block-heading\"><strong>Ciao a tutti!<\/strong><\/h2>\n\n\n\n<p id=\"block-085fb5e0-eb7f-4cd9-8ca7-bf168da543bf\">While shows in Milan are about to make the heart of fashion and Italian luxe beat faster, Icon-Icon has prepared an ideal excursion around Living Italian Luxury Icons\u2026 In Paris!<\/p>\n\n\n\n<p>We put on his icons, and andiamo! We put on his mega-chic and mega-practical shoes called Gommino de Tod\u2019s &#8211; we take care to parade being aware of <a href=\"https:\/\/www.icon-icon.com\/le-gommino-tods-2\/\" target=\"_blank\" rel=\"noreferrer noopener\">their history <\/a>at our fingertips.<\/p>\n\n\n\n<p>One more ideal accessory to follow the pathway of the luxe Italian icons? A bag designed to graciously slip on a shoulder &#8211; unisex, made of malleable leather&#8230; You have guessed &#8211; <a rel=\"noreferrer noopener\" href=\"https:\/\/www.icon-icon.com\/le-retour-de-licone-jackie-de-gucci\/\" target=\"_blank\">Jackie by Gucci<\/a>!<\/p>\n\n\n\n<p> <\/p>\n\n\n\n<figure class=\"wp-block-image size-large\"><img loading=\"lazy\" decoding=\"async\" width=\"778\" height=\"1024\" src=\"https:\/\/www.icon-icon.com\/wp-content\/uploads\/2021\/09\/vf_jackie_gucci_londres_1302-1-778x1024.jpg\" alt=\"\" class=\"wp-image-54539\" srcset=\"https:\/\/www.icon-icon.com\/wp-content\/uploads\/2021\/09\/vf_jackie_gucci_londres_1302-1-778x1024.jpg 778w, https:\/\/www.icon-icon.com\/wp-content\/uploads\/2021\/09\/vf_jackie_gucci_londres_1302-1-600x790.jpg 600w, https:\/\/www.icon-icon.com\/wp-content\/uploads\/2021\/09\/vf_jackie_gucci_londres_1302-1-228x300.jpg 228w, https:\/\/www.icon-icon.com\/wp-content\/uploads\/2021\/09\/vf_jackie_gucci_londres_1302-1-768x1011.jpg 768w, https:\/\/www.icon-icon.com\/wp-content\/uploads\/2021\/09\/vf_jackie_gucci_londres_1302-1-580x763.jpg 580w, https:\/\/www.icon-icon.com\/wp-content\/uploads\/2021\/09\/vf_jackie_gucci_londres_1302-1-46x60.jpg 46w, https:\/\/www.icon-icon.com\/wp-content\/uploads\/2021\/09\/vf_jackie_gucci_londres_1302-1-68x90.jpg 68w, https:\/\/www.icon-icon.com\/wp-content\/uploads\/2021\/09\/vf_jackie_gucci_londres_1302-1.jpg 800w\" sizes=\"auto, (max-width: 778px) 100vw, 778px\" \/><\/figure>\n\n\n\n<p>The Donnas have only one choice of iconic items in the Italian dressing room. You are more like Versace glamazons in a <a rel=\"noreferrer noopener\" href=\"https:\/\/www.icon-icon.com\/le-come-back-de-la-jungle-dress-versace-pour-le-printemps-ete-2020\/\" target=\"_blank\">Jungle Dress<\/a> \u2014 a fashion myth, re-released in 2019\u2026 a myth even of our digital time, since\u2026<\/p>\n\n\n\n<figure class=\"wp-block-image size-large\"><img loading=\"lazy\" decoding=\"async\" width=\"683\" height=\"1024\" src=\"https:\/\/www.icon-icon.com\/wp-content\/uploads\/2021\/09\/image00002-1-683x1024.jpg\" alt=\"\" class=\"wp-image-54543\" srcset=\"https:\/\/www.icon-icon.com\/wp-content\/uploads\/2021\/09\/image00002-1-683x1024.jpg 683w, https:\/\/www.icon-icon.com\/wp-content\/uploads\/2021\/09\/image00002-1-600x900.jpg 600w, https:\/\/www.icon-icon.com\/wp-content\/uploads\/2021\/09\/image00002-1-200x300.jpg 200w, https:\/\/www.icon-icon.com\/wp-content\/uploads\/2021\/09\/image00002-1-768x1152.jpg 768w, https:\/\/www.icon-icon.com\/wp-content\/uploads\/2021\/09\/image00002-1-1024x1536.jpg 1024w, https:\/\/www.icon-icon.com\/wp-content\/uploads\/2021\/09\/image00002-1-1365x2048.jpg 1365w, https:\/\/www.icon-icon.com\/wp-content\/uploads\/2021\/09\/image00002-1-580x870.jpg 580w, https:\/\/www.icon-icon.com\/wp-content\/uploads\/2021\/09\/image00002-1-860x1290.jpg 860w, https:\/\/www.icon-icon.com\/wp-content\/uploads\/2021\/09\/image00002-1-1160x1740.jpg 1160w, https:\/\/www.icon-icon.com\/wp-content\/uploads\/2021\/09\/image00002-1-40x60.jpg 40w, https:\/\/www.icon-icon.com\/wp-content\/uploads\/2021\/09\/image00002-1-60x90.jpg 60w, https:\/\/www.icon-icon.com\/wp-content\/uploads\/2021\/09\/image00002-1-scaled.jpg 1707w\" sizes=\"auto, (max-width: 683px) 100vw, 683px\" \/><\/figure>\n\n\n\n<p>In 2025, Google President, Eric Schmidt, confessed that Google Images were created after the influx of millions of people to the Internet to see the Jungle Dress of Jennifer Lopez during the 2000 Grammys Awards. <\/p>\n\n\n\n<p>For the Donnas, felt more like Botticelli&#8217;s women, the theatrical dress <a rel=\"noreferrer noopener\" href=\"https:\/\/www.icon-icon.com\/?s=rouge+valentino\" target=\"_blank\">rouge Valentino<\/a> or the Flora Dress by Gucci has a familiar ring! <a rel=\"noreferrer noopener\" href=\"https:\/\/www.icon-icon.com\/limprime-flora-par-gucci\/\" target=\"_blank\">Flora<\/a>, this motif that Vittorio Accornero designed, under the name of Gucci, for the Princesse Grace Kelly, was inspired by the dress on Botticelli&#8217;s picture &#8220;the Primavera&#8221;.<\/p>\n\n\n\n<figure class=\"wp-block-image size-large\"><img loading=\"lazy\" decoding=\"async\" width=\"985\" height=\"616\" src=\"https:\/\/www.icon-icon.com\/wp-content\/uploads\/2021\/09\/1136_r_la_naissance_de_venus_1484-1486_musee_des_offices_florence_immagina_leemage.jpg\" alt=\"\" class=\"wp-image-54545\" srcset=\"https:\/\/www.icon-icon.com\/wp-content\/uploads\/2021\/09\/1136_r_la_naissance_de_venus_1484-1486_musee_des_offices_florence_immagina_leemage.jpg 985w, https:\/\/www.icon-icon.com\/wp-content\/uploads\/2021\/09\/1136_r_la_naissance_de_venus_1484-1486_musee_des_offices_florence_immagina_leemage-600x375.jpg 600w, https:\/\/www.icon-icon.com\/wp-content\/uploads\/2021\/09\/1136_r_la_naissance_de_venus_1484-1486_musee_des_offices_florence_immagina_leemage-300x188.jpg 300w, https:\/\/www.icon-icon.com\/wp-content\/uploads\/2021\/09\/1136_r_la_naissance_de_venus_1484-1486_musee_des_offices_florence_immagina_leemage-768x480.jpg 768w, https:\/\/www.icon-icon.com\/wp-content\/uploads\/2021\/09\/1136_r_la_naissance_de_venus_1484-1486_musee_des_offices_florence_immagina_leemage-580x363.jpg 580w, https:\/\/www.icon-icon.com\/wp-content\/uploads\/2021\/09\/1136_r_la_naissance_de_venus_1484-1486_musee_des_offices_florence_immagina_leemage-860x538.jpg 860w, https:\/\/www.icon-icon.com\/wp-content\/uploads\/2021\/09\/1136_r_la_naissance_de_venus_1484-1486_musee_des_offices_florence_immagina_leemage-96x60.jpg 96w, https:\/\/www.icon-icon.com\/wp-content\/uploads\/2021\/09\/1136_r_la_naissance_de_venus_1484-1486_musee_des_offices_florence_immagina_leemage-144x90.jpg 144w\" sizes=\"auto, (max-width: 985px) 100vw, 985px\" \/><\/figure>\n\n\n\n<p>Then, we are going to discover exposition &#8220;Botticelli, Artist and Designer&#8221; in the <a rel=\"noreferrer noopener\" href=\"https:\/\/www.musee-jacquemart-andre.com\/\" target=\"_blank\">Jacquemart-Andr\u00e9 Museum, <\/a>at 158 Haussmann Boulevard,<\/p>\n\n\n\n<p>In your wake, to inspire a thousand emotions, you have the choice between two great perfumes\u2026 The first perfume for men &#8211; the M\u00e9t\u00e9ore Perfume by Louis Vuitton with exclusive notes of bergamot from Calabria, and echos of mandarines and oranges from Sicily!<\/p>\n\n\n\n<p>For women &#8211; perfume <a rel=\"noreferrer noopener\" href=\"https:\/\/www.icon-icon.com\/les-parfums-louis-vuitton\/\" target=\"_blank\">Heures d\u2019Absence<\/a> by Louis Vuitton that effuse the dreams of Capri region!<\/p>\n\n\n\n<figure class=\"wp-block-image size-large\"><img loading=\"lazy\" decoding=\"async\" width=\"1024\" height=\"683\" src=\"https:\/\/www.icon-icon.com\/wp-content\/uploads\/2021\/09\/place_vendome_final_shoot_01-scaled-1-1024x683.jpg\" alt=\"\" class=\"wp-image-54533\" srcset=\"https:\/\/www.icon-icon.com\/wp-content\/uploads\/2021\/09\/place_vendome_final_shoot_01-scaled-1-1024x683.jpg 1024w, https:\/\/www.icon-icon.com\/wp-content\/uploads\/2021\/09\/place_vendome_final_shoot_01-scaled-1-600x400.jpg 600w, https:\/\/www.icon-icon.com\/wp-content\/uploads\/2021\/09\/place_vendome_final_shoot_01-scaled-1-300x200.jpg 300w, https:\/\/www.icon-icon.com\/wp-content\/uploads\/2021\/09\/place_vendome_final_shoot_01-scaled-1-768x512.jpg 768w, https:\/\/www.icon-icon.com\/wp-content\/uploads\/2021\/09\/place_vendome_final_shoot_01-scaled-1-1536x1024.jpg 1536w, https:\/\/www.icon-icon.com\/wp-content\/uploads\/2021\/09\/place_vendome_final_shoot_01-scaled-1-2048x1366.jpg 2048w, https:\/\/www.icon-icon.com\/wp-content\/uploads\/2021\/09\/place_vendome_final_shoot_01-scaled-1-580x387.jpg 580w, https:\/\/www.icon-icon.com\/wp-content\/uploads\/2021\/09\/place_vendome_final_shoot_01-scaled-1-860x573.jpg 860w, https:\/\/www.icon-icon.com\/wp-content\/uploads\/2021\/09\/place_vendome_final_shoot_01-scaled-1-1160x773.jpg 1160w, https:\/\/www.icon-icon.com\/wp-content\/uploads\/2021\/09\/place_vendome_final_shoot_01-scaled-1-90x60.jpg 90w, https:\/\/www.icon-icon.com\/wp-content\/uploads\/2021\/09\/place_vendome_final_shoot_01-scaled-1-135x90.jpg 135w\" sizes=\"auto, (max-width: 1024px) 100vw, 1024px\" \/><\/figure>\n\n\n\n<p>Dreaminess and splendor will flock out after pushing the doors of the new Parisian flagship of Bvlgari. Located at 23 Place Vend\u00f4me, restored by architect Peter Marino, this boutique, filled with grandiose jewelry, is a window of Italian glamour! Timeless glamour embodied by creation.<\/p>\n\n\n\n<p>Dreaminess and splendor will be just the question when you push the doors of the brand new Parisian flagship of Bvlgari. Located at 23 Place Vend\u00f4me, restored by architect Peter Marino, this boutique, filled with the grandiose of the jeweler, is a window on Italian glamour! Timeless glamour embodied by creation <a href=\"https:\/\/www.icon-icon.com\/?s=Serpenti\">Serpenti<\/a>&#8230;<\/p>\n\n\n\n<p>Should you be willing to find the sublime reflections of Mediterranean turquoise waters in diamonds and jewelry, you should go to the Pomellato shop, at 350 Rue Saint Honor\u00e9. The <a href=\"https:\/\/www.icon-icon.com\/nudo-pomellato\/\" target=\"_blank\" rel=\"noreferrer noopener\">Nudo<\/a> ring celebrates its 20th anniversary, and so many rainbow palettes of aquamarine, peridot, prasiolite, or sky-blue-topaz color!<\/p>\n\n\n\n<figure class=\"wp-block-image size-large\"><img loading=\"lazy\" decoding=\"async\" width=\"750\" height=\"1024\" src=\"https:\/\/www.icon-icon.com\/wp-content\/uploads\/2021\/09\/Nudo-Collection-by-Pomellato_London-blue-and-sky-blue-topaz-1-750x1024.jpg\" alt=\"\" class=\"wp-image-54531\" srcset=\"https:\/\/www.icon-icon.com\/wp-content\/uploads\/2021\/09\/Nudo-Collection-by-Pomellato_London-blue-and-sky-blue-topaz-1-750x1024.jpg 750w, https:\/\/www.icon-icon.com\/wp-content\/uploads\/2021\/09\/Nudo-Collection-by-Pomellato_London-blue-and-sky-blue-topaz-1-600x819.jpg 600w, https:\/\/www.icon-icon.com\/wp-content\/uploads\/2021\/09\/Nudo-Collection-by-Pomellato_London-blue-and-sky-blue-topaz-1-220x300.jpg 220w, https:\/\/www.icon-icon.com\/wp-content\/uploads\/2021\/09\/Nudo-Collection-by-Pomellato_London-blue-and-sky-blue-topaz-1-768x1048.jpg 768w, https:\/\/www.icon-icon.com\/wp-content\/uploads\/2021\/09\/Nudo-Collection-by-Pomellato_London-blue-and-sky-blue-topaz-1-1125x1536.jpg 1125w, https:\/\/www.icon-icon.com\/wp-content\/uploads\/2021\/09\/Nudo-Collection-by-Pomellato_London-blue-and-sky-blue-topaz-1-580x792.jpg 580w, https:\/\/www.icon-icon.com\/wp-content\/uploads\/2021\/09\/Nudo-Collection-by-Pomellato_London-blue-and-sky-blue-topaz-1-860x1174.jpg 860w, https:\/\/www.icon-icon.com\/wp-content\/uploads\/2021\/09\/Nudo-Collection-by-Pomellato_London-blue-and-sky-blue-topaz-1-1160x1584.jpg 1160w, https:\/\/www.icon-icon.com\/wp-content\/uploads\/2021\/09\/Nudo-Collection-by-Pomellato_London-blue-and-sky-blue-topaz-1-44x60.jpg 44w, https:\/\/www.icon-icon.com\/wp-content\/uploads\/2021\/09\/Nudo-Collection-by-Pomellato_London-blue-and-sky-blue-topaz-1-66x90.jpg 66w, https:\/\/www.icon-icon.com\/wp-content\/uploads\/2021\/09\/Nudo-Collection-by-Pomellato_London-blue-and-sky-blue-topaz-1.jpg 1298w\" sizes=\"auto, (max-width: 750px) 100vw, 750px\" \/><\/figure>\n\n\n\n<p>Finally \u2026 what would this Living Italian Luxury Icons in Paris be without a zest for design? The appointment is therefore given at the <a rel=\"noreferrer noopener\" href=\"https:\/\/www.missonihome.com\/en\/store\/paris-showroom\/\" target=\"_blank\">Missoni Home<\/a> <a href=\"http:\/\/Missoni Home\" target=\"_blank\" rel=\"noreferrer noopener\">showroom<\/a>, at 242 boulevard Saint-Germain-des-Pr\u00e9s!<\/p>\n\n\n\n<figure class=\"wp-block-image size-large\"><img loading=\"lazy\" decoding=\"async\" width=\"1024\" height=\"683\" src=\"https:\/\/www.icon-icon.com\/wp-content\/uploads\/2021\/09\/missoni-home-2-1-1024x683.jpg\" alt=\"\" class=\"wp-image-54527\" srcset=\"https:\/\/www.icon-icon.com\/wp-content\/uploads\/2021\/09\/missoni-home-2-1-1024x683.jpg 1024w, https:\/\/www.icon-icon.com\/wp-content\/uploads\/2021\/09\/missoni-home-2-1-600x400.jpg 600w, https:\/\/www.icon-icon.com\/wp-content\/uploads\/2021\/09\/missoni-home-2-1-300x200.jpg 300w, https:\/\/www.icon-icon.com\/wp-content\/uploads\/2021\/09\/missoni-home-2-1-768x512.jpg 768w, https:\/\/www.icon-icon.com\/wp-content\/uploads\/2021\/09\/missoni-home-2-1-1536x1024.jpg 1536w, https:\/\/www.icon-icon.com\/wp-content\/uploads\/2021\/09\/missoni-home-2-1-580x387.jpg 580w, https:\/\/www.icon-icon.com\/wp-content\/uploads\/2021\/09\/missoni-home-2-1-860x573.jpg 860w, https:\/\/www.icon-icon.com\/wp-content\/uploads\/2021\/09\/missoni-home-2-1-1160x773.jpg 1160w, https:\/\/www.icon-icon.com\/wp-content\/uploads\/2021\/09\/missoni-home-2-1-90x60.jpg 90w, https:\/\/www.icon-icon.com\/wp-content\/uploads\/2021\/09\/missoni-home-2-1-135x90.jpg 135w, https:\/\/www.icon-icon.com\/wp-content\/uploads\/2021\/09\/missoni-home-2-1.jpg 1920w\" sizes=\"auto, (max-width: 1024px) 100vw, 1024px\" \/><\/figure>\n\n\n\n<p>In the end, we will sit at the table of the Royal Monceau restaurant. <a rel=\"noreferrer noopener\" href=\"https:\/\/www.leroyalmonceau.com\/restaurants\/ilcarpaccio\/\" target=\"_blank\">Il Carpaccio<\/a>, or an excellent Italian restaurant. A couple of Italian Chefs, Oliver Piras and Alessandra Del Favero, set the rhyme of high gastronomy, authenticity, and conviviality! \u201cOur cuisine is Italian,\u201d Oliver Piras explains, \u201cit strives to be its purest expression, shaping transalpine products of exceptional quality into light modernity.&#8221;<\/p>\n\n\n\n<figure class=\"wp-block-image size-large\"><img loading=\"lazy\" decoding=\"async\" width=\"740\" height=\"340\" src=\"https:\/\/www.icon-icon.com\/wp-content\/uploads\/2021\/09\/Chefs-Oliver-Piras-Alessandra-Del-Favero-Il-Carpaccio-Web-740x340-1.jpg\" alt=\"\" class=\"wp-image-54523\" srcset=\"https:\/\/www.icon-icon.com\/wp-content\/uploads\/2021\/09\/Chefs-Oliver-Piras-Alessandra-Del-Favero-Il-Carpaccio-Web-740x340-1.jpg 740w, https:\/\/www.icon-icon.com\/wp-content\/uploads\/2021\/09\/Chefs-Oliver-Piras-Alessandra-Del-Favero-Il-Carpaccio-Web-740x340-1-600x276.jpg 600w, https:\/\/www.icon-icon.com\/wp-content\/uploads\/2021\/09\/Chefs-Oliver-Piras-Alessandra-Del-Favero-Il-Carpaccio-Web-740x340-1-300x138.jpg 300w, https:\/\/www.icon-icon.com\/wp-content\/uploads\/2021\/09\/Chefs-Oliver-Piras-Alessandra-Del-Favero-Il-Carpaccio-Web-740x340-1-580x266.jpg 580w, https:\/\/www.icon-icon.com\/wp-content\/uploads\/2021\/09\/Chefs-Oliver-Piras-Alessandra-Del-Favero-Il-Carpaccio-Web-740x340-1-131x60.jpg 131w, https:\/\/www.icon-icon.com\/wp-content\/uploads\/2021\/09\/Chefs-Oliver-Piras-Alessandra-Del-Favero-Il-Carpaccio-Web-740x340-1-196x90.jpg 196w\" sizes=\"auto, (max-width: 740px) 100vw, 740px\" \/><\/figure>\n\n\n\n<p>Sooner or later, we are going to revel in the history of Italy through fashion, told by the melodic voice of Marisa Berenson in this <a rel=\"noreferrer noopener\" href=\"https:\/\/www.icon-icon.com\/produit\/made-in-italy-1951-2014\/\" target=\"_blank\">documentary<\/a>. Come preferisce, capito?<\/p>\n\n\n\n<figure class=\"wp-block-image size-large\"><img loading=\"lazy\" decoding=\"async\" width=\"600\" height=\"800\" src=\"https:\/\/www.icon-icon.com\/wp-content\/uploads\/2021\/09\/made-in-italy-1.jpeg\" alt=\"\" class=\"wp-image-54521\" srcset=\"https:\/\/www.icon-icon.com\/wp-content\/uploads\/2021\/09\/made-in-italy-1.jpeg 600w, https:\/\/www.icon-icon.com\/wp-content\/uploads\/2021\/09\/made-in-italy-1-225x300.jpeg 225w, https:\/\/www.icon-icon.com\/wp-content\/uploads\/2021\/09\/made-in-italy-1-580x773.jpeg 580w, https:\/\/www.icon-icon.com\/wp-content\/uploads\/2021\/09\/made-in-italy-1-45x60.jpeg 45w, https:\/\/www.icon-icon.com\/wp-content\/uploads\/2021\/09\/made-in-italy-1-68x90.jpeg 68w\" sizes=\"auto, (max-width: 600px) 100vw, 600px\" \/><\/figure>\n\n\n\n<p><em>For living luxury icons \u00e0 Paris, find also our <a href=\"https:\/\/www.icon-icon.com\/agenda-du-22-09-2021\/\">selection of impossible-to-be-missed events<\/a>\u00a0in our cultural agenda prepared by Icon-Icon.<\/em><\/p>\n","protected":false},"excerpt":{"rendered":"<p>Ideal excursion<\/p>\n","protected":false},"author":3,"featured_media":54548,"comment_status":"closed","ping_status":"closed","sticky":false,"template":"","format":"standard","meta":{"_acf_changed":false,"footnotes":""},"categories":[32],"tags":[22361,22363,22370,21935,22362,22375,22374,21989,22366,21992,22378,22372,22376,22371,22377,22368,20342,22373,21045,22367,22365,20554,20951,22032,22369,22364,21353,21020],"class_list":["post-54640","post","type-post","status-publish","format-standard","has-post-thumbnail","hentry","category-fashion-accessories","tag-allessandra-del-favero-2","tag-botticelli-2","tag-bvlgari-2","tag-event-2","tag-fall-winter-3","tag-flora-2","tag-heures-dabsence-2","tag-history-2","tag-il-carpaccio-2","tag-italy-2","tag-jackie-by-gucci","tag-jacquemart-andre-museum","tag-jennifer-lopez-3","tag-jeweler-2","tag-jungle-dress-2","tag-living-italian-luxury-icons","tag-louis-vuitton-3","tag-meteore-perfume","tag-milan-2","tag-missoni-home-showroom","tag-oliver-piras","tag-paris-2","tag-peter-marino-3","tag-restaurant-2","tag-serpenti-2","tag-show-2","tag-tods-en","tag-versace-2"],"acf":[],"yoast_head":"<!-- This site is optimized with the Yoast SEO plugin v27.2 - https:\/\/yoast.com\/product\/yoast-seo-wordpress\/ -->\n<title>Living Luxury Icons: Milan Fashion Week... In Paris - ICON-ICON<\/title>\n<meta name=\"description\" content=\"While shows in Milan are about to make the heart of fashion and Italian luxe beat faster, Icon-Icon has prepared an ideal excursion around Living Italian Luxury Icons\u2026 In Paris!\" \/>\n<meta name=\"robots\" content=\"index, follow, max-snippet:-1, max-image-preview:large, max-video-preview:-1\" \/>\n<link rel=\"canonical\" href=\"https:\/\/www.icon-icon.com\/en\/living-luxury-icons-milan-fashion-week-in-paris\/\" \/>\n<meta property=\"og:locale\" content=\"en_US\" \/>\n<meta property=\"og:type\" content=\"article\" \/>\n<meta property=\"og:title\" content=\"Living Luxury Icons: Milan Fashion Week... In Paris - ICON-ICON\" \/>\n<meta property=\"og:description\" content=\"While shows in Milan are about to make the heart of fashion and Italian luxe beat faster, Icon-Icon has prepared an ideal excursion around Living Italian Luxury Icons\u2026 In Paris!\" \/>\n<meta property=\"og:url\" content=\"https:\/\/www.icon-icon.com\/en\/living-luxury-icons-milan-fashion-week-in-paris\/\" \/>\n<meta property=\"og:site_name\" content=\"ICON-ICON\" \/>\n<meta property=\"article:published_time\" content=\"2021-09-22T20:46:08+00:00\" \/>\n<meta property=\"article:modified_time\" content=\"2021-09-22T20:46:25+00:00\" \/>\n<meta property=\"og:image\" content=\"https:\/\/www.icon-icon.com\/wp-content\/uploads\/2021\/09\/eb047466ed9a521af6030415a7a04730.jpg\" \/>\n\t<meta property=\"og:image:width\" content=\"573\" \/>\n\t<meta property=\"og:image:height\" content=\"941\" \/>\n\t<meta property=\"og:image:type\" content=\"image\/jpeg\" \/>\n<meta name=\"author\" content=\"Icon-Icon\" \/>\n<meta name=\"twitter:card\" content=\"summary_large_image\" \/>\n<meta name=\"twitter:label1\" content=\"Written by\" \/>\n\t<meta name=\"twitter:data1\" content=\"Icon-Icon\" \/>\n\t<meta name=\"twitter:label2\" content=\"Est. reading time\" \/>\n\t<meta name=\"twitter:data2\" content=\"5 minutes\" \/>\n<script type=\"application\/ld+json\" class=\"yoast-schema-graph\">{\"@context\":\"https:\/\/schema.org\",\"@graph\":[{\"@type\":\"Article\",\"@id\":\"https:\/\/www.icon-icon.com\/en\/living-luxury-icons-milan-fashion-week-in-paris\/#article\",\"isPartOf\":{\"@id\":\"https:\/\/www.icon-icon.com\/en\/living-luxury-icons-milan-fashion-week-in-paris\/\"},\"author\":{\"name\":\"Icon-Icon\",\"@id\":\"https:\/\/www.icon-icon.com\/#\/schema\/person\/e55d52fc3eb90f0f596d4040244e9e8a\"},\"headline\":\"Living Luxury Icons: Milan Fashion Week&#8230; In Paris\",\"datePublished\":\"2021-09-22T20:46:08+00:00\",\"dateModified\":\"2021-09-22T20:46:25+00:00\",\"mainEntityOfPage\":{\"@id\":\"https:\/\/www.icon-icon.com\/en\/living-luxury-icons-milan-fashion-week-in-paris\/\"},\"wordCount\":595,\"image\":{\"@id\":\"https:\/\/www.icon-icon.com\/en\/living-luxury-icons-milan-fashion-week-in-paris\/#primaryimage\"},\"thumbnailUrl\":\"https:\/\/www.icon-icon.com\/wp-content\/uploads\/2021\/09\/eb047466ed9a521af6030415a7a04730.jpg\",\"keywords\":[\"Allessandra Del Favero\",\"Botticelli\",\"Bvlgari\",\"event\",\"Fall\/Winter\",\"Flora\",\"Heures d\u2019Absence\",\"history\",\"Il Carpaccio\",\"Italy\",\"Jackie by Gucci\",\"Jacquemart-Andr\u00e9 Museum\",\"Jennifer Lopez\",\"jeweler\",\"Jungle Dress\",\"Living Italian Luxury Icons\",\"louis vuitton\",\"M\u00e9t\u00e9ore Perfume\",\"Milan\",\"Missoni Home showroom\",\"Oliver Piras\",\"paris\",\"Peter Marino\",\"restaurant\",\"Serpenti\",\"show\",\"tods\",\"Versace\"],\"articleSection\":[\"Fashion &amp; accessories\"],\"inLanguage\":\"en-US\"},{\"@type\":\"WebPage\",\"@id\":\"https:\/\/www.icon-icon.com\/en\/living-luxury-icons-milan-fashion-week-in-paris\/\",\"url\":\"https:\/\/www.icon-icon.com\/en\/living-luxury-icons-milan-fashion-week-in-paris\/\",\"name\":\"Living Luxury Icons: Milan Fashion Week... In Paris - ICON-ICON\",\"isPartOf\":{\"@id\":\"https:\/\/www.icon-icon.com\/#website\"},\"primaryImageOfPage\":{\"@id\":\"https:\/\/www.icon-icon.com\/en\/living-luxury-icons-milan-fashion-week-in-paris\/#primaryimage\"},\"image\":{\"@id\":\"https:\/\/www.icon-icon.com\/en\/living-luxury-icons-milan-fashion-week-in-paris\/#primaryimage\"},\"thumbnailUrl\":\"https:\/\/www.icon-icon.com\/wp-content\/uploads\/2021\/09\/eb047466ed9a521af6030415a7a04730.jpg\",\"datePublished\":\"2021-09-22T20:46:08+00:00\",\"dateModified\":\"2021-09-22T20:46:25+00:00\",\"author\":{\"@id\":\"https:\/\/www.icon-icon.com\/#\/schema\/person\/e55d52fc3eb90f0f596d4040244e9e8a\"},\"description\":\"While shows in Milan are about to make the heart of fashion and Italian luxe beat faster, Icon-Icon has prepared an ideal excursion around Living Italian Luxury Icons\u2026 In Paris!\",\"breadcrumb\":{\"@id\":\"https:\/\/www.icon-icon.com\/en\/living-luxury-icons-milan-fashion-week-in-paris\/#breadcrumb\"},\"inLanguage\":\"en-US\",\"potentialAction\":[{\"@type\":\"ReadAction\",\"target\":[\"https:\/\/www.icon-icon.com\/en\/living-luxury-icons-milan-fashion-week-in-paris\/\"]}]},{\"@type\":\"ImageObject\",\"inLanguage\":\"en-US\",\"@id\":\"https:\/\/www.icon-icon.com\/en\/living-luxury-icons-milan-fashion-week-in-paris\/#primaryimage\",\"url\":\"https:\/\/www.icon-icon.com\/wp-content\/uploads\/2021\/09\/eb047466ed9a521af6030415a7a04730.jpg\",\"contentUrl\":\"https:\/\/www.icon-icon.com\/wp-content\/uploads\/2021\/09\/eb047466ed9a521af6030415a7a04730.jpg\",\"width\":573,\"height\":941},{\"@type\":\"BreadcrumbList\",\"@id\":\"https:\/\/www.icon-icon.com\/en\/living-luxury-icons-milan-fashion-week-in-paris\/#breadcrumb\",\"itemListElement\":[{\"@type\":\"ListItem\",\"position\":1,\"name\":\"Accueil\",\"item\":\"https:\/\/www.icon-icon.com\/en\/\"},{\"@type\":\"ListItem\",\"position\":2,\"name\":\"Living Luxury Icons: Milan Fashion Week&#8230; In Paris\"}]},{\"@type\":\"WebSite\",\"@id\":\"https:\/\/www.icon-icon.com\/#website\",\"url\":\"https:\/\/www.icon-icon.com\/\",\"name\":\"ICON-ICON\",\"description\":\"Luxury Stories\",\"potentialAction\":[{\"@type\":\"SearchAction\",\"target\":{\"@type\":\"EntryPoint\",\"urlTemplate\":\"https:\/\/www.icon-icon.com\/?s={search_term_string}\"},\"query-input\":{\"@type\":\"PropertyValueSpecification\",\"valueRequired\":true,\"valueName\":\"search_term_string\"}}],\"inLanguage\":\"en-US\"},{\"@type\":\"Person\",\"@id\":\"https:\/\/www.icon-icon.com\/#\/schema\/person\/e55d52fc3eb90f0f596d4040244e9e8a\",\"name\":\"Icon-Icon\",\"image\":{\"@type\":\"ImageObject\",\"inLanguage\":\"en-US\",\"@id\":\"https:\/\/secure.gravatar.com\/avatar\/a805f008148faa69a17c7f0ea39c1c8fe7cf57667bd31c5e023987a404bf2748?s=96&d=mm&r=g\",\"url\":\"https:\/\/secure.gravatar.com\/avatar\/a805f008148faa69a17c7f0ea39c1c8fe7cf57667bd31c5e023987a404bf2748?s=96&d=mm&r=g\",\"contentUrl\":\"https:\/\/secure.gravatar.com\/avatar\/a805f008148faa69a17c7f0ea39c1c8fe7cf57667bd31c5e023987a404bf2748?s=96&d=mm&r=g\",\"caption\":\"Icon-Icon\"},\"url\":\"https:\/\/www.icon-icon.com\/en\/author\/icon\/\"}]}<\/script>\n<!-- \/ Yoast SEO plugin. -->","yoast_head_json":{"title":"Living Luxury Icons: Milan Fashion Week... In Paris - ICON-ICON","description":"While shows in Milan are about to make the heart of fashion and Italian luxe beat faster, Icon-Icon has prepared an ideal excursion around Living Italian Luxury Icons\u2026 In Paris!","robots":{"index":"index","follow":"follow","max-snippet":"max-snippet:-1","max-image-preview":"max-image-preview:large","max-video-preview":"max-video-preview:-1"},"canonical":"https:\/\/www.icon-icon.com\/en\/living-luxury-icons-milan-fashion-week-in-paris\/","og_locale":"en_US","og_type":"article","og_title":"Living Luxury Icons: Milan Fashion Week... In Paris - ICON-ICON","og_description":"While shows in Milan are about to make the heart of fashion and Italian luxe beat faster, Icon-Icon has prepared an ideal excursion around Living Italian Luxury Icons\u2026 In Paris!","og_url":"https:\/\/www.icon-icon.com\/en\/living-luxury-icons-milan-fashion-week-in-paris\/","og_site_name":"ICON-ICON","article_published_time":"2021-09-22T20:46:08+00:00","article_modified_time":"2021-09-22T20:46:25+00:00","og_image":[{"width":573,"height":941,"url":"https:\/\/www.icon-icon.com\/wp-content\/uploads\/2021\/09\/eb047466ed9a521af6030415a7a04730.jpg","type":"image\/jpeg"}],"author":"Icon-Icon","twitter_card":"summary_large_image","twitter_misc":{"Written by":"Icon-Icon","Est. reading time":"5 minutes"},"schema":{"@context":"https:\/\/schema.org","@graph":[{"@type":"Article","@id":"https:\/\/www.icon-icon.com\/en\/living-luxury-icons-milan-fashion-week-in-paris\/#article","isPartOf":{"@id":"https:\/\/www.icon-icon.com\/en\/living-luxury-icons-milan-fashion-week-in-paris\/"},"author":{"name":"Icon-Icon","@id":"https:\/\/www.icon-icon.com\/#\/schema\/person\/e55d52fc3eb90f0f596d4040244e9e8a"},"headline":"Living Luxury Icons: Milan Fashion Week&#8230; In Paris","datePublished":"2021-09-22T20:46:08+00:00","dateModified":"2021-09-22T20:46:25+00:00","mainEntityOfPage":{"@id":"https:\/\/www.icon-icon.com\/en\/living-luxury-icons-milan-fashion-week-in-paris\/"},"wordCount":595,"image":{"@id":"https:\/\/www.icon-icon.com\/en\/living-luxury-icons-milan-fashion-week-in-paris\/#primaryimage"},"thumbnailUrl":"https:\/\/www.icon-icon.com\/wp-content\/uploads\/2021\/09\/eb047466ed9a521af6030415a7a04730.jpg","keywords":["Allessandra Del Favero","Botticelli","Bvlgari","event","Fall\/Winter","Flora","Heures d\u2019Absence","history","Il Carpaccio","Italy","Jackie by Gucci","Jacquemart-Andr\u00e9 Museum","Jennifer Lopez","jeweler","Jungle Dress","Living Italian Luxury Icons","louis vuitton","M\u00e9t\u00e9ore Perfume","Milan","Missoni Home showroom","Oliver Piras","paris","Peter Marino","restaurant","Serpenti","show","tods","Versace"],"articleSection":["Fashion &amp; accessories"],"inLanguage":"en-US"},{"@type":"WebPage","@id":"https:\/\/www.icon-icon.com\/en\/living-luxury-icons-milan-fashion-week-in-paris\/","url":"https:\/\/www.icon-icon.com\/en\/living-luxury-icons-milan-fashion-week-in-paris\/","name":"Living Luxury Icons: Milan Fashion Week... In Paris - ICON-ICON","isPartOf":{"@id":"https:\/\/www.icon-icon.com\/#website"},"primaryImageOfPage":{"@id":"https:\/\/www.icon-icon.com\/en\/living-luxury-icons-milan-fashion-week-in-paris\/#primaryimage"},"image":{"@id":"https:\/\/www.icon-icon.com\/en\/living-luxury-icons-milan-fashion-week-in-paris\/#primaryimage"},"thumbnailUrl":"https:\/\/www.icon-icon.com\/wp-content\/uploads\/2021\/09\/eb047466ed9a521af6030415a7a04730.jpg","datePublished":"2021-09-22T20:46:08+00:00","dateModified":"2021-09-22T20:46:25+00:00","author":{"@id":"https:\/\/www.icon-icon.com\/#\/schema\/person\/e55d52fc3eb90f0f596d4040244e9e8a"},"description":"While shows in Milan are about to make the heart of fashion and Italian luxe beat faster, Icon-Icon has prepared an ideal excursion around Living Italian Luxury Icons\u2026 In Paris!","breadcrumb":{"@id":"https:\/\/www.icon-icon.com\/en\/living-luxury-icons-milan-fashion-week-in-paris\/#breadcrumb"},"inLanguage":"en-US","potentialAction":[{"@type":"ReadAction","target":["https:\/\/www.icon-icon.com\/en\/living-luxury-icons-milan-fashion-week-in-paris\/"]}]},{"@type":"ImageObject","inLanguage":"en-US","@id":"https:\/\/www.icon-icon.com\/en\/living-luxury-icons-milan-fashion-week-in-paris\/#primaryimage","url":"https:\/\/www.icon-icon.com\/wp-content\/uploads\/2021\/09\/eb047466ed9a521af6030415a7a04730.jpg","contentUrl":"https:\/\/www.icon-icon.com\/wp-content\/uploads\/2021\/09\/eb047466ed9a521af6030415a7a04730.jpg","width":573,"height":941},{"@type":"BreadcrumbList","@id":"https:\/\/www.icon-icon.com\/en\/living-luxury-icons-milan-fashion-week-in-paris\/#breadcrumb","itemListElement":[{"@type":"ListItem","position":1,"name":"Accueil","item":"https:\/\/www.icon-icon.com\/en\/"},{"@type":"ListItem","position":2,"name":"Living Luxury Icons: Milan Fashion Week&#8230; In Paris"}]},{"@type":"WebSite","@id":"https:\/\/www.icon-icon.com\/#website","url":"https:\/\/www.icon-icon.com\/","name":"ICON-ICON","description":"Luxury Stories","potentialAction":[{"@type":"SearchAction","target":{"@type":"EntryPoint","urlTemplate":"https:\/\/www.icon-icon.com\/?s={search_term_string}"},"query-input":{"@type":"PropertyValueSpecification","valueRequired":true,"valueName":"search_term_string"}}],"inLanguage":"en-US"},{"@type":"Person","@id":"https:\/\/www.icon-icon.com\/#\/schema\/person\/e55d52fc3eb90f0f596d4040244e9e8a","name":"Icon-Icon","image":{"@type":"ImageObject","inLanguage":"en-US","@id":"https:\/\/secure.gravatar.com\/avatar\/a805f008148faa69a17c7f0ea39c1c8fe7cf57667bd31c5e023987a404bf2748?s=96&d=mm&r=g","url":"https:\/\/secure.gravatar.com\/avatar\/a805f008148faa69a17c7f0ea39c1c8fe7cf57667bd31c5e023987a404bf2748?s=96&d=mm&r=g","contentUrl":"https:\/\/secure.gravatar.com\/avatar\/a805f008148faa69a17c7f0ea39c1c8fe7cf57667bd31c5e023987a404bf2748?s=96&d=mm&r=g","caption":"Icon-Icon"},"url":"https:\/\/www.icon-icon.com\/en\/author\/icon\/"}]}},"_links":{"self":[{"href":"https:\/\/www.icon-icon.com\/en\/wp-json\/wp\/v2\/posts\/54640","targetHints":{"allow":["GET"]}}],"collection":[{"href":"https:\/\/www.icon-icon.com\/en\/wp-json\/wp\/v2\/posts"}],"about":[{"href":"https:\/\/www.icon-icon.com\/en\/wp-json\/wp\/v2\/types\/post"}],"author":[{"embeddable":true,"href":"https:\/\/www.icon-icon.com\/en\/wp-json\/wp\/v2\/users\/3"}],"replies":[{"embeddable":true,"href":"https:\/\/www.icon-icon.com\/en\/wp-json\/wp\/v2\/comments?post=54640"}],"version-history":[{"count":1,"href":"https:\/\/www.icon-icon.com\/en\/wp-json\/wp\/v2\/posts\/54640\/revisions"}],"predecessor-version":[{"id":54644,"href":"https:\/\/www.icon-icon.com\/en\/wp-json\/wp\/v2\/posts\/54640\/revisions\/54644"}],"wp:featuredmedia":[{"embeddable":true,"href":"https:\/\/www.icon-icon.com\/en\/wp-json\/wp\/v2\/media\/54548"}],"wp:attachment":[{"href":"https:\/\/www.icon-icon.com\/en\/wp-json\/wp\/v2\/media?parent=54640"}],"wp:term":[{"taxonomy":"category","embeddable":true,"href":"https:\/\/www.icon-icon.com\/en\/wp-json\/wp\/v2\/categories?post=54640"},{"taxonomy":"post_tag","embeddable":true,"href":"https:\/\/www.icon-icon.com\/en\/wp-json\/wp\/v2\/tags?post=54640"}],"curies":[{"name":"wp","href":"https:\/\/api.w.org\/{rel}","templated":true}]}}