


{"id":4615,"date":"2013-07-24T08:57:01","date_gmt":"2013-07-24T06:57:01","guid":{"rendered":"http:\/\/icon-vrai.loc\/2013\/07\/24\/the-clare-bag-by-chloe-enlists-the-baylee-bag\/"},"modified":"2020-10-21T00:15:34","modified_gmt":"2020-10-20T22:15:34","slug":"the-clare-bag-by-chloe-enlists-the-baylee-bag","status":"publish","type":"post","link":"https:\/\/www.icon-icon.com\/en\/the-clare-bag-by-chloe-enlists-the-baylee-bag\/","title":{"rendered":"The Clare Bag by Chlo\u00e9 Enlists the Baylee Bag"},"content":{"rendered":"<p class=\"rteindent4\"><em>Clare&nbsp;Resort 2014 \/ Baylee&nbsp;Fall-Winter&nbsp;2013-2014 <\/em><\/p>\n<p>This unique idea for naming a line of bags was borrowed from the founder by Clare Waight Keller, creative director since 2011. The brand has already been propagating its decidedly French and elegant approach for sixty years now. This spirit, this attitude, feminine, relaxed, liberated. The spirit of Chlo\u00e9 is that of a person, born when Gaby Aghion baptized her \u201cluxury ready-to-wear\u201d brand with the first name of her childhood friend: Chlo\u00e9. The name rolls off the tongue with aplomb, as if eternally young and impudent. Gaby found that the name evoked that of a fortune teller. The ironic thing is that, in her wake of luxury and haute couture exigence, would follow Yves Saint Laurent with Saint Laurent Rive Gauche or Givenchy in 1956. In those days, Chlo\u00e9 was the reflection of an attitude of a group of friends who were swimming in the romantic Parisian sea of la vie boh\u00e8me.<\/p>\n<p>For this fall, on the arm of the ageless woman that Chlo\u00e9 is, Clare Waight Keller is placing the ideal: an everyday bag &#8211; made of supple and versatile leather, dressed in warm colors. A major piece for a new wardrobe, it borrows its lines from \u201call the classic boyfriend style bags that I love. Simple in its shape, practical and with an elegant attitude.\u201d recounts the designer. A bag with an entire personality: two-toned, shaped like a bowling bag &#8211; another legacy of the founder &#8211; it\u2019s illuminated with metallic details, notably a plaque on the bag, and a zipper made of tiny links. On the shoulder: a modifiable strap. In the hand: two straps who\u2019s tone jars the entire body. The bag\u2019s volume makes it even more desirable just as Chlo\u00e9 attitude calls for insouciance and chic; in two words &#8211; rebel chic.<\/p>\n<p>For the 2014 Resort collection, Clare Waight Keller lends her name to one of her creations. Just like its predecessor, Clare adopted the strap for efficiency noticed, modern and chic. The proportions are definitely new, while keeping the feminine spirit of the brand.&nbsp;In this idea of \u200b\u200brenewal, metallic bar frame with smooth geometric lines to give expression to the gentle characteristic waves of the mind Chloe, while dialogue between materials and effects bar. The bag keeps the seriousness of her outfit although its content seems endless.<\/p>\n<p>Far from the rigidity and coldness abhorred by their founder right from the start, Chlo\u00e9\u2019s bags are a synonym of elegance and exhilarating sophistication. The Baylee assuredly contains this assurance that lends itself to the fantasy of every woman. With one clip, its appearance vanquishes and becomes tenderly chic. One of the most anticipated, from Hong Kong to Shanghai, Tokyo to New York and Paris,&nbsp;Chlo\u00e9 will only sell it in its 5 flagship stores, since&nbsp;July 31st. As for the ABC collection\u2019s \u201cC\u201d, it should be making its arrival in January 2014. But for a modern and chic bag, the name&nbsp;<em>Clare&nbsp;<\/em>seems perfect.<\/p>\n","protected":false},"excerpt":{"rendered":"<p>Clare&nbsp;Resort 2014 \/ Baylee&nbsp;Fall-Winter&nbsp;2013-2014 This unique idea for naming a line of bags was borrowed from the founder by Clare Waight Keller, creative director since 2011. The brand has already been propagating its decidedly French and elegant approach for sixty years now. This spirit, this attitude, feminine, relaxed, liberated. The spirit of Chlo\u00e9 is that&#8230;<\/p>\n","protected":false},"author":3,"featured_media":4611,"comment_status":"open","ping_status":"open","sticky":false,"template":"","format":"standard","meta":{"_acf_changed":false,"footnotes":""},"categories":[32,4],"tags":[11391,11390,11387,11394,5887,11393,9034,601,199],"class_list":["post-4615","post","type-post","status-publish","format-standard","has-post-thumbnail","hentry","category-fashion-accessories","category-handbags","tag-baylee-bag","tag-baylee-chloe","tag-clare-bag","tag-clare-chloe-bag","tag-clare-waight-keller","tag-fall-winter-2013-2014-chloe","tag-gaby-aghion","tag-givenchy","tag-yves-saint-laurent"],"acf":[],"yoast_head":"<!-- This site is optimized with the Yoast SEO plugin v27.2 - https:\/\/yoast.com\/product\/yoast-seo-wordpress\/ -->\n<title>The Clare Bag by Chlo\u00e9 Enlists the Baylee Bag - ICON-ICON<\/title>\n<meta name=\"robots\" content=\"index, follow, max-snippet:-1, max-image-preview:large, max-video-preview:-1\" \/>\n<link rel=\"canonical\" href=\"https:\/\/www.icon-icon.com\/en\/the-clare-bag-by-chloe-enlists-the-baylee-bag\/\" \/>\n<meta property=\"og:locale\" content=\"en_US\" \/>\n<meta property=\"og:type\" content=\"article\" \/>\n<meta property=\"og:title\" content=\"The Clare Bag by Chlo\u00e9 Enlists the Baylee Bag - ICON-ICON\" \/>\n<meta property=\"og:description\" content=\"Clare&nbsp;Resort 2014 \/ Baylee&nbsp;Fall-Winter&nbsp;2013-2014 This unique idea for naming a line of bags was borrowed from the founder by Clare Waight Keller, creative director since 2011. The brand has already been propagating its decidedly French and elegant approach for sixty years now. This spirit, this attitude, feminine, relaxed, liberated. The spirit of Chlo\u00e9 is that...\" \/>\n<meta property=\"og:url\" content=\"https:\/\/www.icon-icon.com\/en\/the-clare-bag-by-chloe-enlists-the-baylee-bag\/\" \/>\n<meta property=\"og:site_name\" content=\"ICON-ICON\" \/>\n<meta property=\"article:published_time\" content=\"2013-07-24T06:57:01+00:00\" \/>\n<meta property=\"article:modified_time\" content=\"2020-10-20T22:15:34+00:00\" \/>\n<meta property=\"og:image\" content=\"https:\/\/www.icon-icon.com\/wp-content\/uploads\/2013\/11\/chloe-star-red-clare-bag.png\" \/>\n\t<meta property=\"og:image:width\" content=\"450\" \/>\n\t<meta property=\"og:image:height\" content=\"675\" \/>\n\t<meta property=\"og:image:type\" content=\"image\/png\" \/>\n<meta name=\"author\" content=\"Icon-Icon\" \/>\n<meta name=\"twitter:card\" content=\"summary_large_image\" \/>\n<meta name=\"twitter:label1\" content=\"Written by\" \/>\n\t<meta name=\"twitter:data1\" content=\"Icon-Icon\" \/>\n\t<meta name=\"twitter:label2\" content=\"Est. reading time\" \/>\n\t<meta name=\"twitter:data2\" content=\"3 minutes\" \/>\n<script type=\"application\/ld+json\" class=\"yoast-schema-graph\">{\"@context\":\"https:\/\/schema.org\",\"@graph\":[{\"@type\":\"Article\",\"@id\":\"https:\/\/www.icon-icon.com\/en\/the-clare-bag-by-chloe-enlists-the-baylee-bag\/#article\",\"isPartOf\":{\"@id\":\"https:\/\/www.icon-icon.com\/en\/the-clare-bag-by-chloe-enlists-the-baylee-bag\/\"},\"author\":{\"name\":\"Icon-Icon\",\"@id\":\"https:\/\/www.icon-icon.com\/#\/schema\/person\/e55d52fc3eb90f0f596d4040244e9e8a\"},\"headline\":\"The Clare Bag by Chlo\u00e9 Enlists the Baylee Bag\",\"datePublished\":\"2013-07-24T06:57:01+00:00\",\"dateModified\":\"2020-10-20T22:15:34+00:00\",\"mainEntityOfPage\":{\"@id\":\"https:\/\/www.icon-icon.com\/en\/the-clare-bag-by-chloe-enlists-the-baylee-bag\/\"},\"wordCount\":512,\"commentCount\":0,\"image\":{\"@id\":\"https:\/\/www.icon-icon.com\/en\/the-clare-bag-by-chloe-enlists-the-baylee-bag\/#primaryimage\"},\"thumbnailUrl\":\"https:\/\/www.icon-icon.com\/wp-content\/uploads\/2013\/11\/chloe-star-red-clare-bag.png\",\"keywords\":[\"Baylee-bag\",\"Baylee-Chlo\u00e9\",\"clare-bag\",\"Clare-Chlo\u00e9-bag\",\"Clare-Waight-Keller\",\"Fall-Winter-2013-2014-Chlo\u00e9\",\"Gaby-Aghion\",\"givenchy\",\"yves-saint-laurent\"],\"articleSection\":[\"Fashion &amp; accessories\",\"Handbags\"],\"inLanguage\":\"en-US\",\"potentialAction\":[{\"@type\":\"CommentAction\",\"name\":\"Comment\",\"target\":[\"https:\/\/www.icon-icon.com\/en\/the-clare-bag-by-chloe-enlists-the-baylee-bag\/#respond\"]}]},{\"@type\":\"WebPage\",\"@id\":\"https:\/\/www.icon-icon.com\/en\/the-clare-bag-by-chloe-enlists-the-baylee-bag\/\",\"url\":\"https:\/\/www.icon-icon.com\/en\/the-clare-bag-by-chloe-enlists-the-baylee-bag\/\",\"name\":\"The Clare Bag by Chlo\u00e9 Enlists the Baylee Bag - ICON-ICON\",\"isPartOf\":{\"@id\":\"https:\/\/www.icon-icon.com\/#website\"},\"primaryImageOfPage\":{\"@id\":\"https:\/\/www.icon-icon.com\/en\/the-clare-bag-by-chloe-enlists-the-baylee-bag\/#primaryimage\"},\"image\":{\"@id\":\"https:\/\/www.icon-icon.com\/en\/the-clare-bag-by-chloe-enlists-the-baylee-bag\/#primaryimage\"},\"thumbnailUrl\":\"https:\/\/www.icon-icon.com\/wp-content\/uploads\/2013\/11\/chloe-star-red-clare-bag.png\",\"datePublished\":\"2013-07-24T06:57:01+00:00\",\"dateModified\":\"2020-10-20T22:15:34+00:00\",\"author\":{\"@id\":\"https:\/\/www.icon-icon.com\/#\/schema\/person\/e55d52fc3eb90f0f596d4040244e9e8a\"},\"breadcrumb\":{\"@id\":\"https:\/\/www.icon-icon.com\/en\/the-clare-bag-by-chloe-enlists-the-baylee-bag\/#breadcrumb\"},\"inLanguage\":\"en-US\",\"potentialAction\":[{\"@type\":\"ReadAction\",\"target\":[\"https:\/\/www.icon-icon.com\/en\/the-clare-bag-by-chloe-enlists-the-baylee-bag\/\"]}]},{\"@type\":\"ImageObject\",\"inLanguage\":\"en-US\",\"@id\":\"https:\/\/www.icon-icon.com\/en\/the-clare-bag-by-chloe-enlists-the-baylee-bag\/#primaryimage\",\"url\":\"https:\/\/www.icon-icon.com\/wp-content\/uploads\/2013\/11\/chloe-star-red-clare-bag.png\",\"contentUrl\":\"https:\/\/www.icon-icon.com\/wp-content\/uploads\/2013\/11\/chloe-star-red-clare-bag.png\",\"width\":450,\"height\":675,\"caption\":\"chloe-star-red-clare-bag.png\"},{\"@type\":\"BreadcrumbList\",\"@id\":\"https:\/\/www.icon-icon.com\/en\/the-clare-bag-by-chloe-enlists-the-baylee-bag\/#breadcrumb\",\"itemListElement\":[{\"@type\":\"ListItem\",\"position\":1,\"name\":\"Accueil\",\"item\":\"https:\/\/www.icon-icon.com\/en\/\"},{\"@type\":\"ListItem\",\"position\":2,\"name\":\"The Clare Bag by Chlo\u00e9 Enlists the Baylee Bag\"}]},{\"@type\":\"WebSite\",\"@id\":\"https:\/\/www.icon-icon.com\/#website\",\"url\":\"https:\/\/www.icon-icon.com\/\",\"name\":\"ICON-ICON\",\"description\":\"Luxury Stories\",\"potentialAction\":[{\"@type\":\"SearchAction\",\"target\":{\"@type\":\"EntryPoint\",\"urlTemplate\":\"https:\/\/www.icon-icon.com\/?s={search_term_string}\"},\"query-input\":{\"@type\":\"PropertyValueSpecification\",\"valueRequired\":true,\"valueName\":\"search_term_string\"}}],\"inLanguage\":\"en-US\"},{\"@type\":\"Person\",\"@id\":\"https:\/\/www.icon-icon.com\/#\/schema\/person\/e55d52fc3eb90f0f596d4040244e9e8a\",\"name\":\"Icon-Icon\",\"image\":{\"@type\":\"ImageObject\",\"inLanguage\":\"en-US\",\"@id\":\"https:\/\/secure.gravatar.com\/avatar\/a805f008148faa69a17c7f0ea39c1c8fe7cf57667bd31c5e023987a404bf2748?s=96&d=mm&r=g\",\"url\":\"https:\/\/secure.gravatar.com\/avatar\/a805f008148faa69a17c7f0ea39c1c8fe7cf57667bd31c5e023987a404bf2748?s=96&d=mm&r=g\",\"contentUrl\":\"https:\/\/secure.gravatar.com\/avatar\/a805f008148faa69a17c7f0ea39c1c8fe7cf57667bd31c5e023987a404bf2748?s=96&d=mm&r=g\",\"caption\":\"Icon-Icon\"},\"url\":\"https:\/\/www.icon-icon.com\/en\/author\/icon\/\"}]}<\/script>\n<!-- \/ Yoast SEO plugin. -->","yoast_head_json":{"title":"The Clare Bag by Chlo\u00e9 Enlists the Baylee Bag - ICON-ICON","robots":{"index":"index","follow":"follow","max-snippet":"max-snippet:-1","max-image-preview":"max-image-preview:large","max-video-preview":"max-video-preview:-1"},"canonical":"https:\/\/www.icon-icon.com\/en\/the-clare-bag-by-chloe-enlists-the-baylee-bag\/","og_locale":"en_US","og_type":"article","og_title":"The Clare Bag by Chlo\u00e9 Enlists the Baylee Bag - ICON-ICON","og_description":"Clare&nbsp;Resort 2014 \/ Baylee&nbsp;Fall-Winter&nbsp;2013-2014 This unique idea for naming a line of bags was borrowed from the founder by Clare Waight Keller, creative director since 2011. The brand has already been propagating its decidedly French and elegant approach for sixty years now. This spirit, this attitude, feminine, relaxed, liberated. The spirit of Chlo\u00e9 is that...","og_url":"https:\/\/www.icon-icon.com\/en\/the-clare-bag-by-chloe-enlists-the-baylee-bag\/","og_site_name":"ICON-ICON","article_published_time":"2013-07-24T06:57:01+00:00","article_modified_time":"2020-10-20T22:15:34+00:00","og_image":[{"width":450,"height":675,"url":"https:\/\/www.icon-icon.com\/wp-content\/uploads\/2013\/11\/chloe-star-red-clare-bag.png","type":"image\/png"}],"author":"Icon-Icon","twitter_card":"summary_large_image","twitter_misc":{"Written by":"Icon-Icon","Est. reading time":"3 minutes"},"schema":{"@context":"https:\/\/schema.org","@graph":[{"@type":"Article","@id":"https:\/\/www.icon-icon.com\/en\/the-clare-bag-by-chloe-enlists-the-baylee-bag\/#article","isPartOf":{"@id":"https:\/\/www.icon-icon.com\/en\/the-clare-bag-by-chloe-enlists-the-baylee-bag\/"},"author":{"name":"Icon-Icon","@id":"https:\/\/www.icon-icon.com\/#\/schema\/person\/e55d52fc3eb90f0f596d4040244e9e8a"},"headline":"The Clare Bag by Chlo\u00e9 Enlists the Baylee Bag","datePublished":"2013-07-24T06:57:01+00:00","dateModified":"2020-10-20T22:15:34+00:00","mainEntityOfPage":{"@id":"https:\/\/www.icon-icon.com\/en\/the-clare-bag-by-chloe-enlists-the-baylee-bag\/"},"wordCount":512,"commentCount":0,"image":{"@id":"https:\/\/www.icon-icon.com\/en\/the-clare-bag-by-chloe-enlists-the-baylee-bag\/#primaryimage"},"thumbnailUrl":"https:\/\/www.icon-icon.com\/wp-content\/uploads\/2013\/11\/chloe-star-red-clare-bag.png","keywords":["Baylee-bag","Baylee-Chlo\u00e9","clare-bag","Clare-Chlo\u00e9-bag","Clare-Waight-Keller","Fall-Winter-2013-2014-Chlo\u00e9","Gaby-Aghion","givenchy","yves-saint-laurent"],"articleSection":["Fashion &amp; accessories","Handbags"],"inLanguage":"en-US","potentialAction":[{"@type":"CommentAction","name":"Comment","target":["https:\/\/www.icon-icon.com\/en\/the-clare-bag-by-chloe-enlists-the-baylee-bag\/#respond"]}]},{"@type":"WebPage","@id":"https:\/\/www.icon-icon.com\/en\/the-clare-bag-by-chloe-enlists-the-baylee-bag\/","url":"https:\/\/www.icon-icon.com\/en\/the-clare-bag-by-chloe-enlists-the-baylee-bag\/","name":"The Clare Bag by Chlo\u00e9 Enlists the Baylee Bag - ICON-ICON","isPartOf":{"@id":"https:\/\/www.icon-icon.com\/#website"},"primaryImageOfPage":{"@id":"https:\/\/www.icon-icon.com\/en\/the-clare-bag-by-chloe-enlists-the-baylee-bag\/#primaryimage"},"image":{"@id":"https:\/\/www.icon-icon.com\/en\/the-clare-bag-by-chloe-enlists-the-baylee-bag\/#primaryimage"},"thumbnailUrl":"https:\/\/www.icon-icon.com\/wp-content\/uploads\/2013\/11\/chloe-star-red-clare-bag.png","datePublished":"2013-07-24T06:57:01+00:00","dateModified":"2020-10-20T22:15:34+00:00","author":{"@id":"https:\/\/www.icon-icon.com\/#\/schema\/person\/e55d52fc3eb90f0f596d4040244e9e8a"},"breadcrumb":{"@id":"https:\/\/www.icon-icon.com\/en\/the-clare-bag-by-chloe-enlists-the-baylee-bag\/#breadcrumb"},"inLanguage":"en-US","potentialAction":[{"@type":"ReadAction","target":["https:\/\/www.icon-icon.com\/en\/the-clare-bag-by-chloe-enlists-the-baylee-bag\/"]}]},{"@type":"ImageObject","inLanguage":"en-US","@id":"https:\/\/www.icon-icon.com\/en\/the-clare-bag-by-chloe-enlists-the-baylee-bag\/#primaryimage","url":"https:\/\/www.icon-icon.com\/wp-content\/uploads\/2013\/11\/chloe-star-red-clare-bag.png","contentUrl":"https:\/\/www.icon-icon.com\/wp-content\/uploads\/2013\/11\/chloe-star-red-clare-bag.png","width":450,"height":675,"caption":"chloe-star-red-clare-bag.png"},{"@type":"BreadcrumbList","@id":"https:\/\/www.icon-icon.com\/en\/the-clare-bag-by-chloe-enlists-the-baylee-bag\/#breadcrumb","itemListElement":[{"@type":"ListItem","position":1,"name":"Accueil","item":"https:\/\/www.icon-icon.com\/en\/"},{"@type":"ListItem","position":2,"name":"The Clare Bag by Chlo\u00e9 Enlists the Baylee Bag"}]},{"@type":"WebSite","@id":"https:\/\/www.icon-icon.com\/#website","url":"https:\/\/www.icon-icon.com\/","name":"ICON-ICON","description":"Luxury Stories","potentialAction":[{"@type":"SearchAction","target":{"@type":"EntryPoint","urlTemplate":"https:\/\/www.icon-icon.com\/?s={search_term_string}"},"query-input":{"@type":"PropertyValueSpecification","valueRequired":true,"valueName":"search_term_string"}}],"inLanguage":"en-US"},{"@type":"Person","@id":"https:\/\/www.icon-icon.com\/#\/schema\/person\/e55d52fc3eb90f0f596d4040244e9e8a","name":"Icon-Icon","image":{"@type":"ImageObject","inLanguage":"en-US","@id":"https:\/\/secure.gravatar.com\/avatar\/a805f008148faa69a17c7f0ea39c1c8fe7cf57667bd31c5e023987a404bf2748?s=96&d=mm&r=g","url":"https:\/\/secure.gravatar.com\/avatar\/a805f008148faa69a17c7f0ea39c1c8fe7cf57667bd31c5e023987a404bf2748?s=96&d=mm&r=g","contentUrl":"https:\/\/secure.gravatar.com\/avatar\/a805f008148faa69a17c7f0ea39c1c8fe7cf57667bd31c5e023987a404bf2748?s=96&d=mm&r=g","caption":"Icon-Icon"},"url":"https:\/\/www.icon-icon.com\/en\/author\/icon\/"}]}},"_links":{"self":[{"href":"https:\/\/www.icon-icon.com\/en\/wp-json\/wp\/v2\/posts\/4615","targetHints":{"allow":["GET"]}}],"collection":[{"href":"https:\/\/www.icon-icon.com\/en\/wp-json\/wp\/v2\/posts"}],"about":[{"href":"https:\/\/www.icon-icon.com\/en\/wp-json\/wp\/v2\/types\/post"}],"author":[{"embeddable":true,"href":"https:\/\/www.icon-icon.com\/en\/wp-json\/wp\/v2\/users\/3"}],"replies":[{"embeddable":true,"href":"https:\/\/www.icon-icon.com\/en\/wp-json\/wp\/v2\/comments?post=4615"}],"version-history":[{"count":1,"href":"https:\/\/www.icon-icon.com\/en\/wp-json\/wp\/v2\/posts\/4615\/revisions"}],"predecessor-version":[{"id":31477,"href":"https:\/\/www.icon-icon.com\/en\/wp-json\/wp\/v2\/posts\/4615\/revisions\/31477"}],"wp:featuredmedia":[{"embeddable":true,"href":"https:\/\/www.icon-icon.com\/en\/wp-json\/wp\/v2\/media\/4611"}],"wp:attachment":[{"href":"https:\/\/www.icon-icon.com\/en\/wp-json\/wp\/v2\/media?parent=4615"}],"wp:term":[{"taxonomy":"category","embeddable":true,"href":"https:\/\/www.icon-icon.com\/en\/wp-json\/wp\/v2\/categories?post=4615"},{"taxonomy":"post_tag","embeddable":true,"href":"https:\/\/www.icon-icon.com\/en\/wp-json\/wp\/v2\/tags?post=4615"}],"curies":[{"name":"wp","href":"https:\/\/api.w.org\/{rel}","templated":true}]}}