


{"id":3693,"date":"2013-05-31T10:17:01","date_gmt":"2013-05-31T08:17:01","guid":{"rendered":"http:\/\/icon-vrai.loc\/2013\/05\/31\/100-years-of-fashion\/"},"modified":"2020-10-21T00:16:08","modified_gmt":"2020-10-20T22:16:08","slug":"100-years-of-fashion","status":"publish","type":"post","link":"https:\/\/www.icon-icon.com\/en\/100-years-of-fashion\/","title":{"rendered":"100 Years of Fashion"},"content":{"rendered":"<p>From pre-war dresses in workman\u2019s blue to 60s dresses and Goth trends, all the emblematic styles of the past 100 years have been brought together in this one work. It\u2019s a lesson in style using words and photos and taught to us by Cally Blackman, who has already written previous books on the subject. In reviewing different Fashion movements of the 20th-century until the 2000s, she recalls some of our favorite icons like Marilyn Monroe, Jean Seberg, and Twiggy. It\u2019s an entire century of design frozen in time.<\/p>\n<p>None of them belong to the same era; this is what allows us to modernize our classics and fashion knowledge by placing each mythical piece in its own time.&nbsp;Styles that caused a scandal, or those that marked the youth of generations past: it\u2019s all here and documented alongside the rest of last century\u2019s Fashion. In other words, you\u2019ll be able to peruse everything from the bikini scandal to the obsession with jeans along with Venetian dresses or the emancipation of the woman\u2019s body.<\/p>\n<p>Through her book, Cally Blackman plunges us back into the past and reinforces the intellectual aspect of Fashion with a didactic eye, evidenced by the illustrations that could each grace a billboard in their own right. What a pleasure it is to have such a book around at home, a true Fashionista\u2019s Bible. Don\u2019t let this work pass you by; it\u2019s an important reminder to fashion lovers everywhere that fashion is first and foremost a matter of invention.<\/p>\n","protected":false},"excerpt":{"rendered":"<p>From pre-war dresses in workman\u2019s blue to 60s dresses and Goth trends, all the emblematic styles of the past 100 years have been brought together in this one work. It\u2019s a lesson in style using words and photos and taught to us by Cally Blackman, who has already written previous books on the subject. In&#8230;<\/p>\n","protected":false},"author":3,"featured_media":3689,"comment_status":"open","ping_status":"open","sticky":false,"template":"","format":"standard","meta":{"_acf_changed":false,"footnotes":""},"categories":[32],"tags":[8283,8284,8286,1326,84,6280],"class_list":["post-3693","post","type-post","status-publish","format-standard","has-post-thumbnail","hentry","category-fashion-accessories","tag-100-ans-de-mode","tag-cally-blackman","tag-editions-la-martiniere","tag-marilyn-monroe","tag-mode","tag-xxeme-siecle"],"acf":[],"yoast_head":"<!-- This site is optimized with the Yoast SEO plugin v27.2 - https:\/\/yoast.com\/product\/yoast-seo-wordpress\/ -->\n<title>100 Years of Fashion - ICON-ICON<\/title>\n<meta name=\"robots\" content=\"index, follow, max-snippet:-1, max-image-preview:large, max-video-preview:-1\" \/>\n<link rel=\"canonical\" href=\"http:\/\/www.icon-icon.com\/en\/100-years-of-fashion\/\" \/>\n<meta property=\"og:locale\" content=\"en_US\" \/>\n<meta property=\"og:type\" content=\"article\" \/>\n<meta property=\"og:title\" content=\"100 Years of Fashion - ICON-ICON\" \/>\n<meta property=\"og:description\" content=\"From pre-war dresses in workman\u2019s blue to 60s dresses and Goth trends, all the emblematic styles of the past 100 years have been brought together in this one work. It\u2019s a lesson in style using words and photos and taught to us by Cally Blackman, who has already written previous books on the subject. In...\" \/>\n<meta property=\"og:url\" content=\"http:\/\/www.icon-icon.com\/en\/100-years-of-fashion\/\" \/>\n<meta property=\"og:site_name\" content=\"ICON-ICON\" \/>\n<meta property=\"article:published_time\" content=\"2013-05-31T08:17:01+00:00\" \/>\n<meta property=\"article:modified_time\" content=\"2020-10-20T22:16:08+00:00\" \/>\n<meta property=\"og:image\" content=\"http:\/\/www.icon-icon.com\/wp-content\/uploads\/2013\/07\/100_ans_de_mode2_0.jpg\" \/>\n\t<meta property=\"og:image:width\" content=\"450\" \/>\n\t<meta property=\"og:image:height\" content=\"675\" \/>\n\t<meta property=\"og:image:type\" content=\"image\/jpeg\" \/>\n<meta name=\"author\" content=\"Icon-Icon\" \/>\n<meta name=\"twitter:card\" content=\"summary_large_image\" \/>\n<meta name=\"twitter:label1\" content=\"Written by\" \/>\n\t<meta name=\"twitter:data1\" content=\"Icon-Icon\" \/>\n\t<meta name=\"twitter:label2\" content=\"Est. reading time\" \/>\n\t<meta name=\"twitter:data2\" content=\"1 minute\" \/>\n<script type=\"application\/ld+json\" class=\"yoast-schema-graph\">{\"@context\":\"https:\/\/schema.org\",\"@graph\":[{\"@type\":\"Article\",\"@id\":\"http:\/\/www.icon-icon.com\/en\/100-years-of-fashion\/#article\",\"isPartOf\":{\"@id\":\"http:\/\/www.icon-icon.com\/en\/100-years-of-fashion\/\"},\"author\":{\"name\":\"Icon-Icon\",\"@id\":\"https:\/\/www.icon-icon.com\/#\/schema\/person\/e55d52fc3eb90f0f596d4040244e9e8a\"},\"headline\":\"100 Years of Fashion\",\"datePublished\":\"2013-05-31T08:17:01+00:00\",\"dateModified\":\"2020-10-20T22:16:08+00:00\",\"mainEntityOfPage\":{\"@id\":\"http:\/\/www.icon-icon.com\/en\/100-years-of-fashion\/\"},\"wordCount\":263,\"commentCount\":0,\"image\":{\"@id\":\"http:\/\/www.icon-icon.com\/en\/100-years-of-fashion\/#primaryimage\"},\"thumbnailUrl\":\"https:\/\/www.icon-icon.com\/wp-content\/uploads\/2013\/07\/100_ans_de_mode2_0.jpg\",\"keywords\":[\"100-ans-de-mode\",\"Cally-Blackman\",\"\u00e9ditions-La-Martini\u00e8re\",\"Marilyn-Monroe\",\"mode\",\"XXeme si\u00e8cle\"],\"articleSection\":[\"Fashion &amp; accessories\"],\"inLanguage\":\"en-US\",\"potentialAction\":[{\"@type\":\"CommentAction\",\"name\":\"Comment\",\"target\":[\"http:\/\/www.icon-icon.com\/en\/100-years-of-fashion\/#respond\"]}]},{\"@type\":\"WebPage\",\"@id\":\"http:\/\/www.icon-icon.com\/en\/100-years-of-fashion\/\",\"url\":\"http:\/\/www.icon-icon.com\/en\/100-years-of-fashion\/\",\"name\":\"100 Years of Fashion - ICON-ICON\",\"isPartOf\":{\"@id\":\"https:\/\/www.icon-icon.com\/#website\"},\"primaryImageOfPage\":{\"@id\":\"http:\/\/www.icon-icon.com\/en\/100-years-of-fashion\/#primaryimage\"},\"image\":{\"@id\":\"http:\/\/www.icon-icon.com\/en\/100-years-of-fashion\/#primaryimage\"},\"thumbnailUrl\":\"https:\/\/www.icon-icon.com\/wp-content\/uploads\/2013\/07\/100_ans_de_mode2_0.jpg\",\"datePublished\":\"2013-05-31T08:17:01+00:00\",\"dateModified\":\"2020-10-20T22:16:08+00:00\",\"author\":{\"@id\":\"https:\/\/www.icon-icon.com\/#\/schema\/person\/e55d52fc3eb90f0f596d4040244e9e8a\"},\"breadcrumb\":{\"@id\":\"http:\/\/www.icon-icon.com\/en\/100-years-of-fashion\/#breadcrumb\"},\"inLanguage\":\"en-US\",\"potentialAction\":[{\"@type\":\"ReadAction\",\"target\":[\"http:\/\/www.icon-icon.com\/en\/100-years-of-fashion\/\"]}]},{\"@type\":\"ImageObject\",\"inLanguage\":\"en-US\",\"@id\":\"http:\/\/www.icon-icon.com\/en\/100-years-of-fashion\/#primaryimage\",\"url\":\"https:\/\/www.icon-icon.com\/wp-content\/uploads\/2013\/07\/100_ans_de_mode2_0.jpg\",\"contentUrl\":\"https:\/\/www.icon-icon.com\/wp-content\/uploads\/2013\/07\/100_ans_de_mode2_0.jpg\",\"width\":450,\"height\":675,\"caption\":\"100_ans_de_mode2.jpg\"},{\"@type\":\"BreadcrumbList\",\"@id\":\"http:\/\/www.icon-icon.com\/en\/100-years-of-fashion\/#breadcrumb\",\"itemListElement\":[{\"@type\":\"ListItem\",\"position\":1,\"name\":\"Accueil\",\"item\":\"https:\/\/www.icon-icon.com\/en\/\"},{\"@type\":\"ListItem\",\"position\":2,\"name\":\"100 Years of Fashion\"}]},{\"@type\":\"WebSite\",\"@id\":\"https:\/\/www.icon-icon.com\/#website\",\"url\":\"https:\/\/www.icon-icon.com\/\",\"name\":\"ICON-ICON\",\"description\":\"Luxury Stories\",\"potentialAction\":[{\"@type\":\"SearchAction\",\"target\":{\"@type\":\"EntryPoint\",\"urlTemplate\":\"https:\/\/www.icon-icon.com\/?s={search_term_string}\"},\"query-input\":{\"@type\":\"PropertyValueSpecification\",\"valueRequired\":true,\"valueName\":\"search_term_string\"}}],\"inLanguage\":\"en-US\"},{\"@type\":\"Person\",\"@id\":\"https:\/\/www.icon-icon.com\/#\/schema\/person\/e55d52fc3eb90f0f596d4040244e9e8a\",\"name\":\"Icon-Icon\",\"image\":{\"@type\":\"ImageObject\",\"inLanguage\":\"en-US\",\"@id\":\"https:\/\/secure.gravatar.com\/avatar\/a805f008148faa69a17c7f0ea39c1c8fe7cf57667bd31c5e023987a404bf2748?s=96&d=mm&r=g\",\"url\":\"https:\/\/secure.gravatar.com\/avatar\/a805f008148faa69a17c7f0ea39c1c8fe7cf57667bd31c5e023987a404bf2748?s=96&d=mm&r=g\",\"contentUrl\":\"https:\/\/secure.gravatar.com\/avatar\/a805f008148faa69a17c7f0ea39c1c8fe7cf57667bd31c5e023987a404bf2748?s=96&d=mm&r=g\",\"caption\":\"Icon-Icon\"},\"url\":\"https:\/\/www.icon-icon.com\/en\/author\/icon\/\"}]}<\/script>\n<!-- \/ Yoast SEO plugin. -->","yoast_head_json":{"title":"100 Years of Fashion - ICON-ICON","robots":{"index":"index","follow":"follow","max-snippet":"max-snippet:-1","max-image-preview":"max-image-preview:large","max-video-preview":"max-video-preview:-1"},"canonical":"http:\/\/www.icon-icon.com\/en\/100-years-of-fashion\/","og_locale":"en_US","og_type":"article","og_title":"100 Years of Fashion - ICON-ICON","og_description":"From pre-war dresses in workman\u2019s blue to 60s dresses and Goth trends, all the emblematic styles of the past 100 years have been brought together in this one work. It\u2019s a lesson in style using words and photos and taught to us by Cally Blackman, who has already written previous books on the subject. In...","og_url":"http:\/\/www.icon-icon.com\/en\/100-years-of-fashion\/","og_site_name":"ICON-ICON","article_published_time":"2013-05-31T08:17:01+00:00","article_modified_time":"2020-10-20T22:16:08+00:00","og_image":[{"width":450,"height":675,"url":"http:\/\/www.icon-icon.com\/wp-content\/uploads\/2013\/07\/100_ans_de_mode2_0.jpg","type":"image\/jpeg"}],"author":"Icon-Icon","twitter_card":"summary_large_image","twitter_misc":{"Written by":"Icon-Icon","Est. reading time":"1 minute"},"schema":{"@context":"https:\/\/schema.org","@graph":[{"@type":"Article","@id":"http:\/\/www.icon-icon.com\/en\/100-years-of-fashion\/#article","isPartOf":{"@id":"http:\/\/www.icon-icon.com\/en\/100-years-of-fashion\/"},"author":{"name":"Icon-Icon","@id":"https:\/\/www.icon-icon.com\/#\/schema\/person\/e55d52fc3eb90f0f596d4040244e9e8a"},"headline":"100 Years of Fashion","datePublished":"2013-05-31T08:17:01+00:00","dateModified":"2020-10-20T22:16:08+00:00","mainEntityOfPage":{"@id":"http:\/\/www.icon-icon.com\/en\/100-years-of-fashion\/"},"wordCount":263,"commentCount":0,"image":{"@id":"http:\/\/www.icon-icon.com\/en\/100-years-of-fashion\/#primaryimage"},"thumbnailUrl":"https:\/\/www.icon-icon.com\/wp-content\/uploads\/2013\/07\/100_ans_de_mode2_0.jpg","keywords":["100-ans-de-mode","Cally-Blackman","\u00e9ditions-La-Martini\u00e8re","Marilyn-Monroe","mode","XXeme si\u00e8cle"],"articleSection":["Fashion &amp; accessories"],"inLanguage":"en-US","potentialAction":[{"@type":"CommentAction","name":"Comment","target":["http:\/\/www.icon-icon.com\/en\/100-years-of-fashion\/#respond"]}]},{"@type":"WebPage","@id":"http:\/\/www.icon-icon.com\/en\/100-years-of-fashion\/","url":"http:\/\/www.icon-icon.com\/en\/100-years-of-fashion\/","name":"100 Years of Fashion - ICON-ICON","isPartOf":{"@id":"https:\/\/www.icon-icon.com\/#website"},"primaryImageOfPage":{"@id":"http:\/\/www.icon-icon.com\/en\/100-years-of-fashion\/#primaryimage"},"image":{"@id":"http:\/\/www.icon-icon.com\/en\/100-years-of-fashion\/#primaryimage"},"thumbnailUrl":"https:\/\/www.icon-icon.com\/wp-content\/uploads\/2013\/07\/100_ans_de_mode2_0.jpg","datePublished":"2013-05-31T08:17:01+00:00","dateModified":"2020-10-20T22:16:08+00:00","author":{"@id":"https:\/\/www.icon-icon.com\/#\/schema\/person\/e55d52fc3eb90f0f596d4040244e9e8a"},"breadcrumb":{"@id":"http:\/\/www.icon-icon.com\/en\/100-years-of-fashion\/#breadcrumb"},"inLanguage":"en-US","potentialAction":[{"@type":"ReadAction","target":["http:\/\/www.icon-icon.com\/en\/100-years-of-fashion\/"]}]},{"@type":"ImageObject","inLanguage":"en-US","@id":"http:\/\/www.icon-icon.com\/en\/100-years-of-fashion\/#primaryimage","url":"https:\/\/www.icon-icon.com\/wp-content\/uploads\/2013\/07\/100_ans_de_mode2_0.jpg","contentUrl":"https:\/\/www.icon-icon.com\/wp-content\/uploads\/2013\/07\/100_ans_de_mode2_0.jpg","width":450,"height":675,"caption":"100_ans_de_mode2.jpg"},{"@type":"BreadcrumbList","@id":"http:\/\/www.icon-icon.com\/en\/100-years-of-fashion\/#breadcrumb","itemListElement":[{"@type":"ListItem","position":1,"name":"Accueil","item":"https:\/\/www.icon-icon.com\/en\/"},{"@type":"ListItem","position":2,"name":"100 Years of Fashion"}]},{"@type":"WebSite","@id":"https:\/\/www.icon-icon.com\/#website","url":"https:\/\/www.icon-icon.com\/","name":"ICON-ICON","description":"Luxury Stories","potentialAction":[{"@type":"SearchAction","target":{"@type":"EntryPoint","urlTemplate":"https:\/\/www.icon-icon.com\/?s={search_term_string}"},"query-input":{"@type":"PropertyValueSpecification","valueRequired":true,"valueName":"search_term_string"}}],"inLanguage":"en-US"},{"@type":"Person","@id":"https:\/\/www.icon-icon.com\/#\/schema\/person\/e55d52fc3eb90f0f596d4040244e9e8a","name":"Icon-Icon","image":{"@type":"ImageObject","inLanguage":"en-US","@id":"https:\/\/secure.gravatar.com\/avatar\/a805f008148faa69a17c7f0ea39c1c8fe7cf57667bd31c5e023987a404bf2748?s=96&d=mm&r=g","url":"https:\/\/secure.gravatar.com\/avatar\/a805f008148faa69a17c7f0ea39c1c8fe7cf57667bd31c5e023987a404bf2748?s=96&d=mm&r=g","contentUrl":"https:\/\/secure.gravatar.com\/avatar\/a805f008148faa69a17c7f0ea39c1c8fe7cf57667bd31c5e023987a404bf2748?s=96&d=mm&r=g","caption":"Icon-Icon"},"url":"https:\/\/www.icon-icon.com\/en\/author\/icon\/"}]}},"_links":{"self":[{"href":"https:\/\/www.icon-icon.com\/en\/wp-json\/wp\/v2\/posts\/3693","targetHints":{"allow":["GET"]}}],"collection":[{"href":"https:\/\/www.icon-icon.com\/en\/wp-json\/wp\/v2\/posts"}],"about":[{"href":"https:\/\/www.icon-icon.com\/en\/wp-json\/wp\/v2\/types\/post"}],"author":[{"embeddable":true,"href":"https:\/\/www.icon-icon.com\/en\/wp-json\/wp\/v2\/users\/3"}],"replies":[{"embeddable":true,"href":"https:\/\/www.icon-icon.com\/en\/wp-json\/wp\/v2\/comments?post=3693"}],"version-history":[{"count":1,"href":"https:\/\/www.icon-icon.com\/en\/wp-json\/wp\/v2\/posts\/3693\/revisions"}],"predecessor-version":[{"id":31870,"href":"https:\/\/www.icon-icon.com\/en\/wp-json\/wp\/v2\/posts\/3693\/revisions\/31870"}],"wp:featuredmedia":[{"embeddable":true,"href":"https:\/\/www.icon-icon.com\/en\/wp-json\/wp\/v2\/media\/3689"}],"wp:attachment":[{"href":"https:\/\/www.icon-icon.com\/en\/wp-json\/wp\/v2\/media?parent=3693"}],"wp:term":[{"taxonomy":"category","embeddable":true,"href":"https:\/\/www.icon-icon.com\/en\/wp-json\/wp\/v2\/categories?post=3693"},{"taxonomy":"post_tag","embeddable":true,"href":"https:\/\/www.icon-icon.com\/en\/wp-json\/wp\/v2\/tags?post=3693"}],"curies":[{"name":"wp","href":"https:\/\/api.w.org\/{rel}","templated":true}]}}