


{"id":3542,"date":"2013-05-27T08:36:47","date_gmt":"2013-05-27T06:36:47","guid":{"rendered":"http:\/\/icon-vrai.loc\/2013\/05\/27\/comme-des-carres-the-collection-of-comme-des-garcons-hermes\/"},"modified":"2020-10-21T00:16:15","modified_gmt":"2020-10-20T22:16:15","slug":"comme-des-carres-the-collection-of-comme-des-garcons-hermes","status":"publish","type":"post","link":"https:\/\/www.icon-icon.com\/en\/comme-des-carres-the-collection-of-comme-des-garcons-hermes\/","title":{"rendered":"Comme des Carr\u00e9s, the Collection of Comme des Garcons &#038; Herm\u00e8s"},"content":{"rendered":"<p>A collision of two universes from opposite sides of the globe? The perfect occasion to remaster the carr\u00e9 scarf! Herm\u00e8s and Comme des Gar\u00e7ons are teaming up, with reverence for tradition and a few stipulations. It took three days for Rei Kawakubo, the brains of the Comme des Gar\u00e7ons operation, to accept Bali Barret\u2019s proposition.<\/p>\n<p>The former, a known introvert, taciturn and seemingly immune to comments of a complimentary nature, seems to have found a relationship of mutual benefit in the creative director for Herm\u00e8s women\u2019s line. By reworking the artwork for the scarves on a white background, Rei Kawakubo is giving them a fresh makeover and, in a way, making them her own.<\/p>\n<p>The end result is a limited edition of five poetically redesigned scarves, all of them incorporating Herm\u00e8s Pegasus motif in a range of abstract styles. A chessboard overlaying the horse\u2019s coat of fur, a DaVinci-esque pegasus, an explosion of a dozen.&nbsp;<\/p>\n","protected":false},"excerpt":{"rendered":"<p>A collision of two universes from opposite sides of the globe? The perfect occasion to remaster the carr\u00e9 scarf! Herm\u00e8s and Comme des Gar\u00e7ons are teaming up, with reverence for tradition and a few stipulations. It took three days for Rei Kawakubo, the brains of the Comme des Gar\u00e7ons operation, to accept Bali Barret\u2019s proposition&#8230;.<\/p>\n","protected":false},"author":3,"featured_media":3539,"comment_status":"open","ping_status":"open","sticky":false,"template":"","format":"standard","meta":{"_acf_changed":false,"footnotes":""},"categories":[32],"tags":[8086,111,8090,8097,8096,3335,8081,8094,8091,5451,37,8085,8093,8088,374,412,8087,35,36,8092,8084,1248,4610,2669,8082,8083,8089,1958,421,399,8095],"class_list":["post-3542","post","type-post","status-publish","format-standard","has-post-thumbnail","hentry","category-fashion-accessories","tag-6-fevrier-2013","tag-accessories","tag-bali-barret","tag-buy-carre","tag-buy-carre-hermes","tag-carre","tag-carre-hermes-comme-des-garcons","tag-carre-hermes-kawakubo","tag-carre-trends","tag-comme-des-garcons","tag-emblematic","tag-gift-carre-birthday","tag-gift-carre-valentines-day","tag-gift-scarf-luxury","tag-hermes","tag-hermes-scarf","tag-history","tag-icon-icon","tag-iconic","tag-last-carre-hermes","tag-last-scarf-hermes","tag-luxury","tag-new-scarf","tag-news","tag-news-carre","tag-news-scarf","tag-pegasus-hermes","tag-rei-kawakubo","tag-scarf","tag-trends","tag-which-carre-hermes"],"acf":[],"yoast_head":"<!-- This site is optimized with the Yoast SEO plugin v27.2 - https:\/\/yoast.com\/product\/yoast-seo-wordpress\/ -->\n<title>Comme des Carr\u00e9s, the Collection of Comme des Garcons &amp; Herm\u00e8s - ICON-ICON<\/title>\n<meta name=\"robots\" content=\"index, follow, max-snippet:-1, max-image-preview:large, max-video-preview:-1\" \/>\n<link rel=\"canonical\" href=\"https:\/\/www.icon-icon.com\/en\/comme-des-carres-the-collection-of-comme-des-garcons-hermes\/\" \/>\n<meta property=\"og:locale\" content=\"en_US\" \/>\n<meta property=\"og:type\" content=\"article\" \/>\n<meta property=\"og:title\" content=\"Comme des Carr\u00e9s, the Collection of Comme des Garcons &amp; Herm\u00e8s - ICON-ICON\" \/>\n<meta property=\"og:description\" content=\"A collision of two universes from opposite sides of the globe? The perfect occasion to remaster the carr\u00e9 scarf! Herm\u00e8s and Comme des Gar\u00e7ons are teaming up, with reverence for tradition and a few stipulations. It took three days for Rei Kawakubo, the brains of the Comme des Gar\u00e7ons operation, to accept Bali Barret\u2019s proposition....\" \/>\n<meta property=\"og:url\" content=\"https:\/\/www.icon-icon.com\/en\/comme-des-carres-the-collection-of-comme-des-garcons-hermes\/\" \/>\n<meta property=\"og:site_name\" content=\"ICON-ICON\" \/>\n<meta property=\"article:published_time\" content=\"2013-05-27T06:36:47+00:00\" \/>\n<meta property=\"article:modified_time\" content=\"2020-10-20T22:16:15+00:00\" \/>\n<meta property=\"og:image\" content=\"https:\/\/www.icon-icon.com\/wp-content\/uploads\/2013\/05\/5107d8f3bc2e3.jpeg\" \/>\n\t<meta property=\"og:image:width\" content=\"600\" \/>\n\t<meta property=\"og:image:height\" content=\"450\" \/>\n\t<meta property=\"og:image:type\" content=\"image\/jpeg\" \/>\n<meta name=\"author\" content=\"Icon-Icon\" \/>\n<meta name=\"twitter:card\" content=\"summary_large_image\" \/>\n<meta name=\"twitter:label1\" content=\"Written by\" \/>\n\t<meta name=\"twitter:data1\" content=\"Icon-Icon\" \/>\n\t<meta name=\"twitter:label2\" content=\"Est. reading time\" \/>\n\t<meta name=\"twitter:data2\" content=\"1 minute\" \/>\n<script type=\"application\/ld+json\" class=\"yoast-schema-graph\">{\"@context\":\"https:\/\/schema.org\",\"@graph\":[{\"@type\":\"Article\",\"@id\":\"https:\/\/www.icon-icon.com\/en\/comme-des-carres-the-collection-of-comme-des-garcons-hermes\/#article\",\"isPartOf\":{\"@id\":\"https:\/\/www.icon-icon.com\/en\/comme-des-carres-the-collection-of-comme-des-garcons-hermes\/\"},\"author\":{\"name\":\"Icon-Icon\",\"@id\":\"https:\/\/www.icon-icon.com\/#\/schema\/person\/e55d52fc3eb90f0f596d4040244e9e8a\"},\"headline\":\"Comme des Carr\u00e9s, the Collection of Comme des Garcons &#038; Herm\u00e8s\",\"datePublished\":\"2013-05-27T06:36:47+00:00\",\"dateModified\":\"2020-10-20T22:16:15+00:00\",\"mainEntityOfPage\":{\"@id\":\"https:\/\/www.icon-icon.com\/en\/comme-des-carres-the-collection-of-comme-des-garcons-hermes\/\"},\"wordCount\":176,\"commentCount\":0,\"image\":{\"@id\":\"https:\/\/www.icon-icon.com\/en\/comme-des-carres-the-collection-of-comme-des-garcons-hermes\/#primaryimage\"},\"thumbnailUrl\":\"https:\/\/www.icon-icon.com\/wp-content\/uploads\/2013\/05\/5107d8f3bc2e3.jpeg\",\"keywords\":[\"6-Fevrier-2013\",\"accessories\",\"Bali-Barret\",\"buy-carr\u00e9\",\"buy-carr\u00e9-herm\u00e8s\",\"carre\",\"carr\u00e9-herm\u00e8s-comme-des-gar\u00e7ons\",\"carr\u00e9-herm\u00e8s-kawakubo\",\"carr\u00e9-trends\",\"comme-des-garcons\",\"emblematic\",\"gift-carr\u00e9-birthday\",\"gift-carr\u00e9-valentines-day\",\"gift-scarf-luxury\",\"hermes\",\"hermes-scarf\",\"history\",\"icon-icon\",\"iconic\",\"last-carr\u00e9-herm\u00e8s\",\"last-scarf-herm\u00e8s\",\"luxury\",\"new-Scarf\",\"News\",\"news-carr\u00e9\",\"news-scarf\",\"Pegasus-Herm\u00e8s\",\"Rei-Kawakubo\",\"scarf\",\"trends\",\"which-carr\u00e9-herm\u00e8s\"],\"articleSection\":[\"Fashion &amp; accessories\"],\"inLanguage\":\"en-US\",\"potentialAction\":[{\"@type\":\"CommentAction\",\"name\":\"Comment\",\"target\":[\"https:\/\/www.icon-icon.com\/en\/comme-des-carres-the-collection-of-comme-des-garcons-hermes\/#respond\"]}]},{\"@type\":\"WebPage\",\"@id\":\"https:\/\/www.icon-icon.com\/en\/comme-des-carres-the-collection-of-comme-des-garcons-hermes\/\",\"url\":\"https:\/\/www.icon-icon.com\/en\/comme-des-carres-the-collection-of-comme-des-garcons-hermes\/\",\"name\":\"Comme des Carr\u00e9s, the Collection of Comme des Garcons & Herm\u00e8s - ICON-ICON\",\"isPartOf\":{\"@id\":\"https:\/\/www.icon-icon.com\/#website\"},\"primaryImageOfPage\":{\"@id\":\"https:\/\/www.icon-icon.com\/en\/comme-des-carres-the-collection-of-comme-des-garcons-hermes\/#primaryimage\"},\"image\":{\"@id\":\"https:\/\/www.icon-icon.com\/en\/comme-des-carres-the-collection-of-comme-des-garcons-hermes\/#primaryimage\"},\"thumbnailUrl\":\"https:\/\/www.icon-icon.com\/wp-content\/uploads\/2013\/05\/5107d8f3bc2e3.jpeg\",\"datePublished\":\"2013-05-27T06:36:47+00:00\",\"dateModified\":\"2020-10-20T22:16:15+00:00\",\"author\":{\"@id\":\"https:\/\/www.icon-icon.com\/#\/schema\/person\/e55d52fc3eb90f0f596d4040244e9e8a\"},\"breadcrumb\":{\"@id\":\"https:\/\/www.icon-icon.com\/en\/comme-des-carres-the-collection-of-comme-des-garcons-hermes\/#breadcrumb\"},\"inLanguage\":\"en-US\",\"potentialAction\":[{\"@type\":\"ReadAction\",\"target\":[\"https:\/\/www.icon-icon.com\/en\/comme-des-carres-the-collection-of-comme-des-garcons-hermes\/\"]}]},{\"@type\":\"ImageObject\",\"inLanguage\":\"en-US\",\"@id\":\"https:\/\/www.icon-icon.com\/en\/comme-des-carres-the-collection-of-comme-des-garcons-hermes\/#primaryimage\",\"url\":\"https:\/\/www.icon-icon.com\/wp-content\/uploads\/2013\/05\/5107d8f3bc2e3.jpeg\",\"contentUrl\":\"https:\/\/www.icon-icon.com\/wp-content\/uploads\/2013\/05\/5107d8f3bc2e3.jpeg\",\"width\":600,\"height\":450,\"caption\":\"5107d8f3bc2e3.jpeg\"},{\"@type\":\"BreadcrumbList\",\"@id\":\"https:\/\/www.icon-icon.com\/en\/comme-des-carres-the-collection-of-comme-des-garcons-hermes\/#breadcrumb\",\"itemListElement\":[{\"@type\":\"ListItem\",\"position\":1,\"name\":\"Accueil\",\"item\":\"https:\/\/www.icon-icon.com\/en\/\"},{\"@type\":\"ListItem\",\"position\":2,\"name\":\"Comme des Carr\u00e9s, the Collection of Comme des Garcons &#038; Herm\u00e8s\"}]},{\"@type\":\"WebSite\",\"@id\":\"https:\/\/www.icon-icon.com\/#website\",\"url\":\"https:\/\/www.icon-icon.com\/\",\"name\":\"ICON-ICON\",\"description\":\"Luxury Stories\",\"potentialAction\":[{\"@type\":\"SearchAction\",\"target\":{\"@type\":\"EntryPoint\",\"urlTemplate\":\"https:\/\/www.icon-icon.com\/?s={search_term_string}\"},\"query-input\":{\"@type\":\"PropertyValueSpecification\",\"valueRequired\":true,\"valueName\":\"search_term_string\"}}],\"inLanguage\":\"en-US\"},{\"@type\":\"Person\",\"@id\":\"https:\/\/www.icon-icon.com\/#\/schema\/person\/e55d52fc3eb90f0f596d4040244e9e8a\",\"name\":\"Icon-Icon\",\"image\":{\"@type\":\"ImageObject\",\"inLanguage\":\"en-US\",\"@id\":\"https:\/\/secure.gravatar.com\/avatar\/a805f008148faa69a17c7f0ea39c1c8fe7cf57667bd31c5e023987a404bf2748?s=96&d=mm&r=g\",\"url\":\"https:\/\/secure.gravatar.com\/avatar\/a805f008148faa69a17c7f0ea39c1c8fe7cf57667bd31c5e023987a404bf2748?s=96&d=mm&r=g\",\"contentUrl\":\"https:\/\/secure.gravatar.com\/avatar\/a805f008148faa69a17c7f0ea39c1c8fe7cf57667bd31c5e023987a404bf2748?s=96&d=mm&r=g\",\"caption\":\"Icon-Icon\"},\"url\":\"https:\/\/www.icon-icon.com\/en\/author\/icon\/\"}]}<\/script>\n<!-- \/ Yoast SEO plugin. -->","yoast_head_json":{"title":"Comme des Carr\u00e9s, the Collection of Comme des Garcons & Herm\u00e8s - ICON-ICON","robots":{"index":"index","follow":"follow","max-snippet":"max-snippet:-1","max-image-preview":"max-image-preview:large","max-video-preview":"max-video-preview:-1"},"canonical":"https:\/\/www.icon-icon.com\/en\/comme-des-carres-the-collection-of-comme-des-garcons-hermes\/","og_locale":"en_US","og_type":"article","og_title":"Comme des Carr\u00e9s, the Collection of Comme des Garcons & Herm\u00e8s - ICON-ICON","og_description":"A collision of two universes from opposite sides of the globe? The perfect occasion to remaster the carr\u00e9 scarf! Herm\u00e8s and Comme des Gar\u00e7ons are teaming up, with reverence for tradition and a few stipulations. It took three days for Rei Kawakubo, the brains of the Comme des Gar\u00e7ons operation, to accept Bali Barret\u2019s proposition....","og_url":"https:\/\/www.icon-icon.com\/en\/comme-des-carres-the-collection-of-comme-des-garcons-hermes\/","og_site_name":"ICON-ICON","article_published_time":"2013-05-27T06:36:47+00:00","article_modified_time":"2020-10-20T22:16:15+00:00","og_image":[{"width":600,"height":450,"url":"https:\/\/www.icon-icon.com\/wp-content\/uploads\/2013\/05\/5107d8f3bc2e3.jpeg","type":"image\/jpeg"}],"author":"Icon-Icon","twitter_card":"summary_large_image","twitter_misc":{"Written by":"Icon-Icon","Est. reading time":"1 minute"},"schema":{"@context":"https:\/\/schema.org","@graph":[{"@type":"Article","@id":"https:\/\/www.icon-icon.com\/en\/comme-des-carres-the-collection-of-comme-des-garcons-hermes\/#article","isPartOf":{"@id":"https:\/\/www.icon-icon.com\/en\/comme-des-carres-the-collection-of-comme-des-garcons-hermes\/"},"author":{"name":"Icon-Icon","@id":"https:\/\/www.icon-icon.com\/#\/schema\/person\/e55d52fc3eb90f0f596d4040244e9e8a"},"headline":"Comme des Carr\u00e9s, the Collection of Comme des Garcons &#038; Herm\u00e8s","datePublished":"2013-05-27T06:36:47+00:00","dateModified":"2020-10-20T22:16:15+00:00","mainEntityOfPage":{"@id":"https:\/\/www.icon-icon.com\/en\/comme-des-carres-the-collection-of-comme-des-garcons-hermes\/"},"wordCount":176,"commentCount":0,"image":{"@id":"https:\/\/www.icon-icon.com\/en\/comme-des-carres-the-collection-of-comme-des-garcons-hermes\/#primaryimage"},"thumbnailUrl":"https:\/\/www.icon-icon.com\/wp-content\/uploads\/2013\/05\/5107d8f3bc2e3.jpeg","keywords":["6-Fevrier-2013","accessories","Bali-Barret","buy-carr\u00e9","buy-carr\u00e9-herm\u00e8s","carre","carr\u00e9-herm\u00e8s-comme-des-gar\u00e7ons","carr\u00e9-herm\u00e8s-kawakubo","carr\u00e9-trends","comme-des-garcons","emblematic","gift-carr\u00e9-birthday","gift-carr\u00e9-valentines-day","gift-scarf-luxury","hermes","hermes-scarf","history","icon-icon","iconic","last-carr\u00e9-herm\u00e8s","last-scarf-herm\u00e8s","luxury","new-Scarf","News","news-carr\u00e9","news-scarf","Pegasus-Herm\u00e8s","Rei-Kawakubo","scarf","trends","which-carr\u00e9-herm\u00e8s"],"articleSection":["Fashion &amp; accessories"],"inLanguage":"en-US","potentialAction":[{"@type":"CommentAction","name":"Comment","target":["https:\/\/www.icon-icon.com\/en\/comme-des-carres-the-collection-of-comme-des-garcons-hermes\/#respond"]}]},{"@type":"WebPage","@id":"https:\/\/www.icon-icon.com\/en\/comme-des-carres-the-collection-of-comme-des-garcons-hermes\/","url":"https:\/\/www.icon-icon.com\/en\/comme-des-carres-the-collection-of-comme-des-garcons-hermes\/","name":"Comme des Carr\u00e9s, the Collection of Comme des Garcons & Herm\u00e8s - ICON-ICON","isPartOf":{"@id":"https:\/\/www.icon-icon.com\/#website"},"primaryImageOfPage":{"@id":"https:\/\/www.icon-icon.com\/en\/comme-des-carres-the-collection-of-comme-des-garcons-hermes\/#primaryimage"},"image":{"@id":"https:\/\/www.icon-icon.com\/en\/comme-des-carres-the-collection-of-comme-des-garcons-hermes\/#primaryimage"},"thumbnailUrl":"https:\/\/www.icon-icon.com\/wp-content\/uploads\/2013\/05\/5107d8f3bc2e3.jpeg","datePublished":"2013-05-27T06:36:47+00:00","dateModified":"2020-10-20T22:16:15+00:00","author":{"@id":"https:\/\/www.icon-icon.com\/#\/schema\/person\/e55d52fc3eb90f0f596d4040244e9e8a"},"breadcrumb":{"@id":"https:\/\/www.icon-icon.com\/en\/comme-des-carres-the-collection-of-comme-des-garcons-hermes\/#breadcrumb"},"inLanguage":"en-US","potentialAction":[{"@type":"ReadAction","target":["https:\/\/www.icon-icon.com\/en\/comme-des-carres-the-collection-of-comme-des-garcons-hermes\/"]}]},{"@type":"ImageObject","inLanguage":"en-US","@id":"https:\/\/www.icon-icon.com\/en\/comme-des-carres-the-collection-of-comme-des-garcons-hermes\/#primaryimage","url":"https:\/\/www.icon-icon.com\/wp-content\/uploads\/2013\/05\/5107d8f3bc2e3.jpeg","contentUrl":"https:\/\/www.icon-icon.com\/wp-content\/uploads\/2013\/05\/5107d8f3bc2e3.jpeg","width":600,"height":450,"caption":"5107d8f3bc2e3.jpeg"},{"@type":"BreadcrumbList","@id":"https:\/\/www.icon-icon.com\/en\/comme-des-carres-the-collection-of-comme-des-garcons-hermes\/#breadcrumb","itemListElement":[{"@type":"ListItem","position":1,"name":"Accueil","item":"https:\/\/www.icon-icon.com\/en\/"},{"@type":"ListItem","position":2,"name":"Comme des Carr\u00e9s, the Collection of Comme des Garcons &#038; Herm\u00e8s"}]},{"@type":"WebSite","@id":"https:\/\/www.icon-icon.com\/#website","url":"https:\/\/www.icon-icon.com\/","name":"ICON-ICON","description":"Luxury Stories","potentialAction":[{"@type":"SearchAction","target":{"@type":"EntryPoint","urlTemplate":"https:\/\/www.icon-icon.com\/?s={search_term_string}"},"query-input":{"@type":"PropertyValueSpecification","valueRequired":true,"valueName":"search_term_string"}}],"inLanguage":"en-US"},{"@type":"Person","@id":"https:\/\/www.icon-icon.com\/#\/schema\/person\/e55d52fc3eb90f0f596d4040244e9e8a","name":"Icon-Icon","image":{"@type":"ImageObject","inLanguage":"en-US","@id":"https:\/\/secure.gravatar.com\/avatar\/a805f008148faa69a17c7f0ea39c1c8fe7cf57667bd31c5e023987a404bf2748?s=96&d=mm&r=g","url":"https:\/\/secure.gravatar.com\/avatar\/a805f008148faa69a17c7f0ea39c1c8fe7cf57667bd31c5e023987a404bf2748?s=96&d=mm&r=g","contentUrl":"https:\/\/secure.gravatar.com\/avatar\/a805f008148faa69a17c7f0ea39c1c8fe7cf57667bd31c5e023987a404bf2748?s=96&d=mm&r=g","caption":"Icon-Icon"},"url":"https:\/\/www.icon-icon.com\/en\/author\/icon\/"}]}},"_links":{"self":[{"href":"https:\/\/www.icon-icon.com\/en\/wp-json\/wp\/v2\/posts\/3542","targetHints":{"allow":["GET"]}}],"collection":[{"href":"https:\/\/www.icon-icon.com\/en\/wp-json\/wp\/v2\/posts"}],"about":[{"href":"https:\/\/www.icon-icon.com\/en\/wp-json\/wp\/v2\/types\/post"}],"author":[{"embeddable":true,"href":"https:\/\/www.icon-icon.com\/en\/wp-json\/wp\/v2\/users\/3"}],"replies":[{"embeddable":true,"href":"https:\/\/www.icon-icon.com\/en\/wp-json\/wp\/v2\/comments?post=3542"}],"version-history":[{"count":1,"href":"https:\/\/www.icon-icon.com\/en\/wp-json\/wp\/v2\/posts\/3542\/revisions"}],"predecessor-version":[{"id":31922,"href":"https:\/\/www.icon-icon.com\/en\/wp-json\/wp\/v2\/posts\/3542\/revisions\/31922"}],"wp:featuredmedia":[{"embeddable":true,"href":"https:\/\/www.icon-icon.com\/en\/wp-json\/wp\/v2\/media\/3539"}],"wp:attachment":[{"href":"https:\/\/www.icon-icon.com\/en\/wp-json\/wp\/v2\/media?parent=3542"}],"wp:term":[{"taxonomy":"category","embeddable":true,"href":"https:\/\/www.icon-icon.com\/en\/wp-json\/wp\/v2\/categories?post=3542"},{"taxonomy":"post_tag","embeddable":true,"href":"https:\/\/www.icon-icon.com\/en\/wp-json\/wp\/v2\/tags?post=3542"}],"curies":[{"name":"wp","href":"https:\/\/api.w.org\/{rel}","templated":true}]}}