


{"id":341,"date":"2013-05-21T13:21:11","date_gmt":"2013-05-21T11:21:11","guid":{"rendered":"http:\/\/icon-vrai.loc\/2013\/05\/21\/momentarily-bouroullec\/"},"modified":"2020-10-21T00:19:13","modified_gmt":"2020-10-20T22:19:13","slug":"momentarily-bouroullec","status":"publish","type":"post","link":"https:\/\/www.icon-icon.com\/en\/momentarily-bouroullec\/","title":{"rendered":"Momentarily Bouroullec !"},"content":{"rendered":"<div><strong>Just for the occasion of the Bouroullec brothers\u2019 exhibit&nbsp;<em>Momentan\u00e9&nbsp;<\/em>(\u201cMomentarily\u201d) at Paris\u2019 Mus\u00e9e des Arts D\u00e9coratifs from April 26th to September 1st, let\u2019s take a look back at their incredible work within the school that formed them.<\/strong><\/div>\n<div>&nbsp;<\/div>\n<div>Before being all about Design, it was first all about family. Erwan and Ronan Bouroullec have been working as a family since 1998, which allows for a permanent dialogue, the very essence of their work. Inspired by Jasper Morrison, these two brothers\u2019 design is perceived as disciplined and poetic. Erwan said himself that their style is \u201cdeliberately simple with a humorous element.\u201d<\/div>\n<div>&nbsp;<\/div>\n<div>Preachers of accessible design, ergonomics with ludic materials, they are constantly in search of a flexible space that can adapt itself to the needs of each and every one with an ever simple and functional style.&nbsp;Visitors will be able to test out the ergonomics of select pieces by having a dialogue between themselves, separated by a new curtain system simply called the \u201cReady Made Curtain\u201d. That\u2019s right, the very essence of Bouroullec design is to redefine space. \u201cWe always felt that furniture could help to define a space.\u201d<\/div>\n<div>&nbsp;<\/div>\n<div>Excepting a few impressive installations, the creation process is revealed to us throughout this exhibit with sketches, videos, and photos. The important role of drawings in the life of a designer is highlighted. 2013 promises to be a fruitful year for the brothers Bouroullec with two books of sketches and an iPad app of notebooks and abstract designs.<\/div>\n<div>&nbsp;<\/div>\n<div>This exhibit will most likely make you want to move your furniture around.<\/div>\n<div>&nbsp;<br \/>\n&nbsp;<\/div>\n<div>Mus\u00e9e des Arts D\u00e9coratifs de Paris<\/div>\n<div>From 26th April to 1st September 2013<\/p>\n<p>Address: 107 rue, de Rivoli, 75 001 Paris&nbsp;<br \/>\nPhone Cal: 01 44 55 57 50<\/div>\n","protected":false},"excerpt":{"rendered":"<p>Just for the occasion of the Bouroullec brothers\u2019 exhibit&nbsp;Momentan\u00e9&nbsp;(\u201cMomentarily\u201d) at Paris\u2019 Mus\u00e9e des Arts D\u00e9coratifs from April 26th to September 1st, let\u2019s take a look back at their incredible work within the school that formed them. &nbsp; Before being all about Design, it was first all about family. Erwan and Ronan Bouroullec have been working&#8230;<\/p>\n","protected":false},"author":3,"featured_media":337,"comment_status":"open","ping_status":"open","sticky":false,"template":"","format":"standard","meta":{"_acf_changed":false,"footnotes":""},"categories":[26],"tags":[1461,1467,1465,1468,1464,1462,1466,1463],"class_list":["post-341","post","type-post","status-publish","format-standard","has-post-thumbnail","hentry","category-design-art","tag-application-ipad","tag-arts-decoratifs","tag-erwan","tag-exposition-momentane","tag-freres-bouroullec","tag-jasper-morrison","tag-paris","tag-ronan"],"acf":[],"yoast_head":"<!-- This site is optimized with the Yoast SEO plugin v27.2 - https:\/\/yoast.com\/product\/yoast-seo-wordpress\/ -->\n<title>Momentarily Bouroullec ! - ICON-ICON<\/title>\n<meta name=\"robots\" content=\"index, follow, max-snippet:-1, max-image-preview:large, max-video-preview:-1\" \/>\n<link rel=\"canonical\" href=\"http:\/\/www.icon-icon.com\/en\/momentarily-bouroullec\/\" \/>\n<meta property=\"og:locale\" content=\"en_US\" \/>\n<meta property=\"og:type\" content=\"article\" \/>\n<meta property=\"og:title\" content=\"Momentarily Bouroullec ! - ICON-ICON\" \/>\n<meta property=\"og:description\" content=\"Just for the occasion of the Bouroullec brothers\u2019 exhibit&nbsp;Momentan\u00e9&nbsp;(\u201cMomentarily\u201d) at Paris\u2019 Mus\u00e9e des Arts D\u00e9coratifs from April 26th to September 1st, let\u2019s take a look back at their incredible work within the school that formed them. &nbsp; Before being all about Design, it was first all about family. Erwan and Ronan Bouroullec have been working...\" \/>\n<meta property=\"og:url\" content=\"http:\/\/www.icon-icon.com\/en\/momentarily-bouroullec\/\" \/>\n<meta property=\"og:site_name\" content=\"ICON-ICON\" \/>\n<meta property=\"article:published_time\" content=\"2013-05-21T11:21:11+00:00\" \/>\n<meta property=\"article:modified_time\" content=\"2020-10-20T22:19:13+00:00\" \/>\n<meta property=\"og:image\" content=\"http:\/\/www.icon-icon.com\/wp-content\/uploads\/2013\/05\/posts-76.jpg\" \/>\n\t<meta property=\"og:image:width\" content=\"650\" \/>\n\t<meta property=\"og:image:height\" content=\"221\" \/>\n\t<meta property=\"og:image:type\" content=\"image\/jpeg\" \/>\n<meta name=\"author\" content=\"Icon-Icon\" \/>\n<meta name=\"twitter:card\" content=\"summary_large_image\" \/>\n<meta name=\"twitter:label1\" content=\"Written by\" \/>\n\t<meta name=\"twitter:data1\" content=\"Icon-Icon\" \/>\n\t<meta name=\"twitter:label2\" content=\"Est. reading time\" \/>\n\t<meta name=\"twitter:data2\" content=\"1 minute\" \/>\n<script type=\"application\/ld+json\" class=\"yoast-schema-graph\">{\"@context\":\"https:\/\/schema.org\",\"@graph\":[{\"@type\":\"Article\",\"@id\":\"http:\/\/www.icon-icon.com\/en\/momentarily-bouroullec\/#article\",\"isPartOf\":{\"@id\":\"http:\/\/www.icon-icon.com\/en\/momentarily-bouroullec\/\"},\"author\":{\"name\":\"Icon-Icon\",\"@id\":\"https:\/\/www.icon-icon.com\/#\/schema\/person\/e55d52fc3eb90f0f596d4040244e9e8a\"},\"headline\":\"Momentarily Bouroullec !\",\"datePublished\":\"2013-05-21T11:21:11+00:00\",\"dateModified\":\"2020-10-20T22:19:13+00:00\",\"mainEntityOfPage\":{\"@id\":\"http:\/\/www.icon-icon.com\/en\/momentarily-bouroullec\/\"},\"wordCount\":295,\"commentCount\":0,\"image\":{\"@id\":\"http:\/\/www.icon-icon.com\/en\/momentarily-bouroullec\/#primaryimage\"},\"thumbnailUrl\":\"https:\/\/www.icon-icon.com\/wp-content\/uploads\/2013\/05\/posts-76.jpg\",\"keywords\":[\"Application-Ipad\",\"Arts-D\u00e9coratifs\",\"Erwan\",\"Exposition-Momentan\u00e9\",\"Fr\u00e8res-Bouroullec\",\"Jasper-Morrison\",\"Paris\",\"Ronan\"],\"articleSection\":[\"Design &amp; Art\"],\"inLanguage\":\"en-US\",\"potentialAction\":[{\"@type\":\"CommentAction\",\"name\":\"Comment\",\"target\":[\"http:\/\/www.icon-icon.com\/en\/momentarily-bouroullec\/#respond\"]}]},{\"@type\":\"WebPage\",\"@id\":\"http:\/\/www.icon-icon.com\/en\/momentarily-bouroullec\/\",\"url\":\"http:\/\/www.icon-icon.com\/en\/momentarily-bouroullec\/\",\"name\":\"Momentarily Bouroullec ! - ICON-ICON\",\"isPartOf\":{\"@id\":\"https:\/\/www.icon-icon.com\/#website\"},\"primaryImageOfPage\":{\"@id\":\"http:\/\/www.icon-icon.com\/en\/momentarily-bouroullec\/#primaryimage\"},\"image\":{\"@id\":\"http:\/\/www.icon-icon.com\/en\/momentarily-bouroullec\/#primaryimage\"},\"thumbnailUrl\":\"https:\/\/www.icon-icon.com\/wp-content\/uploads\/2013\/05\/posts-76.jpg\",\"datePublished\":\"2013-05-21T11:21:11+00:00\",\"dateModified\":\"2020-10-20T22:19:13+00:00\",\"author\":{\"@id\":\"https:\/\/www.icon-icon.com\/#\/schema\/person\/e55d52fc3eb90f0f596d4040244e9e8a\"},\"breadcrumb\":{\"@id\":\"http:\/\/www.icon-icon.com\/en\/momentarily-bouroullec\/#breadcrumb\"},\"inLanguage\":\"en-US\",\"potentialAction\":[{\"@type\":\"ReadAction\",\"target\":[\"http:\/\/www.icon-icon.com\/en\/momentarily-bouroullec\/\"]}]},{\"@type\":\"ImageObject\",\"inLanguage\":\"en-US\",\"@id\":\"http:\/\/www.icon-icon.com\/en\/momentarily-bouroullec\/#primaryimage\",\"url\":\"https:\/\/www.icon-icon.com\/wp-content\/uploads\/2013\/05\/posts-76.jpg\",\"contentUrl\":\"https:\/\/www.icon-icon.com\/wp-content\/uploads\/2013\/05\/posts-76.jpg\",\"width\":650,\"height\":221,\"caption\":\"posts-76.jpg\"},{\"@type\":\"BreadcrumbList\",\"@id\":\"http:\/\/www.icon-icon.com\/en\/momentarily-bouroullec\/#breadcrumb\",\"itemListElement\":[{\"@type\":\"ListItem\",\"position\":1,\"name\":\"Accueil\",\"item\":\"https:\/\/www.icon-icon.com\/en\/\"},{\"@type\":\"ListItem\",\"position\":2,\"name\":\"Momentarily Bouroullec !\"}]},{\"@type\":\"WebSite\",\"@id\":\"https:\/\/www.icon-icon.com\/#website\",\"url\":\"https:\/\/www.icon-icon.com\/\",\"name\":\"ICON-ICON\",\"description\":\"Luxury Stories\",\"potentialAction\":[{\"@type\":\"SearchAction\",\"target\":{\"@type\":\"EntryPoint\",\"urlTemplate\":\"https:\/\/www.icon-icon.com\/?s={search_term_string}\"},\"query-input\":{\"@type\":\"PropertyValueSpecification\",\"valueRequired\":true,\"valueName\":\"search_term_string\"}}],\"inLanguage\":\"en-US\"},{\"@type\":\"Person\",\"@id\":\"https:\/\/www.icon-icon.com\/#\/schema\/person\/e55d52fc3eb90f0f596d4040244e9e8a\",\"name\":\"Icon-Icon\",\"image\":{\"@type\":\"ImageObject\",\"inLanguage\":\"en-US\",\"@id\":\"https:\/\/secure.gravatar.com\/avatar\/a805f008148faa69a17c7f0ea39c1c8fe7cf57667bd31c5e023987a404bf2748?s=96&d=mm&r=g\",\"url\":\"https:\/\/secure.gravatar.com\/avatar\/a805f008148faa69a17c7f0ea39c1c8fe7cf57667bd31c5e023987a404bf2748?s=96&d=mm&r=g\",\"contentUrl\":\"https:\/\/secure.gravatar.com\/avatar\/a805f008148faa69a17c7f0ea39c1c8fe7cf57667bd31c5e023987a404bf2748?s=96&d=mm&r=g\",\"caption\":\"Icon-Icon\"},\"url\":\"https:\/\/www.icon-icon.com\/en\/author\/icon\/\"}]}<\/script>\n<!-- \/ Yoast SEO plugin. -->","yoast_head_json":{"title":"Momentarily Bouroullec ! - ICON-ICON","robots":{"index":"index","follow":"follow","max-snippet":"max-snippet:-1","max-image-preview":"max-image-preview:large","max-video-preview":"max-video-preview:-1"},"canonical":"http:\/\/www.icon-icon.com\/en\/momentarily-bouroullec\/","og_locale":"en_US","og_type":"article","og_title":"Momentarily Bouroullec ! - ICON-ICON","og_description":"Just for the occasion of the Bouroullec brothers\u2019 exhibit&nbsp;Momentan\u00e9&nbsp;(\u201cMomentarily\u201d) at Paris\u2019 Mus\u00e9e des Arts D\u00e9coratifs from April 26th to September 1st, let\u2019s take a look back at their incredible work within the school that formed them. &nbsp; Before being all about Design, it was first all about family. Erwan and Ronan Bouroullec have been working...","og_url":"http:\/\/www.icon-icon.com\/en\/momentarily-bouroullec\/","og_site_name":"ICON-ICON","article_published_time":"2013-05-21T11:21:11+00:00","article_modified_time":"2020-10-20T22:19:13+00:00","og_image":[{"width":650,"height":221,"url":"http:\/\/www.icon-icon.com\/wp-content\/uploads\/2013\/05\/posts-76.jpg","type":"image\/jpeg"}],"author":"Icon-Icon","twitter_card":"summary_large_image","twitter_misc":{"Written by":"Icon-Icon","Est. reading time":"1 minute"},"schema":{"@context":"https:\/\/schema.org","@graph":[{"@type":"Article","@id":"http:\/\/www.icon-icon.com\/en\/momentarily-bouroullec\/#article","isPartOf":{"@id":"http:\/\/www.icon-icon.com\/en\/momentarily-bouroullec\/"},"author":{"name":"Icon-Icon","@id":"https:\/\/www.icon-icon.com\/#\/schema\/person\/e55d52fc3eb90f0f596d4040244e9e8a"},"headline":"Momentarily Bouroullec !","datePublished":"2013-05-21T11:21:11+00:00","dateModified":"2020-10-20T22:19:13+00:00","mainEntityOfPage":{"@id":"http:\/\/www.icon-icon.com\/en\/momentarily-bouroullec\/"},"wordCount":295,"commentCount":0,"image":{"@id":"http:\/\/www.icon-icon.com\/en\/momentarily-bouroullec\/#primaryimage"},"thumbnailUrl":"https:\/\/www.icon-icon.com\/wp-content\/uploads\/2013\/05\/posts-76.jpg","keywords":["Application-Ipad","Arts-D\u00e9coratifs","Erwan","Exposition-Momentan\u00e9","Fr\u00e8res-Bouroullec","Jasper-Morrison","Paris","Ronan"],"articleSection":["Design &amp; Art"],"inLanguage":"en-US","potentialAction":[{"@type":"CommentAction","name":"Comment","target":["http:\/\/www.icon-icon.com\/en\/momentarily-bouroullec\/#respond"]}]},{"@type":"WebPage","@id":"http:\/\/www.icon-icon.com\/en\/momentarily-bouroullec\/","url":"http:\/\/www.icon-icon.com\/en\/momentarily-bouroullec\/","name":"Momentarily Bouroullec ! - ICON-ICON","isPartOf":{"@id":"https:\/\/www.icon-icon.com\/#website"},"primaryImageOfPage":{"@id":"http:\/\/www.icon-icon.com\/en\/momentarily-bouroullec\/#primaryimage"},"image":{"@id":"http:\/\/www.icon-icon.com\/en\/momentarily-bouroullec\/#primaryimage"},"thumbnailUrl":"https:\/\/www.icon-icon.com\/wp-content\/uploads\/2013\/05\/posts-76.jpg","datePublished":"2013-05-21T11:21:11+00:00","dateModified":"2020-10-20T22:19:13+00:00","author":{"@id":"https:\/\/www.icon-icon.com\/#\/schema\/person\/e55d52fc3eb90f0f596d4040244e9e8a"},"breadcrumb":{"@id":"http:\/\/www.icon-icon.com\/en\/momentarily-bouroullec\/#breadcrumb"},"inLanguage":"en-US","potentialAction":[{"@type":"ReadAction","target":["http:\/\/www.icon-icon.com\/en\/momentarily-bouroullec\/"]}]},{"@type":"ImageObject","inLanguage":"en-US","@id":"http:\/\/www.icon-icon.com\/en\/momentarily-bouroullec\/#primaryimage","url":"https:\/\/www.icon-icon.com\/wp-content\/uploads\/2013\/05\/posts-76.jpg","contentUrl":"https:\/\/www.icon-icon.com\/wp-content\/uploads\/2013\/05\/posts-76.jpg","width":650,"height":221,"caption":"posts-76.jpg"},{"@type":"BreadcrumbList","@id":"http:\/\/www.icon-icon.com\/en\/momentarily-bouroullec\/#breadcrumb","itemListElement":[{"@type":"ListItem","position":1,"name":"Accueil","item":"https:\/\/www.icon-icon.com\/en\/"},{"@type":"ListItem","position":2,"name":"Momentarily Bouroullec !"}]},{"@type":"WebSite","@id":"https:\/\/www.icon-icon.com\/#website","url":"https:\/\/www.icon-icon.com\/","name":"ICON-ICON","description":"Luxury Stories","potentialAction":[{"@type":"SearchAction","target":{"@type":"EntryPoint","urlTemplate":"https:\/\/www.icon-icon.com\/?s={search_term_string}"},"query-input":{"@type":"PropertyValueSpecification","valueRequired":true,"valueName":"search_term_string"}}],"inLanguage":"en-US"},{"@type":"Person","@id":"https:\/\/www.icon-icon.com\/#\/schema\/person\/e55d52fc3eb90f0f596d4040244e9e8a","name":"Icon-Icon","image":{"@type":"ImageObject","inLanguage":"en-US","@id":"https:\/\/secure.gravatar.com\/avatar\/a805f008148faa69a17c7f0ea39c1c8fe7cf57667bd31c5e023987a404bf2748?s=96&d=mm&r=g","url":"https:\/\/secure.gravatar.com\/avatar\/a805f008148faa69a17c7f0ea39c1c8fe7cf57667bd31c5e023987a404bf2748?s=96&d=mm&r=g","contentUrl":"https:\/\/secure.gravatar.com\/avatar\/a805f008148faa69a17c7f0ea39c1c8fe7cf57667bd31c5e023987a404bf2748?s=96&d=mm&r=g","caption":"Icon-Icon"},"url":"https:\/\/www.icon-icon.com\/en\/author\/icon\/"}]}},"_links":{"self":[{"href":"https:\/\/www.icon-icon.com\/en\/wp-json\/wp\/v2\/posts\/341","targetHints":{"allow":["GET"]}}],"collection":[{"href":"https:\/\/www.icon-icon.com\/en\/wp-json\/wp\/v2\/posts"}],"about":[{"href":"https:\/\/www.icon-icon.com\/en\/wp-json\/wp\/v2\/types\/post"}],"author":[{"embeddable":true,"href":"https:\/\/www.icon-icon.com\/en\/wp-json\/wp\/v2\/users\/3"}],"replies":[{"embeddable":true,"href":"https:\/\/www.icon-icon.com\/en\/wp-json\/wp\/v2\/comments?post=341"}],"version-history":[{"count":1,"href":"https:\/\/www.icon-icon.com\/en\/wp-json\/wp\/v2\/posts\/341\/revisions"}],"predecessor-version":[{"id":34429,"href":"https:\/\/www.icon-icon.com\/en\/wp-json\/wp\/v2\/posts\/341\/revisions\/34429"}],"wp:featuredmedia":[{"embeddable":true,"href":"https:\/\/www.icon-icon.com\/en\/wp-json\/wp\/v2\/media\/337"}],"wp:attachment":[{"href":"https:\/\/www.icon-icon.com\/en\/wp-json\/wp\/v2\/media?parent=341"}],"wp:term":[{"taxonomy":"category","embeddable":true,"href":"https:\/\/www.icon-icon.com\/en\/wp-json\/wp\/v2\/categories?post=341"},{"taxonomy":"post_tag","embeddable":true,"href":"https:\/\/www.icon-icon.com\/en\/wp-json\/wp\/v2\/tags?post=341"}],"curies":[{"name":"wp","href":"https:\/\/api.w.org\/{rel}","templated":true}]}}