


{"id":3123,"date":"2013-05-26T17:43:35","date_gmt":"2013-05-26T15:43:35","guid":{"rendered":"http:\/\/icon-vrai.loc\/2013\/05\/26\/the-invitation-to-travel-by-louis-vuitton\/"},"modified":"2020-10-21T00:16:35","modified_gmt":"2020-10-20T22:16:35","slug":"the-invitation-to-travel-by-louis-vuitton","status":"publish","type":"post","link":"https:\/\/www.icon-icon.com\/en\/the-invitation-to-travel-by-louis-vuitton\/","title":{"rendered":"The Invitation to Travel by Louis Vuitton"},"content":{"rendered":"<p>The space of an autumn winter fashion show for 2012-2013 had Louis Vuitton plunging into its origins. During a show centered around a steam locomotive parked in the courtyard of the Louvre then mutated into a railway platform, the trunk was put in the spotlight.<\/p>\n<p>The original piece is emblematic, iconic, and immediately associated with the name of Louis Vuitton. One imagines the feelings of the bustling atmosphere of the Orient Express. And this winter, he devotes a short film to the house perpetuating a kaleidoscopic myth. It shows the different elements of trunks to assemble and fly all driven by two-time electronic music. Alternating between past and present, dressed and undressed, this video symbolizes to reveal the essence, without revealing all.<\/p>\n","protected":false},"excerpt":{"rendered":"<p>The space of an autumn winter fashion show for 2012-2013 had Louis Vuitton plunging into its origins. During a show centered around a steam locomotive parked in the courtyard of the Louvre then mutated into a railway platform, the trunk was put in the spotlight. The original piece is emblematic, iconic, and immediately associated with&#8230;<\/p>\n","protected":false},"author":3,"featured_media":0,"comment_status":"open","ping_status":"open","sticky":false,"template":"","format":"standard","meta":{"_acf_changed":false,"footnotes":""},"categories":[32,6,21346],"tags":[7366,7367,7375,5901,7373,65,35,63,7370,1359,7377,64,7374,7371,7369,84,3209,7368,7372,7376,828,1283,3716,1247,1488],"class_list":["post-3123","post","type-post","status-publish","format-standard","hentry","category-fashion-accessories","category-ready-to-wear","category-pret-a-porter-2-en","tag-automne-hiver-2012-2013","tag-cadeau-louis-vuitton","tag-cadeau-malle","tag-cadeau-saint-valentin","tag-cadeau-saint-valentin-malle","tag-emblematique","tag-icon-icon","tag-icone","tag-icone-louis-vuitton","tag-louis-vuitton","tag-louvre","tag-luxe","tag-malle-a-acheter","tag-malle-louis-vuitton","tag-malle-vuitton","tag-mode","tag-musee-du-louvre","tag-naissance-malle-louis-vuitton","tag-orient-express","tag-origine-malle-louis-vuitton","tag-tendance","tag-tendances","tag-video","tag-vogue","tag-vuitton"],"acf":[],"yoast_head":"<!-- This site is optimized with the Yoast SEO plugin v27.2 - https:\/\/yoast.com\/product\/yoast-seo-wordpress\/ -->\n<title>The Invitation to Travel by Louis Vuitton - ICON-ICON<\/title>\n<meta name=\"robots\" content=\"index, follow, max-snippet:-1, max-image-preview:large, max-video-preview:-1\" \/>\n<link rel=\"canonical\" href=\"http:\/\/www.icon-icon.com\/en\/the-invitation-to-travel-by-louis-vuitton\/\" \/>\n<meta property=\"og:locale\" content=\"en_US\" \/>\n<meta property=\"og:type\" content=\"article\" \/>\n<meta property=\"og:title\" content=\"The Invitation to Travel by Louis Vuitton - ICON-ICON\" \/>\n<meta property=\"og:description\" content=\"The space of an autumn winter fashion show for 2012-2013 had Louis Vuitton plunging into its origins. During a show centered around a steam locomotive parked in the courtyard of the Louvre then mutated into a railway platform, the trunk was put in the spotlight. The original piece is emblematic, iconic, and immediately associated with...\" \/>\n<meta property=\"og:url\" content=\"http:\/\/www.icon-icon.com\/en\/the-invitation-to-travel-by-louis-vuitton\/\" \/>\n<meta property=\"og:site_name\" content=\"ICON-ICON\" \/>\n<meta property=\"article:published_time\" content=\"2013-05-26T15:43:35+00:00\" \/>\n<meta property=\"article:modified_time\" content=\"2020-10-20T22:16:35+00:00\" \/>\n<meta name=\"author\" content=\"Icon-Icon\" \/>\n<meta name=\"twitter:card\" content=\"summary_large_image\" \/>\n<meta name=\"twitter:label1\" content=\"Written by\" \/>\n\t<meta name=\"twitter:data1\" content=\"Icon-Icon\" \/>\n\t<meta name=\"twitter:label2\" content=\"Est. reading time\" \/>\n\t<meta name=\"twitter:data2\" content=\"1 minute\" \/>\n<script type=\"application\/ld+json\" class=\"yoast-schema-graph\">{\"@context\":\"https:\/\/schema.org\",\"@graph\":[{\"@type\":\"Article\",\"@id\":\"http:\/\/www.icon-icon.com\/en\/the-invitation-to-travel-by-louis-vuitton\/#article\",\"isPartOf\":{\"@id\":\"http:\/\/www.icon-icon.com\/en\/the-invitation-to-travel-by-louis-vuitton\/\"},\"author\":{\"name\":\"Icon-Icon\",\"@id\":\"https:\/\/www.icon-icon.com\/#\/schema\/person\/e55d52fc3eb90f0f596d4040244e9e8a\"},\"headline\":\"The Invitation to Travel by Louis Vuitton\",\"datePublished\":\"2013-05-26T15:43:35+00:00\",\"dateModified\":\"2020-10-20T22:16:35+00:00\",\"mainEntityOfPage\":{\"@id\":\"http:\/\/www.icon-icon.com\/en\/the-invitation-to-travel-by-louis-vuitton\/\"},\"wordCount\":129,\"commentCount\":0,\"keywords\":[\"Automne-Hiver-2012-2013\",\"cadeau-louis-vuitton\",\"cadeau-malle\",\"cadeau-saint-valentin\",\"cadeau-saint-valentin-malle\",\"embl\u00e9matique\",\"icon-icon\",\"icone\",\"ic\u00f4ne-louis-vuitton\",\"Louis Vuitton\",\"Louvre\",\"luxe\",\"malle-\u00e0-acheter\",\"malle-louis-vuitton\",\"malle-vuitton\",\"mode\",\"Mus\u00e9e-du-Louvre\",\"naissance-malle-louis-vuitton\",\"Orient-Express\",\"origine-malle-louis-vuitton\",\"tendance-\",\"tendances\",\"vid\u00e9o\",\"vogue\",\"vuitton\"],\"articleSection\":[\"Fashion &amp; accessories\",\"Ready To Wear\",\"Ready to wear\"],\"inLanguage\":\"en-US\",\"potentialAction\":[{\"@type\":\"CommentAction\",\"name\":\"Comment\",\"target\":[\"http:\/\/www.icon-icon.com\/en\/the-invitation-to-travel-by-louis-vuitton\/#respond\"]}]},{\"@type\":\"WebPage\",\"@id\":\"http:\/\/www.icon-icon.com\/en\/the-invitation-to-travel-by-louis-vuitton\/\",\"url\":\"http:\/\/www.icon-icon.com\/en\/the-invitation-to-travel-by-louis-vuitton\/\",\"name\":\"The Invitation to Travel by Louis Vuitton - ICON-ICON\",\"isPartOf\":{\"@id\":\"https:\/\/www.icon-icon.com\/#website\"},\"datePublished\":\"2013-05-26T15:43:35+00:00\",\"dateModified\":\"2020-10-20T22:16:35+00:00\",\"author\":{\"@id\":\"https:\/\/www.icon-icon.com\/#\/schema\/person\/e55d52fc3eb90f0f596d4040244e9e8a\"},\"breadcrumb\":{\"@id\":\"http:\/\/www.icon-icon.com\/en\/the-invitation-to-travel-by-louis-vuitton\/#breadcrumb\"},\"inLanguage\":\"en-US\",\"potentialAction\":[{\"@type\":\"ReadAction\",\"target\":[\"http:\/\/www.icon-icon.com\/en\/the-invitation-to-travel-by-louis-vuitton\/\"]}]},{\"@type\":\"BreadcrumbList\",\"@id\":\"http:\/\/www.icon-icon.com\/en\/the-invitation-to-travel-by-louis-vuitton\/#breadcrumb\",\"itemListElement\":[{\"@type\":\"ListItem\",\"position\":1,\"name\":\"Accueil\",\"item\":\"https:\/\/www.icon-icon.com\/en\/\"},{\"@type\":\"ListItem\",\"position\":2,\"name\":\"The Invitation to Travel by Louis Vuitton\"}]},{\"@type\":\"WebSite\",\"@id\":\"https:\/\/www.icon-icon.com\/#website\",\"url\":\"https:\/\/www.icon-icon.com\/\",\"name\":\"ICON-ICON\",\"description\":\"Luxury Stories\",\"potentialAction\":[{\"@type\":\"SearchAction\",\"target\":{\"@type\":\"EntryPoint\",\"urlTemplate\":\"https:\/\/www.icon-icon.com\/?s={search_term_string}\"},\"query-input\":{\"@type\":\"PropertyValueSpecification\",\"valueRequired\":true,\"valueName\":\"search_term_string\"}}],\"inLanguage\":\"en-US\"},{\"@type\":\"Person\",\"@id\":\"https:\/\/www.icon-icon.com\/#\/schema\/person\/e55d52fc3eb90f0f596d4040244e9e8a\",\"name\":\"Icon-Icon\",\"image\":{\"@type\":\"ImageObject\",\"inLanguage\":\"en-US\",\"@id\":\"https:\/\/secure.gravatar.com\/avatar\/a805f008148faa69a17c7f0ea39c1c8fe7cf57667bd31c5e023987a404bf2748?s=96&d=mm&r=g\",\"url\":\"https:\/\/secure.gravatar.com\/avatar\/a805f008148faa69a17c7f0ea39c1c8fe7cf57667bd31c5e023987a404bf2748?s=96&d=mm&r=g\",\"contentUrl\":\"https:\/\/secure.gravatar.com\/avatar\/a805f008148faa69a17c7f0ea39c1c8fe7cf57667bd31c5e023987a404bf2748?s=96&d=mm&r=g\",\"caption\":\"Icon-Icon\"},\"url\":\"https:\/\/www.icon-icon.com\/en\/author\/icon\/\"}]}<\/script>\n<!-- \/ Yoast SEO plugin. -->","yoast_head_json":{"title":"The Invitation to Travel by Louis Vuitton - ICON-ICON","robots":{"index":"index","follow":"follow","max-snippet":"max-snippet:-1","max-image-preview":"max-image-preview:large","max-video-preview":"max-video-preview:-1"},"canonical":"http:\/\/www.icon-icon.com\/en\/the-invitation-to-travel-by-louis-vuitton\/","og_locale":"en_US","og_type":"article","og_title":"The Invitation to Travel by Louis Vuitton - ICON-ICON","og_description":"The space of an autumn winter fashion show for 2012-2013 had Louis Vuitton plunging into its origins. During a show centered around a steam locomotive parked in the courtyard of the Louvre then mutated into a railway platform, the trunk was put in the spotlight. The original piece is emblematic, iconic, and immediately associated with...","og_url":"http:\/\/www.icon-icon.com\/en\/the-invitation-to-travel-by-louis-vuitton\/","og_site_name":"ICON-ICON","article_published_time":"2013-05-26T15:43:35+00:00","article_modified_time":"2020-10-20T22:16:35+00:00","author":"Icon-Icon","twitter_card":"summary_large_image","twitter_misc":{"Written by":"Icon-Icon","Est. reading time":"1 minute"},"schema":{"@context":"https:\/\/schema.org","@graph":[{"@type":"Article","@id":"http:\/\/www.icon-icon.com\/en\/the-invitation-to-travel-by-louis-vuitton\/#article","isPartOf":{"@id":"http:\/\/www.icon-icon.com\/en\/the-invitation-to-travel-by-louis-vuitton\/"},"author":{"name":"Icon-Icon","@id":"https:\/\/www.icon-icon.com\/#\/schema\/person\/e55d52fc3eb90f0f596d4040244e9e8a"},"headline":"The Invitation to Travel by Louis Vuitton","datePublished":"2013-05-26T15:43:35+00:00","dateModified":"2020-10-20T22:16:35+00:00","mainEntityOfPage":{"@id":"http:\/\/www.icon-icon.com\/en\/the-invitation-to-travel-by-louis-vuitton\/"},"wordCount":129,"commentCount":0,"keywords":["Automne-Hiver-2012-2013","cadeau-louis-vuitton","cadeau-malle","cadeau-saint-valentin","cadeau-saint-valentin-malle","embl\u00e9matique","icon-icon","icone","ic\u00f4ne-louis-vuitton","Louis Vuitton","Louvre","luxe","malle-\u00e0-acheter","malle-louis-vuitton","malle-vuitton","mode","Mus\u00e9e-du-Louvre","naissance-malle-louis-vuitton","Orient-Express","origine-malle-louis-vuitton","tendance-","tendances","vid\u00e9o","vogue","vuitton"],"articleSection":["Fashion &amp; accessories","Ready To Wear","Ready to wear"],"inLanguage":"en-US","potentialAction":[{"@type":"CommentAction","name":"Comment","target":["http:\/\/www.icon-icon.com\/en\/the-invitation-to-travel-by-louis-vuitton\/#respond"]}]},{"@type":"WebPage","@id":"http:\/\/www.icon-icon.com\/en\/the-invitation-to-travel-by-louis-vuitton\/","url":"http:\/\/www.icon-icon.com\/en\/the-invitation-to-travel-by-louis-vuitton\/","name":"The Invitation to Travel by Louis Vuitton - ICON-ICON","isPartOf":{"@id":"https:\/\/www.icon-icon.com\/#website"},"datePublished":"2013-05-26T15:43:35+00:00","dateModified":"2020-10-20T22:16:35+00:00","author":{"@id":"https:\/\/www.icon-icon.com\/#\/schema\/person\/e55d52fc3eb90f0f596d4040244e9e8a"},"breadcrumb":{"@id":"http:\/\/www.icon-icon.com\/en\/the-invitation-to-travel-by-louis-vuitton\/#breadcrumb"},"inLanguage":"en-US","potentialAction":[{"@type":"ReadAction","target":["http:\/\/www.icon-icon.com\/en\/the-invitation-to-travel-by-louis-vuitton\/"]}]},{"@type":"BreadcrumbList","@id":"http:\/\/www.icon-icon.com\/en\/the-invitation-to-travel-by-louis-vuitton\/#breadcrumb","itemListElement":[{"@type":"ListItem","position":1,"name":"Accueil","item":"https:\/\/www.icon-icon.com\/en\/"},{"@type":"ListItem","position":2,"name":"The Invitation to Travel by Louis Vuitton"}]},{"@type":"WebSite","@id":"https:\/\/www.icon-icon.com\/#website","url":"https:\/\/www.icon-icon.com\/","name":"ICON-ICON","description":"Luxury Stories","potentialAction":[{"@type":"SearchAction","target":{"@type":"EntryPoint","urlTemplate":"https:\/\/www.icon-icon.com\/?s={search_term_string}"},"query-input":{"@type":"PropertyValueSpecification","valueRequired":true,"valueName":"search_term_string"}}],"inLanguage":"en-US"},{"@type":"Person","@id":"https:\/\/www.icon-icon.com\/#\/schema\/person\/e55d52fc3eb90f0f596d4040244e9e8a","name":"Icon-Icon","image":{"@type":"ImageObject","inLanguage":"en-US","@id":"https:\/\/secure.gravatar.com\/avatar\/a805f008148faa69a17c7f0ea39c1c8fe7cf57667bd31c5e023987a404bf2748?s=96&d=mm&r=g","url":"https:\/\/secure.gravatar.com\/avatar\/a805f008148faa69a17c7f0ea39c1c8fe7cf57667bd31c5e023987a404bf2748?s=96&d=mm&r=g","contentUrl":"https:\/\/secure.gravatar.com\/avatar\/a805f008148faa69a17c7f0ea39c1c8fe7cf57667bd31c5e023987a404bf2748?s=96&d=mm&r=g","caption":"Icon-Icon"},"url":"https:\/\/www.icon-icon.com\/en\/author\/icon\/"}]}},"_links":{"self":[{"href":"https:\/\/www.icon-icon.com\/en\/wp-json\/wp\/v2\/posts\/3123","targetHints":{"allow":["GET"]}}],"collection":[{"href":"https:\/\/www.icon-icon.com\/en\/wp-json\/wp\/v2\/posts"}],"about":[{"href":"https:\/\/www.icon-icon.com\/en\/wp-json\/wp\/v2\/types\/post"}],"author":[{"embeddable":true,"href":"https:\/\/www.icon-icon.com\/en\/wp-json\/wp\/v2\/users\/3"}],"replies":[{"embeddable":true,"href":"https:\/\/www.icon-icon.com\/en\/wp-json\/wp\/v2\/comments?post=3123"}],"version-history":[{"count":1,"href":"https:\/\/www.icon-icon.com\/en\/wp-json\/wp\/v2\/posts\/3123\/revisions"}],"predecessor-version":[{"id":32044,"href":"https:\/\/www.icon-icon.com\/en\/wp-json\/wp\/v2\/posts\/3123\/revisions\/32044"}],"wp:attachment":[{"href":"https:\/\/www.icon-icon.com\/en\/wp-json\/wp\/v2\/media?parent=3123"}],"wp:term":[{"taxonomy":"category","embeddable":true,"href":"https:\/\/www.icon-icon.com\/en\/wp-json\/wp\/v2\/categories?post=3123"},{"taxonomy":"post_tag","embeddable":true,"href":"https:\/\/www.icon-icon.com\/en\/wp-json\/wp\/v2\/tags?post=3123"}],"curies":[{"name":"wp","href":"https:\/\/api.w.org\/{rel}","templated":true}]}}