


{"id":2394,"date":"2013-05-25T09:19:27","date_gmt":"2013-05-25T07:19:27","guid":{"rendered":"http:\/\/icon-vrai.loc\/2013\/05\/25\/the-rejane-by-moynat\/"},"modified":"2020-10-21T00:17:19","modified_gmt":"2020-10-20T22:17:19","slug":"the-rejane-by-moynat","status":"publish","type":"post","link":"https:\/\/www.icon-icon.com\/en\/the-rejane-by-moynat\/","title":{"rendered":"The R\u00e9jane By Moynat"},"content":{"rendered":"<div style=\"text-align: center;\"><span style=\"font-size:16px;\"><span style=\"font-family:arial,helvetica,sans-serif;\">A few years later, the R\u00e9jane saw the light of day. After an extended silence, the exceptional R\u00e9jane has today been exhumed and brought to the next level by the talented and inspired Indian creative director of Moynat, Ramesh Nair. A transplant from&nbsp;Herm\u00e8s, with a diploma from Paris&#8217; prestigious Institut Fran\u00e7ais de la Mode, &#8220;he&#8217;s an enthusiast of archives, skimming through flea markets, sales floors, surfing the web to better soak up the history of the design house&#8230;&#8221; indicates Guillaume Davin, President of the <a href=\"http:\/\/www.moynat.com\">Moynat <\/a>house.<\/span><\/span><\/div>\n<div style=\"text-align: center;\">&nbsp;<\/div>\n<div style=\"text-align: center;\"><span style=\"font-size:16px;\"><span style=\"font-family:arial,helvetica,sans-serif;\">Devoted to the liberty and eclecticism incarnated by the actress, the R\u00e9jane becomes an actor itself, multi-form, at any time of day and for any woman, it can be used as a classic handbag or worn on the shoulder, thanks to its adjustable strap. It&#8217;s available in a wide variety of fabrics and colors. &#8220;The line is directly inspired by the curves of past trunks that were meant to adopt the shapes of car trunks at the beginning of the 20th century down to the millimeter, a singularity and an emblematic signature of the design house&#8221; and&nbsp;&#8220;it&#8217;s fastener, a little jeweled seal, delicate and feminine, is one the fasteneres patented for the design house&#8217;s very first bag-suitcases, at the end of the 19th century, a precursor to the Art Deco movement&#8221;, confides Guillaume Davin.&nbsp;<\/span><\/span><\/div>\n<div style=\"text-align: center;\">&nbsp;<\/div>\n<div style=\"text-align: center;\"><span style=\"font-size:16px;\"><span style=\"font-family:arial,helvetica,sans-serif;\">The R\u00e9jane bag has always incarnated excellence and modesty, seducing with its aesthetic and grace like a beautiful reincarnation of the actress herself that the New York Times once called \u201cthe most elegant in Paris.\u201d<\/span><\/span><\/div>\n","protected":false},"excerpt":{"rendered":"<p>A few years later, the R\u00e9jane saw the light of day. After an extended silence, the exceptional R\u00e9jane has today been exhumed and brought to the next level by the talented and inspired Indian creative director of Moynat, Ramesh Nair. A transplant from&nbsp;Herm\u00e8s, with a diploma from Paris&#8217; prestigious Institut Fran\u00e7ais de la Mode, &#8220;he&#8217;s&#8230;<\/p>\n","protected":false},"author":3,"featured_media":2391,"comment_status":"open","ping_status":"open","sticky":false,"template":"","format":"standard","meta":{"_acf_changed":false,"footnotes":""},"categories":[32],"tags":[6146,134,12757,37,6154,2862,6150,8441,109,6153,34,35,36,12755,12754,1248,5387,12758,6149,12759,12756,6148,6155,332,1466,6151,6152,6147,1249,399],"class_list":["post-2394","post","type-post","status-publish","format-standard","has-post-thumbnail","hentry","category-fashion-accessories","tag-actress","tag-bags","tag-boutique-moynat","tag-emblematic","tag-gabrielle-charlotte-reju","tag-graphic","tag-guillaume-davin","tag-gwenael-nicolas","tag-handbags","tag-history-of-the-rejane","tag-icon","tag-icon-icon","tag-iconic","tag-japanese-desk-curiosity","tag-londres-moynat","tag-luxury","tag-moynat","tag-moynat-boutique-londres","tag-moynat-house","tag-moynat-store","tag-moynat-store-londres","tag-new-york-times","tag-news-of-the-rejane","tag-objects-of-desire","tag-paris","tag-pauline-moynat","tag-ramesh-nair","tag-rejane","tag-trend","tag-trends"],"acf":[],"yoast_head":"<!-- This site is optimized with the Yoast SEO plugin v27.2 - https:\/\/yoast.com\/product\/yoast-seo-wordpress\/ -->\n<title>The R\u00e9jane By Moynat - ICON-ICON<\/title>\n<meta name=\"robots\" content=\"index, follow, max-snippet:-1, max-image-preview:large, max-video-preview:-1\" \/>\n<link rel=\"canonical\" href=\"https:\/\/www.icon-icon.com\/en\/the-rejane-by-moynat\/\" \/>\n<meta property=\"og:locale\" content=\"en_US\" \/>\n<meta property=\"og:type\" content=\"article\" \/>\n<meta property=\"og:title\" content=\"The R\u00e9jane By Moynat - ICON-ICON\" \/>\n<meta property=\"og:description\" content=\"A few years later, the R\u00e9jane saw the light of day. After an extended silence, the exceptional R\u00e9jane has today been exhumed and brought to the next level by the talented and inspired Indian creative director of Moynat, Ramesh Nair. A transplant from&nbsp;Herm\u00e8s, with a diploma from Paris&#8217; prestigious Institut Fran\u00e7ais de la Mode, &#8220;he&#8217;s...\" \/>\n<meta property=\"og:url\" content=\"https:\/\/www.icon-icon.com\/en\/the-rejane-by-moynat\/\" \/>\n<meta property=\"og:site_name\" content=\"ICON-ICON\" \/>\n<meta property=\"article:published_time\" content=\"2013-05-25T07:19:27+00:00\" \/>\n<meta property=\"article:modified_time\" content=\"2020-10-20T22:17:19+00:00\" \/>\n<meta property=\"og:image\" content=\"https:\/\/www.icon-icon.com\/wp-content\/uploads\/2014\/01\/moynat_rejane.jpg\" \/>\n\t<meta property=\"og:image:width\" content=\"650\" \/>\n\t<meta property=\"og:image:height\" content=\"440\" \/>\n\t<meta property=\"og:image:type\" content=\"image\/jpeg\" \/>\n<meta name=\"author\" content=\"Icon-Icon\" \/>\n<meta name=\"twitter:card\" content=\"summary_large_image\" \/>\n<meta name=\"twitter:label1\" content=\"Written by\" \/>\n\t<meta name=\"twitter:data1\" content=\"Icon-Icon\" \/>\n\t<meta name=\"twitter:label2\" content=\"Est. reading time\" \/>\n\t<meta name=\"twitter:data2\" content=\"1 minute\" \/>\n<script type=\"application\/ld+json\" class=\"yoast-schema-graph\">{\"@context\":\"https:\/\/schema.org\",\"@graph\":[{\"@type\":\"Article\",\"@id\":\"https:\/\/www.icon-icon.com\/en\/the-rejane-by-moynat\/#article\",\"isPartOf\":{\"@id\":\"https:\/\/www.icon-icon.com\/en\/the-rejane-by-moynat\/\"},\"author\":{\"name\":\"Icon-Icon\",\"@id\":\"https:\/\/www.icon-icon.com\/#\/schema\/person\/e55d52fc3eb90f0f596d4040244e9e8a\"},\"headline\":\"The R\u00e9jane By Moynat\",\"datePublished\":\"2013-05-25T07:19:27+00:00\",\"dateModified\":\"2020-10-20T22:17:19+00:00\",\"mainEntityOfPage\":{\"@id\":\"https:\/\/www.icon-icon.com\/en\/the-rejane-by-moynat\/\"},\"wordCount\":273,\"commentCount\":0,\"image\":{\"@id\":\"https:\/\/www.icon-icon.com\/en\/the-rejane-by-moynat\/#primaryimage\"},\"thumbnailUrl\":\"https:\/\/www.icon-icon.com\/wp-content\/uploads\/2014\/01\/moynat_rejane.jpg\",\"keywords\":[\"actress\",\"bags\",\"boutique-moynat\",\"emblematic\",\"gabrielle-charlotte-reju\",\"graphic\",\"guillaume-davin\",\"Gwenael-Nicolas\",\"handbags\",\"history-of-the-rejane\",\"icon\",\"icon-icon\",\"iconic\",\"japanese-desk-curiosity\",\"londres-moynat\",\"luxury\",\"moynat\",\"moynat-boutique-londres\",\"moynat-house\",\"moynat-store\",\"moynat-store-londres\",\"new-york-times\",\"news-of-the-rejane\",\"objects-of-desire\",\"Paris\",\"pauline-moynat\",\"ramesh-nair\",\"rejane\",\"trend\",\"trends\"],\"articleSection\":[\"Fashion &amp; accessories\"],\"inLanguage\":\"en-US\",\"potentialAction\":[{\"@type\":\"CommentAction\",\"name\":\"Comment\",\"target\":[\"https:\/\/www.icon-icon.com\/en\/the-rejane-by-moynat\/#respond\"]}]},{\"@type\":\"WebPage\",\"@id\":\"https:\/\/www.icon-icon.com\/en\/the-rejane-by-moynat\/\",\"url\":\"https:\/\/www.icon-icon.com\/en\/the-rejane-by-moynat\/\",\"name\":\"The R\u00e9jane By Moynat - ICON-ICON\",\"isPartOf\":{\"@id\":\"https:\/\/www.icon-icon.com\/#website\"},\"primaryImageOfPage\":{\"@id\":\"https:\/\/www.icon-icon.com\/en\/the-rejane-by-moynat\/#primaryimage\"},\"image\":{\"@id\":\"https:\/\/www.icon-icon.com\/en\/the-rejane-by-moynat\/#primaryimage\"},\"thumbnailUrl\":\"https:\/\/www.icon-icon.com\/wp-content\/uploads\/2014\/01\/moynat_rejane.jpg\",\"datePublished\":\"2013-05-25T07:19:27+00:00\",\"dateModified\":\"2020-10-20T22:17:19+00:00\",\"author\":{\"@id\":\"https:\/\/www.icon-icon.com\/#\/schema\/person\/e55d52fc3eb90f0f596d4040244e9e8a\"},\"breadcrumb\":{\"@id\":\"https:\/\/www.icon-icon.com\/en\/the-rejane-by-moynat\/#breadcrumb\"},\"inLanguage\":\"en-US\",\"potentialAction\":[{\"@type\":\"ReadAction\",\"target\":[\"https:\/\/www.icon-icon.com\/en\/the-rejane-by-moynat\/\"]}]},{\"@type\":\"ImageObject\",\"inLanguage\":\"en-US\",\"@id\":\"https:\/\/www.icon-icon.com\/en\/the-rejane-by-moynat\/#primaryimage\",\"url\":\"https:\/\/www.icon-icon.com\/wp-content\/uploads\/2014\/01\/moynat_rejane.jpg\",\"contentUrl\":\"https:\/\/www.icon-icon.com\/wp-content\/uploads\/2014\/01\/moynat_rejane.jpg\",\"width\":650,\"height\":440,\"caption\":\"moynat_rejane.jpg\"},{\"@type\":\"BreadcrumbList\",\"@id\":\"https:\/\/www.icon-icon.com\/en\/the-rejane-by-moynat\/#breadcrumb\",\"itemListElement\":[{\"@type\":\"ListItem\",\"position\":1,\"name\":\"Accueil\",\"item\":\"https:\/\/www.icon-icon.com\/en\/\"},{\"@type\":\"ListItem\",\"position\":2,\"name\":\"The R\u00e9jane By Moynat\"}]},{\"@type\":\"WebSite\",\"@id\":\"https:\/\/www.icon-icon.com\/#website\",\"url\":\"https:\/\/www.icon-icon.com\/\",\"name\":\"ICON-ICON\",\"description\":\"Luxury Stories\",\"potentialAction\":[{\"@type\":\"SearchAction\",\"target\":{\"@type\":\"EntryPoint\",\"urlTemplate\":\"https:\/\/www.icon-icon.com\/?s={search_term_string}\"},\"query-input\":{\"@type\":\"PropertyValueSpecification\",\"valueRequired\":true,\"valueName\":\"search_term_string\"}}],\"inLanguage\":\"en-US\"},{\"@type\":\"Person\",\"@id\":\"https:\/\/www.icon-icon.com\/#\/schema\/person\/e55d52fc3eb90f0f596d4040244e9e8a\",\"name\":\"Icon-Icon\",\"image\":{\"@type\":\"ImageObject\",\"inLanguage\":\"en-US\",\"@id\":\"https:\/\/secure.gravatar.com\/avatar\/a805f008148faa69a17c7f0ea39c1c8fe7cf57667bd31c5e023987a404bf2748?s=96&d=mm&r=g\",\"url\":\"https:\/\/secure.gravatar.com\/avatar\/a805f008148faa69a17c7f0ea39c1c8fe7cf57667bd31c5e023987a404bf2748?s=96&d=mm&r=g\",\"contentUrl\":\"https:\/\/secure.gravatar.com\/avatar\/a805f008148faa69a17c7f0ea39c1c8fe7cf57667bd31c5e023987a404bf2748?s=96&d=mm&r=g\",\"caption\":\"Icon-Icon\"},\"url\":\"https:\/\/www.icon-icon.com\/en\/author\/icon\/\"}]}<\/script>\n<!-- \/ Yoast SEO plugin. -->","yoast_head_json":{"title":"The R\u00e9jane By Moynat - ICON-ICON","robots":{"index":"index","follow":"follow","max-snippet":"max-snippet:-1","max-image-preview":"max-image-preview:large","max-video-preview":"max-video-preview:-1"},"canonical":"https:\/\/www.icon-icon.com\/en\/the-rejane-by-moynat\/","og_locale":"en_US","og_type":"article","og_title":"The R\u00e9jane By Moynat - ICON-ICON","og_description":"A few years later, the R\u00e9jane saw the light of day. After an extended silence, the exceptional R\u00e9jane has today been exhumed and brought to the next level by the talented and inspired Indian creative director of Moynat, Ramesh Nair. A transplant from&nbsp;Herm\u00e8s, with a diploma from Paris&#8217; prestigious Institut Fran\u00e7ais de la Mode, &#8220;he&#8217;s...","og_url":"https:\/\/www.icon-icon.com\/en\/the-rejane-by-moynat\/","og_site_name":"ICON-ICON","article_published_time":"2013-05-25T07:19:27+00:00","article_modified_time":"2020-10-20T22:17:19+00:00","og_image":[{"width":650,"height":440,"url":"https:\/\/www.icon-icon.com\/wp-content\/uploads\/2014\/01\/moynat_rejane.jpg","type":"image\/jpeg"}],"author":"Icon-Icon","twitter_card":"summary_large_image","twitter_misc":{"Written by":"Icon-Icon","Est. reading time":"1 minute"},"schema":{"@context":"https:\/\/schema.org","@graph":[{"@type":"Article","@id":"https:\/\/www.icon-icon.com\/en\/the-rejane-by-moynat\/#article","isPartOf":{"@id":"https:\/\/www.icon-icon.com\/en\/the-rejane-by-moynat\/"},"author":{"name":"Icon-Icon","@id":"https:\/\/www.icon-icon.com\/#\/schema\/person\/e55d52fc3eb90f0f596d4040244e9e8a"},"headline":"The R\u00e9jane By Moynat","datePublished":"2013-05-25T07:19:27+00:00","dateModified":"2020-10-20T22:17:19+00:00","mainEntityOfPage":{"@id":"https:\/\/www.icon-icon.com\/en\/the-rejane-by-moynat\/"},"wordCount":273,"commentCount":0,"image":{"@id":"https:\/\/www.icon-icon.com\/en\/the-rejane-by-moynat\/#primaryimage"},"thumbnailUrl":"https:\/\/www.icon-icon.com\/wp-content\/uploads\/2014\/01\/moynat_rejane.jpg","keywords":["actress","bags","boutique-moynat","emblematic","gabrielle-charlotte-reju","graphic","guillaume-davin","Gwenael-Nicolas","handbags","history-of-the-rejane","icon","icon-icon","iconic","japanese-desk-curiosity","londres-moynat","luxury","moynat","moynat-boutique-londres","moynat-house","moynat-store","moynat-store-londres","new-york-times","news-of-the-rejane","objects-of-desire","Paris","pauline-moynat","ramesh-nair","rejane","trend","trends"],"articleSection":["Fashion &amp; accessories"],"inLanguage":"en-US","potentialAction":[{"@type":"CommentAction","name":"Comment","target":["https:\/\/www.icon-icon.com\/en\/the-rejane-by-moynat\/#respond"]}]},{"@type":"WebPage","@id":"https:\/\/www.icon-icon.com\/en\/the-rejane-by-moynat\/","url":"https:\/\/www.icon-icon.com\/en\/the-rejane-by-moynat\/","name":"The R\u00e9jane By Moynat - ICON-ICON","isPartOf":{"@id":"https:\/\/www.icon-icon.com\/#website"},"primaryImageOfPage":{"@id":"https:\/\/www.icon-icon.com\/en\/the-rejane-by-moynat\/#primaryimage"},"image":{"@id":"https:\/\/www.icon-icon.com\/en\/the-rejane-by-moynat\/#primaryimage"},"thumbnailUrl":"https:\/\/www.icon-icon.com\/wp-content\/uploads\/2014\/01\/moynat_rejane.jpg","datePublished":"2013-05-25T07:19:27+00:00","dateModified":"2020-10-20T22:17:19+00:00","author":{"@id":"https:\/\/www.icon-icon.com\/#\/schema\/person\/e55d52fc3eb90f0f596d4040244e9e8a"},"breadcrumb":{"@id":"https:\/\/www.icon-icon.com\/en\/the-rejane-by-moynat\/#breadcrumb"},"inLanguage":"en-US","potentialAction":[{"@type":"ReadAction","target":["https:\/\/www.icon-icon.com\/en\/the-rejane-by-moynat\/"]}]},{"@type":"ImageObject","inLanguage":"en-US","@id":"https:\/\/www.icon-icon.com\/en\/the-rejane-by-moynat\/#primaryimage","url":"https:\/\/www.icon-icon.com\/wp-content\/uploads\/2014\/01\/moynat_rejane.jpg","contentUrl":"https:\/\/www.icon-icon.com\/wp-content\/uploads\/2014\/01\/moynat_rejane.jpg","width":650,"height":440,"caption":"moynat_rejane.jpg"},{"@type":"BreadcrumbList","@id":"https:\/\/www.icon-icon.com\/en\/the-rejane-by-moynat\/#breadcrumb","itemListElement":[{"@type":"ListItem","position":1,"name":"Accueil","item":"https:\/\/www.icon-icon.com\/en\/"},{"@type":"ListItem","position":2,"name":"The R\u00e9jane By Moynat"}]},{"@type":"WebSite","@id":"https:\/\/www.icon-icon.com\/#website","url":"https:\/\/www.icon-icon.com\/","name":"ICON-ICON","description":"Luxury Stories","potentialAction":[{"@type":"SearchAction","target":{"@type":"EntryPoint","urlTemplate":"https:\/\/www.icon-icon.com\/?s={search_term_string}"},"query-input":{"@type":"PropertyValueSpecification","valueRequired":true,"valueName":"search_term_string"}}],"inLanguage":"en-US"},{"@type":"Person","@id":"https:\/\/www.icon-icon.com\/#\/schema\/person\/e55d52fc3eb90f0f596d4040244e9e8a","name":"Icon-Icon","image":{"@type":"ImageObject","inLanguage":"en-US","@id":"https:\/\/secure.gravatar.com\/avatar\/a805f008148faa69a17c7f0ea39c1c8fe7cf57667bd31c5e023987a404bf2748?s=96&d=mm&r=g","url":"https:\/\/secure.gravatar.com\/avatar\/a805f008148faa69a17c7f0ea39c1c8fe7cf57667bd31c5e023987a404bf2748?s=96&d=mm&r=g","contentUrl":"https:\/\/secure.gravatar.com\/avatar\/a805f008148faa69a17c7f0ea39c1c8fe7cf57667bd31c5e023987a404bf2748?s=96&d=mm&r=g","caption":"Icon-Icon"},"url":"https:\/\/www.icon-icon.com\/en\/author\/icon\/"}]}},"_links":{"self":[{"href":"https:\/\/www.icon-icon.com\/en\/wp-json\/wp\/v2\/posts\/2394","targetHints":{"allow":["GET"]}}],"collection":[{"href":"https:\/\/www.icon-icon.com\/en\/wp-json\/wp\/v2\/posts"}],"about":[{"href":"https:\/\/www.icon-icon.com\/en\/wp-json\/wp\/v2\/types\/post"}],"author":[{"embeddable":true,"href":"https:\/\/www.icon-icon.com\/en\/wp-json\/wp\/v2\/users\/3"}],"replies":[{"embeddable":true,"href":"https:\/\/www.icon-icon.com\/en\/wp-json\/wp\/v2\/comments?post=2394"}],"version-history":[{"count":1,"href":"https:\/\/www.icon-icon.com\/en\/wp-json\/wp\/v2\/posts\/2394\/revisions"}],"predecessor-version":[{"id":32348,"href":"https:\/\/www.icon-icon.com\/en\/wp-json\/wp\/v2\/posts\/2394\/revisions\/32348"}],"wp:featuredmedia":[{"embeddable":true,"href":"https:\/\/www.icon-icon.com\/en\/wp-json\/wp\/v2\/media\/2391"}],"wp:attachment":[{"href":"https:\/\/www.icon-icon.com\/en\/wp-json\/wp\/v2\/media?parent=2394"}],"wp:term":[{"taxonomy":"category","embeddable":true,"href":"https:\/\/www.icon-icon.com\/en\/wp-json\/wp\/v2\/categories?post=2394"},{"taxonomy":"post_tag","embeddable":true,"href":"https:\/\/www.icon-icon.com\/en\/wp-json\/wp\/v2\/tags?post=2394"}],"curies":[{"name":"wp","href":"https:\/\/api.w.org\/{rel}","templated":true}]}}