


{"id":2303,"date":"2013-05-24T15:10:54","date_gmt":"2013-05-24T13:10:54","guid":{"rendered":"http:\/\/icon-vrai.loc\/2013\/05\/24\/marilyn-monroe-et-le-chanel-n5\/"},"modified":"2020-10-21T00:17:26","modified_gmt":"2020-10-20T22:17:26","slug":"marilyn-monroe-et-le-chanel-n5","status":"publish","type":"post","link":"https:\/\/www.icon-icon.com\/en\/marilyn-monroe-et-le-chanel-n5\/","title":{"rendered":"Marilyn Monroe et le Chanel N\u00b05"},"content":{"rendered":"<div>\n<p>Gabrielle et Marilyn : un num\u00e9ro, deux embl\u00e8mes, trois ic\u00f4nes.&nbsp;Une \u00e9quation simple \u00e0 l&#8217;origine d&#8217;un mythe fabuleux.<\/p>\n<p>Apr\u00e8s plus d&#8217;un si\u00e8cle d&#8217;existence, la Maison Chanel se fait l&#8217;arch\u00e9ologue de son pass\u00e9 et revient sur ce qui a fait son succ\u00e8s. C&#8217;est par petits chapitres vid\u00e9o qu&#8217;elle retrace ses moments phares. Le site Inside Chanel revient sur celle qui fit &#8220;entrer dans la l\u00e9gende&#8221; son parfum embl\u00e9matique : Marilyn Monroe.<\/p>\n<p>&nbsp;Le 15 novembre dernier le site nous pr\u00e9sentait son chapitre 2 : <em>Marilyn &amp; N\u00b05. <\/em>Un teaser de deux minutes apparaissant comme les vestiges in\u00e9dits du coup de foudre de la star pour la fragrance.<\/p>\n<p>Chanel nous replonge dans les ann\u00e9es 50. Le 7 avril 1952 Marilyn se d\u00e9voile en couverture et en interview pour Life Magazine. \u00c0&nbsp;la question &#8220;Que portez-vous pour dormir ?&#8221; Il lui faut moins de sept secondes de r\u00e9flexion pour r\u00e9pondre &#8220;Chanel N<sup>o<\/sup>5&#8243;. S&#8217;ensuit une s\u00e9ance photo et une interview pour la France qui ne seront jamais publi\u00e9es. La c\u00e9l\u00e8bre maison exhume cet entretien in\u00e9dit men\u00e9 par Georges Belmont, pour le journal Marie Claire France, o\u00f9 Marilyn l&#8217;ing\u00e9nue, confirme elle-m\u00eame son amour pour le parfum. Chanel redonne vie \u00e0 celle qui fut la premi\u00e8re et sans doute la plus grande non \u00e9g\u00e9rie du c\u00e9l\u00e8bre parfum en nous offrant ici un t\u00e9moignage d&#8217;un amour \u00e9ternel mais surtout intemporel. &nbsp;<\/p>\n<\/div>\n","protected":false},"excerpt":{"rendered":"<p>Gabrielle et Marilyn : un num\u00e9ro, deux embl\u00e8mes, trois ic\u00f4nes.&nbsp;Une \u00e9quation simple \u00e0 l&#8217;origine d&#8217;un mythe fabuleux. Apr\u00e8s plus d&#8217;un si\u00e8cle d&#8217;existence, la Maison Chanel se fait l&#8217;arch\u00e9ologue de son pass\u00e9 et revient sur ce qui a fait son succ\u00e8s. C&#8217;est par petits chapitres vid\u00e9o qu&#8217;elle retrace ses moments phares. Le site Inside Chanel revient&#8230;<\/p>\n","protected":false},"author":3,"featured_media":0,"comment_status":"open","ping_status":"open","sticky":false,"template":"","format":"standard","meta":{"_acf_changed":false,"footnotes":""},"categories":[13,18],"tags":[6029,56,59,155,263,178,6032,6035,34,35,6030,1248,6031,6028,6034,4985,1297,1249,254],"class_list":["post-2303","post","type-post","status-publish","format-standard","hentry","category-beauty","category-perfumes","tag-6029","tag-chanel","tag-chanel-n5","tag-coco-chanel","tag-fragrance","tag-gabrielle","tag-georges-belmont","tag-history-of-marilyn-monroe","tag-icon","tag-icon-icon","tag-life-magazine","tag-luxury","tag-marie-claire-france","tag-marilyn-n5","tag-news-of-marilyn-monroe","tag-object-of-desire","tag-parfum","tag-trend","tag-trendy"],"acf":[],"yoast_head":"<!-- This site is optimized with the Yoast SEO plugin v27.2 - https:\/\/yoast.com\/product\/yoast-seo-wordpress\/ -->\n<title>Marilyn Monroe et le Chanel N\u00b05 - ICON-ICON<\/title>\n<meta name=\"robots\" content=\"index, follow, max-snippet:-1, max-image-preview:large, max-video-preview:-1\" \/>\n<link rel=\"canonical\" href=\"https:\/\/www.icon-icon.com\/en\/marilyn-monroe-et-le-chanel-n5\/\" \/>\n<meta property=\"og:locale\" content=\"en_US\" \/>\n<meta property=\"og:type\" content=\"article\" \/>\n<meta property=\"og:title\" content=\"Marilyn Monroe et le Chanel N\u00b05 - ICON-ICON\" \/>\n<meta property=\"og:description\" content=\"Gabrielle et Marilyn : un num\u00e9ro, deux embl\u00e8mes, trois ic\u00f4nes.&nbsp;Une \u00e9quation simple \u00e0 l&#8217;origine d&#8217;un mythe fabuleux. Apr\u00e8s plus d&#8217;un si\u00e8cle d&#8217;existence, la Maison Chanel se fait l&#8217;arch\u00e9ologue de son pass\u00e9 et revient sur ce qui a fait son succ\u00e8s. C&#8217;est par petits chapitres vid\u00e9o qu&#8217;elle retrace ses moments phares. Le site Inside Chanel revient...\" \/>\n<meta property=\"og:url\" content=\"https:\/\/www.icon-icon.com\/en\/marilyn-monroe-et-le-chanel-n5\/\" \/>\n<meta property=\"og:site_name\" content=\"ICON-ICON\" \/>\n<meta property=\"article:published_time\" content=\"2013-05-24T13:10:54+00:00\" \/>\n<meta property=\"article:modified_time\" content=\"2020-10-20T22:17:26+00:00\" \/>\n<meta name=\"author\" content=\"Icon-Icon\" \/>\n<meta name=\"twitter:card\" content=\"summary_large_image\" \/>\n<meta name=\"twitter:label1\" content=\"Written by\" \/>\n\t<meta name=\"twitter:data1\" content=\"Icon-Icon\" \/>\n\t<meta name=\"twitter:label2\" content=\"Est. reading time\" \/>\n\t<meta name=\"twitter:data2\" content=\"1 minute\" \/>\n<script type=\"application\/ld+json\" class=\"yoast-schema-graph\">{\"@context\":\"https:\/\/schema.org\",\"@graph\":[{\"@type\":\"Article\",\"@id\":\"https:\/\/www.icon-icon.com\/en\/marilyn-monroe-et-le-chanel-n5\/#article\",\"isPartOf\":{\"@id\":\"https:\/\/www.icon-icon.com\/en\/marilyn-monroe-et-le-chanel-n5\/\"},\"author\":{\"name\":\"Icon-Icon\",\"@id\":\"https:\/\/www.icon-icon.com\/#\/schema\/person\/e55d52fc3eb90f0f596d4040244e9e8a\"},\"headline\":\"Marilyn Monroe et le Chanel N\u00b05\",\"datePublished\":\"2013-05-24T13:10:54+00:00\",\"dateModified\":\"2020-10-20T22:17:26+00:00\",\"mainEntityOfPage\":{\"@id\":\"https:\/\/www.icon-icon.com\/en\/marilyn-monroe-et-le-chanel-n5\/\"},\"wordCount\":248,\"commentCount\":0,\"keywords\":[\"1952\",\"chanel\",\"chanel-n\u00b05\",\"coco-chanel\",\"fragrance\",\"gabrielle\",\"Georges Belmont\",\"history-of-marilyn-monroe\",\"icon\",\"icon-icon\",\"life magazine\",\"luxury\",\"Marie-Claire France\",\"Marilyn &amp; N\u00b05\",\"news-of-marilyn-monroe\",\"object of desire\",\"parfum\",\"trend\",\"trendy\"],\"articleSection\":[\"Beauty\",\"Perfumes\"],\"inLanguage\":\"en-US\",\"potentialAction\":[{\"@type\":\"CommentAction\",\"name\":\"Comment\",\"target\":[\"https:\/\/www.icon-icon.com\/en\/marilyn-monroe-et-le-chanel-n5\/#respond\"]}]},{\"@type\":\"WebPage\",\"@id\":\"https:\/\/www.icon-icon.com\/en\/marilyn-monroe-et-le-chanel-n5\/\",\"url\":\"https:\/\/www.icon-icon.com\/en\/marilyn-monroe-et-le-chanel-n5\/\",\"name\":\"Marilyn Monroe et le Chanel N\u00b05 - ICON-ICON\",\"isPartOf\":{\"@id\":\"https:\/\/www.icon-icon.com\/#website\"},\"datePublished\":\"2013-05-24T13:10:54+00:00\",\"dateModified\":\"2020-10-20T22:17:26+00:00\",\"author\":{\"@id\":\"https:\/\/www.icon-icon.com\/#\/schema\/person\/e55d52fc3eb90f0f596d4040244e9e8a\"},\"breadcrumb\":{\"@id\":\"https:\/\/www.icon-icon.com\/en\/marilyn-monroe-et-le-chanel-n5\/#breadcrumb\"},\"inLanguage\":\"en-US\",\"potentialAction\":[{\"@type\":\"ReadAction\",\"target\":[\"https:\/\/www.icon-icon.com\/en\/marilyn-monroe-et-le-chanel-n5\/\"]}]},{\"@type\":\"BreadcrumbList\",\"@id\":\"https:\/\/www.icon-icon.com\/en\/marilyn-monroe-et-le-chanel-n5\/#breadcrumb\",\"itemListElement\":[{\"@type\":\"ListItem\",\"position\":1,\"name\":\"Accueil\",\"item\":\"https:\/\/www.icon-icon.com\/en\/\"},{\"@type\":\"ListItem\",\"position\":2,\"name\":\"Marilyn Monroe et le Chanel N\u00b05\"}]},{\"@type\":\"WebSite\",\"@id\":\"https:\/\/www.icon-icon.com\/#website\",\"url\":\"https:\/\/www.icon-icon.com\/\",\"name\":\"ICON-ICON\",\"description\":\"Luxury Stories\",\"potentialAction\":[{\"@type\":\"SearchAction\",\"target\":{\"@type\":\"EntryPoint\",\"urlTemplate\":\"https:\/\/www.icon-icon.com\/?s={search_term_string}\"},\"query-input\":{\"@type\":\"PropertyValueSpecification\",\"valueRequired\":true,\"valueName\":\"search_term_string\"}}],\"inLanguage\":\"en-US\"},{\"@type\":\"Person\",\"@id\":\"https:\/\/www.icon-icon.com\/#\/schema\/person\/e55d52fc3eb90f0f596d4040244e9e8a\",\"name\":\"Icon-Icon\",\"image\":{\"@type\":\"ImageObject\",\"inLanguage\":\"en-US\",\"@id\":\"https:\/\/secure.gravatar.com\/avatar\/a805f008148faa69a17c7f0ea39c1c8fe7cf57667bd31c5e023987a404bf2748?s=96&d=mm&r=g\",\"url\":\"https:\/\/secure.gravatar.com\/avatar\/a805f008148faa69a17c7f0ea39c1c8fe7cf57667bd31c5e023987a404bf2748?s=96&d=mm&r=g\",\"contentUrl\":\"https:\/\/secure.gravatar.com\/avatar\/a805f008148faa69a17c7f0ea39c1c8fe7cf57667bd31c5e023987a404bf2748?s=96&d=mm&r=g\",\"caption\":\"Icon-Icon\"},\"url\":\"https:\/\/www.icon-icon.com\/en\/author\/icon\/\"}]}<\/script>\n<!-- \/ Yoast SEO plugin. -->","yoast_head_json":{"title":"Marilyn Monroe et le Chanel N\u00b05 - ICON-ICON","robots":{"index":"index","follow":"follow","max-snippet":"max-snippet:-1","max-image-preview":"max-image-preview:large","max-video-preview":"max-video-preview:-1"},"canonical":"https:\/\/www.icon-icon.com\/en\/marilyn-monroe-et-le-chanel-n5\/","og_locale":"en_US","og_type":"article","og_title":"Marilyn Monroe et le Chanel N\u00b05 - ICON-ICON","og_description":"Gabrielle et Marilyn : un num\u00e9ro, deux embl\u00e8mes, trois ic\u00f4nes.&nbsp;Une \u00e9quation simple \u00e0 l&#8217;origine d&#8217;un mythe fabuleux. Apr\u00e8s plus d&#8217;un si\u00e8cle d&#8217;existence, la Maison Chanel se fait l&#8217;arch\u00e9ologue de son pass\u00e9 et revient sur ce qui a fait son succ\u00e8s. C&#8217;est par petits chapitres vid\u00e9o qu&#8217;elle retrace ses moments phares. Le site Inside Chanel revient...","og_url":"https:\/\/www.icon-icon.com\/en\/marilyn-monroe-et-le-chanel-n5\/","og_site_name":"ICON-ICON","article_published_time":"2013-05-24T13:10:54+00:00","article_modified_time":"2020-10-20T22:17:26+00:00","author":"Icon-Icon","twitter_card":"summary_large_image","twitter_misc":{"Written by":"Icon-Icon","Est. reading time":"1 minute"},"schema":{"@context":"https:\/\/schema.org","@graph":[{"@type":"Article","@id":"https:\/\/www.icon-icon.com\/en\/marilyn-monroe-et-le-chanel-n5\/#article","isPartOf":{"@id":"https:\/\/www.icon-icon.com\/en\/marilyn-monroe-et-le-chanel-n5\/"},"author":{"name":"Icon-Icon","@id":"https:\/\/www.icon-icon.com\/#\/schema\/person\/e55d52fc3eb90f0f596d4040244e9e8a"},"headline":"Marilyn Monroe et le Chanel N\u00b05","datePublished":"2013-05-24T13:10:54+00:00","dateModified":"2020-10-20T22:17:26+00:00","mainEntityOfPage":{"@id":"https:\/\/www.icon-icon.com\/en\/marilyn-monroe-et-le-chanel-n5\/"},"wordCount":248,"commentCount":0,"keywords":["1952","chanel","chanel-n\u00b05","coco-chanel","fragrance","gabrielle","Georges Belmont","history-of-marilyn-monroe","icon","icon-icon","life magazine","luxury","Marie-Claire France","Marilyn &amp; N\u00b05","news-of-marilyn-monroe","object of desire","parfum","trend","trendy"],"articleSection":["Beauty","Perfumes"],"inLanguage":"en-US","potentialAction":[{"@type":"CommentAction","name":"Comment","target":["https:\/\/www.icon-icon.com\/en\/marilyn-monroe-et-le-chanel-n5\/#respond"]}]},{"@type":"WebPage","@id":"https:\/\/www.icon-icon.com\/en\/marilyn-monroe-et-le-chanel-n5\/","url":"https:\/\/www.icon-icon.com\/en\/marilyn-monroe-et-le-chanel-n5\/","name":"Marilyn Monroe et le Chanel N\u00b05 - ICON-ICON","isPartOf":{"@id":"https:\/\/www.icon-icon.com\/#website"},"datePublished":"2013-05-24T13:10:54+00:00","dateModified":"2020-10-20T22:17:26+00:00","author":{"@id":"https:\/\/www.icon-icon.com\/#\/schema\/person\/e55d52fc3eb90f0f596d4040244e9e8a"},"breadcrumb":{"@id":"https:\/\/www.icon-icon.com\/en\/marilyn-monroe-et-le-chanel-n5\/#breadcrumb"},"inLanguage":"en-US","potentialAction":[{"@type":"ReadAction","target":["https:\/\/www.icon-icon.com\/en\/marilyn-monroe-et-le-chanel-n5\/"]}]},{"@type":"BreadcrumbList","@id":"https:\/\/www.icon-icon.com\/en\/marilyn-monroe-et-le-chanel-n5\/#breadcrumb","itemListElement":[{"@type":"ListItem","position":1,"name":"Accueil","item":"https:\/\/www.icon-icon.com\/en\/"},{"@type":"ListItem","position":2,"name":"Marilyn Monroe et le Chanel N\u00b05"}]},{"@type":"WebSite","@id":"https:\/\/www.icon-icon.com\/#website","url":"https:\/\/www.icon-icon.com\/","name":"ICON-ICON","description":"Luxury Stories","potentialAction":[{"@type":"SearchAction","target":{"@type":"EntryPoint","urlTemplate":"https:\/\/www.icon-icon.com\/?s={search_term_string}"},"query-input":{"@type":"PropertyValueSpecification","valueRequired":true,"valueName":"search_term_string"}}],"inLanguage":"en-US"},{"@type":"Person","@id":"https:\/\/www.icon-icon.com\/#\/schema\/person\/e55d52fc3eb90f0f596d4040244e9e8a","name":"Icon-Icon","image":{"@type":"ImageObject","inLanguage":"en-US","@id":"https:\/\/secure.gravatar.com\/avatar\/a805f008148faa69a17c7f0ea39c1c8fe7cf57667bd31c5e023987a404bf2748?s=96&d=mm&r=g","url":"https:\/\/secure.gravatar.com\/avatar\/a805f008148faa69a17c7f0ea39c1c8fe7cf57667bd31c5e023987a404bf2748?s=96&d=mm&r=g","contentUrl":"https:\/\/secure.gravatar.com\/avatar\/a805f008148faa69a17c7f0ea39c1c8fe7cf57667bd31c5e023987a404bf2748?s=96&d=mm&r=g","caption":"Icon-Icon"},"url":"https:\/\/www.icon-icon.com\/en\/author\/icon\/"}]}},"_links":{"self":[{"href":"https:\/\/www.icon-icon.com\/en\/wp-json\/wp\/v2\/posts\/2303","targetHints":{"allow":["GET"]}}],"collection":[{"href":"https:\/\/www.icon-icon.com\/en\/wp-json\/wp\/v2\/posts"}],"about":[{"href":"https:\/\/www.icon-icon.com\/en\/wp-json\/wp\/v2\/types\/post"}],"author":[{"embeddable":true,"href":"https:\/\/www.icon-icon.com\/en\/wp-json\/wp\/v2\/users\/3"}],"replies":[{"embeddable":true,"href":"https:\/\/www.icon-icon.com\/en\/wp-json\/wp\/v2\/comments?post=2303"}],"version-history":[{"count":1,"href":"https:\/\/www.icon-icon.com\/en\/wp-json\/wp\/v2\/posts\/2303\/revisions"}],"predecessor-version":[{"id":32385,"href":"https:\/\/www.icon-icon.com\/en\/wp-json\/wp\/v2\/posts\/2303\/revisions\/32385"}],"wp:attachment":[{"href":"https:\/\/www.icon-icon.com\/en\/wp-json\/wp\/v2\/media?parent=2303"}],"wp:term":[{"taxonomy":"category","embeddable":true,"href":"https:\/\/www.icon-icon.com\/en\/wp-json\/wp\/v2\/categories?post=2303"},{"taxonomy":"post_tag","embeddable":true,"href":"https:\/\/www.icon-icon.com\/en\/wp-json\/wp\/v2\/tags?post=2303"}],"curies":[{"name":"wp","href":"https:\/\/api.w.org\/{rel}","templated":true}]}}