


{"id":202,"date":"2013-05-21T10:23:55","date_gmt":"2013-05-21T08:23:55","guid":{"rendered":"http:\/\/icon-vrai.loc\/2013\/05\/21\/roger-viviers-buckled-ballet-flats\/"},"modified":"2020-10-21T00:19:21","modified_gmt":"2020-10-20T22:19:21","slug":"roger-viviers-buckled-ballet-flats","status":"publish","type":"post","link":"https:\/\/www.icon-icon.com\/en\/roger-viviers-buckled-ballet-flats\/","title":{"rendered":"Roger Vivier&#8217;s Buckled Ballet Flats"},"content":{"rendered":"<p><strong>&nbsp;<\/strong>\u201cCertain products transcend time with verve. This is the case [&#8230;] for Roger Vivier&#8217;s&nbsp;<a href=\"http:\/\/www.rogervivier.com\/en\/#\/spring-summer-2012\">buckled ballerina flats<\/a>. A woman that goes out with cropped jeans, a Herm\u00e8s Kelly bag, and&nbsp;<a href=\"http:\/\/www.rogervivier.com\/en\/#\/index\">Roger Vivier<\/a>&nbsp;shoes will always feel good.\u201d With these words, it&#8217;s all too clear that In\u00e8s de la Fressange didn&#8217;t choose to head up Roger Vivier by chance: the brand, via its flagship Belles de Jour shoe style, is a symbol of elegance&nbsp;<em>\u00e0 la fran\u00e7aise<\/em>. Chic, stylishness, and comfort are the main components of the eternal chrome buckled ballerina flat.<\/p>\n<p><span style=\"line-height:1.6em\">Since it&#8217;s creation in 1965, the shoe has never ben lacking in brand ambassadors. Immortalized by the ravishing Catherine Deneuve in the classic Luis Bu\u00f1uel film&nbsp;<\/span><em style=\"line-height:1.6em\">Belle de Jour<\/em><span style=\"line-height:1.6em\">, an article on the film in&nbsp;<\/span><em style=\"line-height:1.6em\">Vogue<\/em><span style=\"line-height:1.6em\">&nbsp;would only allow it even further success that has yet to be refuted ever since.<\/span><\/p>\n<p>Throughout the entire film, S\u00e9verine, Catherine Deneuve&#8217;s character, wears a pair of Roger Vivier Belles de Jour. Whether the young woman is attempting to escape the suffocating straitjacket that for her represents the bourgeois universe, or whether she&#8217;s setting out to find sensual pleasure, S\u00e9verine keeps her shoes on (until she needs to remove them for \u201cprofessional reasons\u201d&#8230;!)<\/p>\n<p>Through the young S\u00e9verine, the ballerina flat has revealed itself to be a truly modern piece. Today still, released in mod pop colors (Gommette Spring Summer collection), the Roger Vivier buckled shoe sparkles on every foot.<\/p>\n","protected":false},"excerpt":{"rendered":"<p>&nbsp;\u201cCertain products transcend time with verve. This is the case [&#8230;] for Roger Vivier&#8217;s&nbsp;buckled ballerina flats. A woman that goes out with cropped jeans, a Herm\u00e8s Kelly bag, and&nbsp;Roger Vivier&nbsp;shoes will always feel good.\u201d With these words, it&#8217;s all too clear that In\u00e8s de la Fressange didn&#8217;t choose to head up Roger Vivier by chance:&#8230;<\/p>\n","protected":false},"author":3,"featured_media":194,"comment_status":"open","ping_status":"open","sticky":false,"template":"","format":"standard","meta":{"_acf_changed":false,"footnotes":""},"categories":[32,9],"tags":[335,978,983,991,993,987,973,988,997,255,334,995,37,65,38,1008,996,1004,333,1005,1006,288,998,1018,994,1017,990,980,982,1015,1016,1014,979,984,981,974,34,35,63,258,336,115,977,975,84,257,976,332,256,989,986,1000,985,1012,1010,992,1013,1009,1019,463,999,1007,1003,1002,1001,277,404,405,254,1011,337],"class_list":["post-202","post","type-post","status-publish","format-standard","has-post-thumbnail","hentry","category-fashion-accessories","category-shoes","tag-absolute-must-have","tag-bag-hermes","tag-bags-hermes","tag-ballerina-pink","tag-ballerina-pump-shoes","tag-ballerina-s","tag-ballerinas","tag-belle-flats","tag-black-flats","tag-cult","tag-design","tag-dress-flats-shoes","tag-emblematic","tag-emblematique","tag-fashion","tag-fashion-and-shoes","tag-fashion-flats-shoes","tag-fashion-for-shoes","tag-fashion-for-women","tag-fashion-in-shoes","tag-fashion-of-shoes","tag-fashion-shop","tag-flats-black","tag-flats-or-heels","tag-flats-red","tag-flats-with-heels","tag-green-ballerina","tag-handbag-hermes","tag-handbags-hermes","tag-heels-and-flats","tag-heels-or-flats","tag-heels-to-flats","tag-hermes-bag","tag-hermes-bags","tag-hermes-handbag","tag-hermes-kelly","tag-icon","tag-icon-icon","tag-icone","tag-icones","tag-icons","tag-icons-3","tag-kelly-bag","tag-kelly-hermes","tag-mode","tag-must-have","tag-my-hermes","tag-objects-of-desire","tag-phare","tag-red-ballerinas","tag-roger-viver","tag-roger-vivier","tag-roger-vivier-ballerinas","tag-roger-vivier-collection","tag-roger-vivier-designer","tag-roger-vivier-flats","tag-roger-vivier-gommette","tag-roger-vivier-shopstyle","tag-rogervivi","tag-shoes","tag-shoes-a","tag-shoes-and-fashion","tag-shoes-for-fashion","tag-shoes-for-womens","tag-shoes-womens","tag-shop-fashion","tag-shop-in-fashion","tag-the-latest-in-fashion","tag-trendy","tag-vivier","tag-watch"],"acf":[],"yoast_head":"<!-- This site is optimized with the Yoast SEO plugin v27.2 - https:\/\/yoast.com\/product\/yoast-seo-wordpress\/ -->\n<title>Roger Vivier&#039;s Buckled Ballet Flats - ICON-ICON<\/title>\n<meta name=\"robots\" content=\"index, follow, max-snippet:-1, max-image-preview:large, max-video-preview:-1\" \/>\n<link rel=\"canonical\" href=\"http:\/\/www.icon-icon.com\/en\/roger-viviers-buckled-ballet-flats\/\" \/>\n<meta property=\"og:locale\" content=\"en_US\" \/>\n<meta property=\"og:type\" content=\"article\" \/>\n<meta property=\"og:title\" content=\"Roger Vivier&#039;s Buckled Ballet Flats - ICON-ICON\" \/>\n<meta property=\"og:description\" content=\"&nbsp;\u201cCertain products transcend time with verve. This is the case [&#8230;] for Roger Vivier&#8217;s&nbsp;buckled ballerina flats. A woman that goes out with cropped jeans, a Herm\u00e8s Kelly bag, and&nbsp;Roger Vivier&nbsp;shoes will always feel good.\u201d With these words, it&#8217;s all too clear that In\u00e8s de la Fressange didn&#8217;t choose to head up Roger Vivier by chance:...\" \/>\n<meta property=\"og:url\" content=\"http:\/\/www.icon-icon.com\/en\/roger-viviers-buckled-ballet-flats\/\" \/>\n<meta property=\"og:site_name\" content=\"ICON-ICON\" \/>\n<meta property=\"article:published_time\" content=\"2013-05-21T08:23:55+00:00\" \/>\n<meta property=\"article:modified_time\" content=\"2020-10-20T22:19:21+00:00\" \/>\n<meta property=\"og:image\" content=\"http:\/\/www.icon-icon.com\/wp-content\/uploads\/2013\/05\/Icon-icon-ic\u00f4ne-le-soulier-\u00e0-boucle-Roger-Vivier-le-soulier-\u00e0-boucle-Roger-Vivier-In\u00e8s-de-la-Fressange-les-Belles-du-Jour-Catherine-Deneuve-_0.jpg\" \/>\n\t<meta property=\"og:image:width\" content=\"600\" \/>\n\t<meta property=\"og:image:height\" content=\"494\" \/>\n\t<meta property=\"og:image:type\" content=\"image\/jpeg\" \/>\n<meta name=\"author\" content=\"Icon-Icon\" \/>\n<meta name=\"twitter:card\" content=\"summary_large_image\" \/>\n<meta name=\"twitter:label1\" content=\"Written by\" \/>\n\t<meta name=\"twitter:data1\" content=\"Icon-Icon\" \/>\n\t<meta name=\"twitter:label2\" content=\"Est. reading time\" \/>\n\t<meta name=\"twitter:data2\" content=\"1 minute\" \/>\n<script type=\"application\/ld+json\" class=\"yoast-schema-graph\">{\"@context\":\"https:\/\/schema.org\",\"@graph\":[{\"@type\":\"Article\",\"@id\":\"http:\/\/www.icon-icon.com\/en\/roger-viviers-buckled-ballet-flats\/#article\",\"isPartOf\":{\"@id\":\"http:\/\/www.icon-icon.com\/en\/roger-viviers-buckled-ballet-flats\/\"},\"author\":{\"name\":\"Icon-Icon\",\"@id\":\"https:\/\/www.icon-icon.com\/#\/schema\/person\/e55d52fc3eb90f0f596d4040244e9e8a\"},\"headline\":\"Roger Vivier&#8217;s Buckled Ballet Flats\",\"datePublished\":\"2013-05-21T08:23:55+00:00\",\"dateModified\":\"2020-10-20T22:19:21+00:00\",\"mainEntityOfPage\":{\"@id\":\"http:\/\/www.icon-icon.com\/en\/roger-viviers-buckled-ballet-flats\/\"},\"wordCount\":253,\"commentCount\":0,\"image\":{\"@id\":\"http:\/\/www.icon-icon.com\/en\/roger-viviers-buckled-ballet-flats\/#primaryimage\"},\"thumbnailUrl\":\"https:\/\/www.icon-icon.com\/wp-content\/uploads\/2013\/05\/Icon-icon-ic\u00f4ne-le-soulier-\u00e0-boucle-Roger-Vivier-le-soulier-\u00e0-boucle-Roger-Vivier-In\u00e8s-de-la-Fressange-les-Belles-du-Jour-Catherine-Deneuve-_0.jpg\",\"keywords\":[\"absolute-must-have\",\"bag-hermes\",\"bags-hermes\",\"ballerina-pink\",\"ballerina-pump-shoes\",\"ballerina-s\",\"ballerinas\",\"belle-flats\",\"black-flats\",\"cult\",\"design\",\"dress-flats-shoes\",\"emblematic\",\"embl\u00e9matique\",\"fashion\",\"fashion-and-shoes\",\"fashion-flats-shoes\",\"fashion-for-shoes\",\"fashion-for-women\",\"fashion-in-shoes\",\"fashion-of-shoes\",\"fashion-shop\",\"flats-black\",\"flats-or-heels\",\"flats-red\",\"flats-with-heels\",\"green-ballerina\",\"handbag-hermes\",\"handbags-hermes\",\"heels-and-flats\",\"heels-or-flats\",\"heels-to-flats\",\"hermes-bag\",\"hermes-bags\",\"hermes-handbag\",\"hermes-kelly\",\"icon\",\"icon-icon\",\"icone\",\"icones\",\"icons\",\"icons-3\",\"kelly-bag\",\"kelly-hermes\",\"mode\",\"must-have\",\"my-hermes\",\"objects-of-desire\",\"phare\",\"red-ballerinas\",\"roger-viver\",\"roger-vivier\",\"roger-vivier-ballerinas\",\"roger-vivier-collection\",\"roger-vivier-designer\",\"roger-vivier-flats\",\"roger-vivier-gommette\",\"roger-vivier-shopstyle\",\"rogervivi\",\"shoes\",\"shoes-a\",\"shoes-and-fashion\",\"shoes-for-fashion\",\"shoes-for-womens\",\"shoes-womens\",\"shop-fashion\",\"shop-in-fashion\",\"the-latest-in-fashion\",\"trendy\",\"vivier\",\"watch\"],\"articleSection\":[\"Fashion &amp; accessories\",\"Shoes\"],\"inLanguage\":\"en-US\",\"potentialAction\":[{\"@type\":\"CommentAction\",\"name\":\"Comment\",\"target\":[\"http:\/\/www.icon-icon.com\/en\/roger-viviers-buckled-ballet-flats\/#respond\"]}]},{\"@type\":\"WebPage\",\"@id\":\"http:\/\/www.icon-icon.com\/en\/roger-viviers-buckled-ballet-flats\/\",\"url\":\"http:\/\/www.icon-icon.com\/en\/roger-viviers-buckled-ballet-flats\/\",\"name\":\"Roger Vivier's Buckled Ballet Flats - ICON-ICON\",\"isPartOf\":{\"@id\":\"https:\/\/www.icon-icon.com\/#website\"},\"primaryImageOfPage\":{\"@id\":\"http:\/\/www.icon-icon.com\/en\/roger-viviers-buckled-ballet-flats\/#primaryimage\"},\"image\":{\"@id\":\"http:\/\/www.icon-icon.com\/en\/roger-viviers-buckled-ballet-flats\/#primaryimage\"},\"thumbnailUrl\":\"https:\/\/www.icon-icon.com\/wp-content\/uploads\/2013\/05\/Icon-icon-ic\u00f4ne-le-soulier-\u00e0-boucle-Roger-Vivier-le-soulier-\u00e0-boucle-Roger-Vivier-In\u00e8s-de-la-Fressange-les-Belles-du-Jour-Catherine-Deneuve-_0.jpg\",\"datePublished\":\"2013-05-21T08:23:55+00:00\",\"dateModified\":\"2020-10-20T22:19:21+00:00\",\"author\":{\"@id\":\"https:\/\/www.icon-icon.com\/#\/schema\/person\/e55d52fc3eb90f0f596d4040244e9e8a\"},\"breadcrumb\":{\"@id\":\"http:\/\/www.icon-icon.com\/en\/roger-viviers-buckled-ballet-flats\/#breadcrumb\"},\"inLanguage\":\"en-US\",\"potentialAction\":[{\"@type\":\"ReadAction\",\"target\":[\"http:\/\/www.icon-icon.com\/en\/roger-viviers-buckled-ballet-flats\/\"]}]},{\"@type\":\"ImageObject\",\"inLanguage\":\"en-US\",\"@id\":\"http:\/\/www.icon-icon.com\/en\/roger-viviers-buckled-ballet-flats\/#primaryimage\",\"url\":\"https:\/\/www.icon-icon.com\/wp-content\/uploads\/2013\/05\/Icon-icon-ic\u00f4ne-le-soulier-\u00e0-boucle-Roger-Vivier-le-soulier-\u00e0-boucle-Roger-Vivier-In\u00e8s-de-la-Fressange-les-Belles-du-Jour-Catherine-Deneuve-_0.jpg\",\"contentUrl\":\"https:\/\/www.icon-icon.com\/wp-content\/uploads\/2013\/05\/Icon-icon-ic\u00f4ne-le-soulier-\u00e0-boucle-Roger-Vivier-le-soulier-\u00e0-boucle-Roger-Vivier-In\u00e8s-de-la-Fressange-les-Belles-du-Jour-Catherine-Deneuve-_0.jpg\",\"width\":600,\"height\":494,\"caption\":\"Icon-icon-ic\u00f4ne-le-soulier-\u00e0-boucle-Roger-Vivier-le-soulier-\u00e0-boucle-Roger-Vivier-In\u00e8s-de-la-Fressange-les-Belles-du-Jour-Catherine-Deneuve-.jpg\"},{\"@type\":\"BreadcrumbList\",\"@id\":\"http:\/\/www.icon-icon.com\/en\/roger-viviers-buckled-ballet-flats\/#breadcrumb\",\"itemListElement\":[{\"@type\":\"ListItem\",\"position\":1,\"name\":\"Accueil\",\"item\":\"https:\/\/www.icon-icon.com\/en\/\"},{\"@type\":\"ListItem\",\"position\":2,\"name\":\"Roger Vivier&#8217;s Buckled Ballet Flats\"}]},{\"@type\":\"WebSite\",\"@id\":\"https:\/\/www.icon-icon.com\/#website\",\"url\":\"https:\/\/www.icon-icon.com\/\",\"name\":\"ICON-ICON\",\"description\":\"Luxury Stories\",\"potentialAction\":[{\"@type\":\"SearchAction\",\"target\":{\"@type\":\"EntryPoint\",\"urlTemplate\":\"https:\/\/www.icon-icon.com\/?s={search_term_string}\"},\"query-input\":{\"@type\":\"PropertyValueSpecification\",\"valueRequired\":true,\"valueName\":\"search_term_string\"}}],\"inLanguage\":\"en-US\"},{\"@type\":\"Person\",\"@id\":\"https:\/\/www.icon-icon.com\/#\/schema\/person\/e55d52fc3eb90f0f596d4040244e9e8a\",\"name\":\"Icon-Icon\",\"image\":{\"@type\":\"ImageObject\",\"inLanguage\":\"en-US\",\"@id\":\"https:\/\/secure.gravatar.com\/avatar\/a805f008148faa69a17c7f0ea39c1c8fe7cf57667bd31c5e023987a404bf2748?s=96&d=mm&r=g\",\"url\":\"https:\/\/secure.gravatar.com\/avatar\/a805f008148faa69a17c7f0ea39c1c8fe7cf57667bd31c5e023987a404bf2748?s=96&d=mm&r=g\",\"contentUrl\":\"https:\/\/secure.gravatar.com\/avatar\/a805f008148faa69a17c7f0ea39c1c8fe7cf57667bd31c5e023987a404bf2748?s=96&d=mm&r=g\",\"caption\":\"Icon-Icon\"},\"url\":\"https:\/\/www.icon-icon.com\/en\/author\/icon\/\"}]}<\/script>\n<!-- \/ Yoast SEO plugin. -->","yoast_head_json":{"title":"Roger Vivier's Buckled Ballet Flats - ICON-ICON","robots":{"index":"index","follow":"follow","max-snippet":"max-snippet:-1","max-image-preview":"max-image-preview:large","max-video-preview":"max-video-preview:-1"},"canonical":"http:\/\/www.icon-icon.com\/en\/roger-viviers-buckled-ballet-flats\/","og_locale":"en_US","og_type":"article","og_title":"Roger Vivier's Buckled Ballet Flats - ICON-ICON","og_description":"&nbsp;\u201cCertain products transcend time with verve. This is the case [&#8230;] for Roger Vivier&#8217;s&nbsp;buckled ballerina flats. A woman that goes out with cropped jeans, a Herm\u00e8s Kelly bag, and&nbsp;Roger Vivier&nbsp;shoes will always feel good.\u201d With these words, it&#8217;s all too clear that In\u00e8s de la Fressange didn&#8217;t choose to head up Roger Vivier by chance:...","og_url":"http:\/\/www.icon-icon.com\/en\/roger-viviers-buckled-ballet-flats\/","og_site_name":"ICON-ICON","article_published_time":"2013-05-21T08:23:55+00:00","article_modified_time":"2020-10-20T22:19:21+00:00","og_image":[{"width":600,"height":494,"url":"http:\/\/www.icon-icon.com\/wp-content\/uploads\/2013\/05\/Icon-icon-ic\u00f4ne-le-soulier-\u00e0-boucle-Roger-Vivier-le-soulier-\u00e0-boucle-Roger-Vivier-In\u00e8s-de-la-Fressange-les-Belles-du-Jour-Catherine-Deneuve-_0.jpg","type":"image\/jpeg"}],"author":"Icon-Icon","twitter_card":"summary_large_image","twitter_misc":{"Written by":"Icon-Icon","Est. reading time":"1 minute"},"schema":{"@context":"https:\/\/schema.org","@graph":[{"@type":"Article","@id":"http:\/\/www.icon-icon.com\/en\/roger-viviers-buckled-ballet-flats\/#article","isPartOf":{"@id":"http:\/\/www.icon-icon.com\/en\/roger-viviers-buckled-ballet-flats\/"},"author":{"name":"Icon-Icon","@id":"https:\/\/www.icon-icon.com\/#\/schema\/person\/e55d52fc3eb90f0f596d4040244e9e8a"},"headline":"Roger Vivier&#8217;s Buckled Ballet Flats","datePublished":"2013-05-21T08:23:55+00:00","dateModified":"2020-10-20T22:19:21+00:00","mainEntityOfPage":{"@id":"http:\/\/www.icon-icon.com\/en\/roger-viviers-buckled-ballet-flats\/"},"wordCount":253,"commentCount":0,"image":{"@id":"http:\/\/www.icon-icon.com\/en\/roger-viviers-buckled-ballet-flats\/#primaryimage"},"thumbnailUrl":"https:\/\/www.icon-icon.com\/wp-content\/uploads\/2013\/05\/Icon-icon-ic\u00f4ne-le-soulier-\u00e0-boucle-Roger-Vivier-le-soulier-\u00e0-boucle-Roger-Vivier-In\u00e8s-de-la-Fressange-les-Belles-du-Jour-Catherine-Deneuve-_0.jpg","keywords":["absolute-must-have","bag-hermes","bags-hermes","ballerina-pink","ballerina-pump-shoes","ballerina-s","ballerinas","belle-flats","black-flats","cult","design","dress-flats-shoes","emblematic","embl\u00e9matique","fashion","fashion-and-shoes","fashion-flats-shoes","fashion-for-shoes","fashion-for-women","fashion-in-shoes","fashion-of-shoes","fashion-shop","flats-black","flats-or-heels","flats-red","flats-with-heels","green-ballerina","handbag-hermes","handbags-hermes","heels-and-flats","heels-or-flats","heels-to-flats","hermes-bag","hermes-bags","hermes-handbag","hermes-kelly","icon","icon-icon","icone","icones","icons","icons-3","kelly-bag","kelly-hermes","mode","must-have","my-hermes","objects-of-desire","phare","red-ballerinas","roger-viver","roger-vivier","roger-vivier-ballerinas","roger-vivier-collection","roger-vivier-designer","roger-vivier-flats","roger-vivier-gommette","roger-vivier-shopstyle","rogervivi","shoes","shoes-a","shoes-and-fashion","shoes-for-fashion","shoes-for-womens","shoes-womens","shop-fashion","shop-in-fashion","the-latest-in-fashion","trendy","vivier","watch"],"articleSection":["Fashion &amp; accessories","Shoes"],"inLanguage":"en-US","potentialAction":[{"@type":"CommentAction","name":"Comment","target":["http:\/\/www.icon-icon.com\/en\/roger-viviers-buckled-ballet-flats\/#respond"]}]},{"@type":"WebPage","@id":"http:\/\/www.icon-icon.com\/en\/roger-viviers-buckled-ballet-flats\/","url":"http:\/\/www.icon-icon.com\/en\/roger-viviers-buckled-ballet-flats\/","name":"Roger Vivier's Buckled Ballet Flats - ICON-ICON","isPartOf":{"@id":"https:\/\/www.icon-icon.com\/#website"},"primaryImageOfPage":{"@id":"http:\/\/www.icon-icon.com\/en\/roger-viviers-buckled-ballet-flats\/#primaryimage"},"image":{"@id":"http:\/\/www.icon-icon.com\/en\/roger-viviers-buckled-ballet-flats\/#primaryimage"},"thumbnailUrl":"https:\/\/www.icon-icon.com\/wp-content\/uploads\/2013\/05\/Icon-icon-ic\u00f4ne-le-soulier-\u00e0-boucle-Roger-Vivier-le-soulier-\u00e0-boucle-Roger-Vivier-In\u00e8s-de-la-Fressange-les-Belles-du-Jour-Catherine-Deneuve-_0.jpg","datePublished":"2013-05-21T08:23:55+00:00","dateModified":"2020-10-20T22:19:21+00:00","author":{"@id":"https:\/\/www.icon-icon.com\/#\/schema\/person\/e55d52fc3eb90f0f596d4040244e9e8a"},"breadcrumb":{"@id":"http:\/\/www.icon-icon.com\/en\/roger-viviers-buckled-ballet-flats\/#breadcrumb"},"inLanguage":"en-US","potentialAction":[{"@type":"ReadAction","target":["http:\/\/www.icon-icon.com\/en\/roger-viviers-buckled-ballet-flats\/"]}]},{"@type":"ImageObject","inLanguage":"en-US","@id":"http:\/\/www.icon-icon.com\/en\/roger-viviers-buckled-ballet-flats\/#primaryimage","url":"https:\/\/www.icon-icon.com\/wp-content\/uploads\/2013\/05\/Icon-icon-ic\u00f4ne-le-soulier-\u00e0-boucle-Roger-Vivier-le-soulier-\u00e0-boucle-Roger-Vivier-In\u00e8s-de-la-Fressange-les-Belles-du-Jour-Catherine-Deneuve-_0.jpg","contentUrl":"https:\/\/www.icon-icon.com\/wp-content\/uploads\/2013\/05\/Icon-icon-ic\u00f4ne-le-soulier-\u00e0-boucle-Roger-Vivier-le-soulier-\u00e0-boucle-Roger-Vivier-In\u00e8s-de-la-Fressange-les-Belles-du-Jour-Catherine-Deneuve-_0.jpg","width":600,"height":494,"caption":"Icon-icon-ic\u00f4ne-le-soulier-\u00e0-boucle-Roger-Vivier-le-soulier-\u00e0-boucle-Roger-Vivier-In\u00e8s-de-la-Fressange-les-Belles-du-Jour-Catherine-Deneuve-.jpg"},{"@type":"BreadcrumbList","@id":"http:\/\/www.icon-icon.com\/en\/roger-viviers-buckled-ballet-flats\/#breadcrumb","itemListElement":[{"@type":"ListItem","position":1,"name":"Accueil","item":"https:\/\/www.icon-icon.com\/en\/"},{"@type":"ListItem","position":2,"name":"Roger Vivier&#8217;s Buckled Ballet Flats"}]},{"@type":"WebSite","@id":"https:\/\/www.icon-icon.com\/#website","url":"https:\/\/www.icon-icon.com\/","name":"ICON-ICON","description":"Luxury Stories","potentialAction":[{"@type":"SearchAction","target":{"@type":"EntryPoint","urlTemplate":"https:\/\/www.icon-icon.com\/?s={search_term_string}"},"query-input":{"@type":"PropertyValueSpecification","valueRequired":true,"valueName":"search_term_string"}}],"inLanguage":"en-US"},{"@type":"Person","@id":"https:\/\/www.icon-icon.com\/#\/schema\/person\/e55d52fc3eb90f0f596d4040244e9e8a","name":"Icon-Icon","image":{"@type":"ImageObject","inLanguage":"en-US","@id":"https:\/\/secure.gravatar.com\/avatar\/a805f008148faa69a17c7f0ea39c1c8fe7cf57667bd31c5e023987a404bf2748?s=96&d=mm&r=g","url":"https:\/\/secure.gravatar.com\/avatar\/a805f008148faa69a17c7f0ea39c1c8fe7cf57667bd31c5e023987a404bf2748?s=96&d=mm&r=g","contentUrl":"https:\/\/secure.gravatar.com\/avatar\/a805f008148faa69a17c7f0ea39c1c8fe7cf57667bd31c5e023987a404bf2748?s=96&d=mm&r=g","caption":"Icon-Icon"},"url":"https:\/\/www.icon-icon.com\/en\/author\/icon\/"}]}},"_links":{"self":[{"href":"https:\/\/www.icon-icon.com\/en\/wp-json\/wp\/v2\/posts\/202","targetHints":{"allow":["GET"]}}],"collection":[{"href":"https:\/\/www.icon-icon.com\/en\/wp-json\/wp\/v2\/posts"}],"about":[{"href":"https:\/\/www.icon-icon.com\/en\/wp-json\/wp\/v2\/types\/post"}],"author":[{"embeddable":true,"href":"https:\/\/www.icon-icon.com\/en\/wp-json\/wp\/v2\/users\/3"}],"replies":[{"embeddable":true,"href":"https:\/\/www.icon-icon.com\/en\/wp-json\/wp\/v2\/comments?post=202"}],"version-history":[{"count":1,"href":"https:\/\/www.icon-icon.com\/en\/wp-json\/wp\/v2\/posts\/202\/revisions"}],"predecessor-version":[{"id":34484,"href":"https:\/\/www.icon-icon.com\/en\/wp-json\/wp\/v2\/posts\/202\/revisions\/34484"}],"wp:featuredmedia":[{"embeddable":true,"href":"https:\/\/www.icon-icon.com\/en\/wp-json\/wp\/v2\/media\/194"}],"wp:attachment":[{"href":"https:\/\/www.icon-icon.com\/en\/wp-json\/wp\/v2\/media?parent=202"}],"wp:term":[{"taxonomy":"category","embeddable":true,"href":"https:\/\/www.icon-icon.com\/en\/wp-json\/wp\/v2\/categories?post=202"},{"taxonomy":"post_tag","embeddable":true,"href":"https:\/\/www.icon-icon.com\/en\/wp-json\/wp\/v2\/tags?post=202"}],"curies":[{"name":"wp","href":"https:\/\/api.w.org\/{rel}","templated":true}]}}