


{"id":18578,"date":"2018-07-19T10:04:56","date_gmt":"2018-07-19T08:04:56","guid":{"rendered":"http:\/\/icon-vrai.loc\/2018\/07\/19\/van-cleef-arpels-cadenas-padlock\/"},"modified":"2020-10-21T00:06:39","modified_gmt":"2020-10-20T22:06:39","slug":"van-cleef-arpels-cadenas-padlock","status":"publish","type":"post","link":"https:\/\/www.icon-icon.com\/en\/van-cleef-arpels-cadenas-padlock\/","title":{"rendered":"Van Cleef &amp; Arpels\u2019 \u201cCadenas\u201d (Padlock)"},"content":{"rendered":"<p style=\"text-align: center\"><span style=\"font-family:lucida sans unicode,lucida grande,sans-serif\"><span style=\"font-size:14px\">If the history of Van Cleef &amp; Arpels began at the beginning of the last century, this high-end Parisian jewellery company never ceased to amaze the world through their magnificent compositions. One of the first jewellers to be headquartered in Vendome Square in 1906 was able, from an early stage, to support their craftsmanship with a clear imagination. Between 1920 and 1940 marked a particular turn for the designers \u2013 when Ren\u00e9e Puissant, the daughter of the founders, took control of the artistic direction, she then tasked Ren\u00e9 Sim Lacaze, artist, with designing the aesthetics of Van Cleef &amp; Arpels.<\/span><\/span><\/p>\n<p style=\"text-align: center\"><span style=\"font-family:lucida sans unicode,lucida grande,sans-serif\"><span style=\"font-size:14px\">The key piece of their new repertoire \u2013 the padlock-watch, the perfect mix of pragmatism and magnificence. In an era during which women were still subject to some very strange social norms, Van Cleef &amp; Arpels were going to signal these unjust bans with exceptional skill. It was viewed poorly for women to wear a watch, or worse, to check the time in public. Van Cleef &amp; Arpels accordingly decided to highlight this anomaly to the world with a poetic composition \u2013 a breath-taking piece; an audacious and cunning padlock-watch. A piece which blurs the lines between jewellery and watchmaking!<\/span><\/span><\/p>\n<p style=\"text-align: center\"><span style=\"font-family:lucida sans unicode,lucida grande,sans-serif\"><span style=\"font-size:14px\">Made like a bracelet, the padlock watch conceals a watch-face for whichever elegant lady is wearing it. In 1935, a classic was born! A symbol of a union, the padlock marries the world\u2019s most precious substances with a refined design \u2013 the absolute <i>chef d\u2019oeuvre<\/i>, the original model was poured in a cast of gold. The rectangular lines of the lock\u2019s casing balance out the baroque style of the serpent like chains which act as a bracelet. The strap merges in with the rounded edges of the padlock. Conceived in this way, the Van Cleef &amp; Arpels watch integrates a watch face which allows the lady wearing it to check the time discreetly! The marvellous piece was notably visible on the wrist of Catherine Deneuve in the film \u201cThe Last Metro\u201d. An icon through symbolism\u2026<\/span><\/span><\/p>\n<p style=\"text-align: center\"><span style=\"font-family:lucida sans unicode,lucida grande,sans-serif\"><span style=\"font-size:14px\">The Van Cleef &amp; Arpels \u201cCadenas\u201d, Key Dates:<\/span><\/span><\/p>\n<p><span style=\"font-size:14px\"><span style=\"font-family:lucida sans unicode,lucida grande,sans-serif\"><b>2017:<\/b> The company now offers a model of the padlock enhanced with rubies.&nbsp;<\/span><\/span><\/p>\n<p><span style=\"font-size:14px\"><span style=\"font-family:lucida sans unicode,lucida grande,sans-serif\"><b>2015:<\/b> The Van Cleef &amp; Arpels \u201cCadenas\u201d watch stole the show at the <a href=\"https:\/\/www.wallpaper.com\/watches-and-jewellery\/van-cleef-arpels-padlock-watch-steals-the-show-at-sihh-2015\">Salon International de la Haute Horlogerie<\/a> in Geneva.<\/span><\/span><\/p>\n<p><span style=\"font-size:14px\"><span style=\"font-family:lucida sans unicode,lucida grande,sans-serif\"><b>2015 &#8211; Present:<\/b> The new range is as varying as it is beautiful, with the likes of <a href=\"https:\/\/www.hautetime.com\/hands-on-the-van-cleef-arpels-cadenas-a-jewel-of-a-timepiece\/70220\/\">pink sapphires, rose gold and diamond<\/a> featuring. It also features three models which are <a href=\"http:\/\/en.worldtempus.com\/article\/watches\/trends-and-style\/van-cleef-et-arpels-cadenas-18467.html\">encrusted with diamonds<\/a>.<\/span><\/span><\/p>\n<p><span style=\"font-size:14px\"><span style=\"font-family:lucida sans unicode,lucida grande,sans-serif\"><b>2015:<\/b> In 2015 Van Cleef &amp; Arpels released <a href=\"https:\/\/www.hautetime.com\/hands-on-the-van-cleef-arpels-cadenas-a-jewel-of-a-timepiece\/70220\/\">nine stunning new models<\/a>.<\/span><\/span><\/p>\n<p><span style=\"font-size:14px\"><span style=\"font-family:lucida sans unicode,lucida grande,sans-serif\"><b>1980:<\/b> Nine new models of the padlock watch are released.<\/span><\/span><\/p>\n<p><span style=\"font-size:14px\"><span style=\"font-family:lucida sans unicode,lucida grande,sans-serif\"><b>1936:<\/b> A \u201ccadenas\u201d watch found in the inventory of the Duchess of Windsor was dated with a <a href=\"https:\/\/www.vancleefarpels.com\/ru\/en\/la-maison\/icons\/Iconic-clients\/the-duchess-of-windsor.html\">message for the year 1936<\/a>.<\/span><\/span><\/p>\n<p><span style=\"font-size:14px\"><span style=\"font-family:lucida sans unicode,lucida grande,sans-serif\"><b>1935:<\/b> The first designs for the <a href=\"https:\/\/howtospendit.ft.com\/watches-jewellery\/203622-van-cleef-arpels-s-mesmerisingly-modern-cadenas-watch\">classic padlock watch<\/a> are put together.<\/span><\/span><\/p>\n","protected":false},"excerpt":{"rendered":"<p>If the history of Van Cleef &amp; Arpels began at the beginning of the last century, this high-end Parisian jewellery company never ceased to amaze the world through their magnificent compositions. One of the first jewellers to be headquartered in Vendome Square in 1906 was able, from an early stage, to support their craftsmanship with&#8230;<\/p>\n","protected":false},"author":3,"featured_media":18560,"comment_status":"open","ping_status":"open","sticky":false,"template":"","format":"standard","meta":{"_acf_changed":false,"footnotes":""},"categories":[23],"tags":[20023,4370,8956,20041,20040,20025,20012,19673,16613],"class_list":["post-18578","post","type-post","status-publish","format-standard","has-post-thumbnail","hentry","category-jewellery","tag-cadenas","tag-catherine-deneuve","tag-history-of-an-icon","tag-padlock","tag-parisian-high-jewelry","tag-rene-sim-lacaze","tag-renee-puissant","tag-sebastien","tag-van-cleef-and-arpels"],"acf":[],"yoast_head":"<!-- This site is optimized with the Yoast SEO plugin v27.2 - https:\/\/yoast.com\/product\/yoast-seo-wordpress\/ -->\n<title>Van Cleef &amp; Arpels\u2019 \u201cCadenas\u201d (Padlock) - ICON-ICON<\/title>\n<meta name=\"robots\" content=\"index, follow, max-snippet:-1, max-image-preview:large, max-video-preview:-1\" \/>\n<link rel=\"canonical\" href=\"http:\/\/www.icon-icon.com\/en\/van-cleef-arpels-cadenas-padlock\/\" \/>\n<meta property=\"og:locale\" content=\"en_US\" \/>\n<meta property=\"og:type\" content=\"article\" \/>\n<meta property=\"og:title\" content=\"Van Cleef &amp; Arpels\u2019 \u201cCadenas\u201d (Padlock) - ICON-ICON\" \/>\n<meta property=\"og:description\" content=\"If the history of Van Cleef &amp; Arpels began at the beginning of the last century, this high-end Parisian jewellery company never ceased to amaze the world through their magnificent compositions. One of the first jewellers to be headquartered in Vendome Square in 1906 was able, from an early stage, to support their craftsmanship with...\" \/>\n<meta property=\"og:url\" content=\"http:\/\/www.icon-icon.com\/en\/van-cleef-arpels-cadenas-padlock\/\" \/>\n<meta property=\"og:site_name\" content=\"ICON-ICON\" \/>\n<meta property=\"article:published_time\" content=\"2018-07-19T08:04:56+00:00\" \/>\n<meta property=\"article:modified_time\" content=\"2020-10-20T22:06:39+00:00\" \/>\n<meta property=\"og:image\" content=\"http:\/\/www.icon-icon.com\/wp-content\/uploads\/2018\/07\/1628161.png\" \/>\n\t<meta property=\"og:image:width\" content=\"1024\" \/>\n\t<meta property=\"og:image:height\" content=\"1024\" \/>\n\t<meta property=\"og:image:type\" content=\"image\/png\" \/>\n<meta name=\"author\" content=\"Icon-Icon\" \/>\n<meta name=\"twitter:card\" content=\"summary_large_image\" \/>\n<meta name=\"twitter:label1\" content=\"Written by\" \/>\n\t<meta name=\"twitter:data1\" content=\"Icon-Icon\" \/>\n\t<meta name=\"twitter:label2\" content=\"Est. reading time\" \/>\n\t<meta name=\"twitter:data2\" content=\"2 minutes\" \/>\n<script type=\"application\/ld+json\" class=\"yoast-schema-graph\">{\"@context\":\"https:\/\/schema.org\",\"@graph\":[{\"@type\":\"Article\",\"@id\":\"http:\/\/www.icon-icon.com\/en\/van-cleef-arpels-cadenas-padlock\/#article\",\"isPartOf\":{\"@id\":\"http:\/\/www.icon-icon.com\/en\/van-cleef-arpels-cadenas-padlock\/\"},\"author\":{\"name\":\"Icon-Icon\",\"@id\":\"https:\/\/www.icon-icon.com\/#\/schema\/person\/e55d52fc3eb90f0f596d4040244e9e8a\"},\"headline\":\"Van Cleef &amp; Arpels\u2019 \u201cCadenas\u201d (Padlock)\",\"datePublished\":\"2018-07-19T08:04:56+00:00\",\"dateModified\":\"2020-10-20T22:06:39+00:00\",\"mainEntityOfPage\":{\"@id\":\"http:\/\/www.icon-icon.com\/en\/van-cleef-arpels-cadenas-padlock\/\"},\"wordCount\":461,\"commentCount\":0,\"image\":{\"@id\":\"http:\/\/www.icon-icon.com\/en\/van-cleef-arpels-cadenas-padlock\/#primaryimage\"},\"thumbnailUrl\":\"https:\/\/www.icon-icon.com\/wp-content\/uploads\/2018\/07\/1628161.png\",\"keywords\":[\"Cadenas\",\"catherine-deneuve\",\"history-of-an-icon\",\"Padlock\",\"Parisian High Jewelry\",\"Ren\u00e9 Sim Lacaze\",\"Ren\u00e9e Puissant\",\"S\u00e9bastien\",\"Van-Cleef-and-Arpels\"],\"articleSection\":[\"Jewellery\"],\"inLanguage\":\"en-US\",\"potentialAction\":[{\"@type\":\"CommentAction\",\"name\":\"Comment\",\"target\":[\"http:\/\/www.icon-icon.com\/en\/van-cleef-arpels-cadenas-padlock\/#respond\"]}]},{\"@type\":\"WebPage\",\"@id\":\"http:\/\/www.icon-icon.com\/en\/van-cleef-arpels-cadenas-padlock\/\",\"url\":\"http:\/\/www.icon-icon.com\/en\/van-cleef-arpels-cadenas-padlock\/\",\"name\":\"Van Cleef &amp; Arpels\u2019 \u201cCadenas\u201d (Padlock) - ICON-ICON\",\"isPartOf\":{\"@id\":\"https:\/\/www.icon-icon.com\/#website\"},\"primaryImageOfPage\":{\"@id\":\"http:\/\/www.icon-icon.com\/en\/van-cleef-arpels-cadenas-padlock\/#primaryimage\"},\"image\":{\"@id\":\"http:\/\/www.icon-icon.com\/en\/van-cleef-arpels-cadenas-padlock\/#primaryimage\"},\"thumbnailUrl\":\"https:\/\/www.icon-icon.com\/wp-content\/uploads\/2018\/07\/1628161.png\",\"datePublished\":\"2018-07-19T08:04:56+00:00\",\"dateModified\":\"2020-10-20T22:06:39+00:00\",\"author\":{\"@id\":\"https:\/\/www.icon-icon.com\/#\/schema\/person\/e55d52fc3eb90f0f596d4040244e9e8a\"},\"breadcrumb\":{\"@id\":\"http:\/\/www.icon-icon.com\/en\/van-cleef-arpels-cadenas-padlock\/#breadcrumb\"},\"inLanguage\":\"en-US\",\"potentialAction\":[{\"@type\":\"ReadAction\",\"target\":[\"http:\/\/www.icon-icon.com\/en\/van-cleef-arpels-cadenas-padlock\/\"]}]},{\"@type\":\"ImageObject\",\"inLanguage\":\"en-US\",\"@id\":\"http:\/\/www.icon-icon.com\/en\/van-cleef-arpels-cadenas-padlock\/#primaryimage\",\"url\":\"https:\/\/www.icon-icon.com\/wp-content\/uploads\/2018\/07\/1628161.png\",\"contentUrl\":\"https:\/\/www.icon-icon.com\/wp-content\/uploads\/2018\/07\/1628161.png\",\"width\":1024,\"height\":1024,\"caption\":\"1628161.png\"},{\"@type\":\"BreadcrumbList\",\"@id\":\"http:\/\/www.icon-icon.com\/en\/van-cleef-arpels-cadenas-padlock\/#breadcrumb\",\"itemListElement\":[{\"@type\":\"ListItem\",\"position\":1,\"name\":\"Accueil\",\"item\":\"https:\/\/www.icon-icon.com\/en\/\"},{\"@type\":\"ListItem\",\"position\":2,\"name\":\"Van Cleef &amp; Arpels\u2019 \u201cCadenas\u201d (Padlock)\"}]},{\"@type\":\"WebSite\",\"@id\":\"https:\/\/www.icon-icon.com\/#website\",\"url\":\"https:\/\/www.icon-icon.com\/\",\"name\":\"ICON-ICON\",\"description\":\"Luxury Stories\",\"potentialAction\":[{\"@type\":\"SearchAction\",\"target\":{\"@type\":\"EntryPoint\",\"urlTemplate\":\"https:\/\/www.icon-icon.com\/?s={search_term_string}\"},\"query-input\":{\"@type\":\"PropertyValueSpecification\",\"valueRequired\":true,\"valueName\":\"search_term_string\"}}],\"inLanguage\":\"en-US\"},{\"@type\":\"Person\",\"@id\":\"https:\/\/www.icon-icon.com\/#\/schema\/person\/e55d52fc3eb90f0f596d4040244e9e8a\",\"name\":\"Icon-Icon\",\"image\":{\"@type\":\"ImageObject\",\"inLanguage\":\"en-US\",\"@id\":\"https:\/\/secure.gravatar.com\/avatar\/a805f008148faa69a17c7f0ea39c1c8fe7cf57667bd31c5e023987a404bf2748?s=96&d=mm&r=g\",\"url\":\"https:\/\/secure.gravatar.com\/avatar\/a805f008148faa69a17c7f0ea39c1c8fe7cf57667bd31c5e023987a404bf2748?s=96&d=mm&r=g\",\"contentUrl\":\"https:\/\/secure.gravatar.com\/avatar\/a805f008148faa69a17c7f0ea39c1c8fe7cf57667bd31c5e023987a404bf2748?s=96&d=mm&r=g\",\"caption\":\"Icon-Icon\"},\"url\":\"https:\/\/www.icon-icon.com\/en\/author\/icon\/\"}]}<\/script>\n<!-- \/ Yoast SEO plugin. -->","yoast_head_json":{"title":"Van Cleef &amp; Arpels\u2019 \u201cCadenas\u201d (Padlock) - ICON-ICON","robots":{"index":"index","follow":"follow","max-snippet":"max-snippet:-1","max-image-preview":"max-image-preview:large","max-video-preview":"max-video-preview:-1"},"canonical":"http:\/\/www.icon-icon.com\/en\/van-cleef-arpels-cadenas-padlock\/","og_locale":"en_US","og_type":"article","og_title":"Van Cleef &amp; Arpels\u2019 \u201cCadenas\u201d (Padlock) - ICON-ICON","og_description":"If the history of Van Cleef &amp; Arpels began at the beginning of the last century, this high-end Parisian jewellery company never ceased to amaze the world through their magnificent compositions. One of the first jewellers to be headquartered in Vendome Square in 1906 was able, from an early stage, to support their craftsmanship with...","og_url":"http:\/\/www.icon-icon.com\/en\/van-cleef-arpels-cadenas-padlock\/","og_site_name":"ICON-ICON","article_published_time":"2018-07-19T08:04:56+00:00","article_modified_time":"2020-10-20T22:06:39+00:00","og_image":[{"width":1024,"height":1024,"url":"http:\/\/www.icon-icon.com\/wp-content\/uploads\/2018\/07\/1628161.png","type":"image\/png"}],"author":"Icon-Icon","twitter_card":"summary_large_image","twitter_misc":{"Written by":"Icon-Icon","Est. reading time":"2 minutes"},"schema":{"@context":"https:\/\/schema.org","@graph":[{"@type":"Article","@id":"http:\/\/www.icon-icon.com\/en\/van-cleef-arpels-cadenas-padlock\/#article","isPartOf":{"@id":"http:\/\/www.icon-icon.com\/en\/van-cleef-arpels-cadenas-padlock\/"},"author":{"name":"Icon-Icon","@id":"https:\/\/www.icon-icon.com\/#\/schema\/person\/e55d52fc3eb90f0f596d4040244e9e8a"},"headline":"Van Cleef &amp; Arpels\u2019 \u201cCadenas\u201d (Padlock)","datePublished":"2018-07-19T08:04:56+00:00","dateModified":"2020-10-20T22:06:39+00:00","mainEntityOfPage":{"@id":"http:\/\/www.icon-icon.com\/en\/van-cleef-arpels-cadenas-padlock\/"},"wordCount":461,"commentCount":0,"image":{"@id":"http:\/\/www.icon-icon.com\/en\/van-cleef-arpels-cadenas-padlock\/#primaryimage"},"thumbnailUrl":"https:\/\/www.icon-icon.com\/wp-content\/uploads\/2018\/07\/1628161.png","keywords":["Cadenas","catherine-deneuve","history-of-an-icon","Padlock","Parisian High Jewelry","Ren\u00e9 Sim Lacaze","Ren\u00e9e Puissant","S\u00e9bastien","Van-Cleef-and-Arpels"],"articleSection":["Jewellery"],"inLanguage":"en-US","potentialAction":[{"@type":"CommentAction","name":"Comment","target":["http:\/\/www.icon-icon.com\/en\/van-cleef-arpels-cadenas-padlock\/#respond"]}]},{"@type":"WebPage","@id":"http:\/\/www.icon-icon.com\/en\/van-cleef-arpels-cadenas-padlock\/","url":"http:\/\/www.icon-icon.com\/en\/van-cleef-arpels-cadenas-padlock\/","name":"Van Cleef &amp; Arpels\u2019 \u201cCadenas\u201d (Padlock) - ICON-ICON","isPartOf":{"@id":"https:\/\/www.icon-icon.com\/#website"},"primaryImageOfPage":{"@id":"http:\/\/www.icon-icon.com\/en\/van-cleef-arpels-cadenas-padlock\/#primaryimage"},"image":{"@id":"http:\/\/www.icon-icon.com\/en\/van-cleef-arpels-cadenas-padlock\/#primaryimage"},"thumbnailUrl":"https:\/\/www.icon-icon.com\/wp-content\/uploads\/2018\/07\/1628161.png","datePublished":"2018-07-19T08:04:56+00:00","dateModified":"2020-10-20T22:06:39+00:00","author":{"@id":"https:\/\/www.icon-icon.com\/#\/schema\/person\/e55d52fc3eb90f0f596d4040244e9e8a"},"breadcrumb":{"@id":"http:\/\/www.icon-icon.com\/en\/van-cleef-arpels-cadenas-padlock\/#breadcrumb"},"inLanguage":"en-US","potentialAction":[{"@type":"ReadAction","target":["http:\/\/www.icon-icon.com\/en\/van-cleef-arpels-cadenas-padlock\/"]}]},{"@type":"ImageObject","inLanguage":"en-US","@id":"http:\/\/www.icon-icon.com\/en\/van-cleef-arpels-cadenas-padlock\/#primaryimage","url":"https:\/\/www.icon-icon.com\/wp-content\/uploads\/2018\/07\/1628161.png","contentUrl":"https:\/\/www.icon-icon.com\/wp-content\/uploads\/2018\/07\/1628161.png","width":1024,"height":1024,"caption":"1628161.png"},{"@type":"BreadcrumbList","@id":"http:\/\/www.icon-icon.com\/en\/van-cleef-arpels-cadenas-padlock\/#breadcrumb","itemListElement":[{"@type":"ListItem","position":1,"name":"Accueil","item":"https:\/\/www.icon-icon.com\/en\/"},{"@type":"ListItem","position":2,"name":"Van Cleef &amp; Arpels\u2019 \u201cCadenas\u201d (Padlock)"}]},{"@type":"WebSite","@id":"https:\/\/www.icon-icon.com\/#website","url":"https:\/\/www.icon-icon.com\/","name":"ICON-ICON","description":"Luxury Stories","potentialAction":[{"@type":"SearchAction","target":{"@type":"EntryPoint","urlTemplate":"https:\/\/www.icon-icon.com\/?s={search_term_string}"},"query-input":{"@type":"PropertyValueSpecification","valueRequired":true,"valueName":"search_term_string"}}],"inLanguage":"en-US"},{"@type":"Person","@id":"https:\/\/www.icon-icon.com\/#\/schema\/person\/e55d52fc3eb90f0f596d4040244e9e8a","name":"Icon-Icon","image":{"@type":"ImageObject","inLanguage":"en-US","@id":"https:\/\/secure.gravatar.com\/avatar\/a805f008148faa69a17c7f0ea39c1c8fe7cf57667bd31c5e023987a404bf2748?s=96&d=mm&r=g","url":"https:\/\/secure.gravatar.com\/avatar\/a805f008148faa69a17c7f0ea39c1c8fe7cf57667bd31c5e023987a404bf2748?s=96&d=mm&r=g","contentUrl":"https:\/\/secure.gravatar.com\/avatar\/a805f008148faa69a17c7f0ea39c1c8fe7cf57667bd31c5e023987a404bf2748?s=96&d=mm&r=g","caption":"Icon-Icon"},"url":"https:\/\/www.icon-icon.com\/en\/author\/icon\/"}]}},"_links":{"self":[{"href":"https:\/\/www.icon-icon.com\/en\/wp-json\/wp\/v2\/posts\/18578","targetHints":{"allow":["GET"]}}],"collection":[{"href":"https:\/\/www.icon-icon.com\/en\/wp-json\/wp\/v2\/posts"}],"about":[{"href":"https:\/\/www.icon-icon.com\/en\/wp-json\/wp\/v2\/types\/post"}],"author":[{"embeddable":true,"href":"https:\/\/www.icon-icon.com\/en\/wp-json\/wp\/v2\/users\/3"}],"replies":[{"embeddable":true,"href":"https:\/\/www.icon-icon.com\/en\/wp-json\/wp\/v2\/comments?post=18578"}],"version-history":[{"count":3,"href":"https:\/\/www.icon-icon.com\/en\/wp-json\/wp\/v2\/posts\/18578\/revisions"}],"predecessor-version":[{"id":33335,"href":"https:\/\/www.icon-icon.com\/en\/wp-json\/wp\/v2\/posts\/18578\/revisions\/33335"}],"wp:featuredmedia":[{"embeddable":true,"href":"https:\/\/www.icon-icon.com\/en\/wp-json\/wp\/v2\/media\/18560"}],"wp:attachment":[{"href":"https:\/\/www.icon-icon.com\/en\/wp-json\/wp\/v2\/media?parent=18578"}],"wp:term":[{"taxonomy":"category","embeddable":true,"href":"https:\/\/www.icon-icon.com\/en\/wp-json\/wp\/v2\/categories?post=18578"},{"taxonomy":"post_tag","embeddable":true,"href":"https:\/\/www.icon-icon.com\/en\/wp-json\/wp\/v2\/tags?post=18578"}],"curies":[{"name":"wp","href":"https:\/\/api.w.org\/{rel}","templated":true}]}}