


{"id":1779,"date":"2013-05-23T14:35:28","date_gmt":"2013-05-23T12:35:28","guid":{"rendered":"http:\/\/icon-vrai.loc\/2013\/05\/23\/eres-2013-collection-photographed-by-karl-lagerfeld\/"},"modified":"2020-10-21T00:17:58","modified_gmt":"2020-10-20T22:17:58","slug":"eres-2013-collection-photographed-by-karl-lagerfeld","status":"publish","type":"post","link":"https:\/\/www.icon-icon.com\/en\/eres-2013-collection-photographed-by-karl-lagerfeld\/","title":{"rendered":"Eres&#8217; 2013 Collection Photographed by Karl Lagerfeld"},"content":{"rendered":"<p>Since 1968, Eres has never ceased to enchant us with its original propositions, pure and whimsical, for swimsuits. With clever cuts and luxurious materials, its solar creations and, more recently, lingerie, have earned worldwide renown. This year, their collection is unveiled through the lens of Karl Lagerfeld, and gracefully worn by B\u00e9r\u00e9nice Marlohe. May 1968: &#8220;sous les pav\u00e9s, la plage&#8221; became the infamous rallying cry for widespread protests throughout France. This heady refrain would go on to be posted by&nbsp;Ir\u00e8ne Leroux in her Eres boutique on Paris&#8217; place de la Madeline. It isn&#8217;t unheard of for women to want to wear swimsuits all year long. This designer set out to offer the sun in the middle of winter, back when other stores only opened seasonally.<\/p>\n<p>And so the swimsuit underwent a revolutionary modern transformation. A game of exceptional cuts sculpted and perfected the body, while the materials used were remarkable. This technical savoir-faire served to highlight the brand&#8217;s lure towards what they call &#8220;l&#8217;art du corps&#8221;. Exclusive, encasing, and pleasant fabrics mixed with a cut that excluded any inner bra support would craft the aesthetic notion of the swimsuit as a second skin. Faced with their enormous success, Eres began trying its hand at lingerie in 1998. For this line, the materials used proved delicate, refined, and resistant, conforming to the curves of any and every woman and assuring optimal comfort. Their natural skin-tone colors and muted pastel and powdered shades lightly came together with tulle, lace, and precious jersey fabrics. A sign of elegance and technical prowess, Eres has made a place for itself with its graphic and pure style, modern and timeless. Its colors, motifs, and cuts are their signature, unpretentiously highlighting the body.<\/p>\n<p>This year, beach wardrobes are at their pinnacle, as evidenced by the new Sunwear collection. Composed of twelve pieces, it notably offers a silk printed caftan with embroidered finishings, a parasol skirt adorned with sprinkles of leather, or a harem pants get-up with batwing sleeves. Conceived for all those moments under the sun, these special creations sport precious materials and affirmed forms, staying in line with the spirit of Eres. Val\u00e9rie Delafosse, creative director for the brand since 2007, has commented on her creations: &#8220;With more sophisticated fabrics, like satin and silk chiffon, wider shapes and caftans, they are perfect for the beach, dinner, or even a cocktail on a boat or a terrace.&#8221; The colors oscillate between bright pink, vitamin orange, or electric blue. This prestigious collection is exalted by Bond girl B\u00e9r\u00e9nice Marlohe, through the lens of Karl Lagerfeld. The muse incarnates the concepts of liberty, exoticism, elegance, and purity celebrated by Eres.<\/p>\n","protected":false},"excerpt":{"rendered":"<p>Since 1968, Eres has never ceased to enchant us with its original propositions, pure and whimsical, for swimsuits. With clever cuts and luxurious materials, its solar creations and, more recently, lingerie, have earned worldwide renown. This year, their collection is unveiled through the lens of Karl Lagerfeld, and gracefully worn by B\u00e9r\u00e9nice Marlohe. May 1968:&#8230;<\/p>\n","protected":false},"author":3,"featured_media":1775,"comment_status":"open","ping_status":"open","sticky":false,"template":"","format":"standard","meta":{"_acf_changed":false,"footnotes":""},"categories":[32,6,21346],"tags":[3405,37,967,38,34,35,36,5208,61,5205,5209,1248,5211,962,5210,1249,399,5206],"class_list":["post-1779","post","type-post","status-publish","format-standard","has-post-thumbnail","hentry","category-fashion-accessories","category-ready-to-wear","category-pret-a-porter-2-en","tag-berenice-marlohe","tag-emblematic","tag-eres","tag-fashion","tag-icon","tag-icon-icon","tag-iconic","tag-irene-leroux","tag-karl-lagerfeld","tag-lingerie","tag-lingerie-eres","tag-luxury","tag-shop-eres","tag-swimsuit","tag-swimsuit-eres","tag-trend","tag-trends","tag-valerie-delafosse"],"acf":[],"yoast_head":"<!-- This site is optimized with the Yoast SEO plugin v27.2 - https:\/\/yoast.com\/product\/yoast-seo-wordpress\/ -->\n<title>Eres&#039; 2013 Collection Photographed by Karl Lagerfeld - ICON-ICON<\/title>\n<meta name=\"robots\" content=\"index, follow, max-snippet:-1, max-image-preview:large, max-video-preview:-1\" \/>\n<link rel=\"canonical\" href=\"http:\/\/www.icon-icon.com\/en\/eres-2013-collection-photographed-by-karl-lagerfeld\/\" \/>\n<meta property=\"og:locale\" content=\"en_US\" \/>\n<meta property=\"og:type\" content=\"article\" \/>\n<meta property=\"og:title\" content=\"Eres&#039; 2013 Collection Photographed by Karl Lagerfeld - ICON-ICON\" \/>\n<meta property=\"og:description\" content=\"Since 1968, Eres has never ceased to enchant us with its original propositions, pure and whimsical, for swimsuits. With clever cuts and luxurious materials, its solar creations and, more recently, lingerie, have earned worldwide renown. This year, their collection is unveiled through the lens of Karl Lagerfeld, and gracefully worn by B\u00e9r\u00e9nice Marlohe. May 1968:...\" \/>\n<meta property=\"og:url\" content=\"http:\/\/www.icon-icon.com\/en\/eres-2013-collection-photographed-by-karl-lagerfeld\/\" \/>\n<meta property=\"og:site_name\" content=\"ICON-ICON\" \/>\n<meta property=\"article:published_time\" content=\"2013-05-23T12:35:28+00:00\" \/>\n<meta property=\"article:modified_time\" content=\"2020-10-20T22:17:58+00:00\" \/>\n<meta property=\"og:image\" content=\"http:\/\/www.icon-icon.com\/wp-content\/uploads\/2013\/05\/posts-20.jpg\" \/>\n\t<meta property=\"og:image:width\" content=\"650\" \/>\n\t<meta property=\"og:image:height\" content=\"435\" \/>\n\t<meta property=\"og:image:type\" content=\"image\/jpeg\" \/>\n<meta name=\"author\" content=\"Icon-Icon\" \/>\n<meta name=\"twitter:card\" content=\"summary_large_image\" \/>\n<meta name=\"twitter:label1\" content=\"Written by\" \/>\n\t<meta name=\"twitter:data1\" content=\"Icon-Icon\" \/>\n\t<meta name=\"twitter:label2\" content=\"Est. reading time\" \/>\n\t<meta name=\"twitter:data2\" content=\"2 minutes\" \/>\n<script type=\"application\/ld+json\" class=\"yoast-schema-graph\">{\"@context\":\"https:\/\/schema.org\",\"@graph\":[{\"@type\":\"Article\",\"@id\":\"http:\/\/www.icon-icon.com\/en\/eres-2013-collection-photographed-by-karl-lagerfeld\/#article\",\"isPartOf\":{\"@id\":\"http:\/\/www.icon-icon.com\/en\/eres-2013-collection-photographed-by-karl-lagerfeld\/\"},\"author\":{\"name\":\"Icon-Icon\",\"@id\":\"https:\/\/www.icon-icon.com\/#\/schema\/person\/e55d52fc3eb90f0f596d4040244e9e8a\"},\"headline\":\"Eres&#8217; 2013 Collection Photographed by Karl Lagerfeld\",\"datePublished\":\"2013-05-23T12:35:28+00:00\",\"dateModified\":\"2020-10-20T22:17:58+00:00\",\"mainEntityOfPage\":{\"@id\":\"http:\/\/www.icon-icon.com\/en\/eres-2013-collection-photographed-by-karl-lagerfeld\/\"},\"wordCount\":452,\"commentCount\":0,\"image\":{\"@id\":\"http:\/\/www.icon-icon.com\/en\/eres-2013-collection-photographed-by-karl-lagerfeld\/#primaryimage\"},\"thumbnailUrl\":\"https:\/\/www.icon-icon.com\/wp-content\/uploads\/2013\/05\/posts-20.jpg\",\"keywords\":[\"berenice-marlohe\",\"emblematic\",\"eres\",\"fashion\",\"icon\",\"icon-icon\",\"iconic\",\"ir\u00e8ne-leroux\",\"karl-lagerfeld\",\"lingerie\",\"lingerie-eres\",\"luxury\",\"shop-eres\",\"swimsuit\",\"swimsuit-eres\",\"trend\",\"trends\",\"val\u00e9rie-delafosse\"],\"articleSection\":[\"Fashion &amp; accessories\",\"Ready To Wear\",\"Ready to wear\"],\"inLanguage\":\"en-US\",\"potentialAction\":[{\"@type\":\"CommentAction\",\"name\":\"Comment\",\"target\":[\"http:\/\/www.icon-icon.com\/en\/eres-2013-collection-photographed-by-karl-lagerfeld\/#respond\"]}]},{\"@type\":\"WebPage\",\"@id\":\"http:\/\/www.icon-icon.com\/en\/eres-2013-collection-photographed-by-karl-lagerfeld\/\",\"url\":\"http:\/\/www.icon-icon.com\/en\/eres-2013-collection-photographed-by-karl-lagerfeld\/\",\"name\":\"Eres' 2013 Collection Photographed by Karl Lagerfeld - ICON-ICON\",\"isPartOf\":{\"@id\":\"https:\/\/www.icon-icon.com\/#website\"},\"primaryImageOfPage\":{\"@id\":\"http:\/\/www.icon-icon.com\/en\/eres-2013-collection-photographed-by-karl-lagerfeld\/#primaryimage\"},\"image\":{\"@id\":\"http:\/\/www.icon-icon.com\/en\/eres-2013-collection-photographed-by-karl-lagerfeld\/#primaryimage\"},\"thumbnailUrl\":\"https:\/\/www.icon-icon.com\/wp-content\/uploads\/2013\/05\/posts-20.jpg\",\"datePublished\":\"2013-05-23T12:35:28+00:00\",\"dateModified\":\"2020-10-20T22:17:58+00:00\",\"author\":{\"@id\":\"https:\/\/www.icon-icon.com\/#\/schema\/person\/e55d52fc3eb90f0f596d4040244e9e8a\"},\"breadcrumb\":{\"@id\":\"http:\/\/www.icon-icon.com\/en\/eres-2013-collection-photographed-by-karl-lagerfeld\/#breadcrumb\"},\"inLanguage\":\"en-US\",\"potentialAction\":[{\"@type\":\"ReadAction\",\"target\":[\"http:\/\/www.icon-icon.com\/en\/eres-2013-collection-photographed-by-karl-lagerfeld\/\"]}]},{\"@type\":\"ImageObject\",\"inLanguage\":\"en-US\",\"@id\":\"http:\/\/www.icon-icon.com\/en\/eres-2013-collection-photographed-by-karl-lagerfeld\/#primaryimage\",\"url\":\"https:\/\/www.icon-icon.com\/wp-content\/uploads\/2013\/05\/posts-20.jpg\",\"contentUrl\":\"https:\/\/www.icon-icon.com\/wp-content\/uploads\/2013\/05\/posts-20.jpg\",\"width\":650,\"height\":435,\"caption\":\"posts-20.jpg\"},{\"@type\":\"BreadcrumbList\",\"@id\":\"http:\/\/www.icon-icon.com\/en\/eres-2013-collection-photographed-by-karl-lagerfeld\/#breadcrumb\",\"itemListElement\":[{\"@type\":\"ListItem\",\"position\":1,\"name\":\"Accueil\",\"item\":\"https:\/\/www.icon-icon.com\/en\/\"},{\"@type\":\"ListItem\",\"position\":2,\"name\":\"Eres&#8217; 2013 Collection Photographed by Karl Lagerfeld\"}]},{\"@type\":\"WebSite\",\"@id\":\"https:\/\/www.icon-icon.com\/#website\",\"url\":\"https:\/\/www.icon-icon.com\/\",\"name\":\"ICON-ICON\",\"description\":\"Luxury Stories\",\"potentialAction\":[{\"@type\":\"SearchAction\",\"target\":{\"@type\":\"EntryPoint\",\"urlTemplate\":\"https:\/\/www.icon-icon.com\/?s={search_term_string}\"},\"query-input\":{\"@type\":\"PropertyValueSpecification\",\"valueRequired\":true,\"valueName\":\"search_term_string\"}}],\"inLanguage\":\"en-US\"},{\"@type\":\"Person\",\"@id\":\"https:\/\/www.icon-icon.com\/#\/schema\/person\/e55d52fc3eb90f0f596d4040244e9e8a\",\"name\":\"Icon-Icon\",\"image\":{\"@type\":\"ImageObject\",\"inLanguage\":\"en-US\",\"@id\":\"https:\/\/secure.gravatar.com\/avatar\/a805f008148faa69a17c7f0ea39c1c8fe7cf57667bd31c5e023987a404bf2748?s=96&d=mm&r=g\",\"url\":\"https:\/\/secure.gravatar.com\/avatar\/a805f008148faa69a17c7f0ea39c1c8fe7cf57667bd31c5e023987a404bf2748?s=96&d=mm&r=g\",\"contentUrl\":\"https:\/\/secure.gravatar.com\/avatar\/a805f008148faa69a17c7f0ea39c1c8fe7cf57667bd31c5e023987a404bf2748?s=96&d=mm&r=g\",\"caption\":\"Icon-Icon\"},\"url\":\"https:\/\/www.icon-icon.com\/en\/author\/icon\/\"}]}<\/script>\n<!-- \/ Yoast SEO plugin. -->","yoast_head_json":{"title":"Eres' 2013 Collection Photographed by Karl Lagerfeld - ICON-ICON","robots":{"index":"index","follow":"follow","max-snippet":"max-snippet:-1","max-image-preview":"max-image-preview:large","max-video-preview":"max-video-preview:-1"},"canonical":"http:\/\/www.icon-icon.com\/en\/eres-2013-collection-photographed-by-karl-lagerfeld\/","og_locale":"en_US","og_type":"article","og_title":"Eres' 2013 Collection Photographed by Karl Lagerfeld - ICON-ICON","og_description":"Since 1968, Eres has never ceased to enchant us with its original propositions, pure and whimsical, for swimsuits. With clever cuts and luxurious materials, its solar creations and, more recently, lingerie, have earned worldwide renown. This year, their collection is unveiled through the lens of Karl Lagerfeld, and gracefully worn by B\u00e9r\u00e9nice Marlohe. May 1968:...","og_url":"http:\/\/www.icon-icon.com\/en\/eres-2013-collection-photographed-by-karl-lagerfeld\/","og_site_name":"ICON-ICON","article_published_time":"2013-05-23T12:35:28+00:00","article_modified_time":"2020-10-20T22:17:58+00:00","og_image":[{"width":650,"height":435,"url":"http:\/\/www.icon-icon.com\/wp-content\/uploads\/2013\/05\/posts-20.jpg","type":"image\/jpeg"}],"author":"Icon-Icon","twitter_card":"summary_large_image","twitter_misc":{"Written by":"Icon-Icon","Est. reading time":"2 minutes"},"schema":{"@context":"https:\/\/schema.org","@graph":[{"@type":"Article","@id":"http:\/\/www.icon-icon.com\/en\/eres-2013-collection-photographed-by-karl-lagerfeld\/#article","isPartOf":{"@id":"http:\/\/www.icon-icon.com\/en\/eres-2013-collection-photographed-by-karl-lagerfeld\/"},"author":{"name":"Icon-Icon","@id":"https:\/\/www.icon-icon.com\/#\/schema\/person\/e55d52fc3eb90f0f596d4040244e9e8a"},"headline":"Eres&#8217; 2013 Collection Photographed by Karl Lagerfeld","datePublished":"2013-05-23T12:35:28+00:00","dateModified":"2020-10-20T22:17:58+00:00","mainEntityOfPage":{"@id":"http:\/\/www.icon-icon.com\/en\/eres-2013-collection-photographed-by-karl-lagerfeld\/"},"wordCount":452,"commentCount":0,"image":{"@id":"http:\/\/www.icon-icon.com\/en\/eres-2013-collection-photographed-by-karl-lagerfeld\/#primaryimage"},"thumbnailUrl":"https:\/\/www.icon-icon.com\/wp-content\/uploads\/2013\/05\/posts-20.jpg","keywords":["berenice-marlohe","emblematic","eres","fashion","icon","icon-icon","iconic","ir\u00e8ne-leroux","karl-lagerfeld","lingerie","lingerie-eres","luxury","shop-eres","swimsuit","swimsuit-eres","trend","trends","val\u00e9rie-delafosse"],"articleSection":["Fashion &amp; accessories","Ready To Wear","Ready to wear"],"inLanguage":"en-US","potentialAction":[{"@type":"CommentAction","name":"Comment","target":["http:\/\/www.icon-icon.com\/en\/eres-2013-collection-photographed-by-karl-lagerfeld\/#respond"]}]},{"@type":"WebPage","@id":"http:\/\/www.icon-icon.com\/en\/eres-2013-collection-photographed-by-karl-lagerfeld\/","url":"http:\/\/www.icon-icon.com\/en\/eres-2013-collection-photographed-by-karl-lagerfeld\/","name":"Eres' 2013 Collection Photographed by Karl Lagerfeld - ICON-ICON","isPartOf":{"@id":"https:\/\/www.icon-icon.com\/#website"},"primaryImageOfPage":{"@id":"http:\/\/www.icon-icon.com\/en\/eres-2013-collection-photographed-by-karl-lagerfeld\/#primaryimage"},"image":{"@id":"http:\/\/www.icon-icon.com\/en\/eres-2013-collection-photographed-by-karl-lagerfeld\/#primaryimage"},"thumbnailUrl":"https:\/\/www.icon-icon.com\/wp-content\/uploads\/2013\/05\/posts-20.jpg","datePublished":"2013-05-23T12:35:28+00:00","dateModified":"2020-10-20T22:17:58+00:00","author":{"@id":"https:\/\/www.icon-icon.com\/#\/schema\/person\/e55d52fc3eb90f0f596d4040244e9e8a"},"breadcrumb":{"@id":"http:\/\/www.icon-icon.com\/en\/eres-2013-collection-photographed-by-karl-lagerfeld\/#breadcrumb"},"inLanguage":"en-US","potentialAction":[{"@type":"ReadAction","target":["http:\/\/www.icon-icon.com\/en\/eres-2013-collection-photographed-by-karl-lagerfeld\/"]}]},{"@type":"ImageObject","inLanguage":"en-US","@id":"http:\/\/www.icon-icon.com\/en\/eres-2013-collection-photographed-by-karl-lagerfeld\/#primaryimage","url":"https:\/\/www.icon-icon.com\/wp-content\/uploads\/2013\/05\/posts-20.jpg","contentUrl":"https:\/\/www.icon-icon.com\/wp-content\/uploads\/2013\/05\/posts-20.jpg","width":650,"height":435,"caption":"posts-20.jpg"},{"@type":"BreadcrumbList","@id":"http:\/\/www.icon-icon.com\/en\/eres-2013-collection-photographed-by-karl-lagerfeld\/#breadcrumb","itemListElement":[{"@type":"ListItem","position":1,"name":"Accueil","item":"https:\/\/www.icon-icon.com\/en\/"},{"@type":"ListItem","position":2,"name":"Eres&#8217; 2013 Collection Photographed by Karl Lagerfeld"}]},{"@type":"WebSite","@id":"https:\/\/www.icon-icon.com\/#website","url":"https:\/\/www.icon-icon.com\/","name":"ICON-ICON","description":"Luxury Stories","potentialAction":[{"@type":"SearchAction","target":{"@type":"EntryPoint","urlTemplate":"https:\/\/www.icon-icon.com\/?s={search_term_string}"},"query-input":{"@type":"PropertyValueSpecification","valueRequired":true,"valueName":"search_term_string"}}],"inLanguage":"en-US"},{"@type":"Person","@id":"https:\/\/www.icon-icon.com\/#\/schema\/person\/e55d52fc3eb90f0f596d4040244e9e8a","name":"Icon-Icon","image":{"@type":"ImageObject","inLanguage":"en-US","@id":"https:\/\/secure.gravatar.com\/avatar\/a805f008148faa69a17c7f0ea39c1c8fe7cf57667bd31c5e023987a404bf2748?s=96&d=mm&r=g","url":"https:\/\/secure.gravatar.com\/avatar\/a805f008148faa69a17c7f0ea39c1c8fe7cf57667bd31c5e023987a404bf2748?s=96&d=mm&r=g","contentUrl":"https:\/\/secure.gravatar.com\/avatar\/a805f008148faa69a17c7f0ea39c1c8fe7cf57667bd31c5e023987a404bf2748?s=96&d=mm&r=g","caption":"Icon-Icon"},"url":"https:\/\/www.icon-icon.com\/en\/author\/icon\/"}]}},"_links":{"self":[{"href":"https:\/\/www.icon-icon.com\/en\/wp-json\/wp\/v2\/posts\/1779","targetHints":{"allow":["GET"]}}],"collection":[{"href":"https:\/\/www.icon-icon.com\/en\/wp-json\/wp\/v2\/posts"}],"about":[{"href":"https:\/\/www.icon-icon.com\/en\/wp-json\/wp\/v2\/types\/post"}],"author":[{"embeddable":true,"href":"https:\/\/www.icon-icon.com\/en\/wp-json\/wp\/v2\/users\/3"}],"replies":[{"embeddable":true,"href":"https:\/\/www.icon-icon.com\/en\/wp-json\/wp\/v2\/comments?post=1779"}],"version-history":[{"count":1,"href":"https:\/\/www.icon-icon.com\/en\/wp-json\/wp\/v2\/posts\/1779\/revisions"}],"predecessor-version":[{"id":32577,"href":"https:\/\/www.icon-icon.com\/en\/wp-json\/wp\/v2\/posts\/1779\/revisions\/32577"}],"wp:featuredmedia":[{"embeddable":true,"href":"https:\/\/www.icon-icon.com\/en\/wp-json\/wp\/v2\/media\/1775"}],"wp:attachment":[{"href":"https:\/\/www.icon-icon.com\/en\/wp-json\/wp\/v2\/media?parent=1779"}],"wp:term":[{"taxonomy":"category","embeddable":true,"href":"https:\/\/www.icon-icon.com\/en\/wp-json\/wp\/v2\/categories?post=1779"},{"taxonomy":"post_tag","embeddable":true,"href":"https:\/\/www.icon-icon.com\/en\/wp-json\/wp\/v2\/tags?post=1779"}],"curies":[{"name":"wp","href":"https:\/\/api.w.org\/{rel}","templated":true}]}}