


{"id":17295,"date":"2017-11-22T12:53:31","date_gmt":"2017-11-22T11:53:31","guid":{"rendered":"http:\/\/icon-vrai.loc\/2017\/11\/22\/the-grand-prix-dhorlogerie-de-geneve-decorates-chanel\/"},"modified":"2020-10-21T00:07:17","modified_gmt":"2020-10-20T22:07:17","slug":"the-grand-prix-dhorlogerie-de-geneve-decorates-chanel","status":"publish","type":"post","link":"https:\/\/www.icon-icon.com\/en\/the-grand-prix-dhorlogerie-de-geneve-decorates-chanel\/","title":{"rendered":"The Grand Prix d\u2019Horlogerie de Gen\u00e8ve Decorates Chanel"},"content":{"rendered":"<p style=\"text-align: center\"><span style=\"font-size:14px\"><span style=\"font-family:lucida sans unicode,lucida grande,sans-serif\">The Grand Prix d\u2019Horlogerie de Gen\u00e8ve (GPHG) rewards the excellence of international watchmaking production. Every year in November, the committee makes its final decision &#8211; the most breathtaking and ingenious creations are thus honored along with the most influential actors in the watchmaking universe. Leading up to the final decision, the GPHG brings the pre-selected watches to the four corners of the Earth for a traveling exhibit &#8211; in Seoul, Rome, Dubai, and Geneva, audiences were able to discover and admire the finest pieces in contemporary watchmaking.<\/span><\/span><\/p>\n<p style=\"text-align: center\"><span style=\"font-size:14px\"><span style=\"font-family:lucida sans unicode,lucida grande,sans-serif\">On November 8, the Grand Prix d\u2019Horlogerie de Gen\u00e8ve was awarded to&nbsp;Chanel&nbsp;for the fourth time. The Premi\u00e8re Squelette Cam\u00e9lia Calibre 2 took the precious trophy in the women\u2019s category. For the 30th anniversary of the Premi\u00e8re watch,&nbsp;Chanel&nbsp;did indeed push the limits of its watchmaking vision. The Premi\u00e8re Squelette Cam\u00e9lia is an exceptional piece brought to life by&nbsp;Chanel\u2019s second movement, the Calibre 2. Its most unique feature is that an airy geometry depicts a camellia.<\/span><\/span><\/p>\n<p style=\"text-align: center\"><span style=\"font-size:14px\"><span style=\"font-family:lucida sans unicode,lucida grande,sans-serif\">Imagined by the brand\u2019s Studio de Cr\u00e9ation Horlogerie on the Place Vend\u00f4me, the Calibre 2 was conceived with a complexity that allows different mechanisms to superimpose themselves, leaving only the camellia flower visible in three dimensions. Made in an absolute black, the skeleton movement gives life to one of&nbsp;Chanel\u2019s lucky charms. This exceptional craftsmanship combines with all the tradition of the house on rue Cambon.<\/span><\/span><\/p>\n","protected":false},"excerpt":{"rendered":"<p>The Grand Prix d\u2019Horlogerie de Gen\u00e8ve (GPHG) rewards the excellence of international watchmaking production. Every year in November, the committee makes its final decision &#8211; the most breathtaking and ingenious creations are thus honored along with the most influential actors in the watchmaking universe. Leading up to the final decision, the GPHG brings the pre-selected&#8230;<\/p>\n","protected":false},"author":3,"featured_media":17291,"comment_status":"open","ping_status":"open","sticky":false,"template":"","format":"standard","meta":{"_acf_changed":false,"footnotes":""},"categories":[23],"tags":[56,19439,11920,14591,19438,19440],"class_list":["post-17295","post","type-post","status-publish","format-standard","has-post-thumbnail","hentry","category-jewellery","tag-chanel","tag-chanel-grand-prix-horlogerie-geneve-2017","tag-chanel-savoir-faire","tag-excellence","tag-grand-prix","tag-squelette-camelia"],"acf":[],"yoast_head":"<!-- This site is optimized with the Yoast SEO plugin v27.2 - https:\/\/yoast.com\/product\/yoast-seo-wordpress\/ -->\n<title>The Grand Prix d\u2019Horlogerie de Gen\u00e8ve Decorates Chanel - ICON-ICON<\/title>\n<meta name=\"robots\" content=\"index, follow, max-snippet:-1, max-image-preview:large, max-video-preview:-1\" \/>\n<link rel=\"canonical\" href=\"https:\/\/www.icon-icon.com\/en\/the-grand-prix-dhorlogerie-de-geneve-decorates-chanel\/\" \/>\n<meta property=\"og:locale\" content=\"en_US\" \/>\n<meta property=\"og:type\" content=\"article\" \/>\n<meta property=\"og:title\" content=\"The Grand Prix d\u2019Horlogerie de Gen\u00e8ve Decorates Chanel - ICON-ICON\" \/>\n<meta property=\"og:description\" content=\"The Grand Prix d\u2019Horlogerie de Gen\u00e8ve (GPHG) rewards the excellence of international watchmaking production. Every year in November, the committee makes its final decision &#8211; the most breathtaking and ingenious creations are thus honored along with the most influential actors in the watchmaking universe. Leading up to the final decision, the GPHG brings the pre-selected...\" \/>\n<meta property=\"og:url\" content=\"https:\/\/www.icon-icon.com\/en\/the-grand-prix-dhorlogerie-de-geneve-decorates-chanel\/\" \/>\n<meta property=\"og:site_name\" content=\"ICON-ICON\" \/>\n<meta property=\"article:published_time\" content=\"2017-11-22T11:53:31+00:00\" \/>\n<meta property=\"article:modified_time\" content=\"2020-10-20T22:07:17+00:00\" \/>\n<meta property=\"og:image\" content=\"https:\/\/www.icon-icon.com\/wp-content\/uploads\/2017\/11\/gphg2017_chanel_h5251_blanc_hd01.jpg\" \/>\n\t<meta property=\"og:image:width\" content=\"400\" \/>\n\t<meta property=\"og:image:height\" content=\"400\" \/>\n\t<meta property=\"og:image:type\" content=\"image\/jpeg\" \/>\n<meta name=\"author\" content=\"Icon-Icon\" \/>\n<meta name=\"twitter:card\" content=\"summary_large_image\" \/>\n<meta name=\"twitter:label1\" content=\"Written by\" \/>\n\t<meta name=\"twitter:data1\" content=\"Icon-Icon\" \/>\n\t<meta name=\"twitter:label2\" content=\"Est. reading time\" \/>\n\t<meta name=\"twitter:data2\" content=\"1 minute\" \/>\n<script type=\"application\/ld+json\" class=\"yoast-schema-graph\">{\"@context\":\"https:\/\/schema.org\",\"@graph\":[{\"@type\":\"Article\",\"@id\":\"https:\/\/www.icon-icon.com\/en\/the-grand-prix-dhorlogerie-de-geneve-decorates-chanel\/#article\",\"isPartOf\":{\"@id\":\"https:\/\/www.icon-icon.com\/en\/the-grand-prix-dhorlogerie-de-geneve-decorates-chanel\/\"},\"author\":{\"name\":\"Icon-Icon\",\"@id\":\"https:\/\/www.icon-icon.com\/#\/schema\/person\/e55d52fc3eb90f0f596d4040244e9e8a\"},\"headline\":\"The Grand Prix d\u2019Horlogerie de Gen\u00e8ve Decorates Chanel\",\"datePublished\":\"2017-11-22T11:53:31+00:00\",\"dateModified\":\"2020-10-20T22:07:17+00:00\",\"mainEntityOfPage\":{\"@id\":\"https:\/\/www.icon-icon.com\/en\/the-grand-prix-dhorlogerie-de-geneve-decorates-chanel\/\"},\"wordCount\":259,\"commentCount\":0,\"image\":{\"@id\":\"https:\/\/www.icon-icon.com\/en\/the-grand-prix-dhorlogerie-de-geneve-decorates-chanel\/#primaryimage\"},\"thumbnailUrl\":\"https:\/\/www.icon-icon.com\/wp-content\/uploads\/2017\/11\/gphg2017_chanel_h5251_blanc_hd01.jpg\",\"keywords\":[\"chanel\",\"chanel-grand-prix-horlogerie-gen\u00e8ve-2017\",\"Chanel-Savoir-Faire\",\"excellence\",\"Grand Prix\",\"squelette-cam\u00e9lia\"],\"articleSection\":[\"Jewellery\"],\"inLanguage\":\"en-US\",\"potentialAction\":[{\"@type\":\"CommentAction\",\"name\":\"Comment\",\"target\":[\"https:\/\/www.icon-icon.com\/en\/the-grand-prix-dhorlogerie-de-geneve-decorates-chanel\/#respond\"]}]},{\"@type\":\"WebPage\",\"@id\":\"https:\/\/www.icon-icon.com\/en\/the-grand-prix-dhorlogerie-de-geneve-decorates-chanel\/\",\"url\":\"https:\/\/www.icon-icon.com\/en\/the-grand-prix-dhorlogerie-de-geneve-decorates-chanel\/\",\"name\":\"The Grand Prix d\u2019Horlogerie de Gen\u00e8ve Decorates Chanel - ICON-ICON\",\"isPartOf\":{\"@id\":\"https:\/\/www.icon-icon.com\/#website\"},\"primaryImageOfPage\":{\"@id\":\"https:\/\/www.icon-icon.com\/en\/the-grand-prix-dhorlogerie-de-geneve-decorates-chanel\/#primaryimage\"},\"image\":{\"@id\":\"https:\/\/www.icon-icon.com\/en\/the-grand-prix-dhorlogerie-de-geneve-decorates-chanel\/#primaryimage\"},\"thumbnailUrl\":\"https:\/\/www.icon-icon.com\/wp-content\/uploads\/2017\/11\/gphg2017_chanel_h5251_blanc_hd01.jpg\",\"datePublished\":\"2017-11-22T11:53:31+00:00\",\"dateModified\":\"2020-10-20T22:07:17+00:00\",\"author\":{\"@id\":\"https:\/\/www.icon-icon.com\/#\/schema\/person\/e55d52fc3eb90f0f596d4040244e9e8a\"},\"breadcrumb\":{\"@id\":\"https:\/\/www.icon-icon.com\/en\/the-grand-prix-dhorlogerie-de-geneve-decorates-chanel\/#breadcrumb\"},\"inLanguage\":\"en-US\",\"potentialAction\":[{\"@type\":\"ReadAction\",\"target\":[\"https:\/\/www.icon-icon.com\/en\/the-grand-prix-dhorlogerie-de-geneve-decorates-chanel\/\"]}]},{\"@type\":\"ImageObject\",\"inLanguage\":\"en-US\",\"@id\":\"https:\/\/www.icon-icon.com\/en\/the-grand-prix-dhorlogerie-de-geneve-decorates-chanel\/#primaryimage\",\"url\":\"https:\/\/www.icon-icon.com\/wp-content\/uploads\/2017\/11\/gphg2017_chanel_h5251_blanc_hd01.jpg\",\"contentUrl\":\"https:\/\/www.icon-icon.com\/wp-content\/uploads\/2017\/11\/gphg2017_chanel_h5251_blanc_hd01.jpg\",\"width\":400,\"height\":400,\"caption\":\"gphg2017_chanel_h5251_blanc_hd01.jpg\"},{\"@type\":\"BreadcrumbList\",\"@id\":\"https:\/\/www.icon-icon.com\/en\/the-grand-prix-dhorlogerie-de-geneve-decorates-chanel\/#breadcrumb\",\"itemListElement\":[{\"@type\":\"ListItem\",\"position\":1,\"name\":\"Accueil\",\"item\":\"https:\/\/www.icon-icon.com\/en\/\"},{\"@type\":\"ListItem\",\"position\":2,\"name\":\"The Grand Prix d\u2019Horlogerie de Gen\u00e8ve Decorates Chanel\"}]},{\"@type\":\"WebSite\",\"@id\":\"https:\/\/www.icon-icon.com\/#website\",\"url\":\"https:\/\/www.icon-icon.com\/\",\"name\":\"ICON-ICON\",\"description\":\"Luxury Stories\",\"potentialAction\":[{\"@type\":\"SearchAction\",\"target\":{\"@type\":\"EntryPoint\",\"urlTemplate\":\"https:\/\/www.icon-icon.com\/?s={search_term_string}\"},\"query-input\":{\"@type\":\"PropertyValueSpecification\",\"valueRequired\":true,\"valueName\":\"search_term_string\"}}],\"inLanguage\":\"en-US\"},{\"@type\":\"Person\",\"@id\":\"https:\/\/www.icon-icon.com\/#\/schema\/person\/e55d52fc3eb90f0f596d4040244e9e8a\",\"name\":\"Icon-Icon\",\"image\":{\"@type\":\"ImageObject\",\"inLanguage\":\"en-US\",\"@id\":\"https:\/\/secure.gravatar.com\/avatar\/a805f008148faa69a17c7f0ea39c1c8fe7cf57667bd31c5e023987a404bf2748?s=96&d=mm&r=g\",\"url\":\"https:\/\/secure.gravatar.com\/avatar\/a805f008148faa69a17c7f0ea39c1c8fe7cf57667bd31c5e023987a404bf2748?s=96&d=mm&r=g\",\"contentUrl\":\"https:\/\/secure.gravatar.com\/avatar\/a805f008148faa69a17c7f0ea39c1c8fe7cf57667bd31c5e023987a404bf2748?s=96&d=mm&r=g\",\"caption\":\"Icon-Icon\"},\"url\":\"https:\/\/www.icon-icon.com\/en\/author\/icon\/\"}]}<\/script>\n<!-- \/ Yoast SEO plugin. -->","yoast_head_json":{"title":"The Grand Prix d\u2019Horlogerie de Gen\u00e8ve Decorates Chanel - ICON-ICON","robots":{"index":"index","follow":"follow","max-snippet":"max-snippet:-1","max-image-preview":"max-image-preview:large","max-video-preview":"max-video-preview:-1"},"canonical":"https:\/\/www.icon-icon.com\/en\/the-grand-prix-dhorlogerie-de-geneve-decorates-chanel\/","og_locale":"en_US","og_type":"article","og_title":"The Grand Prix d\u2019Horlogerie de Gen\u00e8ve Decorates Chanel - ICON-ICON","og_description":"The Grand Prix d\u2019Horlogerie de Gen\u00e8ve (GPHG) rewards the excellence of international watchmaking production. Every year in November, the committee makes its final decision &#8211; the most breathtaking and ingenious creations are thus honored along with the most influential actors in the watchmaking universe. Leading up to the final decision, the GPHG brings the pre-selected...","og_url":"https:\/\/www.icon-icon.com\/en\/the-grand-prix-dhorlogerie-de-geneve-decorates-chanel\/","og_site_name":"ICON-ICON","article_published_time":"2017-11-22T11:53:31+00:00","article_modified_time":"2020-10-20T22:07:17+00:00","og_image":[{"width":400,"height":400,"url":"https:\/\/www.icon-icon.com\/wp-content\/uploads\/2017\/11\/gphg2017_chanel_h5251_blanc_hd01.jpg","type":"image\/jpeg"}],"author":"Icon-Icon","twitter_card":"summary_large_image","twitter_misc":{"Written by":"Icon-Icon","Est. reading time":"1 minute"},"schema":{"@context":"https:\/\/schema.org","@graph":[{"@type":"Article","@id":"https:\/\/www.icon-icon.com\/en\/the-grand-prix-dhorlogerie-de-geneve-decorates-chanel\/#article","isPartOf":{"@id":"https:\/\/www.icon-icon.com\/en\/the-grand-prix-dhorlogerie-de-geneve-decorates-chanel\/"},"author":{"name":"Icon-Icon","@id":"https:\/\/www.icon-icon.com\/#\/schema\/person\/e55d52fc3eb90f0f596d4040244e9e8a"},"headline":"The Grand Prix d\u2019Horlogerie de Gen\u00e8ve Decorates Chanel","datePublished":"2017-11-22T11:53:31+00:00","dateModified":"2020-10-20T22:07:17+00:00","mainEntityOfPage":{"@id":"https:\/\/www.icon-icon.com\/en\/the-grand-prix-dhorlogerie-de-geneve-decorates-chanel\/"},"wordCount":259,"commentCount":0,"image":{"@id":"https:\/\/www.icon-icon.com\/en\/the-grand-prix-dhorlogerie-de-geneve-decorates-chanel\/#primaryimage"},"thumbnailUrl":"https:\/\/www.icon-icon.com\/wp-content\/uploads\/2017\/11\/gphg2017_chanel_h5251_blanc_hd01.jpg","keywords":["chanel","chanel-grand-prix-horlogerie-gen\u00e8ve-2017","Chanel-Savoir-Faire","excellence","Grand Prix","squelette-cam\u00e9lia"],"articleSection":["Jewellery"],"inLanguage":"en-US","potentialAction":[{"@type":"CommentAction","name":"Comment","target":["https:\/\/www.icon-icon.com\/en\/the-grand-prix-dhorlogerie-de-geneve-decorates-chanel\/#respond"]}]},{"@type":"WebPage","@id":"https:\/\/www.icon-icon.com\/en\/the-grand-prix-dhorlogerie-de-geneve-decorates-chanel\/","url":"https:\/\/www.icon-icon.com\/en\/the-grand-prix-dhorlogerie-de-geneve-decorates-chanel\/","name":"The Grand Prix d\u2019Horlogerie de Gen\u00e8ve Decorates Chanel - ICON-ICON","isPartOf":{"@id":"https:\/\/www.icon-icon.com\/#website"},"primaryImageOfPage":{"@id":"https:\/\/www.icon-icon.com\/en\/the-grand-prix-dhorlogerie-de-geneve-decorates-chanel\/#primaryimage"},"image":{"@id":"https:\/\/www.icon-icon.com\/en\/the-grand-prix-dhorlogerie-de-geneve-decorates-chanel\/#primaryimage"},"thumbnailUrl":"https:\/\/www.icon-icon.com\/wp-content\/uploads\/2017\/11\/gphg2017_chanel_h5251_blanc_hd01.jpg","datePublished":"2017-11-22T11:53:31+00:00","dateModified":"2020-10-20T22:07:17+00:00","author":{"@id":"https:\/\/www.icon-icon.com\/#\/schema\/person\/e55d52fc3eb90f0f596d4040244e9e8a"},"breadcrumb":{"@id":"https:\/\/www.icon-icon.com\/en\/the-grand-prix-dhorlogerie-de-geneve-decorates-chanel\/#breadcrumb"},"inLanguage":"en-US","potentialAction":[{"@type":"ReadAction","target":["https:\/\/www.icon-icon.com\/en\/the-grand-prix-dhorlogerie-de-geneve-decorates-chanel\/"]}]},{"@type":"ImageObject","inLanguage":"en-US","@id":"https:\/\/www.icon-icon.com\/en\/the-grand-prix-dhorlogerie-de-geneve-decorates-chanel\/#primaryimage","url":"https:\/\/www.icon-icon.com\/wp-content\/uploads\/2017\/11\/gphg2017_chanel_h5251_blanc_hd01.jpg","contentUrl":"https:\/\/www.icon-icon.com\/wp-content\/uploads\/2017\/11\/gphg2017_chanel_h5251_blanc_hd01.jpg","width":400,"height":400,"caption":"gphg2017_chanel_h5251_blanc_hd01.jpg"},{"@type":"BreadcrumbList","@id":"https:\/\/www.icon-icon.com\/en\/the-grand-prix-dhorlogerie-de-geneve-decorates-chanel\/#breadcrumb","itemListElement":[{"@type":"ListItem","position":1,"name":"Accueil","item":"https:\/\/www.icon-icon.com\/en\/"},{"@type":"ListItem","position":2,"name":"The Grand Prix d\u2019Horlogerie de Gen\u00e8ve Decorates Chanel"}]},{"@type":"WebSite","@id":"https:\/\/www.icon-icon.com\/#website","url":"https:\/\/www.icon-icon.com\/","name":"ICON-ICON","description":"Luxury Stories","potentialAction":[{"@type":"SearchAction","target":{"@type":"EntryPoint","urlTemplate":"https:\/\/www.icon-icon.com\/?s={search_term_string}"},"query-input":{"@type":"PropertyValueSpecification","valueRequired":true,"valueName":"search_term_string"}}],"inLanguage":"en-US"},{"@type":"Person","@id":"https:\/\/www.icon-icon.com\/#\/schema\/person\/e55d52fc3eb90f0f596d4040244e9e8a","name":"Icon-Icon","image":{"@type":"ImageObject","inLanguage":"en-US","@id":"https:\/\/secure.gravatar.com\/avatar\/a805f008148faa69a17c7f0ea39c1c8fe7cf57667bd31c5e023987a404bf2748?s=96&d=mm&r=g","url":"https:\/\/secure.gravatar.com\/avatar\/a805f008148faa69a17c7f0ea39c1c8fe7cf57667bd31c5e023987a404bf2748?s=96&d=mm&r=g","contentUrl":"https:\/\/secure.gravatar.com\/avatar\/a805f008148faa69a17c7f0ea39c1c8fe7cf57667bd31c5e023987a404bf2748?s=96&d=mm&r=g","caption":"Icon-Icon"},"url":"https:\/\/www.icon-icon.com\/en\/author\/icon\/"}]}},"_links":{"self":[{"href":"https:\/\/www.icon-icon.com\/en\/wp-json\/wp\/v2\/posts\/17295","targetHints":{"allow":["GET"]}}],"collection":[{"href":"https:\/\/www.icon-icon.com\/en\/wp-json\/wp\/v2\/posts"}],"about":[{"href":"https:\/\/www.icon-icon.com\/en\/wp-json\/wp\/v2\/types\/post"}],"author":[{"embeddable":true,"href":"https:\/\/www.icon-icon.com\/en\/wp-json\/wp\/v2\/users\/3"}],"replies":[{"embeddable":true,"href":"https:\/\/www.icon-icon.com\/en\/wp-json\/wp\/v2\/comments?post=17295"}],"version-history":[{"count":2,"href":"https:\/\/www.icon-icon.com\/en\/wp-json\/wp\/v2\/posts\/17295\/revisions"}],"predecessor-version":[{"id":33739,"href":"https:\/\/www.icon-icon.com\/en\/wp-json\/wp\/v2\/posts\/17295\/revisions\/33739"}],"wp:featuredmedia":[{"embeddable":true,"href":"https:\/\/www.icon-icon.com\/en\/wp-json\/wp\/v2\/media\/17291"}],"wp:attachment":[{"href":"https:\/\/www.icon-icon.com\/en\/wp-json\/wp\/v2\/media?parent=17295"}],"wp:term":[{"taxonomy":"category","embeddable":true,"href":"https:\/\/www.icon-icon.com\/en\/wp-json\/wp\/v2\/categories?post=17295"},{"taxonomy":"post_tag","embeddable":true,"href":"https:\/\/www.icon-icon.com\/en\/wp-json\/wp\/v2\/tags?post=17295"}],"curies":[{"name":"wp","href":"https:\/\/api.w.org\/{rel}","templated":true}]}}