


{"id":16829,"date":"2017-08-16T19:42:11","date_gmt":"2017-08-16T17:42:11","guid":{"rendered":"http:\/\/icon-vrai.loc\/2017\/08\/16\/the-villa-noailles-2\/"},"modified":"2020-10-21T00:07:41","modified_gmt":"2020-10-20T22:07:41","slug":"the-villa-noailles-2","status":"publish","type":"post","link":"https:\/\/www.icon-icon.com\/en\/the-villa-noailles-2\/","title":{"rendered":"The Villa Noailles"},"content":{"rendered":"<p style=\"text-align: center;\"><span style=\"font-size:16px;\"><span style=\"font-family:arial,helvetica,sans-serif;\">Charles\u2019 mother, the Princess of Poix, offered him a piece of hill in <a href=\"https:\/\/fr.wikipedia.org\/wiki\/Hy%C3%A8res\">Hy\u00e8res<\/a> as a wedding gift, located in one of the sunniest spots in the south of France, with a view of the \u00cele de Port-Cros and the \u00cele du Levant. They were a couple of collectors and patrons of the arts who notably financed projects by Dali, Bu\u00f1uel, and Cocteau. In 1925, they constructed this villa over the town that represents one of the most modern-style constructions in France. It boasts an \u201cinfinitely practical and simple\u201d concept, \u201cwhere everything is brought together with nothing but utility in mind.\u201d The architect applied the founding precepts of the rationalist movement: purification of decorative elements, roofs, terraces, light.<\/span><\/span><\/p>\n<p style=\"text-align: center;\"><span style=\"font-size:16px;\"><span style=\"font-family:arial,helvetica,sans-serif;\">This is one of its singularities. \u201cThe way it\u2019s built sheds doubt on all the certitudes of the modern movement. Unplanned extensions appeared and, even though the experiment was concluded, it still carried on.\u201d Successively expanded up until 1933 to reach a grand total of 2,000 m2 and 60 rooms with a pool, squash court, and private gym. Decorated by the greatest including Francis Jorudain, Constantin Brancusi, Alberto Giacometti. The monument they would call Saint Bernard would be one of the first modernist buildings in Europe; they even had to use traditional masonry to build it since no one in Hy\u00e8res knew how to work with reinforced concrete.<\/span><\/span><\/p>\n<p style=\"text-align: center;\"><span style=\"font-size:16px;\"><span style=\"font-family:arial,helvetica,sans-serif;\">Surrounding the edifice is a Mediterranean garden planted by the Vicomte de Noailles, completed by a Cubist garden from Gabriel Guevrekian. Renamed the \u201cjardin triangulaire\u201d, it\u2019s perfected by a bronze from Jacques Lipchitz. Respecting the wishes of Charles de Noailles, who sold the property in 1973 to the town of Hy\u00e8res, the park was opened to the public while the building itself became a cultural center. It officially became a historical monument in 1987 after a long period of abandon, and was restored in different stages to become a center for art and architecture in 1996. Looks like the promise was kept, since each year the renowned <a href=\"http:\/\/www.villanoailles-hyeres.com\/fimph2016\/\">International Fashion and Photography Festival<\/a> is held here.<\/span><\/span><\/p>\n","protected":false},"excerpt":{"rendered":"<p>Charles\u2019 mother, the Princess of Poix, offered him a piece of hill in Hy\u00e8res as a wedding gift, located in one of the sunniest spots in the south of France, with a view of the \u00cele de Port-Cros and the \u00cele du Levant. They were a couple of collectors and patrons of the arts who&#8230;<\/p>\n","protected":false},"author":3,"featured_media":12651,"comment_status":"open","ping_status":"open","sticky":false,"template":"","format":"standard","meta":{"_acf_changed":false,"footnotes":""},"categories":[26],"tags":[17610,9903,1542,17277,17607,17275,6601,17609,8296,334,17608,17611,3140,2244,2281,17606,17434,3135],"class_list":["post-16829","post","type-post","status-publish","format-standard","has-post-thumbnail","hentry","category-design-art","tag-alberto-giacometti","tag-architecture","tag-art","tag-bunuel","tag-charles","tag-charles-de-noailles","tag-cocteau","tag-constantin-brancusi","tag-dali","tag-design","tag-francis-jourdain","tag-gabriel-guevrekian","tag-hyeres","tag-modern","tag-moderne","tag-noailles","tag-villa","tag-villa-noailles"],"acf":[],"yoast_head":"<!-- This site is optimized with the Yoast SEO plugin v27.2 - https:\/\/yoast.com\/product\/yoast-seo-wordpress\/ -->\n<title>The Villa Noailles - ICON-ICON<\/title>\n<meta name=\"robots\" content=\"index, follow, max-snippet:-1, max-image-preview:large, max-video-preview:-1\" \/>\n<link rel=\"canonical\" href=\"http:\/\/www.icon-icon.com\/en\/the-villa-noailles-2\/\" \/>\n<meta property=\"og:locale\" content=\"en_US\" \/>\n<meta property=\"og:type\" content=\"article\" \/>\n<meta property=\"og:title\" content=\"The Villa Noailles - ICON-ICON\" \/>\n<meta property=\"og:description\" content=\"Charles\u2019 mother, the Princess of Poix, offered him a piece of hill in Hy\u00e8res as a wedding gift, located in one of the sunniest spots in the south of France, with a view of the \u00cele de Port-Cros and the \u00cele du Levant. They were a couple of collectors and patrons of the arts who...\" \/>\n<meta property=\"og:url\" content=\"http:\/\/www.icon-icon.com\/en\/the-villa-noailles-2\/\" \/>\n<meta property=\"og:site_name\" content=\"ICON-ICON\" \/>\n<meta property=\"article:published_time\" content=\"2017-08-16T17:42:11+00:00\" \/>\n<meta property=\"article:modified_time\" content=\"2020-10-20T22:07:41+00:00\" \/>\n<meta property=\"og:image\" content=\"http:\/\/www.icon-icon.com\/wp-content\/uploads\/2017\/08\/villa_1.jpg\" \/>\n\t<meta property=\"og:image:width\" content=\"1181\" \/>\n\t<meta property=\"og:image:height\" content=\"788\" \/>\n\t<meta property=\"og:image:type\" content=\"image\/jpeg\" \/>\n<meta name=\"author\" content=\"Icon-Icon\" \/>\n<meta name=\"twitter:card\" content=\"summary_large_image\" \/>\n<meta name=\"twitter:label1\" content=\"Written by\" \/>\n\t<meta name=\"twitter:data1\" content=\"Icon-Icon\" \/>\n\t<meta name=\"twitter:label2\" content=\"Est. reading time\" \/>\n\t<meta name=\"twitter:data2\" content=\"2 minutes\" \/>\n<script type=\"application\/ld+json\" class=\"yoast-schema-graph\">{\"@context\":\"https:\/\/schema.org\",\"@graph\":[{\"@type\":\"Article\",\"@id\":\"http:\/\/www.icon-icon.com\/en\/the-villa-noailles-2\/#article\",\"isPartOf\":{\"@id\":\"http:\/\/www.icon-icon.com\/en\/the-villa-noailles-2\/\"},\"author\":{\"name\":\"Icon-Icon\",\"@id\":\"https:\/\/www.icon-icon.com\/#\/schema\/person\/e55d52fc3eb90f0f596d4040244e9e8a\"},\"headline\":\"The Villa Noailles\",\"datePublished\":\"2017-08-16T17:42:11+00:00\",\"dateModified\":\"2020-10-20T22:07:41+00:00\",\"mainEntityOfPage\":{\"@id\":\"http:\/\/www.icon-icon.com\/en\/the-villa-noailles-2\/\"},\"wordCount\":343,\"commentCount\":0,\"image\":{\"@id\":\"http:\/\/www.icon-icon.com\/en\/the-villa-noailles-2\/#primaryimage\"},\"thumbnailUrl\":\"https:\/\/www.icon-icon.com\/wp-content\/uploads\/2017\/08\/villa_1.jpg\",\"keywords\":[\"Alberto Giacometti\",\"Architecture\",\"Art\",\"bunuel\",\"Charles\",\"charles de noailles\",\"cocteau\",\"Constantin Brancusi\",\"Dali\",\"design\",\"Francis Jourdain\",\"Gabriel Guevrekian\",\"hy\u00e8res\",\"modern\",\"moderne\",\"Noailles\",\"Villa\",\"villa-noailles\"],\"articleSection\":[\"Design &amp; Art\"],\"inLanguage\":\"en-US\",\"potentialAction\":[{\"@type\":\"CommentAction\",\"name\":\"Comment\",\"target\":[\"http:\/\/www.icon-icon.com\/en\/the-villa-noailles-2\/#respond\"]}]},{\"@type\":\"WebPage\",\"@id\":\"http:\/\/www.icon-icon.com\/en\/the-villa-noailles-2\/\",\"url\":\"http:\/\/www.icon-icon.com\/en\/the-villa-noailles-2\/\",\"name\":\"The Villa Noailles - ICON-ICON\",\"isPartOf\":{\"@id\":\"https:\/\/www.icon-icon.com\/#website\"},\"primaryImageOfPage\":{\"@id\":\"http:\/\/www.icon-icon.com\/en\/the-villa-noailles-2\/#primaryimage\"},\"image\":{\"@id\":\"http:\/\/www.icon-icon.com\/en\/the-villa-noailles-2\/#primaryimage\"},\"thumbnailUrl\":\"https:\/\/www.icon-icon.com\/wp-content\/uploads\/2017\/08\/villa_1.jpg\",\"datePublished\":\"2017-08-16T17:42:11+00:00\",\"dateModified\":\"2020-10-20T22:07:41+00:00\",\"author\":{\"@id\":\"https:\/\/www.icon-icon.com\/#\/schema\/person\/e55d52fc3eb90f0f596d4040244e9e8a\"},\"breadcrumb\":{\"@id\":\"http:\/\/www.icon-icon.com\/en\/the-villa-noailles-2\/#breadcrumb\"},\"inLanguage\":\"en-US\",\"potentialAction\":[{\"@type\":\"ReadAction\",\"target\":[\"http:\/\/www.icon-icon.com\/en\/the-villa-noailles-2\/\"]}]},{\"@type\":\"ImageObject\",\"inLanguage\":\"en-US\",\"@id\":\"http:\/\/www.icon-icon.com\/en\/the-villa-noailles-2\/#primaryimage\",\"url\":\"https:\/\/www.icon-icon.com\/wp-content\/uploads\/2017\/08\/villa_1.jpg\",\"contentUrl\":\"https:\/\/www.icon-icon.com\/wp-content\/uploads\/2017\/08\/villa_1.jpg\",\"width\":1181,\"height\":788,\"caption\":\"villa_1.jpg\"},{\"@type\":\"BreadcrumbList\",\"@id\":\"http:\/\/www.icon-icon.com\/en\/the-villa-noailles-2\/#breadcrumb\",\"itemListElement\":[{\"@type\":\"ListItem\",\"position\":1,\"name\":\"Accueil\",\"item\":\"https:\/\/www.icon-icon.com\/en\/\"},{\"@type\":\"ListItem\",\"position\":2,\"name\":\"The Villa Noailles\"}]},{\"@type\":\"WebSite\",\"@id\":\"https:\/\/www.icon-icon.com\/#website\",\"url\":\"https:\/\/www.icon-icon.com\/\",\"name\":\"ICON-ICON\",\"description\":\"Luxury Stories\",\"potentialAction\":[{\"@type\":\"SearchAction\",\"target\":{\"@type\":\"EntryPoint\",\"urlTemplate\":\"https:\/\/www.icon-icon.com\/?s={search_term_string}\"},\"query-input\":{\"@type\":\"PropertyValueSpecification\",\"valueRequired\":true,\"valueName\":\"search_term_string\"}}],\"inLanguage\":\"en-US\"},{\"@type\":\"Person\",\"@id\":\"https:\/\/www.icon-icon.com\/#\/schema\/person\/e55d52fc3eb90f0f596d4040244e9e8a\",\"name\":\"Icon-Icon\",\"image\":{\"@type\":\"ImageObject\",\"inLanguage\":\"en-US\",\"@id\":\"https:\/\/secure.gravatar.com\/avatar\/a805f008148faa69a17c7f0ea39c1c8fe7cf57667bd31c5e023987a404bf2748?s=96&d=mm&r=g\",\"url\":\"https:\/\/secure.gravatar.com\/avatar\/a805f008148faa69a17c7f0ea39c1c8fe7cf57667bd31c5e023987a404bf2748?s=96&d=mm&r=g\",\"contentUrl\":\"https:\/\/secure.gravatar.com\/avatar\/a805f008148faa69a17c7f0ea39c1c8fe7cf57667bd31c5e023987a404bf2748?s=96&d=mm&r=g\",\"caption\":\"Icon-Icon\"},\"url\":\"https:\/\/www.icon-icon.com\/en\/author\/icon\/\"}]}<\/script>\n<!-- \/ Yoast SEO plugin. -->","yoast_head_json":{"title":"The Villa Noailles - ICON-ICON","robots":{"index":"index","follow":"follow","max-snippet":"max-snippet:-1","max-image-preview":"max-image-preview:large","max-video-preview":"max-video-preview:-1"},"canonical":"http:\/\/www.icon-icon.com\/en\/the-villa-noailles-2\/","og_locale":"en_US","og_type":"article","og_title":"The Villa Noailles - ICON-ICON","og_description":"Charles\u2019 mother, the Princess of Poix, offered him a piece of hill in Hy\u00e8res as a wedding gift, located in one of the sunniest spots in the south of France, with a view of the \u00cele de Port-Cros and the \u00cele du Levant. They were a couple of collectors and patrons of the arts who...","og_url":"http:\/\/www.icon-icon.com\/en\/the-villa-noailles-2\/","og_site_name":"ICON-ICON","article_published_time":"2017-08-16T17:42:11+00:00","article_modified_time":"2020-10-20T22:07:41+00:00","og_image":[{"width":1181,"height":788,"url":"http:\/\/www.icon-icon.com\/wp-content\/uploads\/2017\/08\/villa_1.jpg","type":"image\/jpeg"}],"author":"Icon-Icon","twitter_card":"summary_large_image","twitter_misc":{"Written by":"Icon-Icon","Est. reading time":"2 minutes"},"schema":{"@context":"https:\/\/schema.org","@graph":[{"@type":"Article","@id":"http:\/\/www.icon-icon.com\/en\/the-villa-noailles-2\/#article","isPartOf":{"@id":"http:\/\/www.icon-icon.com\/en\/the-villa-noailles-2\/"},"author":{"name":"Icon-Icon","@id":"https:\/\/www.icon-icon.com\/#\/schema\/person\/e55d52fc3eb90f0f596d4040244e9e8a"},"headline":"The Villa Noailles","datePublished":"2017-08-16T17:42:11+00:00","dateModified":"2020-10-20T22:07:41+00:00","mainEntityOfPage":{"@id":"http:\/\/www.icon-icon.com\/en\/the-villa-noailles-2\/"},"wordCount":343,"commentCount":0,"image":{"@id":"http:\/\/www.icon-icon.com\/en\/the-villa-noailles-2\/#primaryimage"},"thumbnailUrl":"https:\/\/www.icon-icon.com\/wp-content\/uploads\/2017\/08\/villa_1.jpg","keywords":["Alberto Giacometti","Architecture","Art","bunuel","Charles","charles de noailles","cocteau","Constantin Brancusi","Dali","design","Francis Jourdain","Gabriel Guevrekian","hy\u00e8res","modern","moderne","Noailles","Villa","villa-noailles"],"articleSection":["Design &amp; Art"],"inLanguage":"en-US","potentialAction":[{"@type":"CommentAction","name":"Comment","target":["http:\/\/www.icon-icon.com\/en\/the-villa-noailles-2\/#respond"]}]},{"@type":"WebPage","@id":"http:\/\/www.icon-icon.com\/en\/the-villa-noailles-2\/","url":"http:\/\/www.icon-icon.com\/en\/the-villa-noailles-2\/","name":"The Villa Noailles - ICON-ICON","isPartOf":{"@id":"https:\/\/www.icon-icon.com\/#website"},"primaryImageOfPage":{"@id":"http:\/\/www.icon-icon.com\/en\/the-villa-noailles-2\/#primaryimage"},"image":{"@id":"http:\/\/www.icon-icon.com\/en\/the-villa-noailles-2\/#primaryimage"},"thumbnailUrl":"https:\/\/www.icon-icon.com\/wp-content\/uploads\/2017\/08\/villa_1.jpg","datePublished":"2017-08-16T17:42:11+00:00","dateModified":"2020-10-20T22:07:41+00:00","author":{"@id":"https:\/\/www.icon-icon.com\/#\/schema\/person\/e55d52fc3eb90f0f596d4040244e9e8a"},"breadcrumb":{"@id":"http:\/\/www.icon-icon.com\/en\/the-villa-noailles-2\/#breadcrumb"},"inLanguage":"en-US","potentialAction":[{"@type":"ReadAction","target":["http:\/\/www.icon-icon.com\/en\/the-villa-noailles-2\/"]}]},{"@type":"ImageObject","inLanguage":"en-US","@id":"http:\/\/www.icon-icon.com\/en\/the-villa-noailles-2\/#primaryimage","url":"https:\/\/www.icon-icon.com\/wp-content\/uploads\/2017\/08\/villa_1.jpg","contentUrl":"https:\/\/www.icon-icon.com\/wp-content\/uploads\/2017\/08\/villa_1.jpg","width":1181,"height":788,"caption":"villa_1.jpg"},{"@type":"BreadcrumbList","@id":"http:\/\/www.icon-icon.com\/en\/the-villa-noailles-2\/#breadcrumb","itemListElement":[{"@type":"ListItem","position":1,"name":"Accueil","item":"https:\/\/www.icon-icon.com\/en\/"},{"@type":"ListItem","position":2,"name":"The Villa Noailles"}]},{"@type":"WebSite","@id":"https:\/\/www.icon-icon.com\/#website","url":"https:\/\/www.icon-icon.com\/","name":"ICON-ICON","description":"Luxury Stories","potentialAction":[{"@type":"SearchAction","target":{"@type":"EntryPoint","urlTemplate":"https:\/\/www.icon-icon.com\/?s={search_term_string}"},"query-input":{"@type":"PropertyValueSpecification","valueRequired":true,"valueName":"search_term_string"}}],"inLanguage":"en-US"},{"@type":"Person","@id":"https:\/\/www.icon-icon.com\/#\/schema\/person\/e55d52fc3eb90f0f596d4040244e9e8a","name":"Icon-Icon","image":{"@type":"ImageObject","inLanguage":"en-US","@id":"https:\/\/secure.gravatar.com\/avatar\/a805f008148faa69a17c7f0ea39c1c8fe7cf57667bd31c5e023987a404bf2748?s=96&d=mm&r=g","url":"https:\/\/secure.gravatar.com\/avatar\/a805f008148faa69a17c7f0ea39c1c8fe7cf57667bd31c5e023987a404bf2748?s=96&d=mm&r=g","contentUrl":"https:\/\/secure.gravatar.com\/avatar\/a805f008148faa69a17c7f0ea39c1c8fe7cf57667bd31c5e023987a404bf2748?s=96&d=mm&r=g","caption":"Icon-Icon"},"url":"https:\/\/www.icon-icon.com\/en\/author\/icon\/"}]}},"_links":{"self":[{"href":"https:\/\/www.icon-icon.com\/en\/wp-json\/wp\/v2\/posts\/16829","targetHints":{"allow":["GET"]}}],"collection":[{"href":"https:\/\/www.icon-icon.com\/en\/wp-json\/wp\/v2\/posts"}],"about":[{"href":"https:\/\/www.icon-icon.com\/en\/wp-json\/wp\/v2\/types\/post"}],"author":[{"embeddable":true,"href":"https:\/\/www.icon-icon.com\/en\/wp-json\/wp\/v2\/users\/3"}],"replies":[{"embeddable":true,"href":"https:\/\/www.icon-icon.com\/en\/wp-json\/wp\/v2\/comments?post=16829"}],"version-history":[{"count":1,"href":"https:\/\/www.icon-icon.com\/en\/wp-json\/wp\/v2\/posts\/16829\/revisions"}],"predecessor-version":[{"id":27426,"href":"https:\/\/www.icon-icon.com\/en\/wp-json\/wp\/v2\/posts\/16829\/revisions\/27426"}],"wp:featuredmedia":[{"embeddable":true,"href":"https:\/\/www.icon-icon.com\/en\/wp-json\/wp\/v2\/media\/12651"}],"wp:attachment":[{"href":"https:\/\/www.icon-icon.com\/en\/wp-json\/wp\/v2\/media?parent=16829"}],"wp:term":[{"taxonomy":"category","embeddable":true,"href":"https:\/\/www.icon-icon.com\/en\/wp-json\/wp\/v2\/categories?post=16829"},{"taxonomy":"post_tag","embeddable":true,"href":"https:\/\/www.icon-icon.com\/en\/wp-json\/wp\/v2\/tags?post=16829"}],"curies":[{"name":"wp","href":"https:\/\/api.w.org\/{rel}","templated":true}]}}