


{"id":16817,"date":"2017-08-14T21:13:23","date_gmt":"2017-08-14T19:13:23","guid":{"rendered":"http:\/\/icon-vrai.loc\/2017\/08\/14\/the-grand-hyatt-cannes-hotel-martinez-2\/"},"modified":"2020-10-21T00:07:42","modified_gmt":"2020-10-20T22:07:42","slug":"the-grand-hyatt-cannes-hotel-martinez-2","status":"publish","type":"post","link":"https:\/\/www.icon-icon.com\/en\/the-grand-hyatt-cannes-hotel-martinez-2\/","title":{"rendered":"The Grand Hyatt Cannes H\u00f4tel Martinez"},"content":{"rendered":"<p style=\"text-align: center;\"><span style=\"font-size:16px;\"><span style=\"font-family:arial,helvetica,sans-serif;\">Inaugurated in 1929, the <a href=\"https:\/\/cannesmartinez.grand.hyatt.com\/fr\/hotel\/our-hotel.html\">H\u00f4tel Martinez<\/a> de Cannes still resonates with the sounds of jazz and the merriment of the Roaring 20s. Built in an Art Deco style, the imposing building was inducted into the general inventory of cultural patrimony in 2001. The hotel has participated in the fairytale of the Cannes Film Festival right from the start. Situated on the famous Boulevard de la Croisette, the palace regularly hosts numerous personalities from the cinema and media worlds. It underwent a name change in 2013 to become the Grand Hyatt Cannes H\u00f4tel Martinez after being purchased by the American group. Just a few meters from the Palais des Festivals et des Congr\u00e8s, this is the mythic location where the Palme d\u2019Or for Best Film is awarded each year. And let\u2019s not forget the fabled stairway, the red carpet where the biggest film stars bump elbows.&nbsp;<\/span><\/span><\/p>\n<p style=\"text-align: center;\"><span style=\"font-size:16px;\"><span style=\"font-family:arial,helvetica,sans-serif;\">Its renown is also thanks to its 409 rooms of which 27 are suites, its private beach the Zplage, and its 2 Michelin-starred restaurant \u2013&nbsp;<em>La Palme d\u2019Or &#8211;<\/em>, the only one in Cannes. This restaurant, in accordance with tradition, hosts the members of the jury and their president each year on the night before the opening of the official competition. Clint Eastwood, Leonardo DiCaprio, and other big names are all regulars at this starred establishment. In addition, the private outdoor pool and 900 m\u00b2 Spa Martinez have rendered this place particularly in vogue with the stars during the festival.<\/span><\/span><\/p>\n<p style=\"text-align: center;\"><span style=\"font-size:16px;\"><span style=\"font-family:arial,helvetica,sans-serif;\">Before the festival\u2019s creation, the hotel was more frequented by intellectuals like Paul Val\u00e9ry or industrials like Andr\u00e9 Citro\u00ebn who would come to rest and rejuvenate. Nowadays, however, it has become more of a resort for Hollywood stars and muses of the 7th art with notably Liz Taylor, Charlie Chaplin, and, more recently, the likes of Scarlett Johansson or Monica Bellucci on the roster. Le Martinez is also a party spot. Take for instance the concert that Jamiroqua\u00ef gave festival-goers in 2011, ravishing them with a colorful show in the salons of the Martinez. The owners may be Qatari and the managers American, but there\u2019s no doubt that a number of stars and other actors will still spend their festival in this iconic French location par excellence.<\/span><\/span><\/p>\n","protected":false},"excerpt":{"rendered":"<p>Inaugurated in 1929, the H\u00f4tel Martinez de Cannes still resonates with the sounds of jazz and the merriment of the Roaring 20s. Built in an Art Deco style, the imposing building was inducted into the general inventory of cultural patrimony in 2001. The hotel has participated in the fairytale of the Cannes Film Festival right&#8230;<\/p>\n","protected":false},"author":3,"featured_media":8416,"comment_status":"open","ping_status":"open","sticky":false,"template":"","format":"standard","meta":{"_acf_changed":false,"footnotes":""},"categories":[25091,30],"tags":[14955,14938,1671,14948,14957,14961,1201,14864,14950,71,1624,14954,9816,14956,14946,14945,1682,1234,14960,14772,14422,169,28588,1824,14943,1680,14941,1692,30383,1687,14821,14953,14910,1676,1684,14935,14934,32228,14907,14944,1686,14933,14947,14937,14932,1672,14958,14952,14936,14939,14940,1685,14959,6444,2969,28548,14949,14951,9408,14942],"class_list":["post-16817","post","type-post","status-publish","format-standard","has-post-thumbnail","hentry","category-destinations-iconiques","category-hotels-chefs-2","tag-7-eme-art","tag-americains","tag-andre-citroen","tag-boulevard-de-la-croisette","tag-brand-pitt","tag-canal","tag-cannes","tag-cannes-2014","tag-chambres","tag-charlie-chaplin","tag-cinema","tag-citroen","tag-clint-eastwood","tag-etat-unis","tag-etoile-michelin","tag-etoiles","tag-festival","tag-festival-de-cannes","tag-festivaliers","tag-fete","tag-francais","tag-francaise","tag-france-en","tag-france","tag-gastronomique","tag-grand-hyatt","tag-grand-hyatt-cannes-hotel-martinez","tag-hollywood","tag-hollywood-en","tag-hotel-martinez","tag-italienne","tag-jury","tag-la-croisette","tag-leonardo-dicaprio","tag-liz-taylor","tag-marche-de-cannes","tag-marches","tag-martinez-en","tag-martinez","tag-mochelin","tag-monica-bellucci","tag-mytique","tag-ouverture","tag-parle-dor","tag-patrimoine-culturel","tag-paul-valery","tag-piscine","tag-plage-privee","tag-plages","tag-qataris","tag-quataris","tag-scarlett-johansson","tag-spar-martinez","tag-star","tag-stars","tag-stars-en","tag-stars-du-cinema","tag-suites","tag-tapis-rouge","tag-zplage"],"acf":[],"yoast_head":"<!-- This site is optimized with the Yoast SEO plugin v27.2 - https:\/\/yoast.com\/product\/yoast-seo-wordpress\/ -->\n<title>The Grand Hyatt Cannes H\u00f4tel Martinez - ICON-ICON<\/title>\n<meta name=\"robots\" content=\"index, follow, max-snippet:-1, max-image-preview:large, max-video-preview:-1\" \/>\n<link rel=\"canonical\" href=\"http:\/\/www.icon-icon.com\/en\/the-grand-hyatt-cannes-hotel-martinez-2\/\" \/>\n<meta property=\"og:locale\" content=\"en_US\" \/>\n<meta property=\"og:type\" content=\"article\" \/>\n<meta property=\"og:title\" content=\"The Grand Hyatt Cannes H\u00f4tel Martinez - ICON-ICON\" \/>\n<meta property=\"og:description\" content=\"Inaugurated in 1929, the H\u00f4tel Martinez de Cannes still resonates with the sounds of jazz and the merriment of the Roaring 20s. Built in an Art Deco style, the imposing building was inducted into the general inventory of cultural patrimony in 2001. The hotel has participated in the fairytale of the Cannes Film Festival right...\" \/>\n<meta property=\"og:url\" content=\"http:\/\/www.icon-icon.com\/en\/the-grand-hyatt-cannes-hotel-martinez-2\/\" \/>\n<meta property=\"og:site_name\" content=\"ICON-ICON\" \/>\n<meta property=\"article:published_time\" content=\"2017-08-14T19:13:23+00:00\" \/>\n<meta property=\"article:modified_time\" content=\"2020-10-20T22:07:42+00:00\" \/>\n<meta property=\"og:image\" content=\"http:\/\/www.icon-icon.com\/wp-content\/uploads\/2015\/05\/mart_0.jpg\" \/>\n\t<meta property=\"og:image:width\" content=\"650\" \/>\n\t<meta property=\"og:image:height\" content=\"433\" \/>\n\t<meta property=\"og:image:type\" content=\"image\/jpeg\" \/>\n<meta name=\"author\" content=\"Icon-Icon\" \/>\n<meta name=\"twitter:card\" content=\"summary_large_image\" \/>\n<meta name=\"twitter:label1\" content=\"Written by\" \/>\n\t<meta name=\"twitter:data1\" content=\"Icon-Icon\" \/>\n\t<meta name=\"twitter:label2\" content=\"Est. reading time\" \/>\n\t<meta name=\"twitter:data2\" content=\"2 minutes\" \/>\n<script type=\"application\/ld+json\" class=\"yoast-schema-graph\">{\"@context\":\"https:\/\/schema.org\",\"@graph\":[{\"@type\":\"Article\",\"@id\":\"http:\/\/www.icon-icon.com\/en\/the-grand-hyatt-cannes-hotel-martinez-2\/#article\",\"isPartOf\":{\"@id\":\"http:\/\/www.icon-icon.com\/en\/the-grand-hyatt-cannes-hotel-martinez-2\/\"},\"author\":{\"name\":\"Icon-Icon\",\"@id\":\"https:\/\/www.icon-icon.com\/#\/schema\/person\/e55d52fc3eb90f0f596d4040244e9e8a\"},\"headline\":\"The Grand Hyatt Cannes H\u00f4tel Martinez\",\"datePublished\":\"2017-08-14T19:13:23+00:00\",\"dateModified\":\"2020-10-20T22:07:42+00:00\",\"mainEntityOfPage\":{\"@id\":\"http:\/\/www.icon-icon.com\/en\/the-grand-hyatt-cannes-hotel-martinez-2\/\"},\"wordCount\":382,\"commentCount\":0,\"image\":{\"@id\":\"http:\/\/www.icon-icon.com\/en\/the-grand-hyatt-cannes-hotel-martinez-2\/#primaryimage\"},\"thumbnailUrl\":\"https:\/\/www.icon-icon.com\/wp-content\/uploads\/2015\/05\/mart_0.jpg\",\"keywords\":[\"7-eme-art\",\"am\u00e9ricains\",\"Andr\u00e9-Citro\u00ebn\",\"boulevard-de-la-croisette\",\"brand-pitt\",\"canal-+\",\"cannes\",\"cannes-2014\",\"chambres\",\"charlie-chaplin\",\"Cin\u00e9ma\",\"citroen\",\"Clint-Eastwood\",\"\u00e9tat-unis\",\"etoile-michelin\",\"etoiles\",\"festival\",\"festival-de-cannes\",\"festivaliers\",\"f\u00eate\",\"francais\",\"francaise\",\"France\",\"France\",\"gastronomique\",\"Grand-Hyatt\",\"grand-hyatt-cannes-hotel-martinez\",\"Hollywood\",\"Hollywood\",\"H\u00f4tel-Martinez\",\"italienne\",\"jury\",\"la croisette\",\"Leonardo-DiCaprio\",\"Liz-Taylor\",\"marche-de-cannes\",\"marches\",\"martinez\",\"martinez\",\"mochelin\",\"Monica-Bellucci\",\"mytique\",\"ouverture\",\"parle-d'or\",\"patrimoine-culturel\",\"Paul-Val\u00e9ry\",\"piscine\",\"plage-priv\u00e9e\",\"plages\",\"qataris\",\"quataris\",\"Scarlett-Johansson\",\"spar-martinez\",\"star\",\"stars\",\"stars\",\"stars-du-cinema\",\"suites\",\"tapis-rouge\",\"zplage\"],\"articleSection\":[\"Destinations Iconiques\",\"Hotels &amp; Chefs\"],\"inLanguage\":\"en-US\",\"potentialAction\":[{\"@type\":\"CommentAction\",\"name\":\"Comment\",\"target\":[\"http:\/\/www.icon-icon.com\/en\/the-grand-hyatt-cannes-hotel-martinez-2\/#respond\"]}]},{\"@type\":\"WebPage\",\"@id\":\"http:\/\/www.icon-icon.com\/en\/the-grand-hyatt-cannes-hotel-martinez-2\/\",\"url\":\"http:\/\/www.icon-icon.com\/en\/the-grand-hyatt-cannes-hotel-martinez-2\/\",\"name\":\"The Grand Hyatt Cannes H\u00f4tel Martinez - ICON-ICON\",\"isPartOf\":{\"@id\":\"https:\/\/www.icon-icon.com\/#website\"},\"primaryImageOfPage\":{\"@id\":\"http:\/\/www.icon-icon.com\/en\/the-grand-hyatt-cannes-hotel-martinez-2\/#primaryimage\"},\"image\":{\"@id\":\"http:\/\/www.icon-icon.com\/en\/the-grand-hyatt-cannes-hotel-martinez-2\/#primaryimage\"},\"thumbnailUrl\":\"https:\/\/www.icon-icon.com\/wp-content\/uploads\/2015\/05\/mart_0.jpg\",\"datePublished\":\"2017-08-14T19:13:23+00:00\",\"dateModified\":\"2020-10-20T22:07:42+00:00\",\"author\":{\"@id\":\"https:\/\/www.icon-icon.com\/#\/schema\/person\/e55d52fc3eb90f0f596d4040244e9e8a\"},\"breadcrumb\":{\"@id\":\"http:\/\/www.icon-icon.com\/en\/the-grand-hyatt-cannes-hotel-martinez-2\/#breadcrumb\"},\"inLanguage\":\"en-US\",\"potentialAction\":[{\"@type\":\"ReadAction\",\"target\":[\"http:\/\/www.icon-icon.com\/en\/the-grand-hyatt-cannes-hotel-martinez-2\/\"]}]},{\"@type\":\"ImageObject\",\"inLanguage\":\"en-US\",\"@id\":\"http:\/\/www.icon-icon.com\/en\/the-grand-hyatt-cannes-hotel-martinez-2\/#primaryimage\",\"url\":\"https:\/\/www.icon-icon.com\/wp-content\/uploads\/2015\/05\/mart_0.jpg\",\"contentUrl\":\"https:\/\/www.icon-icon.com\/wp-content\/uploads\/2015\/05\/mart_0.jpg\",\"width\":650,\"height\":433,\"caption\":\"mart.jpg\"},{\"@type\":\"BreadcrumbList\",\"@id\":\"http:\/\/www.icon-icon.com\/en\/the-grand-hyatt-cannes-hotel-martinez-2\/#breadcrumb\",\"itemListElement\":[{\"@type\":\"ListItem\",\"position\":1,\"name\":\"Accueil\",\"item\":\"https:\/\/www.icon-icon.com\/en\/\"},{\"@type\":\"ListItem\",\"position\":2,\"name\":\"The Grand Hyatt Cannes H\u00f4tel Martinez\"}]},{\"@type\":\"WebSite\",\"@id\":\"https:\/\/www.icon-icon.com\/#website\",\"url\":\"https:\/\/www.icon-icon.com\/\",\"name\":\"ICON-ICON\",\"description\":\"Luxury Stories\",\"potentialAction\":[{\"@type\":\"SearchAction\",\"target\":{\"@type\":\"EntryPoint\",\"urlTemplate\":\"https:\/\/www.icon-icon.com\/?s={search_term_string}\"},\"query-input\":{\"@type\":\"PropertyValueSpecification\",\"valueRequired\":true,\"valueName\":\"search_term_string\"}}],\"inLanguage\":\"en-US\"},{\"@type\":\"Person\",\"@id\":\"https:\/\/www.icon-icon.com\/#\/schema\/person\/e55d52fc3eb90f0f596d4040244e9e8a\",\"name\":\"Icon-Icon\",\"image\":{\"@type\":\"ImageObject\",\"inLanguage\":\"en-US\",\"@id\":\"https:\/\/secure.gravatar.com\/avatar\/a805f008148faa69a17c7f0ea39c1c8fe7cf57667bd31c5e023987a404bf2748?s=96&d=mm&r=g\",\"url\":\"https:\/\/secure.gravatar.com\/avatar\/a805f008148faa69a17c7f0ea39c1c8fe7cf57667bd31c5e023987a404bf2748?s=96&d=mm&r=g\",\"contentUrl\":\"https:\/\/secure.gravatar.com\/avatar\/a805f008148faa69a17c7f0ea39c1c8fe7cf57667bd31c5e023987a404bf2748?s=96&d=mm&r=g\",\"caption\":\"Icon-Icon\"},\"url\":\"https:\/\/www.icon-icon.com\/en\/author\/icon\/\"}]}<\/script>\n<!-- \/ Yoast SEO plugin. -->","yoast_head_json":{"title":"The Grand Hyatt Cannes H\u00f4tel Martinez - ICON-ICON","robots":{"index":"index","follow":"follow","max-snippet":"max-snippet:-1","max-image-preview":"max-image-preview:large","max-video-preview":"max-video-preview:-1"},"canonical":"http:\/\/www.icon-icon.com\/en\/the-grand-hyatt-cannes-hotel-martinez-2\/","og_locale":"en_US","og_type":"article","og_title":"The Grand Hyatt Cannes H\u00f4tel Martinez - ICON-ICON","og_description":"Inaugurated in 1929, the H\u00f4tel Martinez de Cannes still resonates with the sounds of jazz and the merriment of the Roaring 20s. Built in an Art Deco style, the imposing building was inducted into the general inventory of cultural patrimony in 2001. The hotel has participated in the fairytale of the Cannes Film Festival right...","og_url":"http:\/\/www.icon-icon.com\/en\/the-grand-hyatt-cannes-hotel-martinez-2\/","og_site_name":"ICON-ICON","article_published_time":"2017-08-14T19:13:23+00:00","article_modified_time":"2020-10-20T22:07:42+00:00","og_image":[{"width":650,"height":433,"url":"http:\/\/www.icon-icon.com\/wp-content\/uploads\/2015\/05\/mart_0.jpg","type":"image\/jpeg"}],"author":"Icon-Icon","twitter_card":"summary_large_image","twitter_misc":{"Written by":"Icon-Icon","Est. reading time":"2 minutes"},"schema":{"@context":"https:\/\/schema.org","@graph":[{"@type":"Article","@id":"http:\/\/www.icon-icon.com\/en\/the-grand-hyatt-cannes-hotel-martinez-2\/#article","isPartOf":{"@id":"http:\/\/www.icon-icon.com\/en\/the-grand-hyatt-cannes-hotel-martinez-2\/"},"author":{"name":"Icon-Icon","@id":"https:\/\/www.icon-icon.com\/#\/schema\/person\/e55d52fc3eb90f0f596d4040244e9e8a"},"headline":"The Grand Hyatt Cannes H\u00f4tel Martinez","datePublished":"2017-08-14T19:13:23+00:00","dateModified":"2020-10-20T22:07:42+00:00","mainEntityOfPage":{"@id":"http:\/\/www.icon-icon.com\/en\/the-grand-hyatt-cannes-hotel-martinez-2\/"},"wordCount":382,"commentCount":0,"image":{"@id":"http:\/\/www.icon-icon.com\/en\/the-grand-hyatt-cannes-hotel-martinez-2\/#primaryimage"},"thumbnailUrl":"https:\/\/www.icon-icon.com\/wp-content\/uploads\/2015\/05\/mart_0.jpg","keywords":["7-eme-art","am\u00e9ricains","Andr\u00e9-Citro\u00ebn","boulevard-de-la-croisette","brand-pitt","canal-+","cannes","cannes-2014","chambres","charlie-chaplin","Cin\u00e9ma","citroen","Clint-Eastwood","\u00e9tat-unis","etoile-michelin","etoiles","festival","festival-de-cannes","festivaliers","f\u00eate","francais","francaise","France","France","gastronomique","Grand-Hyatt","grand-hyatt-cannes-hotel-martinez","Hollywood","Hollywood","H\u00f4tel-Martinez","italienne","jury","la croisette","Leonardo-DiCaprio","Liz-Taylor","marche-de-cannes","marches","martinez","martinez","mochelin","Monica-Bellucci","mytique","ouverture","parle-d'or","patrimoine-culturel","Paul-Val\u00e9ry","piscine","plage-priv\u00e9e","plages","qataris","quataris","Scarlett-Johansson","spar-martinez","star","stars","stars","stars-du-cinema","suites","tapis-rouge","zplage"],"articleSection":["Destinations Iconiques","Hotels &amp; Chefs"],"inLanguage":"en-US","potentialAction":[{"@type":"CommentAction","name":"Comment","target":["http:\/\/www.icon-icon.com\/en\/the-grand-hyatt-cannes-hotel-martinez-2\/#respond"]}]},{"@type":"WebPage","@id":"http:\/\/www.icon-icon.com\/en\/the-grand-hyatt-cannes-hotel-martinez-2\/","url":"http:\/\/www.icon-icon.com\/en\/the-grand-hyatt-cannes-hotel-martinez-2\/","name":"The Grand Hyatt Cannes H\u00f4tel Martinez - ICON-ICON","isPartOf":{"@id":"https:\/\/www.icon-icon.com\/#website"},"primaryImageOfPage":{"@id":"http:\/\/www.icon-icon.com\/en\/the-grand-hyatt-cannes-hotel-martinez-2\/#primaryimage"},"image":{"@id":"http:\/\/www.icon-icon.com\/en\/the-grand-hyatt-cannes-hotel-martinez-2\/#primaryimage"},"thumbnailUrl":"https:\/\/www.icon-icon.com\/wp-content\/uploads\/2015\/05\/mart_0.jpg","datePublished":"2017-08-14T19:13:23+00:00","dateModified":"2020-10-20T22:07:42+00:00","author":{"@id":"https:\/\/www.icon-icon.com\/#\/schema\/person\/e55d52fc3eb90f0f596d4040244e9e8a"},"breadcrumb":{"@id":"http:\/\/www.icon-icon.com\/en\/the-grand-hyatt-cannes-hotel-martinez-2\/#breadcrumb"},"inLanguage":"en-US","potentialAction":[{"@type":"ReadAction","target":["http:\/\/www.icon-icon.com\/en\/the-grand-hyatt-cannes-hotel-martinez-2\/"]}]},{"@type":"ImageObject","inLanguage":"en-US","@id":"http:\/\/www.icon-icon.com\/en\/the-grand-hyatt-cannes-hotel-martinez-2\/#primaryimage","url":"https:\/\/www.icon-icon.com\/wp-content\/uploads\/2015\/05\/mart_0.jpg","contentUrl":"https:\/\/www.icon-icon.com\/wp-content\/uploads\/2015\/05\/mart_0.jpg","width":650,"height":433,"caption":"mart.jpg"},{"@type":"BreadcrumbList","@id":"http:\/\/www.icon-icon.com\/en\/the-grand-hyatt-cannes-hotel-martinez-2\/#breadcrumb","itemListElement":[{"@type":"ListItem","position":1,"name":"Accueil","item":"https:\/\/www.icon-icon.com\/en\/"},{"@type":"ListItem","position":2,"name":"The Grand Hyatt Cannes H\u00f4tel Martinez"}]},{"@type":"WebSite","@id":"https:\/\/www.icon-icon.com\/#website","url":"https:\/\/www.icon-icon.com\/","name":"ICON-ICON","description":"Luxury Stories","potentialAction":[{"@type":"SearchAction","target":{"@type":"EntryPoint","urlTemplate":"https:\/\/www.icon-icon.com\/?s={search_term_string}"},"query-input":{"@type":"PropertyValueSpecification","valueRequired":true,"valueName":"search_term_string"}}],"inLanguage":"en-US"},{"@type":"Person","@id":"https:\/\/www.icon-icon.com\/#\/schema\/person\/e55d52fc3eb90f0f596d4040244e9e8a","name":"Icon-Icon","image":{"@type":"ImageObject","inLanguage":"en-US","@id":"https:\/\/secure.gravatar.com\/avatar\/a805f008148faa69a17c7f0ea39c1c8fe7cf57667bd31c5e023987a404bf2748?s=96&d=mm&r=g","url":"https:\/\/secure.gravatar.com\/avatar\/a805f008148faa69a17c7f0ea39c1c8fe7cf57667bd31c5e023987a404bf2748?s=96&d=mm&r=g","contentUrl":"https:\/\/secure.gravatar.com\/avatar\/a805f008148faa69a17c7f0ea39c1c8fe7cf57667bd31c5e023987a404bf2748?s=96&d=mm&r=g","caption":"Icon-Icon"},"url":"https:\/\/www.icon-icon.com\/en\/author\/icon\/"}]}},"_links":{"self":[{"href":"https:\/\/www.icon-icon.com\/en\/wp-json\/wp\/v2\/posts\/16817","targetHints":{"allow":["GET"]}}],"collection":[{"href":"https:\/\/www.icon-icon.com\/en\/wp-json\/wp\/v2\/posts"}],"about":[{"href":"https:\/\/www.icon-icon.com\/en\/wp-json\/wp\/v2\/types\/post"}],"author":[{"embeddable":true,"href":"https:\/\/www.icon-icon.com\/en\/wp-json\/wp\/v2\/users\/3"}],"replies":[{"embeddable":true,"href":"https:\/\/www.icon-icon.com\/en\/wp-json\/wp\/v2\/comments?post=16817"}],"version-history":[{"count":1,"href":"https:\/\/www.icon-icon.com\/en\/wp-json\/wp\/v2\/posts\/16817\/revisions"}],"predecessor-version":[{"id":27432,"href":"https:\/\/www.icon-icon.com\/en\/wp-json\/wp\/v2\/posts\/16817\/revisions\/27432"}],"wp:featuredmedia":[{"embeddable":true,"href":"https:\/\/www.icon-icon.com\/en\/wp-json\/wp\/v2\/media\/8416"}],"wp:attachment":[{"href":"https:\/\/www.icon-icon.com\/en\/wp-json\/wp\/v2\/media?parent=16817"}],"wp:term":[{"taxonomy":"category","embeddable":true,"href":"https:\/\/www.icon-icon.com\/en\/wp-json\/wp\/v2\/categories?post=16817"},{"taxonomy":"post_tag","embeddable":true,"href":"https:\/\/www.icon-icon.com\/en\/wp-json\/wp\/v2\/tags?post=16817"}],"curies":[{"name":"wp","href":"https:\/\/api.w.org\/{rel}","templated":true}]}}