


{"id":16603,"date":"2017-07-14T06:51:31","date_gmt":"2017-07-14T04:51:31","guid":{"rendered":"http:\/\/icon-vrai.loc\/2017\/07\/14\/the-floral-fur-dress-by-fendi\/"},"modified":"2020-10-21T00:07:52","modified_gmt":"2020-10-20T22:07:52","slug":"the-floral-fur-dress-by-fendi","status":"publish","type":"post","link":"https:\/\/www.icon-icon.com\/en\/the-floral-fur-dress-by-fendi\/","title":{"rendered":"The Floral Fur Dress by Fendi"},"content":{"rendered":"<p style=\"text-align: center;\">Within the Th\u00e9\u00e2tre des Champs-\u00c9lys\u00e9es, Fendi\u2019s beauties took off on a recomposition of Debussy\u2019s&nbsp;<i>L\u2019Apr\u00e8s-midi d\u2019un Faune<\/i>. For this \u2018Haute Fourrure\u2019 Fall\/Winter 2017 collection, Karl Lagerfeld and Silvia Venturini Fendi made the flower their favored motif. Often paired with summer ornamentation, the flower is transformed into a winter motif as Fendi crafts its petals out of fur. Entitled \u201cFendi Roma Haute Fourrure\u201d, the collection was like an ode to flora and fauna in the very theater that hosted Vaslay Jininski\u2019s experimental&nbsp;<i>The Rite of Spring&nbsp;<\/i>more than a century ago.<\/p>\n<p style=\"text-align: center;\">With an on-point mixture of artistic references, taking symbolism and Impressionism as an occasional guide, Fendi\u2019s pieces looked like pieces of canvas. Karl Lagerfeld\u2019s designs gave life to irises and blue poppies made of fur and mixed with leather foliage. This floral fur dress symbolizes all the power and emotion given off by this special couture runway. For there was exuberance, poetry, and so much joy in this multi-layered palette that drifted effortlessly from red to pink, yellow to blue.<\/p>\n<p style=\"text-align: center;\">Fendi is in bloom &#8211; \u201ca symbolistic spring\u201d, in the words of the Kaiser. The effect was complete: mini streams of fur formed a flower, while mink was worked into the lace itself. How did this magic come to be? With metallic jacquards, leather lace, and a golden needle that pokes and provokes a complex effect that only Fendi\u2019s masterful technicians are able to create. This slightly insolent yet ever so celestial work earned Karl Lagerfeld a triple standing ovation; a magistral finish for an artisanship that\u2019s just as magistral.<\/p>\n","protected":false},"excerpt":{"rendered":"<p>Within the Th\u00e9\u00e2tre des Champs-\u00c9lys\u00e9es, Fendi\u2019s beauties took off on a recomposition of Debussy\u2019s&nbsp;L\u2019Apr\u00e8s-midi d\u2019un Faune. For this \u2018Haute Fourrure\u2019 Fall\/Winter 2017 collection, Karl Lagerfeld and Silvia Venturini Fendi made the flower their favored motif. Often paired with summer ornamentation, the flower is transformed into a winter motif as Fendi crafts its petals out of&#8230;<\/p>\n","protected":false},"author":3,"featured_media":16599,"comment_status":"open","ping_status":"open","sticky":false,"template":"","format":"standard","meta":{"_acf_changed":false,"footnotes":""},"categories":[32,6,21346],"tags":[19287,19286,18947,401,19289,61,18970],"class_list":["post-16603","post","type-post","status-publish","format-standard","has-post-thumbnail","hentry","category-fashion-accessories","category-ready-to-wear","category-pret-a-porter-2-en","tag-automne-hiver-2017-2018","tag-autumn-winter-2017-2018","tag-bella-hadid","tag-fendi","tag-haute-fourrure","tag-karl-lagerfeld","tag-kendall-jenner"],"acf":[],"yoast_head":"<!-- This site is optimized with the Yoast SEO plugin v27.2 - https:\/\/yoast.com\/product\/yoast-seo-wordpress\/ -->\n<title>The Floral Fur Dress by Fendi - ICON-ICON<\/title>\n<meta name=\"robots\" content=\"index, follow, max-snippet:-1, max-image-preview:large, max-video-preview:-1\" \/>\n<link rel=\"canonical\" href=\"http:\/\/www.icon-icon.com\/en\/the-floral-fur-dress-by-fendi\/\" \/>\n<meta property=\"og:locale\" content=\"en_US\" \/>\n<meta property=\"og:type\" content=\"article\" \/>\n<meta property=\"og:title\" content=\"The Floral Fur Dress by Fendi - ICON-ICON\" \/>\n<meta property=\"og:description\" content=\"Within the Th\u00e9\u00e2tre des Champs-\u00c9lys\u00e9es, Fendi\u2019s beauties took off on a recomposition of Debussy\u2019s&nbsp;L\u2019Apr\u00e8s-midi d\u2019un Faune. For this \u2018Haute Fourrure\u2019 Fall\/Winter 2017 collection, Karl Lagerfeld and Silvia Venturini Fendi made the flower their favored motif. Often paired with summer ornamentation, the flower is transformed into a winter motif as Fendi crafts its petals out of...\" \/>\n<meta property=\"og:url\" content=\"http:\/\/www.icon-icon.com\/en\/the-floral-fur-dress-by-fendi\/\" \/>\n<meta property=\"og:site_name\" content=\"ICON-ICON\" \/>\n<meta property=\"article:published_time\" content=\"2017-07-14T04:51:31+00:00\" \/>\n<meta property=\"article:modified_time\" content=\"2020-10-20T22:07:52+00:00\" \/>\n<meta property=\"og:image\" content=\"http:\/\/www.icon-icon.com\/wp-content\/uploads\/2017\/07\/13-.jpg\" \/>\n\t<meta property=\"og:image:width\" content=\"794\" \/>\n\t<meta property=\"og:image:height\" content=\"1123\" \/>\n\t<meta property=\"og:image:type\" content=\"image\/jpeg\" \/>\n<meta name=\"author\" content=\"Icon-Icon\" \/>\n<meta name=\"twitter:card\" content=\"summary_large_image\" \/>\n<meta name=\"twitter:label1\" content=\"Written by\" \/>\n\t<meta name=\"twitter:data1\" content=\"Icon-Icon\" \/>\n\t<meta name=\"twitter:label2\" content=\"Est. reading time\" \/>\n\t<meta name=\"twitter:data2\" content=\"1 minute\" \/>\n<script type=\"application\/ld+json\" class=\"yoast-schema-graph\">{\"@context\":\"https:\/\/schema.org\",\"@graph\":[{\"@type\":\"Article\",\"@id\":\"http:\/\/www.icon-icon.com\/en\/the-floral-fur-dress-by-fendi\/#article\",\"isPartOf\":{\"@id\":\"http:\/\/www.icon-icon.com\/en\/the-floral-fur-dress-by-fendi\/\"},\"author\":{\"name\":\"Icon-Icon\",\"@id\":\"https:\/\/www.icon-icon.com\/#\/schema\/person\/e55d52fc3eb90f0f596d4040244e9e8a\"},\"headline\":\"The Floral Fur Dress by Fendi\",\"datePublished\":\"2017-07-14T04:51:31+00:00\",\"dateModified\":\"2020-10-20T22:07:52+00:00\",\"mainEntityOfPage\":{\"@id\":\"http:\/\/www.icon-icon.com\/en\/the-floral-fur-dress-by-fendi\/\"},\"wordCount\":282,\"commentCount\":0,\"image\":{\"@id\":\"http:\/\/www.icon-icon.com\/en\/the-floral-fur-dress-by-fendi\/#primaryimage\"},\"thumbnailUrl\":\"https:\/\/www.icon-icon.com\/wp-content\/uploads\/2017\/07\/13-.jpg\",\"keywords\":[\"automne hiver 2017-2018\",\"autumn winter 2017-2018\",\"bella hadid\",\"fendi\",\"Haute Fourrure\",\"karl-lagerfeld\",\"kendall jenner\"],\"articleSection\":[\"Fashion &amp; accessories\",\"Ready To Wear\",\"Ready to wear\"],\"inLanguage\":\"en-US\",\"potentialAction\":[{\"@type\":\"CommentAction\",\"name\":\"Comment\",\"target\":[\"http:\/\/www.icon-icon.com\/en\/the-floral-fur-dress-by-fendi\/#respond\"]}]},{\"@type\":\"WebPage\",\"@id\":\"http:\/\/www.icon-icon.com\/en\/the-floral-fur-dress-by-fendi\/\",\"url\":\"http:\/\/www.icon-icon.com\/en\/the-floral-fur-dress-by-fendi\/\",\"name\":\"The Floral Fur Dress by Fendi - ICON-ICON\",\"isPartOf\":{\"@id\":\"https:\/\/www.icon-icon.com\/#website\"},\"primaryImageOfPage\":{\"@id\":\"http:\/\/www.icon-icon.com\/en\/the-floral-fur-dress-by-fendi\/#primaryimage\"},\"image\":{\"@id\":\"http:\/\/www.icon-icon.com\/en\/the-floral-fur-dress-by-fendi\/#primaryimage\"},\"thumbnailUrl\":\"https:\/\/www.icon-icon.com\/wp-content\/uploads\/2017\/07\/13-.jpg\",\"datePublished\":\"2017-07-14T04:51:31+00:00\",\"dateModified\":\"2020-10-20T22:07:52+00:00\",\"author\":{\"@id\":\"https:\/\/www.icon-icon.com\/#\/schema\/person\/e55d52fc3eb90f0f596d4040244e9e8a\"},\"breadcrumb\":{\"@id\":\"http:\/\/www.icon-icon.com\/en\/the-floral-fur-dress-by-fendi\/#breadcrumb\"},\"inLanguage\":\"en-US\",\"potentialAction\":[{\"@type\":\"ReadAction\",\"target\":[\"http:\/\/www.icon-icon.com\/en\/the-floral-fur-dress-by-fendi\/\"]}]},{\"@type\":\"ImageObject\",\"inLanguage\":\"en-US\",\"@id\":\"http:\/\/www.icon-icon.com\/en\/the-floral-fur-dress-by-fendi\/#primaryimage\",\"url\":\"https:\/\/www.icon-icon.com\/wp-content\/uploads\/2017\/07\/13-.jpg\",\"contentUrl\":\"https:\/\/www.icon-icon.com\/wp-content\/uploads\/2017\/07\/13-.jpg\",\"width\":794,\"height\":1123,\"caption\":\"13-.jpg\"},{\"@type\":\"BreadcrumbList\",\"@id\":\"http:\/\/www.icon-icon.com\/en\/the-floral-fur-dress-by-fendi\/#breadcrumb\",\"itemListElement\":[{\"@type\":\"ListItem\",\"position\":1,\"name\":\"Accueil\",\"item\":\"https:\/\/www.icon-icon.com\/en\/\"},{\"@type\":\"ListItem\",\"position\":2,\"name\":\"The Floral Fur Dress by Fendi\"}]},{\"@type\":\"WebSite\",\"@id\":\"https:\/\/www.icon-icon.com\/#website\",\"url\":\"https:\/\/www.icon-icon.com\/\",\"name\":\"ICON-ICON\",\"description\":\"Luxury Stories\",\"potentialAction\":[{\"@type\":\"SearchAction\",\"target\":{\"@type\":\"EntryPoint\",\"urlTemplate\":\"https:\/\/www.icon-icon.com\/?s={search_term_string}\"},\"query-input\":{\"@type\":\"PropertyValueSpecification\",\"valueRequired\":true,\"valueName\":\"search_term_string\"}}],\"inLanguage\":\"en-US\"},{\"@type\":\"Person\",\"@id\":\"https:\/\/www.icon-icon.com\/#\/schema\/person\/e55d52fc3eb90f0f596d4040244e9e8a\",\"name\":\"Icon-Icon\",\"image\":{\"@type\":\"ImageObject\",\"inLanguage\":\"en-US\",\"@id\":\"https:\/\/secure.gravatar.com\/avatar\/a805f008148faa69a17c7f0ea39c1c8fe7cf57667bd31c5e023987a404bf2748?s=96&d=mm&r=g\",\"url\":\"https:\/\/secure.gravatar.com\/avatar\/a805f008148faa69a17c7f0ea39c1c8fe7cf57667bd31c5e023987a404bf2748?s=96&d=mm&r=g\",\"contentUrl\":\"https:\/\/secure.gravatar.com\/avatar\/a805f008148faa69a17c7f0ea39c1c8fe7cf57667bd31c5e023987a404bf2748?s=96&d=mm&r=g\",\"caption\":\"Icon-Icon\"},\"url\":\"https:\/\/www.icon-icon.com\/en\/author\/icon\/\"}]}<\/script>\n<!-- \/ Yoast SEO plugin. -->","yoast_head_json":{"title":"The Floral Fur Dress by Fendi - ICON-ICON","robots":{"index":"index","follow":"follow","max-snippet":"max-snippet:-1","max-image-preview":"max-image-preview:large","max-video-preview":"max-video-preview:-1"},"canonical":"http:\/\/www.icon-icon.com\/en\/the-floral-fur-dress-by-fendi\/","og_locale":"en_US","og_type":"article","og_title":"The Floral Fur Dress by Fendi - ICON-ICON","og_description":"Within the Th\u00e9\u00e2tre des Champs-\u00c9lys\u00e9es, Fendi\u2019s beauties took off on a recomposition of Debussy\u2019s&nbsp;L\u2019Apr\u00e8s-midi d\u2019un Faune. For this \u2018Haute Fourrure\u2019 Fall\/Winter 2017 collection, Karl Lagerfeld and Silvia Venturini Fendi made the flower their favored motif. Often paired with summer ornamentation, the flower is transformed into a winter motif as Fendi crafts its petals out of...","og_url":"http:\/\/www.icon-icon.com\/en\/the-floral-fur-dress-by-fendi\/","og_site_name":"ICON-ICON","article_published_time":"2017-07-14T04:51:31+00:00","article_modified_time":"2020-10-20T22:07:52+00:00","og_image":[{"width":794,"height":1123,"url":"http:\/\/www.icon-icon.com\/wp-content\/uploads\/2017\/07\/13-.jpg","type":"image\/jpeg"}],"author":"Icon-Icon","twitter_card":"summary_large_image","twitter_misc":{"Written by":"Icon-Icon","Est. reading time":"1 minute"},"schema":{"@context":"https:\/\/schema.org","@graph":[{"@type":"Article","@id":"http:\/\/www.icon-icon.com\/en\/the-floral-fur-dress-by-fendi\/#article","isPartOf":{"@id":"http:\/\/www.icon-icon.com\/en\/the-floral-fur-dress-by-fendi\/"},"author":{"name":"Icon-Icon","@id":"https:\/\/www.icon-icon.com\/#\/schema\/person\/e55d52fc3eb90f0f596d4040244e9e8a"},"headline":"The Floral Fur Dress by Fendi","datePublished":"2017-07-14T04:51:31+00:00","dateModified":"2020-10-20T22:07:52+00:00","mainEntityOfPage":{"@id":"http:\/\/www.icon-icon.com\/en\/the-floral-fur-dress-by-fendi\/"},"wordCount":282,"commentCount":0,"image":{"@id":"http:\/\/www.icon-icon.com\/en\/the-floral-fur-dress-by-fendi\/#primaryimage"},"thumbnailUrl":"https:\/\/www.icon-icon.com\/wp-content\/uploads\/2017\/07\/13-.jpg","keywords":["automne hiver 2017-2018","autumn winter 2017-2018","bella hadid","fendi","Haute Fourrure","karl-lagerfeld","kendall jenner"],"articleSection":["Fashion &amp; accessories","Ready To Wear","Ready to wear"],"inLanguage":"en-US","potentialAction":[{"@type":"CommentAction","name":"Comment","target":["http:\/\/www.icon-icon.com\/en\/the-floral-fur-dress-by-fendi\/#respond"]}]},{"@type":"WebPage","@id":"http:\/\/www.icon-icon.com\/en\/the-floral-fur-dress-by-fendi\/","url":"http:\/\/www.icon-icon.com\/en\/the-floral-fur-dress-by-fendi\/","name":"The Floral Fur Dress by Fendi - ICON-ICON","isPartOf":{"@id":"https:\/\/www.icon-icon.com\/#website"},"primaryImageOfPage":{"@id":"http:\/\/www.icon-icon.com\/en\/the-floral-fur-dress-by-fendi\/#primaryimage"},"image":{"@id":"http:\/\/www.icon-icon.com\/en\/the-floral-fur-dress-by-fendi\/#primaryimage"},"thumbnailUrl":"https:\/\/www.icon-icon.com\/wp-content\/uploads\/2017\/07\/13-.jpg","datePublished":"2017-07-14T04:51:31+00:00","dateModified":"2020-10-20T22:07:52+00:00","author":{"@id":"https:\/\/www.icon-icon.com\/#\/schema\/person\/e55d52fc3eb90f0f596d4040244e9e8a"},"breadcrumb":{"@id":"http:\/\/www.icon-icon.com\/en\/the-floral-fur-dress-by-fendi\/#breadcrumb"},"inLanguage":"en-US","potentialAction":[{"@type":"ReadAction","target":["http:\/\/www.icon-icon.com\/en\/the-floral-fur-dress-by-fendi\/"]}]},{"@type":"ImageObject","inLanguage":"en-US","@id":"http:\/\/www.icon-icon.com\/en\/the-floral-fur-dress-by-fendi\/#primaryimage","url":"https:\/\/www.icon-icon.com\/wp-content\/uploads\/2017\/07\/13-.jpg","contentUrl":"https:\/\/www.icon-icon.com\/wp-content\/uploads\/2017\/07\/13-.jpg","width":794,"height":1123,"caption":"13-.jpg"},{"@type":"BreadcrumbList","@id":"http:\/\/www.icon-icon.com\/en\/the-floral-fur-dress-by-fendi\/#breadcrumb","itemListElement":[{"@type":"ListItem","position":1,"name":"Accueil","item":"https:\/\/www.icon-icon.com\/en\/"},{"@type":"ListItem","position":2,"name":"The Floral Fur Dress by Fendi"}]},{"@type":"WebSite","@id":"https:\/\/www.icon-icon.com\/#website","url":"https:\/\/www.icon-icon.com\/","name":"ICON-ICON","description":"Luxury Stories","potentialAction":[{"@type":"SearchAction","target":{"@type":"EntryPoint","urlTemplate":"https:\/\/www.icon-icon.com\/?s={search_term_string}"},"query-input":{"@type":"PropertyValueSpecification","valueRequired":true,"valueName":"search_term_string"}}],"inLanguage":"en-US"},{"@type":"Person","@id":"https:\/\/www.icon-icon.com\/#\/schema\/person\/e55d52fc3eb90f0f596d4040244e9e8a","name":"Icon-Icon","image":{"@type":"ImageObject","inLanguage":"en-US","@id":"https:\/\/secure.gravatar.com\/avatar\/a805f008148faa69a17c7f0ea39c1c8fe7cf57667bd31c5e023987a404bf2748?s=96&d=mm&r=g","url":"https:\/\/secure.gravatar.com\/avatar\/a805f008148faa69a17c7f0ea39c1c8fe7cf57667bd31c5e023987a404bf2748?s=96&d=mm&r=g","contentUrl":"https:\/\/secure.gravatar.com\/avatar\/a805f008148faa69a17c7f0ea39c1c8fe7cf57667bd31c5e023987a404bf2748?s=96&d=mm&r=g","caption":"Icon-Icon"},"url":"https:\/\/www.icon-icon.com\/en\/author\/icon\/"}]}},"_links":{"self":[{"href":"https:\/\/www.icon-icon.com\/en\/wp-json\/wp\/v2\/posts\/16603","targetHints":{"allow":["GET"]}}],"collection":[{"href":"https:\/\/www.icon-icon.com\/en\/wp-json\/wp\/v2\/posts"}],"about":[{"href":"https:\/\/www.icon-icon.com\/en\/wp-json\/wp\/v2\/types\/post"}],"author":[{"embeddable":true,"href":"https:\/\/www.icon-icon.com\/en\/wp-json\/wp\/v2\/users\/3"}],"replies":[{"embeddable":true,"href":"https:\/\/www.icon-icon.com\/en\/wp-json\/wp\/v2\/comments?post=16603"}],"version-history":[{"count":1,"href":"https:\/\/www.icon-icon.com\/en\/wp-json\/wp\/v2\/posts\/16603\/revisions"}],"predecessor-version":[{"id":27514,"href":"https:\/\/www.icon-icon.com\/en\/wp-json\/wp\/v2\/posts\/16603\/revisions\/27514"}],"wp:featuredmedia":[{"embeddable":true,"href":"https:\/\/www.icon-icon.com\/en\/wp-json\/wp\/v2\/media\/16599"}],"wp:attachment":[{"href":"https:\/\/www.icon-icon.com\/en\/wp-json\/wp\/v2\/media?parent=16603"}],"wp:term":[{"taxonomy":"category","embeddable":true,"href":"https:\/\/www.icon-icon.com\/en\/wp-json\/wp\/v2\/categories?post=16603"},{"taxonomy":"post_tag","embeddable":true,"href":"https:\/\/www.icon-icon.com\/en\/wp-json\/wp\/v2\/tags?post=16603"}],"curies":[{"name":"wp","href":"https:\/\/api.w.org\/{rel}","templated":true}]}}