


{"id":16012,"date":"2017-04-19T11:40:23","date_gmt":"2017-04-19T09:40:23","guid":{"rendered":"http:\/\/icon-vrai.loc\/2017\/04\/19\/the-kelly-bag-by-hermes\/"},"modified":"2020-10-21T00:08:22","modified_gmt":"2020-10-20T22:08:22","slug":"the-kelly-bag-by-hermes","status":"publish","type":"post","link":"https:\/\/www.icon-icon.com\/en\/the-kelly-bag-by-hermes\/","title":{"rendered":"The Kelly Bag by Herm\u00e8s"},"content":{"rendered":"<p style=\"text-align: center;\">956: during a public outing, barely even in her car, Grace Kelly was trying to protect her budding pregnancy from the avid lenses of the paparazzi &#8211; and it was thanks to a Herm\u00e8s bag that she was able to do it. Soon, the photo would make it around the world; this was but an anecdote to the myth behind one of the most coveted fashion icons in the world. 20 years later, the \u201csmall strapped bag\u201d would take the actress\u2019 name and seal their shared destiny forever. Today you can find a nod to this event in the description of this piece by Herm\u00e8s: \u201cAre you expecting something and don\u2019t want to divulge the news? This bag is made to hide your little bump with regal elegance.\u201d&nbsp;<\/p>\n<p style=\"text-align: center;\">This timeless line and Kelly\u2019s pure style traversed generations without losing anything of their obvious appeal. Throughout the years, the bag has diversified itself and is today available in five different sizes &#8211; from the Mini Kelly to the \u201c40 centimeter\u201d. There are multiple ways to wear it: floating it nonchalantly at the end of its strap, or carried by hand, it allows you to protect its handle from the heat of the palms thanks to its iconic twilly bands of silk. In its latest release, the Kelly clutch allows you to free up movements to better accompany you to a cocktail party. With its baguette shape and two straps that recall the original design, the Kelly Cut further cements the style as an ideal companion, a life partner of sorts. Even better, the materials and colors available are infinite. This iconic bag has teased the creative minds at Herm\u00e8s&#8217; workshops and elicited extravagant demand with clientele. Adorned with feathers, exotic skins, precious stones, or Herm\u00e8s Bar\u00e9nia leather, the only limit is one\u2019s own imagination with the exceptional savoir-faire of Herm\u00e8s\u2019 workshops able to fulfill any order.<\/p>\n<p style=\"text-align: center;\">Since the selection of materials in the leathers workshop is demanding, it takes close to two years to be able to obtain a Herm\u00e8s Kelly. Its assembly takes 15 hours &#8211; 15 hours during which each piece is saddle stitched on the interior, the brand\u2019s emblematic touch, then turned back inside out to make the stitches visible. From the bag\u2019s cut to its finishings, the piece is entrusted to one lone artisan who puts his or her initials on the H zipper side of the interior pocket, signature of the artist on a masterpiece. The Kelly is and will remain a Herm\u00e8s legend, long-lasting, with stars of today able to develop new aesthetics around this one key piece. The Olsen twins, Pharrell Williams, and Victoria Beckham are all proof of its multi-faceted and iconic character.<\/p>\n<p style=\"text-align: center;\">&nbsp;<\/p>\n<p align=\"center\"><span style=\"font-size:18px;\"><strong>The Kelly bag by Herm\u00e8s: Key dates<\/strong><\/span><\/p>\n<p align=\"center\">&nbsp;<\/p>\n<p align=\"center\"><strong>1892 : <\/strong>The&nbsp;<a href=\"https:\/\/www.bagsofluxury.com\/news\/history-hermes-kelly-bag\/\">prototype<\/a> of the Kelly bag is a large bag used for holding a saddle and is known as <a href=\"http:\/\/catalogue.drouot.com\/images\/perso\/full\/LOT\/78\/11916\/184.jpg\">Haut \u00e0 courroies<\/a> because of its high handle.<\/p>\n<p align=\"center\"><strong>1923<\/strong> : \u00c9mile-Maurice Herm\u00e8s and Ettore Bugatti&nbsp;designed <a href=\"http:\/\/catalogue.drouot.com\/images\/perso\/phare\/LOT\/1\/1689\/265.jpg\">a simple and plain bag<\/a> for <a href=\"http:\/\/a-woman-of-a-certain-age.com\/2016\/08\/classic-kelly\/\">Herm\u00e8s&#8217;s wife Julie<\/a>. It was meant to fit into a car door and to allow riders to carry their saddle.<\/p>\n<p align=\"center\">&nbsp;<strong>1928<\/strong> : Herm\u00e8s&#8217;s son-in-law Robert Dumas redesigned it as a spacious travel bag called <a href=\"https:\/\/medias.expertissim.com\/media\/cache\/media_zoom\/uploads\/object\/2012\/04\/10\/12130849\/hermes_st_honore_1N.jpg\">Sac \u00e0 d\u00e9p\u00eaches<\/a>. <a href=\"https:\/\/en.wikipedia.org\/wiki\/Kelly_bag\">The handbag<\/a> gradually went on to become stiff and boxy.<\/p>\n<p align=\"center\"><strong>1954<\/strong> : Alfred Hitchcock allows the costume designer Edith Head to purchase Herm\u00e8s accessories for the movie <a href=\"http:\/\/www.telegraph.co.uk\/fashion\/people\/grace-kelly-gave-hermes-kelly-bag-enduring-style-status\/\">\u201cTo Catch a Thief\u201d<\/a>, starring Grace Kelly.<\/p>\n<p align=\"center\"><strong>1956<\/strong> : Grace Kelly falls in love with the bag. Within months of her 1956 marriage the pregnant princess of Monaco is&nbsp;photographed using the handbag to shield her growing belly from the paparazzi on Life magazine. The <a href=\"https:\/\/pursuitist.com\/hermes-kelly-bag\/\">\u201cKelly\u201d becomes worldwide famous<\/a>.<\/p>\n<p align=\"center\"><strong>1977<\/strong> : The bag is officially renamed <a href=\"https:\/\/www.rubylux.com\/luxpop\/The-History-of-the-Iconic-Kelly-Bag-Issue-25\">Kelly Bag<\/a>.<\/p>\n<p align=\"center\"><strong>1977<\/strong> : The bag officially comes in <a href=\"http:\/\/a-woman-of-a-certain-age.com\/wp-content\/uploads\/2016\/08\/Grace-Kelly-Bag.jpg\">Togo leather<\/a>.<\/p>\n<p align=\"center\"><strong>1980 \u2013 1990<\/strong> : Herm\u00e8s introduces a double version of the Kelly: a softer and a more rigid one, <a href=\"https:\/\/www.yoogiscloset.com\/hermes\/guide\">the Retourne and the Sellier<\/a>, which will be the standard model of the bag for the next decades.<\/p>\n<p align=\"center\"><strong>1980 \u2013 Today<\/strong> : Twice a year Herm\u00e8s allows few customers worldwide to customize materials and colours of their Kelly thanks to the <a href=\"http:\/\/www.pursebop.com\/hermes-special-orders-the-exclusive-horseshoe-club\/\">Special Order<\/a>. These <a href=\"http:\/\/www.christies.com\/features\/Hermes-handbags-Collecting-Guide-7671-1.aspx\">one of a kind<\/a> Kelly bags are signed with <a href=\"http:\/\/www.whowhatwear.co.uk\/hermes-birkin-horseshoe-stamp-meaning\/\">a horseshoe<\/a>.<\/p>\n<p align=\"center\"><strong>1981<\/strong> : Herm\u00e8s launches the limited edition <a href=\"https:\/\/forum.purseblog.com\/attachments\/screen-shot-2016-10-14-at-12-44-22-png.3492831\/\">Kelly Cavalcadour<\/a>.<\/p>\n<p align=\"center\"><strong>1999<\/strong> : Herm\u00e8s launches the Kelly in <a href=\"http:\/\/www.birkine.com\/wp-content\/uploads\/2014\/11\/hermes_kelly_handbags_92.jpg\">ostrich leather<\/a>.<\/p>\n<p align=\"center\"><strong>2000<\/strong> : Herm\u00e8s launches the ironic <a href=\"https:\/\/www.spottedfashion.com\/2016\/01\/11\/hermes-quelle-idole-kelly-doll-bag-reference-guide\/\">Quelle Idole<\/a> version of the Kelly bag.<\/p>\n<p align=\"center\"><strong>2002<\/strong> : Herm\u00e8s proposes the colourful <a href=\"https:\/\/rewindvintage.co.uk\/media\/catalog\/product\/1\/4\/144a0968_copy.jpg\">Kelly bag<\/a> <a href=\"https:\/\/i.pinimg.com\/236x\/f5\/13\/5c\/f5135c0d96d3fca3475fe33d8336e05a--herm%C3%A8s-bags-kelly-bag.jpg\">Vibrato<\/a>.<\/p>\n<p align=\"center\"><strong>2005<\/strong> : Herm\u00e8s plays with irony through the <a href=\"https:\/\/a.1stdibscdn.com\/archivesE\/upload\/v_588\/v_22861131482781054674\/ddsshrks_l.jpg\">Teddy bear limited edition<\/a>.<\/p>\n<p align=\"center\"><strong>2005<\/strong> : For the first time the Kelly is <a href=\"https:\/\/assets.instantluxe.co.uk\/leather-goods\/bag\/hermes\/bag-hermes-multicolor-leather-woman-kelly-35-A110743-1600-a.14.jpg\">multicolour<\/a> with the <a href=\"https:\/\/assets.instantluxe.it\/pelletteria\/borsa\/hermes\/borsa-hermes-kelly-tricolore-multicolore-cuir-femme-A71631-1600-f.16.jpg\">Multi-colour limited edition<\/a>.<\/p>\n<p align=\"center\"><strong>2008<\/strong> : The Kelly bag is enriched by a <a href=\"https:\/\/i.pinimg.com\/736x\/51\/81\/0d\/51810d486f45eceb0c7f5fa88ebdd861--herm%C3%A8s-bags-hermes-kelly-bag.jpg\">shoulder strap<\/a> and a <a href=\"https:\/\/i.pinimg.com\/736x\/5c\/a9\/a5\/5ca9a5566a1dd2427d6a866e81fe0e22--gold-shoulder-bags-shoulder-handbags.jpg\">foulard on the handle<\/a>.<\/p>\n<p align=\"center\"><strong>2009<\/strong> : It\u2019s time for the <a href=\"https:\/\/cdn.shopify.com\/s\/files\/1\/0594\/2513\/products\/hermes-kelly-28-doblis-crocodile-front_1024x1024.jpg?v=1475033101\">limited edition<\/a> of Kelly bag in <a href=\"https:\/\/mp-media.reebonz.com\/images\/p-a7\/reebonz-hermes-kelly-25-rigide-style-veau-velours-doblis-orange-gold-hardware-h-handbag-shoulder-bag-hermes-6-a7bcd26c-e73c-4c1d-b1fa-5d6d6b0b7b38.jpg;mode=pad;bgcolor=fff;404=404.jpg\">Doblis leather<\/a>.<\/p>\n<p align=\"center\"><strong>2010s : <\/strong>While the Kelly bag once was the Princess\u2019 bag, now the stars fully identify with it. It\u2019s the time of the <a href=\"http:\/\/www.pursebop.com\/whos-team-birkin-v-team-kelly\/\">Birkin bag fans vs. the Kelly bag fans<\/a>.<\/p>\n<p align=\"center\"><strong>2010<\/strong> : Herm\u00e8s launches a <a href=\"https:\/\/www.bragmybag.com\/wp-content\/uploads\/2016\/09\/kelly-pochette.jpeg\">pochette version<\/a> of the Kelly bag.<\/p>\n<p align=\"center\"><strong>2010<\/strong> : The <a href=\"https:\/\/www.theguardian.com\/lifeandstyle\/2010\/apr\/16\/grace-kelly-exhibition-handbag\">Kelly bag<\/a> is protagonist at the <a href=\"http:\/\/www.telegraph.co.uk\/culture\/art\/art-reviews\/7609944\/Grace-Kelly-Style-Icon-at-the-Victoria-and-Albert-Museum.html\">Victoria and Albert Museum<\/a> during a great exhibition dedicated to the <a href=\"http:\/\/www.vam.ac.uk\/content\/articles\/g\/grace-kelly-image-of-a-movie-star\/\">Princess Grace of Monaco<\/a>.<\/p>\n<p align=\"center\"><strong>2011<\/strong> : It\u2019s the turn of the <a href=\"http:\/\/www.list4all.com\/www7\/santaclara\/rev-1301781187\/1-1.jpg\">Mykonos<\/a> limited edition.<\/p>\n<p align=\"center\"><strong>2011<\/strong> : It\u2019s the time of the Kelly <a href=\"http:\/\/www.luxuo.com\/style\/handbag\/hermes-kelly-picnic-bag.html\">Picnic limited edition<\/a>.<\/p>\n<p align=\"center\"><strong>2013<\/strong> : <a href=\"https:\/\/cdn.shopify.com\/s\/files\/1\/0594\/2513\/products\/Hermes-Kelly-32-Arlequin-New-Side2_1024x1024.jpg?v=1467654608\">Colours are protagonists<\/a> for the <a href=\"https:\/\/cdn.shopify.com\/s\/files\/1\/0594\/2513\/products\/Hermes-Birkin-35-Arlequin-New-Side1_1024x1024.jpg?v=1467654780\">Harlequin limited edition<\/a>.<\/p>\n<p align=\"center\"><strong>2014<\/strong> : Herm\u00e8s launches the <a href=\"http:\/\/icon-vrai.loc\/en\/fashion-accessories\/handbags\/kelly-printed-1954-photographic-portrait-grace-kelly-soon-be-grabs\">Kelly Printed<\/a>, displaying a 1954 Photographic Portrait of Grace Kelly.<\/p>\n<p align=\"center\"><strong>2015<\/strong>&nbsp;: Herm\u00e8s proposes the <a href=\"http:\/\/www.ebiid.com\/images\/s\/Image_294_%5b9_8_7_5_9875520.jpg\">Grizzly limited edition<\/a>.<\/p>\n<p align=\"center\"><strong>2018<\/strong> : In the new collection Herm\u00e8s fully expands the concept of <a href=\"https:\/\/www.purseblog.com\/hermes\/hermes-resort-2018-bags\/\">multicolour Kelly bag<\/a>.<\/p>\n<p>&nbsp;<\/p>\n","protected":false},"excerpt":{"rendered":"<p>956: during a public outing, barely even in her car, Grace Kelly was trying to protect her budding pregnancy from the avid lenses of the paparazzi &#8211; and it was thanks to a Herm\u00e8s bag that she was able to do it. Soon, the photo would make it around the world; this was but an&#8230;<\/p>\n","protected":false},"author":3,"featured_media":16009,"comment_status":"open","ping_status":"open","sticky":false,"template":"","format":"standard","meta":{"_acf_changed":false,"footnotes":""},"categories":[32,4],"tags":[374,977],"class_list":["post-16012","post","type-post","status-publish","format-standard","has-post-thumbnail","hentry","category-fashion-accessories","category-handbags","tag-hermes","tag-kelly-bag"],"acf":[],"yoast_head":"<!-- This site is optimized with the Yoast SEO plugin v27.2 - https:\/\/yoast.com\/product\/yoast-seo-wordpress\/ -->\n<title>The Kelly Bag by Herm\u00e8s - ICON-ICON<\/title>\n<meta name=\"robots\" content=\"index, follow, max-snippet:-1, max-image-preview:large, max-video-preview:-1\" \/>\n<link rel=\"canonical\" href=\"https:\/\/www.icon-icon.com\/en\/the-kelly-bag-by-hermes\/\" \/>\n<meta property=\"og:locale\" content=\"en_US\" \/>\n<meta property=\"og:type\" content=\"article\" \/>\n<meta property=\"og:title\" content=\"The Kelly Bag by Herm\u00e8s - ICON-ICON\" \/>\n<meta property=\"og:description\" content=\"956: during a public outing, barely even in her car, Grace Kelly was trying to protect her budding pregnancy from the avid lenses of the paparazzi &#8211; and it was thanks to a Herm\u00e8s bag that she was able to do it. Soon, the photo would make it around the world; this was but an...\" \/>\n<meta property=\"og:url\" content=\"https:\/\/www.icon-icon.com\/en\/the-kelly-bag-by-hermes\/\" \/>\n<meta property=\"og:site_name\" content=\"ICON-ICON\" \/>\n<meta property=\"article:published_time\" content=\"2017-04-19T09:40:23+00:00\" \/>\n<meta property=\"article:modified_time\" content=\"2020-10-20T22:08:22+00:00\" \/>\n<meta property=\"og:image\" content=\"https:\/\/www.icon-icon.com\/wp-content\/uploads\/2017\/04\/k_2.jpg\" \/>\n\t<meta property=\"og:image:width\" content=\"650\" \/>\n\t<meta property=\"og:image:height\" content=\"440\" \/>\n\t<meta property=\"og:image:type\" content=\"image\/jpeg\" \/>\n<meta name=\"author\" content=\"Icon-Icon\" \/>\n<meta name=\"twitter:card\" content=\"summary_large_image\" \/>\n<meta name=\"twitter:label1\" content=\"Written by\" \/>\n\t<meta name=\"twitter:data1\" content=\"Icon-Icon\" \/>\n\t<meta name=\"twitter:label2\" content=\"Est. reading time\" \/>\n\t<meta name=\"twitter:data2\" content=\"5 minutes\" \/>\n<script type=\"application\/ld+json\" class=\"yoast-schema-graph\">{\"@context\":\"https:\/\/schema.org\",\"@graph\":[{\"@type\":\"Article\",\"@id\":\"https:\/\/www.icon-icon.com\/en\/the-kelly-bag-by-hermes\/#article\",\"isPartOf\":{\"@id\":\"https:\/\/www.icon-icon.com\/en\/the-kelly-bag-by-hermes\/\"},\"author\":{\"name\":\"Icon-Icon\",\"@id\":\"https:\/\/www.icon-icon.com\/#\/schema\/person\/e55d52fc3eb90f0f596d4040244e9e8a\"},\"headline\":\"The Kelly Bag by Herm\u00e8s\",\"datePublished\":\"2017-04-19T09:40:23+00:00\",\"dateModified\":\"2020-10-20T22:08:22+00:00\",\"mainEntityOfPage\":{\"@id\":\"https:\/\/www.icon-icon.com\/en\/the-kelly-bag-by-hermes\/\"},\"wordCount\":925,\"commentCount\":0,\"image\":{\"@id\":\"https:\/\/www.icon-icon.com\/en\/the-kelly-bag-by-hermes\/#primaryimage\"},\"thumbnailUrl\":\"https:\/\/www.icon-icon.com\/wp-content\/uploads\/2017\/04\/k_2.jpg\",\"keywords\":[\"hermes\",\"kelly-bag\"],\"articleSection\":[\"Fashion &amp; accessories\",\"Handbags\"],\"inLanguage\":\"en-US\",\"potentialAction\":[{\"@type\":\"CommentAction\",\"name\":\"Comment\",\"target\":[\"https:\/\/www.icon-icon.com\/en\/the-kelly-bag-by-hermes\/#respond\"]}]},{\"@type\":\"WebPage\",\"@id\":\"https:\/\/www.icon-icon.com\/en\/the-kelly-bag-by-hermes\/\",\"url\":\"https:\/\/www.icon-icon.com\/en\/the-kelly-bag-by-hermes\/\",\"name\":\"The Kelly Bag by Herm\u00e8s - ICON-ICON\",\"isPartOf\":{\"@id\":\"https:\/\/www.icon-icon.com\/#website\"},\"primaryImageOfPage\":{\"@id\":\"https:\/\/www.icon-icon.com\/en\/the-kelly-bag-by-hermes\/#primaryimage\"},\"image\":{\"@id\":\"https:\/\/www.icon-icon.com\/en\/the-kelly-bag-by-hermes\/#primaryimage\"},\"thumbnailUrl\":\"https:\/\/www.icon-icon.com\/wp-content\/uploads\/2017\/04\/k_2.jpg\",\"datePublished\":\"2017-04-19T09:40:23+00:00\",\"dateModified\":\"2020-10-20T22:08:22+00:00\",\"author\":{\"@id\":\"https:\/\/www.icon-icon.com\/#\/schema\/person\/e55d52fc3eb90f0f596d4040244e9e8a\"},\"breadcrumb\":{\"@id\":\"https:\/\/www.icon-icon.com\/en\/the-kelly-bag-by-hermes\/#breadcrumb\"},\"inLanguage\":\"en-US\",\"potentialAction\":[{\"@type\":\"ReadAction\",\"target\":[\"https:\/\/www.icon-icon.com\/en\/the-kelly-bag-by-hermes\/\"]}]},{\"@type\":\"ImageObject\",\"inLanguage\":\"en-US\",\"@id\":\"https:\/\/www.icon-icon.com\/en\/the-kelly-bag-by-hermes\/#primaryimage\",\"url\":\"https:\/\/www.icon-icon.com\/wp-content\/uploads\/2017\/04\/k_2.jpg\",\"contentUrl\":\"https:\/\/www.icon-icon.com\/wp-content\/uploads\/2017\/04\/k_2.jpg\",\"width\":650,\"height\":440,\"caption\":\"k.jpg\"},{\"@type\":\"BreadcrumbList\",\"@id\":\"https:\/\/www.icon-icon.com\/en\/the-kelly-bag-by-hermes\/#breadcrumb\",\"itemListElement\":[{\"@type\":\"ListItem\",\"position\":1,\"name\":\"Accueil\",\"item\":\"https:\/\/www.icon-icon.com\/en\/\"},{\"@type\":\"ListItem\",\"position\":2,\"name\":\"The Kelly Bag by Herm\u00e8s\"}]},{\"@type\":\"WebSite\",\"@id\":\"https:\/\/www.icon-icon.com\/#website\",\"url\":\"https:\/\/www.icon-icon.com\/\",\"name\":\"ICON-ICON\",\"description\":\"Luxury Stories\",\"potentialAction\":[{\"@type\":\"SearchAction\",\"target\":{\"@type\":\"EntryPoint\",\"urlTemplate\":\"https:\/\/www.icon-icon.com\/?s={search_term_string}\"},\"query-input\":{\"@type\":\"PropertyValueSpecification\",\"valueRequired\":true,\"valueName\":\"search_term_string\"}}],\"inLanguage\":\"en-US\"},{\"@type\":\"Person\",\"@id\":\"https:\/\/www.icon-icon.com\/#\/schema\/person\/e55d52fc3eb90f0f596d4040244e9e8a\",\"name\":\"Icon-Icon\",\"image\":{\"@type\":\"ImageObject\",\"inLanguage\":\"en-US\",\"@id\":\"https:\/\/secure.gravatar.com\/avatar\/a805f008148faa69a17c7f0ea39c1c8fe7cf57667bd31c5e023987a404bf2748?s=96&d=mm&r=g\",\"url\":\"https:\/\/secure.gravatar.com\/avatar\/a805f008148faa69a17c7f0ea39c1c8fe7cf57667bd31c5e023987a404bf2748?s=96&d=mm&r=g\",\"contentUrl\":\"https:\/\/secure.gravatar.com\/avatar\/a805f008148faa69a17c7f0ea39c1c8fe7cf57667bd31c5e023987a404bf2748?s=96&d=mm&r=g\",\"caption\":\"Icon-Icon\"},\"url\":\"https:\/\/www.icon-icon.com\/en\/author\/icon\/\"}]}<\/script>\n<!-- \/ Yoast SEO plugin. -->","yoast_head_json":{"title":"The Kelly Bag by Herm\u00e8s - ICON-ICON","robots":{"index":"index","follow":"follow","max-snippet":"max-snippet:-1","max-image-preview":"max-image-preview:large","max-video-preview":"max-video-preview:-1"},"canonical":"https:\/\/www.icon-icon.com\/en\/the-kelly-bag-by-hermes\/","og_locale":"en_US","og_type":"article","og_title":"The Kelly Bag by Herm\u00e8s - ICON-ICON","og_description":"956: during a public outing, barely even in her car, Grace Kelly was trying to protect her budding pregnancy from the avid lenses of the paparazzi &#8211; and it was thanks to a Herm\u00e8s bag that she was able to do it. Soon, the photo would make it around the world; this was but an...","og_url":"https:\/\/www.icon-icon.com\/en\/the-kelly-bag-by-hermes\/","og_site_name":"ICON-ICON","article_published_time":"2017-04-19T09:40:23+00:00","article_modified_time":"2020-10-20T22:08:22+00:00","og_image":[{"width":650,"height":440,"url":"https:\/\/www.icon-icon.com\/wp-content\/uploads\/2017\/04\/k_2.jpg","type":"image\/jpeg"}],"author":"Icon-Icon","twitter_card":"summary_large_image","twitter_misc":{"Written by":"Icon-Icon","Est. reading time":"5 minutes"},"schema":{"@context":"https:\/\/schema.org","@graph":[{"@type":"Article","@id":"https:\/\/www.icon-icon.com\/en\/the-kelly-bag-by-hermes\/#article","isPartOf":{"@id":"https:\/\/www.icon-icon.com\/en\/the-kelly-bag-by-hermes\/"},"author":{"name":"Icon-Icon","@id":"https:\/\/www.icon-icon.com\/#\/schema\/person\/e55d52fc3eb90f0f596d4040244e9e8a"},"headline":"The Kelly Bag by Herm\u00e8s","datePublished":"2017-04-19T09:40:23+00:00","dateModified":"2020-10-20T22:08:22+00:00","mainEntityOfPage":{"@id":"https:\/\/www.icon-icon.com\/en\/the-kelly-bag-by-hermes\/"},"wordCount":925,"commentCount":0,"image":{"@id":"https:\/\/www.icon-icon.com\/en\/the-kelly-bag-by-hermes\/#primaryimage"},"thumbnailUrl":"https:\/\/www.icon-icon.com\/wp-content\/uploads\/2017\/04\/k_2.jpg","keywords":["hermes","kelly-bag"],"articleSection":["Fashion &amp; accessories","Handbags"],"inLanguage":"en-US","potentialAction":[{"@type":"CommentAction","name":"Comment","target":["https:\/\/www.icon-icon.com\/en\/the-kelly-bag-by-hermes\/#respond"]}]},{"@type":"WebPage","@id":"https:\/\/www.icon-icon.com\/en\/the-kelly-bag-by-hermes\/","url":"https:\/\/www.icon-icon.com\/en\/the-kelly-bag-by-hermes\/","name":"The Kelly Bag by Herm\u00e8s - ICON-ICON","isPartOf":{"@id":"https:\/\/www.icon-icon.com\/#website"},"primaryImageOfPage":{"@id":"https:\/\/www.icon-icon.com\/en\/the-kelly-bag-by-hermes\/#primaryimage"},"image":{"@id":"https:\/\/www.icon-icon.com\/en\/the-kelly-bag-by-hermes\/#primaryimage"},"thumbnailUrl":"https:\/\/www.icon-icon.com\/wp-content\/uploads\/2017\/04\/k_2.jpg","datePublished":"2017-04-19T09:40:23+00:00","dateModified":"2020-10-20T22:08:22+00:00","author":{"@id":"https:\/\/www.icon-icon.com\/#\/schema\/person\/e55d52fc3eb90f0f596d4040244e9e8a"},"breadcrumb":{"@id":"https:\/\/www.icon-icon.com\/en\/the-kelly-bag-by-hermes\/#breadcrumb"},"inLanguage":"en-US","potentialAction":[{"@type":"ReadAction","target":["https:\/\/www.icon-icon.com\/en\/the-kelly-bag-by-hermes\/"]}]},{"@type":"ImageObject","inLanguage":"en-US","@id":"https:\/\/www.icon-icon.com\/en\/the-kelly-bag-by-hermes\/#primaryimage","url":"https:\/\/www.icon-icon.com\/wp-content\/uploads\/2017\/04\/k_2.jpg","contentUrl":"https:\/\/www.icon-icon.com\/wp-content\/uploads\/2017\/04\/k_2.jpg","width":650,"height":440,"caption":"k.jpg"},{"@type":"BreadcrumbList","@id":"https:\/\/www.icon-icon.com\/en\/the-kelly-bag-by-hermes\/#breadcrumb","itemListElement":[{"@type":"ListItem","position":1,"name":"Accueil","item":"https:\/\/www.icon-icon.com\/en\/"},{"@type":"ListItem","position":2,"name":"The Kelly Bag by Herm\u00e8s"}]},{"@type":"WebSite","@id":"https:\/\/www.icon-icon.com\/#website","url":"https:\/\/www.icon-icon.com\/","name":"ICON-ICON","description":"Luxury Stories","potentialAction":[{"@type":"SearchAction","target":{"@type":"EntryPoint","urlTemplate":"https:\/\/www.icon-icon.com\/?s={search_term_string}"},"query-input":{"@type":"PropertyValueSpecification","valueRequired":true,"valueName":"search_term_string"}}],"inLanguage":"en-US"},{"@type":"Person","@id":"https:\/\/www.icon-icon.com\/#\/schema\/person\/e55d52fc3eb90f0f596d4040244e9e8a","name":"Icon-Icon","image":{"@type":"ImageObject","inLanguage":"en-US","@id":"https:\/\/secure.gravatar.com\/avatar\/a805f008148faa69a17c7f0ea39c1c8fe7cf57667bd31c5e023987a404bf2748?s=96&d=mm&r=g","url":"https:\/\/secure.gravatar.com\/avatar\/a805f008148faa69a17c7f0ea39c1c8fe7cf57667bd31c5e023987a404bf2748?s=96&d=mm&r=g","contentUrl":"https:\/\/secure.gravatar.com\/avatar\/a805f008148faa69a17c7f0ea39c1c8fe7cf57667bd31c5e023987a404bf2748?s=96&d=mm&r=g","caption":"Icon-Icon"},"url":"https:\/\/www.icon-icon.com\/en\/author\/icon\/"}]}},"_links":{"self":[{"href":"https:\/\/www.icon-icon.com\/en\/wp-json\/wp\/v2\/posts\/16012","targetHints":{"allow":["GET"]}}],"collection":[{"href":"https:\/\/www.icon-icon.com\/en\/wp-json\/wp\/v2\/posts"}],"about":[{"href":"https:\/\/www.icon-icon.com\/en\/wp-json\/wp\/v2\/types\/post"}],"author":[{"embeddable":true,"href":"https:\/\/www.icon-icon.com\/en\/wp-json\/wp\/v2\/users\/3"}],"replies":[{"embeddable":true,"href":"https:\/\/www.icon-icon.com\/en\/wp-json\/wp\/v2\/comments?post=16012"}],"version-history":[{"count":1,"href":"https:\/\/www.icon-icon.com\/en\/wp-json\/wp\/v2\/posts\/16012\/revisions"}],"predecessor-version":[{"id":27759,"href":"https:\/\/www.icon-icon.com\/en\/wp-json\/wp\/v2\/posts\/16012\/revisions\/27759"}],"wp:featuredmedia":[{"embeddable":true,"href":"https:\/\/www.icon-icon.com\/en\/wp-json\/wp\/v2\/media\/16009"}],"wp:attachment":[{"href":"https:\/\/www.icon-icon.com\/en\/wp-json\/wp\/v2\/media?parent=16012"}],"wp:term":[{"taxonomy":"category","embeddable":true,"href":"https:\/\/www.icon-icon.com\/en\/wp-json\/wp\/v2\/categories?post=16012"},{"taxonomy":"post_tag","embeddable":true,"href":"https:\/\/www.icon-icon.com\/en\/wp-json\/wp\/v2\/tags?post=16012"}],"curies":[{"name":"wp","href":"https:\/\/api.w.org\/{rel}","templated":true}]}}