


{"id":12478,"date":"2015-10-15T16:45:01","date_gmt":"2015-10-15T14:45:01","guid":{"rendered":"http:\/\/icon-vrai.loc\/2015\/10\/15\/the-courreges-miniskirt-spring-summer-2016\/"},"modified":"2020-10-21T00:10:59","modified_gmt":"2020-10-20T22:10:59","slug":"the-courreges-miniskirt-spring-summer-2016","status":"publish","type":"post","link":"https:\/\/www.icon-icon.com\/en\/the-courreges-miniskirt-spring-summer-2016\/","title":{"rendered":"The Courr\u00e8ges Miniskirt Spring-Summer 2016"},"content":{"rendered":"<div>\u201cIt\u2019s been a long time,\u201d read the invitation for Courr\u00e8ges\u2019 runway. After a nearly 13 year absence, Courr\u00e8ges made their big comeback on the catwalk, taking care to highlight the avant-garde spirit that originally forged their reputation. Onstage in a vast white amphitheater, located in the basement of Paris\u2019 Op\u00e9ra Bastille, S\u00e9bastien Meyer and Arnaud Vaillant made a highly acclaimed d\u00e9but. Putting aside their Copernic line to fully concentrate on Andr\u00e9 Courr\u00e8ges\u2019 namesake brand, they made the wise decision of going back to basics, creating clothing out of \u201cheavy\u201d fabrics to proceed to movement.<\/div>\n<div>That\u2019s how the duo ended up presenting a collection composed of 15 styles, released in 15 different colors and 15 different fabrics\u2026 225 possibilities in all! But Courr\u00e8ges\u2019 iconic pieces are getting a twist in 2016: the vinyl miniskirt with a rumpled look espouses or rather envelops the waist while the industrial-style silver buttoning brings the style up to the next level. This is clearly the Copernic touch: surprising and graphic buttons. This is a promise of stylish simplicity.<\/div>\n","protected":false},"excerpt":{"rendered":"<p>\u201cIt\u2019s been a long time,\u201d read the invitation for Courr\u00e8ges\u2019 runway. After a nearly 13 year absence, Courr\u00e8ges made their big comeback on the catwalk, taking care to highlight the avant-garde spirit that originally forged their reputation. Onstage in a vast white amphitheater, located in the basement of Paris\u2019 Op\u00e9ra Bastille, S\u00e9bastien Meyer and Arnaud&#8230;<\/p>\n","protected":false},"author":3,"featured_media":12475,"comment_status":"open","ping_status":"open","sticky":false,"template":"","format":"standard","meta":{"_acf_changed":false,"footnotes":""},"categories":[32,6],"tags":[17490,4174,17491,1697,38,13209,17364,17377,1944,3653,1481,1466,17068,1390,17492],"class_list":["post-12478","post","type-post","status-publish","format-standard","has-post-thumbnail","hentry","category-fashion-accessories","category-ready-to-wear","tag-coperni","tag-courreges","tag-courreges-jupe","tag-defile","tag-fashion","tag-fashionweek","tag-fw16","tag-fwny","tag-londres","tag-milan","tag-new-york","tag-paris","tag-printemps-ete-2016","tag-shirt","tag-shirt-courreges"],"acf":[],"yoast_head":"<!-- This site is optimized with the Yoast SEO plugin v27.2 - https:\/\/yoast.com\/product\/yoast-seo-wordpress\/ -->\n<title>The Courr\u00e8ges Miniskirt Spring-Summer 2016 - ICON-ICON<\/title>\n<meta name=\"robots\" content=\"index, follow, max-snippet:-1, max-image-preview:large, max-video-preview:-1\" \/>\n<link rel=\"canonical\" href=\"https:\/\/www.icon-icon.com\/en\/the-courreges-miniskirt-spring-summer-2016\/\" \/>\n<meta property=\"og:locale\" content=\"en_US\" \/>\n<meta property=\"og:type\" content=\"article\" \/>\n<meta property=\"og:title\" content=\"The Courr\u00e8ges Miniskirt Spring-Summer 2016 - ICON-ICON\" \/>\n<meta property=\"og:description\" content=\"\u201cIt\u2019s been a long time,\u201d read the invitation for Courr\u00e8ges\u2019 runway. After a nearly 13 year absence, Courr\u00e8ges made their big comeback on the catwalk, taking care to highlight the avant-garde spirit that originally forged their reputation. Onstage in a vast white amphitheater, located in the basement of Paris\u2019 Op\u00e9ra Bastille, S\u00e9bastien Meyer and Arnaud...\" \/>\n<meta property=\"og:url\" content=\"https:\/\/www.icon-icon.com\/en\/the-courreges-miniskirt-spring-summer-2016\/\" \/>\n<meta property=\"og:site_name\" content=\"ICON-ICON\" \/>\n<meta property=\"article:published_time\" content=\"2015-10-15T14:45:01+00:00\" \/>\n<meta property=\"article:modified_time\" content=\"2020-10-20T22:10:59+00:00\" \/>\n<meta property=\"og:image\" content=\"https:\/\/www.icon-icon.com\/wp-content\/uploads\/2015\/10\/minijupe_courege_0.jpg\" \/>\n\t<meta property=\"og:image:width\" content=\"450\" \/>\n\t<meta property=\"og:image:height\" content=\"675\" \/>\n\t<meta property=\"og:image:type\" content=\"image\/jpeg\" \/>\n<meta name=\"author\" content=\"Icon-Icon\" \/>\n<meta name=\"twitter:card\" content=\"summary_large_image\" \/>\n<meta name=\"twitter:label1\" content=\"Written by\" \/>\n\t<meta name=\"twitter:data1\" content=\"Icon-Icon\" \/>\n\t<meta name=\"twitter:label2\" content=\"Est. reading time\" \/>\n\t<meta name=\"twitter:data2\" content=\"1 minute\" \/>\n<script type=\"application\/ld+json\" class=\"yoast-schema-graph\">{\"@context\":\"https:\/\/schema.org\",\"@graph\":[{\"@type\":\"Article\",\"@id\":\"https:\/\/www.icon-icon.com\/en\/the-courreges-miniskirt-spring-summer-2016\/#article\",\"isPartOf\":{\"@id\":\"https:\/\/www.icon-icon.com\/en\/the-courreges-miniskirt-spring-summer-2016\/\"},\"author\":{\"name\":\"Icon-Icon\",\"@id\":\"https:\/\/www.icon-icon.com\/#\/schema\/person\/e55d52fc3eb90f0f596d4040244e9e8a\"},\"headline\":\"The Courr\u00e8ges Miniskirt Spring-Summer 2016\",\"datePublished\":\"2015-10-15T14:45:01+00:00\",\"dateModified\":\"2020-10-20T22:10:59+00:00\",\"mainEntityOfPage\":{\"@id\":\"https:\/\/www.icon-icon.com\/en\/the-courreges-miniskirt-spring-summer-2016\/\"},\"wordCount\":181,\"commentCount\":0,\"image\":{\"@id\":\"https:\/\/www.icon-icon.com\/en\/the-courreges-miniskirt-spring-summer-2016\/#primaryimage\"},\"thumbnailUrl\":\"https:\/\/www.icon-icon.com\/wp-content\/uploads\/2015\/10\/minijupe_courege_0.jpg\",\"keywords\":[\"Coperni\",\"courr\u00e8ges\",\"Courr\u00e8ges-jupe\",\"d\u00e9fil\u00e9\",\"fashion\",\"fashionweek\",\"FW16\",\"FWNY\",\"Londres\",\"milan\",\"New-York\",\"Paris\",\"printemps\/\u00e9t\u00e9 2016\",\"shirt\",\"shirt-Courr\u00e8ges\"],\"articleSection\":[\"Fashion &amp; accessories\",\"Ready To Wear\"],\"inLanguage\":\"en-US\",\"potentialAction\":[{\"@type\":\"CommentAction\",\"name\":\"Comment\",\"target\":[\"https:\/\/www.icon-icon.com\/en\/the-courreges-miniskirt-spring-summer-2016\/#respond\"]}]},{\"@type\":\"WebPage\",\"@id\":\"https:\/\/www.icon-icon.com\/en\/the-courreges-miniskirt-spring-summer-2016\/\",\"url\":\"https:\/\/www.icon-icon.com\/en\/the-courreges-miniskirt-spring-summer-2016\/\",\"name\":\"The Courr\u00e8ges Miniskirt Spring-Summer 2016 - ICON-ICON\",\"isPartOf\":{\"@id\":\"https:\/\/www.icon-icon.com\/#website\"},\"primaryImageOfPage\":{\"@id\":\"https:\/\/www.icon-icon.com\/en\/the-courreges-miniskirt-spring-summer-2016\/#primaryimage\"},\"image\":{\"@id\":\"https:\/\/www.icon-icon.com\/en\/the-courreges-miniskirt-spring-summer-2016\/#primaryimage\"},\"thumbnailUrl\":\"https:\/\/www.icon-icon.com\/wp-content\/uploads\/2015\/10\/minijupe_courege_0.jpg\",\"datePublished\":\"2015-10-15T14:45:01+00:00\",\"dateModified\":\"2020-10-20T22:10:59+00:00\",\"author\":{\"@id\":\"https:\/\/www.icon-icon.com\/#\/schema\/person\/e55d52fc3eb90f0f596d4040244e9e8a\"},\"breadcrumb\":{\"@id\":\"https:\/\/www.icon-icon.com\/en\/the-courreges-miniskirt-spring-summer-2016\/#breadcrumb\"},\"inLanguage\":\"en-US\",\"potentialAction\":[{\"@type\":\"ReadAction\",\"target\":[\"https:\/\/www.icon-icon.com\/en\/the-courreges-miniskirt-spring-summer-2016\/\"]}]},{\"@type\":\"ImageObject\",\"inLanguage\":\"en-US\",\"@id\":\"https:\/\/www.icon-icon.com\/en\/the-courreges-miniskirt-spring-summer-2016\/#primaryimage\",\"url\":\"https:\/\/www.icon-icon.com\/wp-content\/uploads\/2015\/10\/minijupe_courege_0.jpg\",\"contentUrl\":\"https:\/\/www.icon-icon.com\/wp-content\/uploads\/2015\/10\/minijupe_courege_0.jpg\",\"width\":450,\"height\":675,\"caption\":\"minijupe_courege.jpg\"},{\"@type\":\"BreadcrumbList\",\"@id\":\"https:\/\/www.icon-icon.com\/en\/the-courreges-miniskirt-spring-summer-2016\/#breadcrumb\",\"itemListElement\":[{\"@type\":\"ListItem\",\"position\":1,\"name\":\"Accueil\",\"item\":\"https:\/\/www.icon-icon.com\/en\/\"},{\"@type\":\"ListItem\",\"position\":2,\"name\":\"The Courr\u00e8ges Miniskirt Spring-Summer 2016\"}]},{\"@type\":\"WebSite\",\"@id\":\"https:\/\/www.icon-icon.com\/#website\",\"url\":\"https:\/\/www.icon-icon.com\/\",\"name\":\"ICON-ICON\",\"description\":\"Luxury Stories\",\"potentialAction\":[{\"@type\":\"SearchAction\",\"target\":{\"@type\":\"EntryPoint\",\"urlTemplate\":\"https:\/\/www.icon-icon.com\/?s={search_term_string}\"},\"query-input\":{\"@type\":\"PropertyValueSpecification\",\"valueRequired\":true,\"valueName\":\"search_term_string\"}}],\"inLanguage\":\"en-US\"},{\"@type\":\"Person\",\"@id\":\"https:\/\/www.icon-icon.com\/#\/schema\/person\/e55d52fc3eb90f0f596d4040244e9e8a\",\"name\":\"Icon-Icon\",\"image\":{\"@type\":\"ImageObject\",\"inLanguage\":\"en-US\",\"@id\":\"https:\/\/secure.gravatar.com\/avatar\/a805f008148faa69a17c7f0ea39c1c8fe7cf57667bd31c5e023987a404bf2748?s=96&d=mm&r=g\",\"url\":\"https:\/\/secure.gravatar.com\/avatar\/a805f008148faa69a17c7f0ea39c1c8fe7cf57667bd31c5e023987a404bf2748?s=96&d=mm&r=g\",\"contentUrl\":\"https:\/\/secure.gravatar.com\/avatar\/a805f008148faa69a17c7f0ea39c1c8fe7cf57667bd31c5e023987a404bf2748?s=96&d=mm&r=g\",\"caption\":\"Icon-Icon\"},\"url\":\"https:\/\/www.icon-icon.com\/en\/author\/icon\/\"}]}<\/script>\n<!-- \/ Yoast SEO plugin. -->","yoast_head_json":{"title":"The Courr\u00e8ges Miniskirt Spring-Summer 2016 - ICON-ICON","robots":{"index":"index","follow":"follow","max-snippet":"max-snippet:-1","max-image-preview":"max-image-preview:large","max-video-preview":"max-video-preview:-1"},"canonical":"https:\/\/www.icon-icon.com\/en\/the-courreges-miniskirt-spring-summer-2016\/","og_locale":"en_US","og_type":"article","og_title":"The Courr\u00e8ges Miniskirt Spring-Summer 2016 - ICON-ICON","og_description":"\u201cIt\u2019s been a long time,\u201d read the invitation for Courr\u00e8ges\u2019 runway. After a nearly 13 year absence, Courr\u00e8ges made their big comeback on the catwalk, taking care to highlight the avant-garde spirit that originally forged their reputation. Onstage in a vast white amphitheater, located in the basement of Paris\u2019 Op\u00e9ra Bastille, S\u00e9bastien Meyer and Arnaud...","og_url":"https:\/\/www.icon-icon.com\/en\/the-courreges-miniskirt-spring-summer-2016\/","og_site_name":"ICON-ICON","article_published_time":"2015-10-15T14:45:01+00:00","article_modified_time":"2020-10-20T22:10:59+00:00","og_image":[{"width":450,"height":675,"url":"https:\/\/www.icon-icon.com\/wp-content\/uploads\/2015\/10\/minijupe_courege_0.jpg","type":"image\/jpeg"}],"author":"Icon-Icon","twitter_card":"summary_large_image","twitter_misc":{"Written by":"Icon-Icon","Est. reading time":"1 minute"},"schema":{"@context":"https:\/\/schema.org","@graph":[{"@type":"Article","@id":"https:\/\/www.icon-icon.com\/en\/the-courreges-miniskirt-spring-summer-2016\/#article","isPartOf":{"@id":"https:\/\/www.icon-icon.com\/en\/the-courreges-miniskirt-spring-summer-2016\/"},"author":{"name":"Icon-Icon","@id":"https:\/\/www.icon-icon.com\/#\/schema\/person\/e55d52fc3eb90f0f596d4040244e9e8a"},"headline":"The Courr\u00e8ges Miniskirt Spring-Summer 2016","datePublished":"2015-10-15T14:45:01+00:00","dateModified":"2020-10-20T22:10:59+00:00","mainEntityOfPage":{"@id":"https:\/\/www.icon-icon.com\/en\/the-courreges-miniskirt-spring-summer-2016\/"},"wordCount":181,"commentCount":0,"image":{"@id":"https:\/\/www.icon-icon.com\/en\/the-courreges-miniskirt-spring-summer-2016\/#primaryimage"},"thumbnailUrl":"https:\/\/www.icon-icon.com\/wp-content\/uploads\/2015\/10\/minijupe_courege_0.jpg","keywords":["Coperni","courr\u00e8ges","Courr\u00e8ges-jupe","d\u00e9fil\u00e9","fashion","fashionweek","FW16","FWNY","Londres","milan","New-York","Paris","printemps\/\u00e9t\u00e9 2016","shirt","shirt-Courr\u00e8ges"],"articleSection":["Fashion &amp; accessories","Ready To Wear"],"inLanguage":"en-US","potentialAction":[{"@type":"CommentAction","name":"Comment","target":["https:\/\/www.icon-icon.com\/en\/the-courreges-miniskirt-spring-summer-2016\/#respond"]}]},{"@type":"WebPage","@id":"https:\/\/www.icon-icon.com\/en\/the-courreges-miniskirt-spring-summer-2016\/","url":"https:\/\/www.icon-icon.com\/en\/the-courreges-miniskirt-spring-summer-2016\/","name":"The Courr\u00e8ges Miniskirt Spring-Summer 2016 - ICON-ICON","isPartOf":{"@id":"https:\/\/www.icon-icon.com\/#website"},"primaryImageOfPage":{"@id":"https:\/\/www.icon-icon.com\/en\/the-courreges-miniskirt-spring-summer-2016\/#primaryimage"},"image":{"@id":"https:\/\/www.icon-icon.com\/en\/the-courreges-miniskirt-spring-summer-2016\/#primaryimage"},"thumbnailUrl":"https:\/\/www.icon-icon.com\/wp-content\/uploads\/2015\/10\/minijupe_courege_0.jpg","datePublished":"2015-10-15T14:45:01+00:00","dateModified":"2020-10-20T22:10:59+00:00","author":{"@id":"https:\/\/www.icon-icon.com\/#\/schema\/person\/e55d52fc3eb90f0f596d4040244e9e8a"},"breadcrumb":{"@id":"https:\/\/www.icon-icon.com\/en\/the-courreges-miniskirt-spring-summer-2016\/#breadcrumb"},"inLanguage":"en-US","potentialAction":[{"@type":"ReadAction","target":["https:\/\/www.icon-icon.com\/en\/the-courreges-miniskirt-spring-summer-2016\/"]}]},{"@type":"ImageObject","inLanguage":"en-US","@id":"https:\/\/www.icon-icon.com\/en\/the-courreges-miniskirt-spring-summer-2016\/#primaryimage","url":"https:\/\/www.icon-icon.com\/wp-content\/uploads\/2015\/10\/minijupe_courege_0.jpg","contentUrl":"https:\/\/www.icon-icon.com\/wp-content\/uploads\/2015\/10\/minijupe_courege_0.jpg","width":450,"height":675,"caption":"minijupe_courege.jpg"},{"@type":"BreadcrumbList","@id":"https:\/\/www.icon-icon.com\/en\/the-courreges-miniskirt-spring-summer-2016\/#breadcrumb","itemListElement":[{"@type":"ListItem","position":1,"name":"Accueil","item":"https:\/\/www.icon-icon.com\/en\/"},{"@type":"ListItem","position":2,"name":"The Courr\u00e8ges Miniskirt Spring-Summer 2016"}]},{"@type":"WebSite","@id":"https:\/\/www.icon-icon.com\/#website","url":"https:\/\/www.icon-icon.com\/","name":"ICON-ICON","description":"Luxury Stories","potentialAction":[{"@type":"SearchAction","target":{"@type":"EntryPoint","urlTemplate":"https:\/\/www.icon-icon.com\/?s={search_term_string}"},"query-input":{"@type":"PropertyValueSpecification","valueRequired":true,"valueName":"search_term_string"}}],"inLanguage":"en-US"},{"@type":"Person","@id":"https:\/\/www.icon-icon.com\/#\/schema\/person\/e55d52fc3eb90f0f596d4040244e9e8a","name":"Icon-Icon","image":{"@type":"ImageObject","inLanguage":"en-US","@id":"https:\/\/secure.gravatar.com\/avatar\/a805f008148faa69a17c7f0ea39c1c8fe7cf57667bd31c5e023987a404bf2748?s=96&d=mm&r=g","url":"https:\/\/secure.gravatar.com\/avatar\/a805f008148faa69a17c7f0ea39c1c8fe7cf57667bd31c5e023987a404bf2748?s=96&d=mm&r=g","contentUrl":"https:\/\/secure.gravatar.com\/avatar\/a805f008148faa69a17c7f0ea39c1c8fe7cf57667bd31c5e023987a404bf2748?s=96&d=mm&r=g","caption":"Icon-Icon"},"url":"https:\/\/www.icon-icon.com\/en\/author\/icon\/"}]}},"_links":{"self":[{"href":"https:\/\/www.icon-icon.com\/en\/wp-json\/wp\/v2\/posts\/12478","targetHints":{"allow":["GET"]}}],"collection":[{"href":"https:\/\/www.icon-icon.com\/en\/wp-json\/wp\/v2\/posts"}],"about":[{"href":"https:\/\/www.icon-icon.com\/en\/wp-json\/wp\/v2\/types\/post"}],"author":[{"embeddable":true,"href":"https:\/\/www.icon-icon.com\/en\/wp-json\/wp\/v2\/users\/3"}],"replies":[{"embeddable":true,"href":"https:\/\/www.icon-icon.com\/en\/wp-json\/wp\/v2\/comments?post=12478"}],"version-history":[{"count":1,"href":"https:\/\/www.icon-icon.com\/en\/wp-json\/wp\/v2\/posts\/12478\/revisions"}],"predecessor-version":[{"id":28865,"href":"https:\/\/www.icon-icon.com\/en\/wp-json\/wp\/v2\/posts\/12478\/revisions\/28865"}],"wp:featuredmedia":[{"embeddable":true,"href":"https:\/\/www.icon-icon.com\/en\/wp-json\/wp\/v2\/media\/12475"}],"wp:attachment":[{"href":"https:\/\/www.icon-icon.com\/en\/wp-json\/wp\/v2\/media?parent=12478"}],"wp:term":[{"taxonomy":"category","embeddable":true,"href":"https:\/\/www.icon-icon.com\/en\/wp-json\/wp\/v2\/categories?post=12478"},{"taxonomy":"post_tag","embeddable":true,"href":"https:\/\/www.icon-icon.com\/en\/wp-json\/wp\/v2\/tags?post=12478"}],"curies":[{"name":"wp","href":"https:\/\/api.w.org\/{rel}","templated":true}]}}