


{"id":12462,"date":"2015-10-14T15:37:46","date_gmt":"2015-10-14T13:37:46","guid":{"rendered":"http:\/\/icon-vrai.loc\/2015\/10\/14\/the-chanel-suit-spring-summer-2016\/"},"modified":"2020-10-21T00:10:59","modified_gmt":"2020-10-20T22:10:59","slug":"the-chanel-suit-spring-summer-2016","status":"publish","type":"post","link":"https:\/\/www.icon-icon.com\/en\/the-chanel-suit-spring-summer-2016\/","title":{"rendered":"The Chanel Suit Spring-Summer 2016"},"content":{"rendered":"<div>Beneath the glass dome of Paris\u2019 Grand Palais, everything was set up like in real life: baggage check-in windows, personnel on the ground, flight status boards\u2026 After the supermarket, Karl Lagerfeld is now bringing his beauties to a Chanel airport. This collection was first and foremost a pragmatic and fantasy-tinged interpretation of the idea of traveling. It\u2019s also a collection that propels the red, white. and blue stripes of the French flag out into an interconnected world. For Spring\/Summer 2016, the double-C brand plays with flight attendants\u2019 uniforms to closely imitate the world of airports. It\u2019s immediately apparent that next season\u2019s Chanel woman has the soul of a globe-trotter. Through skirts with tiny flounces, jewelry with tribal inspiration, and frayed fabrics, this Chanel beauty lives across several latitudes.<\/div>\n<div>This spirit inserts itself into the creations themselves as well: long skirts open up to pants. \u201cIf you&nbsp; zip it up, you have a skirt or you have the pants alone, this can all exist and coexist.\u201d explains Karl Lagerfeld. It\u2019s in this same spirit that the new vision for the Chanel suit was born: a 100% embroidered piece without pockets or logo, or even the smallest CC-monogrammed button. This suit is purer and more stripped down the emblematic style; collarless, the suit is imagined in black, grey, midnight blue, white, or red tweed with silvery threads forming small checked patterns. This collection is abundant in checkered prints that almost imitate tartan. Spring\/Summer 2016 thus imposes its own truth: Chanel will always be Chanel, and the brand\u2019s signature will always remain this emblematic suit first imagined almost a century ago\u2026 But today, Karl Lagerfeld is modernizing it and accessorizing it with a backwards snapback!<\/div>\n","protected":false},"excerpt":{"rendered":"<p>Beneath the glass dome of Paris\u2019 Grand Palais, everything was set up like in real life: baggage check-in windows, personnel on the ground, flight status boards\u2026 After the supermarket, Karl Lagerfeld is now bringing his beauties to a Chanel airport. This collection was first and foremost a pragmatic and fantasy-tinged interpretation of the idea of&#8230;<\/p>\n","protected":false},"author":3,"featured_media":12459,"comment_status":"open","ping_status":"open","sticky":false,"template":"","format":"standard","meta":{"_acf_changed":false,"footnotes":""},"categories":[32,6],"tags":[17483,56,15755,16521,1697,65,38,13209,17364,17377,17484,1944,3653,1481,1466,17068,5352,6010,12032],"class_list":["post-12462","post","type-post","status-publish","format-standard","has-post-thumbnail","hentry","category-fashion-accessories","category-ready-to-wear","tag-carreaux","tag-chanel","tag-chanel-suit","tag-cocochanel","tag-defile","tag-emblematique","tag-fashion","tag-fashionweek","tag-fw16","tag-fwny","tag-karl-lagerfld","tag-londres","tag-milan","tag-new-york","tag-paris","tag-printemps-ete-2016","tag-suit","tag-tailleur","tag-tailleur-chanel"],"acf":[],"yoast_head":"<!-- This site is optimized with the Yoast SEO plugin v27.2 - https:\/\/yoast.com\/product\/yoast-seo-wordpress\/ -->\n<title>The Chanel Suit Spring-Summer 2016 - ICON-ICON<\/title>\n<meta name=\"robots\" content=\"index, follow, max-snippet:-1, max-image-preview:large, max-video-preview:-1\" \/>\n<link rel=\"canonical\" href=\"http:\/\/www.icon-icon.com\/en\/the-chanel-suit-spring-summer-2016\/\" \/>\n<meta property=\"og:locale\" content=\"en_US\" \/>\n<meta property=\"og:type\" content=\"article\" \/>\n<meta property=\"og:title\" content=\"The Chanel Suit Spring-Summer 2016 - ICON-ICON\" \/>\n<meta property=\"og:description\" content=\"Beneath the glass dome of Paris\u2019 Grand Palais, everything was set up like in real life: baggage check-in windows, personnel on the ground, flight status boards\u2026 After the supermarket, Karl Lagerfeld is now bringing his beauties to a Chanel airport. This collection was first and foremost a pragmatic and fantasy-tinged interpretation of the idea of...\" \/>\n<meta property=\"og:url\" content=\"http:\/\/www.icon-icon.com\/en\/the-chanel-suit-spring-summer-2016\/\" \/>\n<meta property=\"og:site_name\" content=\"ICON-ICON\" \/>\n<meta property=\"article:published_time\" content=\"2015-10-14T13:37:46+00:00\" \/>\n<meta property=\"article:modified_time\" content=\"2020-10-20T22:10:59+00:00\" \/>\n<meta property=\"og:image\" content=\"http:\/\/www.icon-icon.com\/wp-content\/uploads\/2015\/10\/chaneltailleur2_0.jpg\" \/>\n\t<meta property=\"og:image:width\" content=\"450\" \/>\n\t<meta property=\"og:image:height\" content=\"675\" \/>\n\t<meta property=\"og:image:type\" content=\"image\/jpeg\" \/>\n<meta name=\"author\" content=\"Icon-Icon\" \/>\n<meta name=\"twitter:card\" content=\"summary_large_image\" \/>\n<meta name=\"twitter:label1\" content=\"Written by\" \/>\n\t<meta name=\"twitter:data1\" content=\"Icon-Icon\" \/>\n\t<meta name=\"twitter:label2\" content=\"Est. reading time\" \/>\n\t<meta name=\"twitter:data2\" content=\"1 minute\" \/>\n<script type=\"application\/ld+json\" class=\"yoast-schema-graph\">{\"@context\":\"https:\/\/schema.org\",\"@graph\":[{\"@type\":\"Article\",\"@id\":\"http:\/\/www.icon-icon.com\/en\/the-chanel-suit-spring-summer-2016\/#article\",\"isPartOf\":{\"@id\":\"http:\/\/www.icon-icon.com\/en\/the-chanel-suit-spring-summer-2016\/\"},\"author\":{\"name\":\"Icon-Icon\",\"@id\":\"https:\/\/www.icon-icon.com\/#\/schema\/person\/e55d52fc3eb90f0f596d4040244e9e8a\"},\"headline\":\"The Chanel Suit Spring-Summer 2016\",\"datePublished\":\"2015-10-14T13:37:46+00:00\",\"dateModified\":\"2020-10-20T22:10:59+00:00\",\"mainEntityOfPage\":{\"@id\":\"http:\/\/www.icon-icon.com\/en\/the-chanel-suit-spring-summer-2016\/\"},\"wordCount\":291,\"commentCount\":0,\"image\":{\"@id\":\"http:\/\/www.icon-icon.com\/en\/the-chanel-suit-spring-summer-2016\/#primaryimage\"},\"thumbnailUrl\":\"https:\/\/www.icon-icon.com\/wp-content\/uploads\/2015\/10\/chaneltailleur2_0.jpg\",\"keywords\":[\"carreaux\",\"chanel\",\"Chanel Suit\",\"CocoChanel\",\"d\u00e9fil\u00e9\",\"embl\u00e9matique\",\"fashion\",\"fashionweek\",\"FW16\",\"FWNY\",\"Karl Lagerfld\",\"Londres\",\"milan\",\"New-York\",\"Paris\",\"printemps\/\u00e9t\u00e9 2016\",\"suit\",\"tailleur\",\"tailleur-chanel\"],\"articleSection\":[\"Fashion &amp; accessories\",\"Ready To Wear\"],\"inLanguage\":\"en-US\",\"potentialAction\":[{\"@type\":\"CommentAction\",\"name\":\"Comment\",\"target\":[\"http:\/\/www.icon-icon.com\/en\/the-chanel-suit-spring-summer-2016\/#respond\"]}]},{\"@type\":\"WebPage\",\"@id\":\"http:\/\/www.icon-icon.com\/en\/the-chanel-suit-spring-summer-2016\/\",\"url\":\"http:\/\/www.icon-icon.com\/en\/the-chanel-suit-spring-summer-2016\/\",\"name\":\"The Chanel Suit Spring-Summer 2016 - ICON-ICON\",\"isPartOf\":{\"@id\":\"https:\/\/www.icon-icon.com\/#website\"},\"primaryImageOfPage\":{\"@id\":\"http:\/\/www.icon-icon.com\/en\/the-chanel-suit-spring-summer-2016\/#primaryimage\"},\"image\":{\"@id\":\"http:\/\/www.icon-icon.com\/en\/the-chanel-suit-spring-summer-2016\/#primaryimage\"},\"thumbnailUrl\":\"https:\/\/www.icon-icon.com\/wp-content\/uploads\/2015\/10\/chaneltailleur2_0.jpg\",\"datePublished\":\"2015-10-14T13:37:46+00:00\",\"dateModified\":\"2020-10-20T22:10:59+00:00\",\"author\":{\"@id\":\"https:\/\/www.icon-icon.com\/#\/schema\/person\/e55d52fc3eb90f0f596d4040244e9e8a\"},\"breadcrumb\":{\"@id\":\"http:\/\/www.icon-icon.com\/en\/the-chanel-suit-spring-summer-2016\/#breadcrumb\"},\"inLanguage\":\"en-US\",\"potentialAction\":[{\"@type\":\"ReadAction\",\"target\":[\"http:\/\/www.icon-icon.com\/en\/the-chanel-suit-spring-summer-2016\/\"]}]},{\"@type\":\"ImageObject\",\"inLanguage\":\"en-US\",\"@id\":\"http:\/\/www.icon-icon.com\/en\/the-chanel-suit-spring-summer-2016\/#primaryimage\",\"url\":\"https:\/\/www.icon-icon.com\/wp-content\/uploads\/2015\/10\/chaneltailleur2_0.jpg\",\"contentUrl\":\"https:\/\/www.icon-icon.com\/wp-content\/uploads\/2015\/10\/chaneltailleur2_0.jpg\",\"width\":450,\"height\":675,\"caption\":\"chaneltailleur2.jpg\"},{\"@type\":\"BreadcrumbList\",\"@id\":\"http:\/\/www.icon-icon.com\/en\/the-chanel-suit-spring-summer-2016\/#breadcrumb\",\"itemListElement\":[{\"@type\":\"ListItem\",\"position\":1,\"name\":\"Accueil\",\"item\":\"https:\/\/www.icon-icon.com\/en\/\"},{\"@type\":\"ListItem\",\"position\":2,\"name\":\"The Chanel Suit Spring-Summer 2016\"}]},{\"@type\":\"WebSite\",\"@id\":\"https:\/\/www.icon-icon.com\/#website\",\"url\":\"https:\/\/www.icon-icon.com\/\",\"name\":\"ICON-ICON\",\"description\":\"Luxury Stories\",\"potentialAction\":[{\"@type\":\"SearchAction\",\"target\":{\"@type\":\"EntryPoint\",\"urlTemplate\":\"https:\/\/www.icon-icon.com\/?s={search_term_string}\"},\"query-input\":{\"@type\":\"PropertyValueSpecification\",\"valueRequired\":true,\"valueName\":\"search_term_string\"}}],\"inLanguage\":\"en-US\"},{\"@type\":\"Person\",\"@id\":\"https:\/\/www.icon-icon.com\/#\/schema\/person\/e55d52fc3eb90f0f596d4040244e9e8a\",\"name\":\"Icon-Icon\",\"image\":{\"@type\":\"ImageObject\",\"inLanguage\":\"en-US\",\"@id\":\"https:\/\/secure.gravatar.com\/avatar\/a805f008148faa69a17c7f0ea39c1c8fe7cf57667bd31c5e023987a404bf2748?s=96&d=mm&r=g\",\"url\":\"https:\/\/secure.gravatar.com\/avatar\/a805f008148faa69a17c7f0ea39c1c8fe7cf57667bd31c5e023987a404bf2748?s=96&d=mm&r=g\",\"contentUrl\":\"https:\/\/secure.gravatar.com\/avatar\/a805f008148faa69a17c7f0ea39c1c8fe7cf57667bd31c5e023987a404bf2748?s=96&d=mm&r=g\",\"caption\":\"Icon-Icon\"},\"url\":\"https:\/\/www.icon-icon.com\/en\/author\/icon\/\"}]}<\/script>\n<!-- \/ Yoast SEO plugin. -->","yoast_head_json":{"title":"The Chanel Suit Spring-Summer 2016 - ICON-ICON","robots":{"index":"index","follow":"follow","max-snippet":"max-snippet:-1","max-image-preview":"max-image-preview:large","max-video-preview":"max-video-preview:-1"},"canonical":"http:\/\/www.icon-icon.com\/en\/the-chanel-suit-spring-summer-2016\/","og_locale":"en_US","og_type":"article","og_title":"The Chanel Suit Spring-Summer 2016 - ICON-ICON","og_description":"Beneath the glass dome of Paris\u2019 Grand Palais, everything was set up like in real life: baggage check-in windows, personnel on the ground, flight status boards\u2026 After the supermarket, Karl Lagerfeld is now bringing his beauties to a Chanel airport. This collection was first and foremost a pragmatic and fantasy-tinged interpretation of the idea of...","og_url":"http:\/\/www.icon-icon.com\/en\/the-chanel-suit-spring-summer-2016\/","og_site_name":"ICON-ICON","article_published_time":"2015-10-14T13:37:46+00:00","article_modified_time":"2020-10-20T22:10:59+00:00","og_image":[{"width":450,"height":675,"url":"http:\/\/www.icon-icon.com\/wp-content\/uploads\/2015\/10\/chaneltailleur2_0.jpg","type":"image\/jpeg"}],"author":"Icon-Icon","twitter_card":"summary_large_image","twitter_misc":{"Written by":"Icon-Icon","Est. reading time":"1 minute"},"schema":{"@context":"https:\/\/schema.org","@graph":[{"@type":"Article","@id":"http:\/\/www.icon-icon.com\/en\/the-chanel-suit-spring-summer-2016\/#article","isPartOf":{"@id":"http:\/\/www.icon-icon.com\/en\/the-chanel-suit-spring-summer-2016\/"},"author":{"name":"Icon-Icon","@id":"https:\/\/www.icon-icon.com\/#\/schema\/person\/e55d52fc3eb90f0f596d4040244e9e8a"},"headline":"The Chanel Suit Spring-Summer 2016","datePublished":"2015-10-14T13:37:46+00:00","dateModified":"2020-10-20T22:10:59+00:00","mainEntityOfPage":{"@id":"http:\/\/www.icon-icon.com\/en\/the-chanel-suit-spring-summer-2016\/"},"wordCount":291,"commentCount":0,"image":{"@id":"http:\/\/www.icon-icon.com\/en\/the-chanel-suit-spring-summer-2016\/#primaryimage"},"thumbnailUrl":"https:\/\/www.icon-icon.com\/wp-content\/uploads\/2015\/10\/chaneltailleur2_0.jpg","keywords":["carreaux","chanel","Chanel Suit","CocoChanel","d\u00e9fil\u00e9","embl\u00e9matique","fashion","fashionweek","FW16","FWNY","Karl Lagerfld","Londres","milan","New-York","Paris","printemps\/\u00e9t\u00e9 2016","suit","tailleur","tailleur-chanel"],"articleSection":["Fashion &amp; accessories","Ready To Wear"],"inLanguage":"en-US","potentialAction":[{"@type":"CommentAction","name":"Comment","target":["http:\/\/www.icon-icon.com\/en\/the-chanel-suit-spring-summer-2016\/#respond"]}]},{"@type":"WebPage","@id":"http:\/\/www.icon-icon.com\/en\/the-chanel-suit-spring-summer-2016\/","url":"http:\/\/www.icon-icon.com\/en\/the-chanel-suit-spring-summer-2016\/","name":"The Chanel Suit Spring-Summer 2016 - ICON-ICON","isPartOf":{"@id":"https:\/\/www.icon-icon.com\/#website"},"primaryImageOfPage":{"@id":"http:\/\/www.icon-icon.com\/en\/the-chanel-suit-spring-summer-2016\/#primaryimage"},"image":{"@id":"http:\/\/www.icon-icon.com\/en\/the-chanel-suit-spring-summer-2016\/#primaryimage"},"thumbnailUrl":"https:\/\/www.icon-icon.com\/wp-content\/uploads\/2015\/10\/chaneltailleur2_0.jpg","datePublished":"2015-10-14T13:37:46+00:00","dateModified":"2020-10-20T22:10:59+00:00","author":{"@id":"https:\/\/www.icon-icon.com\/#\/schema\/person\/e55d52fc3eb90f0f596d4040244e9e8a"},"breadcrumb":{"@id":"http:\/\/www.icon-icon.com\/en\/the-chanel-suit-spring-summer-2016\/#breadcrumb"},"inLanguage":"en-US","potentialAction":[{"@type":"ReadAction","target":["http:\/\/www.icon-icon.com\/en\/the-chanel-suit-spring-summer-2016\/"]}]},{"@type":"ImageObject","inLanguage":"en-US","@id":"http:\/\/www.icon-icon.com\/en\/the-chanel-suit-spring-summer-2016\/#primaryimage","url":"https:\/\/www.icon-icon.com\/wp-content\/uploads\/2015\/10\/chaneltailleur2_0.jpg","contentUrl":"https:\/\/www.icon-icon.com\/wp-content\/uploads\/2015\/10\/chaneltailleur2_0.jpg","width":450,"height":675,"caption":"chaneltailleur2.jpg"},{"@type":"BreadcrumbList","@id":"http:\/\/www.icon-icon.com\/en\/the-chanel-suit-spring-summer-2016\/#breadcrumb","itemListElement":[{"@type":"ListItem","position":1,"name":"Accueil","item":"https:\/\/www.icon-icon.com\/en\/"},{"@type":"ListItem","position":2,"name":"The Chanel Suit Spring-Summer 2016"}]},{"@type":"WebSite","@id":"https:\/\/www.icon-icon.com\/#website","url":"https:\/\/www.icon-icon.com\/","name":"ICON-ICON","description":"Luxury Stories","potentialAction":[{"@type":"SearchAction","target":{"@type":"EntryPoint","urlTemplate":"https:\/\/www.icon-icon.com\/?s={search_term_string}"},"query-input":{"@type":"PropertyValueSpecification","valueRequired":true,"valueName":"search_term_string"}}],"inLanguage":"en-US"},{"@type":"Person","@id":"https:\/\/www.icon-icon.com\/#\/schema\/person\/e55d52fc3eb90f0f596d4040244e9e8a","name":"Icon-Icon","image":{"@type":"ImageObject","inLanguage":"en-US","@id":"https:\/\/secure.gravatar.com\/avatar\/a805f008148faa69a17c7f0ea39c1c8fe7cf57667bd31c5e023987a404bf2748?s=96&d=mm&r=g","url":"https:\/\/secure.gravatar.com\/avatar\/a805f008148faa69a17c7f0ea39c1c8fe7cf57667bd31c5e023987a404bf2748?s=96&d=mm&r=g","contentUrl":"https:\/\/secure.gravatar.com\/avatar\/a805f008148faa69a17c7f0ea39c1c8fe7cf57667bd31c5e023987a404bf2748?s=96&d=mm&r=g","caption":"Icon-Icon"},"url":"https:\/\/www.icon-icon.com\/en\/author\/icon\/"}]}},"_links":{"self":[{"href":"https:\/\/www.icon-icon.com\/en\/wp-json\/wp\/v2\/posts\/12462","targetHints":{"allow":["GET"]}}],"collection":[{"href":"https:\/\/www.icon-icon.com\/en\/wp-json\/wp\/v2\/posts"}],"about":[{"href":"https:\/\/www.icon-icon.com\/en\/wp-json\/wp\/v2\/types\/post"}],"author":[{"embeddable":true,"href":"https:\/\/www.icon-icon.com\/en\/wp-json\/wp\/v2\/users\/3"}],"replies":[{"embeddable":true,"href":"https:\/\/www.icon-icon.com\/en\/wp-json\/wp\/v2\/comments?post=12462"}],"version-history":[{"count":1,"href":"https:\/\/www.icon-icon.com\/en\/wp-json\/wp\/v2\/posts\/12462\/revisions"}],"predecessor-version":[{"id":28869,"href":"https:\/\/www.icon-icon.com\/en\/wp-json\/wp\/v2\/posts\/12462\/revisions\/28869"}],"wp:featuredmedia":[{"embeddable":true,"href":"https:\/\/www.icon-icon.com\/en\/wp-json\/wp\/v2\/media\/12459"}],"wp:attachment":[{"href":"https:\/\/www.icon-icon.com\/en\/wp-json\/wp\/v2\/media?parent=12462"}],"wp:term":[{"taxonomy":"category","embeddable":true,"href":"https:\/\/www.icon-icon.com\/en\/wp-json\/wp\/v2\/categories?post=12462"},{"taxonomy":"post_tag","embeddable":true,"href":"https:\/\/www.icon-icon.com\/en\/wp-json\/wp\/v2\/tags?post=12462"}],"curies":[{"name":"wp","href":"https:\/\/api.w.org\/{rel}","templated":true}]}}