


{"id":12454,"date":"2015-10-13T16:42:11","date_gmt":"2015-10-13T14:42:11","guid":{"rendered":"http:\/\/icon-vrai.loc\/2015\/10\/13\/the-isabel-marant-ethnic-tunic-spring-summer-2016\/"},"modified":"2020-10-21T00:11:00","modified_gmt":"2020-10-20T22:11:00","slug":"the-isabel-marant-ethnic-tunic-spring-summer-2016","status":"publish","type":"post","link":"https:\/\/www.icon-icon.com\/en\/the-isabel-marant-ethnic-tunic-spring-summer-2016\/","title":{"rendered":"The Isabel Marant Ethnic Tunic Spring-Summer 2016"},"content":{"rendered":"<div>There are certain collections that ooze desirability from the first to the last look on the runway. Isabel Marant\u2019s Spring\/Summer 2016 collection is one of these: from canvas folk pants and long gilded coats to harem pants cut in a sophisticated lurex, next season will be globe trotting or bust! This is how the stylist mixes an urban wardrobe and ethnic findings with gusto and her usual nonchalance, then sprinkles it with a telltale Parisian subtlety. An imminent visual flash only dangerously raises the stakes of this collection\u2019s desirability.<\/div>\n<div>Berber blouses, silver lam\u00e9 jogging pants and tunics with bouffant sleeves; Isabel Marant is boldly mixing ethnic tissues and sophisticated bling-bling here. The berber tunic is the collection\u2019s central point. Cosmic leggings and burnooses that were hand-embroidered in India bring the silhouette up to the ranks of a contemporary must-have. The Parisienne is crafting a style of which she herself is the greatest spokesperson, a style that avidly mixes pieces dug up in the four corners of the Earth and the latest findings of conceptual designers like it was nothing. This tenacious success proves once more that Isabel Marant\u2019s cool chic hasn\u2019t finished winning over acolytes!<\/div>\n","protected":false},"excerpt":{"rendered":"<p>There are certain collections that ooze desirability from the first to the last look on the runway. Isabel Marant\u2019s Spring\/Summer 2016 collection is one of these: from canvas folk pants and long gilded coats to harem pants cut in a sophisticated lurex, next season will be globe trotting or bust! This is how the stylist&#8230;<\/p>\n","protected":false},"author":3,"featured_media":12451,"comment_status":"open","ping_status":"open","sticky":false,"template":"","format":"standard","meta":{"_acf_changed":false,"footnotes":""},"categories":[32,6],"tags":[1697,17480,38,13209,17364,17377,17481,11120,1944,3653,1481,1466,17068,6384,17482,2593],"class_list":["post-12454","post","type-post","status-publish","format-standard","has-post-thumbnail","hentry","category-fashion-accessories","category-ready-to-wear","tag-defile","tag-ethnique","tag-fashion","tag-fashionweek","tag-fw16","tag-fwny","tag-isabel-marant-2016","tag-isabel-marant","tag-londres","tag-milan","tag-new-york","tag-paris","tag-printemps-ete-2016","tag-summer","tag-tissus-ethniques","tag-tunique"],"acf":[],"yoast_head":"<!-- This site is optimized with the Yoast SEO plugin v27.2 - https:\/\/yoast.com\/product\/yoast-seo-wordpress\/ -->\n<title>The Isabel Marant Ethnic Tunic Spring-Summer 2016 - ICON-ICON<\/title>\n<meta name=\"robots\" content=\"index, follow, max-snippet:-1, max-image-preview:large, max-video-preview:-1\" \/>\n<link rel=\"canonical\" href=\"https:\/\/www.icon-icon.com\/en\/the-isabel-marant-ethnic-tunic-spring-summer-2016\/\" \/>\n<meta property=\"og:locale\" content=\"en_US\" \/>\n<meta property=\"og:type\" content=\"article\" \/>\n<meta property=\"og:title\" content=\"The Isabel Marant Ethnic Tunic Spring-Summer 2016 - ICON-ICON\" \/>\n<meta property=\"og:description\" content=\"There are certain collections that ooze desirability from the first to the last look on the runway. Isabel Marant\u2019s Spring\/Summer 2016 collection is one of these: from canvas folk pants and long gilded coats to harem pants cut in a sophisticated lurex, next season will be globe trotting or bust! This is how the stylist...\" \/>\n<meta property=\"og:url\" content=\"https:\/\/www.icon-icon.com\/en\/the-isabel-marant-ethnic-tunic-spring-summer-2016\/\" \/>\n<meta property=\"og:site_name\" content=\"ICON-ICON\" \/>\n<meta property=\"article:published_time\" content=\"2015-10-13T14:42:11+00:00\" \/>\n<meta property=\"article:modified_time\" content=\"2020-10-20T22:11:00+00:00\" \/>\n<meta property=\"og:image\" content=\"https:\/\/www.icon-icon.com\/wp-content\/uploads\/2015\/10\/isabelmarant_0.jpg\" \/>\n\t<meta property=\"og:image:width\" content=\"450\" \/>\n\t<meta property=\"og:image:height\" content=\"675\" \/>\n\t<meta property=\"og:image:type\" content=\"image\/jpeg\" \/>\n<meta name=\"author\" content=\"Icon-Icon\" \/>\n<meta name=\"twitter:card\" content=\"summary_large_image\" \/>\n<meta name=\"twitter:label1\" content=\"Written by\" \/>\n\t<meta name=\"twitter:data1\" content=\"Icon-Icon\" \/>\n\t<meta name=\"twitter:label2\" content=\"Est. reading time\" \/>\n\t<meta name=\"twitter:data2\" content=\"1 minute\" \/>\n<script type=\"application\/ld+json\" class=\"yoast-schema-graph\">{\"@context\":\"https:\/\/schema.org\",\"@graph\":[{\"@type\":\"Article\",\"@id\":\"https:\/\/www.icon-icon.com\/en\/the-isabel-marant-ethnic-tunic-spring-summer-2016\/#article\",\"isPartOf\":{\"@id\":\"https:\/\/www.icon-icon.com\/en\/the-isabel-marant-ethnic-tunic-spring-summer-2016\/\"},\"author\":{\"name\":\"Icon-Icon\",\"@id\":\"https:\/\/www.icon-icon.com\/#\/schema\/person\/e55d52fc3eb90f0f596d4040244e9e8a\"},\"headline\":\"The Isabel Marant Ethnic Tunic Spring-Summer 2016\",\"datePublished\":\"2015-10-13T14:42:11+00:00\",\"dateModified\":\"2020-10-20T22:11:00+00:00\",\"mainEntityOfPage\":{\"@id\":\"https:\/\/www.icon-icon.com\/en\/the-isabel-marant-ethnic-tunic-spring-summer-2016\/\"},\"wordCount\":206,\"commentCount\":0,\"image\":{\"@id\":\"https:\/\/www.icon-icon.com\/en\/the-isabel-marant-ethnic-tunic-spring-summer-2016\/#primaryimage\"},\"thumbnailUrl\":\"https:\/\/www.icon-icon.com\/wp-content\/uploads\/2015\/10\/isabelmarant_0.jpg\",\"keywords\":[\"d\u00e9fil\u00e9\",\"\u00e9thnique\",\"fashion\",\"fashionweek\",\"FW16\",\"FWNY\",\"Isabel Marant 2016\",\"Isabel-Marant\",\"Londres\",\"milan\",\"New-York\",\"Paris\",\"printemps\/\u00e9t\u00e9 2016\",\"summer\",\"tissus ethniques\",\"tunique\"],\"articleSection\":[\"Fashion &amp; accessories\",\"Ready To Wear\"],\"inLanguage\":\"en-US\",\"potentialAction\":[{\"@type\":\"CommentAction\",\"name\":\"Comment\",\"target\":[\"https:\/\/www.icon-icon.com\/en\/the-isabel-marant-ethnic-tunic-spring-summer-2016\/#respond\"]}]},{\"@type\":\"WebPage\",\"@id\":\"https:\/\/www.icon-icon.com\/en\/the-isabel-marant-ethnic-tunic-spring-summer-2016\/\",\"url\":\"https:\/\/www.icon-icon.com\/en\/the-isabel-marant-ethnic-tunic-spring-summer-2016\/\",\"name\":\"The Isabel Marant Ethnic Tunic Spring-Summer 2016 - ICON-ICON\",\"isPartOf\":{\"@id\":\"https:\/\/www.icon-icon.com\/#website\"},\"primaryImageOfPage\":{\"@id\":\"https:\/\/www.icon-icon.com\/en\/the-isabel-marant-ethnic-tunic-spring-summer-2016\/#primaryimage\"},\"image\":{\"@id\":\"https:\/\/www.icon-icon.com\/en\/the-isabel-marant-ethnic-tunic-spring-summer-2016\/#primaryimage\"},\"thumbnailUrl\":\"https:\/\/www.icon-icon.com\/wp-content\/uploads\/2015\/10\/isabelmarant_0.jpg\",\"datePublished\":\"2015-10-13T14:42:11+00:00\",\"dateModified\":\"2020-10-20T22:11:00+00:00\",\"author\":{\"@id\":\"https:\/\/www.icon-icon.com\/#\/schema\/person\/e55d52fc3eb90f0f596d4040244e9e8a\"},\"breadcrumb\":{\"@id\":\"https:\/\/www.icon-icon.com\/en\/the-isabel-marant-ethnic-tunic-spring-summer-2016\/#breadcrumb\"},\"inLanguage\":\"en-US\",\"potentialAction\":[{\"@type\":\"ReadAction\",\"target\":[\"https:\/\/www.icon-icon.com\/en\/the-isabel-marant-ethnic-tunic-spring-summer-2016\/\"]}]},{\"@type\":\"ImageObject\",\"inLanguage\":\"en-US\",\"@id\":\"https:\/\/www.icon-icon.com\/en\/the-isabel-marant-ethnic-tunic-spring-summer-2016\/#primaryimage\",\"url\":\"https:\/\/www.icon-icon.com\/wp-content\/uploads\/2015\/10\/isabelmarant_0.jpg\",\"contentUrl\":\"https:\/\/www.icon-icon.com\/wp-content\/uploads\/2015\/10\/isabelmarant_0.jpg\",\"width\":450,\"height\":675,\"caption\":\"isabelmarant.jpg\"},{\"@type\":\"BreadcrumbList\",\"@id\":\"https:\/\/www.icon-icon.com\/en\/the-isabel-marant-ethnic-tunic-spring-summer-2016\/#breadcrumb\",\"itemListElement\":[{\"@type\":\"ListItem\",\"position\":1,\"name\":\"Accueil\",\"item\":\"https:\/\/www.icon-icon.com\/en\/\"},{\"@type\":\"ListItem\",\"position\":2,\"name\":\"The Isabel Marant Ethnic Tunic Spring-Summer 2016\"}]},{\"@type\":\"WebSite\",\"@id\":\"https:\/\/www.icon-icon.com\/#website\",\"url\":\"https:\/\/www.icon-icon.com\/\",\"name\":\"ICON-ICON\",\"description\":\"Luxury Stories\",\"potentialAction\":[{\"@type\":\"SearchAction\",\"target\":{\"@type\":\"EntryPoint\",\"urlTemplate\":\"https:\/\/www.icon-icon.com\/?s={search_term_string}\"},\"query-input\":{\"@type\":\"PropertyValueSpecification\",\"valueRequired\":true,\"valueName\":\"search_term_string\"}}],\"inLanguage\":\"en-US\"},{\"@type\":\"Person\",\"@id\":\"https:\/\/www.icon-icon.com\/#\/schema\/person\/e55d52fc3eb90f0f596d4040244e9e8a\",\"name\":\"Icon-Icon\",\"image\":{\"@type\":\"ImageObject\",\"inLanguage\":\"en-US\",\"@id\":\"https:\/\/secure.gravatar.com\/avatar\/a805f008148faa69a17c7f0ea39c1c8fe7cf57667bd31c5e023987a404bf2748?s=96&d=mm&r=g\",\"url\":\"https:\/\/secure.gravatar.com\/avatar\/a805f008148faa69a17c7f0ea39c1c8fe7cf57667bd31c5e023987a404bf2748?s=96&d=mm&r=g\",\"contentUrl\":\"https:\/\/secure.gravatar.com\/avatar\/a805f008148faa69a17c7f0ea39c1c8fe7cf57667bd31c5e023987a404bf2748?s=96&d=mm&r=g\",\"caption\":\"Icon-Icon\"},\"url\":\"https:\/\/www.icon-icon.com\/en\/author\/icon\/\"}]}<\/script>\n<!-- \/ Yoast SEO plugin. -->","yoast_head_json":{"title":"The Isabel Marant Ethnic Tunic Spring-Summer 2016 - ICON-ICON","robots":{"index":"index","follow":"follow","max-snippet":"max-snippet:-1","max-image-preview":"max-image-preview:large","max-video-preview":"max-video-preview:-1"},"canonical":"https:\/\/www.icon-icon.com\/en\/the-isabel-marant-ethnic-tunic-spring-summer-2016\/","og_locale":"en_US","og_type":"article","og_title":"The Isabel Marant Ethnic Tunic Spring-Summer 2016 - ICON-ICON","og_description":"There are certain collections that ooze desirability from the first to the last look on the runway. Isabel Marant\u2019s Spring\/Summer 2016 collection is one of these: from canvas folk pants and long gilded coats to harem pants cut in a sophisticated lurex, next season will be globe trotting or bust! This is how the stylist...","og_url":"https:\/\/www.icon-icon.com\/en\/the-isabel-marant-ethnic-tunic-spring-summer-2016\/","og_site_name":"ICON-ICON","article_published_time":"2015-10-13T14:42:11+00:00","article_modified_time":"2020-10-20T22:11:00+00:00","og_image":[{"width":450,"height":675,"url":"https:\/\/www.icon-icon.com\/wp-content\/uploads\/2015\/10\/isabelmarant_0.jpg","type":"image\/jpeg"}],"author":"Icon-Icon","twitter_card":"summary_large_image","twitter_misc":{"Written by":"Icon-Icon","Est. reading time":"1 minute"},"schema":{"@context":"https:\/\/schema.org","@graph":[{"@type":"Article","@id":"https:\/\/www.icon-icon.com\/en\/the-isabel-marant-ethnic-tunic-spring-summer-2016\/#article","isPartOf":{"@id":"https:\/\/www.icon-icon.com\/en\/the-isabel-marant-ethnic-tunic-spring-summer-2016\/"},"author":{"name":"Icon-Icon","@id":"https:\/\/www.icon-icon.com\/#\/schema\/person\/e55d52fc3eb90f0f596d4040244e9e8a"},"headline":"The Isabel Marant Ethnic Tunic Spring-Summer 2016","datePublished":"2015-10-13T14:42:11+00:00","dateModified":"2020-10-20T22:11:00+00:00","mainEntityOfPage":{"@id":"https:\/\/www.icon-icon.com\/en\/the-isabel-marant-ethnic-tunic-spring-summer-2016\/"},"wordCount":206,"commentCount":0,"image":{"@id":"https:\/\/www.icon-icon.com\/en\/the-isabel-marant-ethnic-tunic-spring-summer-2016\/#primaryimage"},"thumbnailUrl":"https:\/\/www.icon-icon.com\/wp-content\/uploads\/2015\/10\/isabelmarant_0.jpg","keywords":["d\u00e9fil\u00e9","\u00e9thnique","fashion","fashionweek","FW16","FWNY","Isabel Marant 2016","Isabel-Marant","Londres","milan","New-York","Paris","printemps\/\u00e9t\u00e9 2016","summer","tissus ethniques","tunique"],"articleSection":["Fashion &amp; accessories","Ready To Wear"],"inLanguage":"en-US","potentialAction":[{"@type":"CommentAction","name":"Comment","target":["https:\/\/www.icon-icon.com\/en\/the-isabel-marant-ethnic-tunic-spring-summer-2016\/#respond"]}]},{"@type":"WebPage","@id":"https:\/\/www.icon-icon.com\/en\/the-isabel-marant-ethnic-tunic-spring-summer-2016\/","url":"https:\/\/www.icon-icon.com\/en\/the-isabel-marant-ethnic-tunic-spring-summer-2016\/","name":"The Isabel Marant Ethnic Tunic Spring-Summer 2016 - ICON-ICON","isPartOf":{"@id":"https:\/\/www.icon-icon.com\/#website"},"primaryImageOfPage":{"@id":"https:\/\/www.icon-icon.com\/en\/the-isabel-marant-ethnic-tunic-spring-summer-2016\/#primaryimage"},"image":{"@id":"https:\/\/www.icon-icon.com\/en\/the-isabel-marant-ethnic-tunic-spring-summer-2016\/#primaryimage"},"thumbnailUrl":"https:\/\/www.icon-icon.com\/wp-content\/uploads\/2015\/10\/isabelmarant_0.jpg","datePublished":"2015-10-13T14:42:11+00:00","dateModified":"2020-10-20T22:11:00+00:00","author":{"@id":"https:\/\/www.icon-icon.com\/#\/schema\/person\/e55d52fc3eb90f0f596d4040244e9e8a"},"breadcrumb":{"@id":"https:\/\/www.icon-icon.com\/en\/the-isabel-marant-ethnic-tunic-spring-summer-2016\/#breadcrumb"},"inLanguage":"en-US","potentialAction":[{"@type":"ReadAction","target":["https:\/\/www.icon-icon.com\/en\/the-isabel-marant-ethnic-tunic-spring-summer-2016\/"]}]},{"@type":"ImageObject","inLanguage":"en-US","@id":"https:\/\/www.icon-icon.com\/en\/the-isabel-marant-ethnic-tunic-spring-summer-2016\/#primaryimage","url":"https:\/\/www.icon-icon.com\/wp-content\/uploads\/2015\/10\/isabelmarant_0.jpg","contentUrl":"https:\/\/www.icon-icon.com\/wp-content\/uploads\/2015\/10\/isabelmarant_0.jpg","width":450,"height":675,"caption":"isabelmarant.jpg"},{"@type":"BreadcrumbList","@id":"https:\/\/www.icon-icon.com\/en\/the-isabel-marant-ethnic-tunic-spring-summer-2016\/#breadcrumb","itemListElement":[{"@type":"ListItem","position":1,"name":"Accueil","item":"https:\/\/www.icon-icon.com\/en\/"},{"@type":"ListItem","position":2,"name":"The Isabel Marant Ethnic Tunic Spring-Summer 2016"}]},{"@type":"WebSite","@id":"https:\/\/www.icon-icon.com\/#website","url":"https:\/\/www.icon-icon.com\/","name":"ICON-ICON","description":"Luxury Stories","potentialAction":[{"@type":"SearchAction","target":{"@type":"EntryPoint","urlTemplate":"https:\/\/www.icon-icon.com\/?s={search_term_string}"},"query-input":{"@type":"PropertyValueSpecification","valueRequired":true,"valueName":"search_term_string"}}],"inLanguage":"en-US"},{"@type":"Person","@id":"https:\/\/www.icon-icon.com\/#\/schema\/person\/e55d52fc3eb90f0f596d4040244e9e8a","name":"Icon-Icon","image":{"@type":"ImageObject","inLanguage":"en-US","@id":"https:\/\/secure.gravatar.com\/avatar\/a805f008148faa69a17c7f0ea39c1c8fe7cf57667bd31c5e023987a404bf2748?s=96&d=mm&r=g","url":"https:\/\/secure.gravatar.com\/avatar\/a805f008148faa69a17c7f0ea39c1c8fe7cf57667bd31c5e023987a404bf2748?s=96&d=mm&r=g","contentUrl":"https:\/\/secure.gravatar.com\/avatar\/a805f008148faa69a17c7f0ea39c1c8fe7cf57667bd31c5e023987a404bf2748?s=96&d=mm&r=g","caption":"Icon-Icon"},"url":"https:\/\/www.icon-icon.com\/en\/author\/icon\/"}]}},"_links":{"self":[{"href":"https:\/\/www.icon-icon.com\/en\/wp-json\/wp\/v2\/posts\/12454","targetHints":{"allow":["GET"]}}],"collection":[{"href":"https:\/\/www.icon-icon.com\/en\/wp-json\/wp\/v2\/posts"}],"about":[{"href":"https:\/\/www.icon-icon.com\/en\/wp-json\/wp\/v2\/types\/post"}],"author":[{"embeddable":true,"href":"https:\/\/www.icon-icon.com\/en\/wp-json\/wp\/v2\/users\/3"}],"replies":[{"embeddable":true,"href":"https:\/\/www.icon-icon.com\/en\/wp-json\/wp\/v2\/comments?post=12454"}],"version-history":[{"count":1,"href":"https:\/\/www.icon-icon.com\/en\/wp-json\/wp\/v2\/posts\/12454\/revisions"}],"predecessor-version":[{"id":28871,"href":"https:\/\/www.icon-icon.com\/en\/wp-json\/wp\/v2\/posts\/12454\/revisions\/28871"}],"wp:featuredmedia":[{"embeddable":true,"href":"https:\/\/www.icon-icon.com\/en\/wp-json\/wp\/v2\/media\/12451"}],"wp:attachment":[{"href":"https:\/\/www.icon-icon.com\/en\/wp-json\/wp\/v2\/media?parent=12454"}],"wp:term":[{"taxonomy":"category","embeddable":true,"href":"https:\/\/www.icon-icon.com\/en\/wp-json\/wp\/v2\/categories?post=12454"},{"taxonomy":"post_tag","embeddable":true,"href":"https:\/\/www.icon-icon.com\/en\/wp-json\/wp\/v2\/tags?post=12454"}],"curies":[{"name":"wp","href":"https:\/\/api.w.org\/{rel}","templated":true}]}}