


{"id":12414,"date":"2015-10-11T10:49:36","date_gmt":"2015-10-11T08:49:36","guid":{"rendered":"http:\/\/icon-vrai.loc\/2015\/10\/11\/the-robe-de-style-by-lanvin-spring-summer-2016\/"},"modified":"2020-10-21T00:11:01","modified_gmt":"2020-10-20T22:11:01","slug":"the-robe-de-style-by-lanvin-spring-summer-2016","status":"publish","type":"post","link":"https:\/\/www.icon-icon.com\/en\/the-robe-de-style-by-lanvin-spring-summer-2016\/","title":{"rendered":"The &#8220;Robe de Style&#8221; by Lanvin Spring-Summer 2016"},"content":{"rendered":"<div>\u201cIn the digital era, we live through our screens, through turning the present moment into images. We don\u2019t look anymore, we film. We don\u2019t listen anymore, we record. And we don\u2019t talk anymore, we download,\u201d argues Alber Elbaz backstage of his runway. It\u2019s only logical then that he wanted to turn the Lanvin woman into the archetype of a nostalgia that, far from being trivial, recalls the greatest hours of Paris\u2019 romanticized past. For the Lanvin woman is a lover of the night, of high society, of decadence and trips to the powder room. The Lanvin woman is a Parisienne, voil\u00e0. Her elegance, her secrets, the lights and splendid goings-on are what she\u2019s all about &#8211; with grace and lightness to match.<\/div>\n<div>His <em>robe de style <\/em>is being crafted next season through the sequins that embroider it. The piece captures light just like Paris likes to play with it, in red and orange shades that are altogether incredibly soft. Bizarrely enough, the clothing and shoes that went down the runway that day seemed as if they were straight out of a sketchbook, or the kind of mockup that can today be enjoyed in museums and other specialized galleries. And yet, it\u2019s actually an updated 1920s style that\u2019s incarnated in this dress that also plays with a surprising juxtaposition of fabrics. Here the rigidness of sequins coexists with the softness and fragility of lace, sprinkled on to add a bit of grace to the composition of this <em>robe de style<\/em>.<\/div>\n<div>&nbsp;<\/div>\n","protected":false},"excerpt":{"rendered":"<p>\u201cIn the digital era, we live through our screens, through turning the present moment into images. We don\u2019t look anymore, we film. We don\u2019t listen anymore, we record. And we don\u2019t talk anymore, we download,\u201d argues Alber Elbaz backstage of his runway. It\u2019s only logical then that he wanted to turn the Lanvin woman into&#8230;<\/p>\n","protected":false},"author":3,"featured_media":12411,"comment_status":"open","ping_status":"open","sticky":false,"template":"","format":"standard","meta":{"_acf_changed":false,"footnotes":""},"categories":[32,6],"tags":[17473,17471,1697,289,17470,38,13209,17364,17377,17472,2451,1944,3653,1481,1466,4268,17068,286,15752,17468,17474],"class_list":["post-12414","post","type-post","status-publish","format-standard","has-post-thumbnail","hentry","category-fashion-accessories","category-ready-to-wear","tag-6e-arrondissement","tag-annees20","tag-defile","tag-dress","tag-dress-lanvin","tag-fashion","tag-fashionweek","tag-fw16","tag-fwny","tag-lecole-nationale-superieure-des-beaux-arts","tag-lanvin","tag-londres","tag-milan","tag-new-york","tag-paris","tag-parisienne","tag-printemps-ete-2016","tag-robe","tag-robe-lanvin","tag-robe-style","tag-rue-bonaparte"],"acf":[],"yoast_head":"<!-- This site is optimized with the Yoast SEO plugin v27.2 - https:\/\/yoast.com\/product\/yoast-seo-wordpress\/ -->\n<title>The &quot;Robe de Style&quot; by Lanvin Spring-Summer 2016 - ICON-ICON<\/title>\n<meta name=\"robots\" content=\"index, follow, max-snippet:-1, max-image-preview:large, max-video-preview:-1\" \/>\n<link rel=\"canonical\" href=\"https:\/\/www.icon-icon.com\/en\/the-robe-de-style-by-lanvin-spring-summer-2016\/\" \/>\n<meta property=\"og:locale\" content=\"en_US\" \/>\n<meta property=\"og:type\" content=\"article\" \/>\n<meta property=\"og:title\" content=\"The &quot;Robe de Style&quot; by Lanvin Spring-Summer 2016 - ICON-ICON\" \/>\n<meta property=\"og:description\" content=\"\u201cIn the digital era, we live through our screens, through turning the present moment into images. We don\u2019t look anymore, we film. We don\u2019t listen anymore, we record. And we don\u2019t talk anymore, we download,\u201d argues Alber Elbaz backstage of his runway. It\u2019s only logical then that he wanted to turn the Lanvin woman into...\" \/>\n<meta property=\"og:url\" content=\"https:\/\/www.icon-icon.com\/en\/the-robe-de-style-by-lanvin-spring-summer-2016\/\" \/>\n<meta property=\"og:site_name\" content=\"ICON-ICON\" \/>\n<meta property=\"article:published_time\" content=\"2015-10-11T08:49:36+00:00\" \/>\n<meta property=\"article:modified_time\" content=\"2020-10-20T22:11:01+00:00\" \/>\n<meta property=\"og:image\" content=\"https:\/\/www.icon-icon.com\/wp-content\/uploads\/2015\/10\/robe_lanvin_0.jpg\" \/>\n\t<meta property=\"og:image:width\" content=\"450\" \/>\n\t<meta property=\"og:image:height\" content=\"675\" \/>\n\t<meta property=\"og:image:type\" content=\"image\/jpeg\" \/>\n<meta name=\"author\" content=\"Icon-Icon\" \/>\n<meta name=\"twitter:card\" content=\"summary_large_image\" \/>\n<meta name=\"twitter:label1\" content=\"Written by\" \/>\n\t<meta name=\"twitter:data1\" content=\"Icon-Icon\" \/>\n\t<meta name=\"twitter:label2\" content=\"Est. reading time\" \/>\n\t<meta name=\"twitter:data2\" content=\"1 minute\" \/>\n<script type=\"application\/ld+json\" class=\"yoast-schema-graph\">{\"@context\":\"https:\/\/schema.org\",\"@graph\":[{\"@type\":\"Article\",\"@id\":\"https:\/\/www.icon-icon.com\/en\/the-robe-de-style-by-lanvin-spring-summer-2016\/#article\",\"isPartOf\":{\"@id\":\"https:\/\/www.icon-icon.com\/en\/the-robe-de-style-by-lanvin-spring-summer-2016\/\"},\"author\":{\"name\":\"Icon-Icon\",\"@id\":\"https:\/\/www.icon-icon.com\/#\/schema\/person\/e55d52fc3eb90f0f596d4040244e9e8a\"},\"headline\":\"The &#8220;Robe de Style&#8221; by Lanvin Spring-Summer 2016\",\"datePublished\":\"2015-10-11T08:49:36+00:00\",\"dateModified\":\"2020-10-20T22:11:01+00:00\",\"mainEntityOfPage\":{\"@id\":\"https:\/\/www.icon-icon.com\/en\/the-robe-de-style-by-lanvin-spring-summer-2016\/\"},\"wordCount\":264,\"commentCount\":0,\"image\":{\"@id\":\"https:\/\/www.icon-icon.com\/en\/the-robe-de-style-by-lanvin-spring-summer-2016\/#primaryimage\"},\"thumbnailUrl\":\"https:\/\/www.icon-icon.com\/wp-content\/uploads\/2015\/10\/robe_lanvin_0.jpg\",\"keywords\":[\"6e arrondissement\",\"ann\u00e9es20\",\"d\u00e9fil\u00e9\",\"dress\",\"dress-lanvin\",\"fashion\",\"fashionweek\",\"FW16\",\"FWNY\",\"l'\u00c9cole Nationale Sup\u00e9rieure des Beaux-Arts\",\"Lanvin\",\"Londres\",\"milan\",\"New-York\",\"Paris\",\"parisienne\",\"printemps\/\u00e9t\u00e9 2016\",\"robe\",\"Robe Lanvin\",\"robe-style\",\"rue Bonaparte\"],\"articleSection\":[\"Fashion &amp; accessories\",\"Ready To Wear\"],\"inLanguage\":\"en-US\",\"potentialAction\":[{\"@type\":\"CommentAction\",\"name\":\"Comment\",\"target\":[\"https:\/\/www.icon-icon.com\/en\/the-robe-de-style-by-lanvin-spring-summer-2016\/#respond\"]}]},{\"@type\":\"WebPage\",\"@id\":\"https:\/\/www.icon-icon.com\/en\/the-robe-de-style-by-lanvin-spring-summer-2016\/\",\"url\":\"https:\/\/www.icon-icon.com\/en\/the-robe-de-style-by-lanvin-spring-summer-2016\/\",\"name\":\"The \\\"Robe de Style\\\" by Lanvin Spring-Summer 2016 - ICON-ICON\",\"isPartOf\":{\"@id\":\"https:\/\/www.icon-icon.com\/#website\"},\"primaryImageOfPage\":{\"@id\":\"https:\/\/www.icon-icon.com\/en\/the-robe-de-style-by-lanvin-spring-summer-2016\/#primaryimage\"},\"image\":{\"@id\":\"https:\/\/www.icon-icon.com\/en\/the-robe-de-style-by-lanvin-spring-summer-2016\/#primaryimage\"},\"thumbnailUrl\":\"https:\/\/www.icon-icon.com\/wp-content\/uploads\/2015\/10\/robe_lanvin_0.jpg\",\"datePublished\":\"2015-10-11T08:49:36+00:00\",\"dateModified\":\"2020-10-20T22:11:01+00:00\",\"author\":{\"@id\":\"https:\/\/www.icon-icon.com\/#\/schema\/person\/e55d52fc3eb90f0f596d4040244e9e8a\"},\"breadcrumb\":{\"@id\":\"https:\/\/www.icon-icon.com\/en\/the-robe-de-style-by-lanvin-spring-summer-2016\/#breadcrumb\"},\"inLanguage\":\"en-US\",\"potentialAction\":[{\"@type\":\"ReadAction\",\"target\":[\"https:\/\/www.icon-icon.com\/en\/the-robe-de-style-by-lanvin-spring-summer-2016\/\"]}]},{\"@type\":\"ImageObject\",\"inLanguage\":\"en-US\",\"@id\":\"https:\/\/www.icon-icon.com\/en\/the-robe-de-style-by-lanvin-spring-summer-2016\/#primaryimage\",\"url\":\"https:\/\/www.icon-icon.com\/wp-content\/uploads\/2015\/10\/robe_lanvin_0.jpg\",\"contentUrl\":\"https:\/\/www.icon-icon.com\/wp-content\/uploads\/2015\/10\/robe_lanvin_0.jpg\",\"width\":450,\"height\":675,\"caption\":\"robe_lanvin.jpg\"},{\"@type\":\"BreadcrumbList\",\"@id\":\"https:\/\/www.icon-icon.com\/en\/the-robe-de-style-by-lanvin-spring-summer-2016\/#breadcrumb\",\"itemListElement\":[{\"@type\":\"ListItem\",\"position\":1,\"name\":\"Accueil\",\"item\":\"https:\/\/www.icon-icon.com\/en\/\"},{\"@type\":\"ListItem\",\"position\":2,\"name\":\"The &#8220;Robe de Style&#8221; by Lanvin Spring-Summer 2016\"}]},{\"@type\":\"WebSite\",\"@id\":\"https:\/\/www.icon-icon.com\/#website\",\"url\":\"https:\/\/www.icon-icon.com\/\",\"name\":\"ICON-ICON\",\"description\":\"Luxury Stories\",\"potentialAction\":[{\"@type\":\"SearchAction\",\"target\":{\"@type\":\"EntryPoint\",\"urlTemplate\":\"https:\/\/www.icon-icon.com\/?s={search_term_string}\"},\"query-input\":{\"@type\":\"PropertyValueSpecification\",\"valueRequired\":true,\"valueName\":\"search_term_string\"}}],\"inLanguage\":\"en-US\"},{\"@type\":\"Person\",\"@id\":\"https:\/\/www.icon-icon.com\/#\/schema\/person\/e55d52fc3eb90f0f596d4040244e9e8a\",\"name\":\"Icon-Icon\",\"image\":{\"@type\":\"ImageObject\",\"inLanguage\":\"en-US\",\"@id\":\"https:\/\/secure.gravatar.com\/avatar\/a805f008148faa69a17c7f0ea39c1c8fe7cf57667bd31c5e023987a404bf2748?s=96&d=mm&r=g\",\"url\":\"https:\/\/secure.gravatar.com\/avatar\/a805f008148faa69a17c7f0ea39c1c8fe7cf57667bd31c5e023987a404bf2748?s=96&d=mm&r=g\",\"contentUrl\":\"https:\/\/secure.gravatar.com\/avatar\/a805f008148faa69a17c7f0ea39c1c8fe7cf57667bd31c5e023987a404bf2748?s=96&d=mm&r=g\",\"caption\":\"Icon-Icon\"},\"url\":\"https:\/\/www.icon-icon.com\/en\/author\/icon\/\"}]}<\/script>\n<!-- \/ Yoast SEO plugin. -->","yoast_head_json":{"title":"The \"Robe de Style\" by Lanvin Spring-Summer 2016 - ICON-ICON","robots":{"index":"index","follow":"follow","max-snippet":"max-snippet:-1","max-image-preview":"max-image-preview:large","max-video-preview":"max-video-preview:-1"},"canonical":"https:\/\/www.icon-icon.com\/en\/the-robe-de-style-by-lanvin-spring-summer-2016\/","og_locale":"en_US","og_type":"article","og_title":"The \"Robe de Style\" by Lanvin Spring-Summer 2016 - ICON-ICON","og_description":"\u201cIn the digital era, we live through our screens, through turning the present moment into images. We don\u2019t look anymore, we film. We don\u2019t listen anymore, we record. And we don\u2019t talk anymore, we download,\u201d argues Alber Elbaz backstage of his runway. It\u2019s only logical then that he wanted to turn the Lanvin woman into...","og_url":"https:\/\/www.icon-icon.com\/en\/the-robe-de-style-by-lanvin-spring-summer-2016\/","og_site_name":"ICON-ICON","article_published_time":"2015-10-11T08:49:36+00:00","article_modified_time":"2020-10-20T22:11:01+00:00","og_image":[{"width":450,"height":675,"url":"https:\/\/www.icon-icon.com\/wp-content\/uploads\/2015\/10\/robe_lanvin_0.jpg","type":"image\/jpeg"}],"author":"Icon-Icon","twitter_card":"summary_large_image","twitter_misc":{"Written by":"Icon-Icon","Est. reading time":"1 minute"},"schema":{"@context":"https:\/\/schema.org","@graph":[{"@type":"Article","@id":"https:\/\/www.icon-icon.com\/en\/the-robe-de-style-by-lanvin-spring-summer-2016\/#article","isPartOf":{"@id":"https:\/\/www.icon-icon.com\/en\/the-robe-de-style-by-lanvin-spring-summer-2016\/"},"author":{"name":"Icon-Icon","@id":"https:\/\/www.icon-icon.com\/#\/schema\/person\/e55d52fc3eb90f0f596d4040244e9e8a"},"headline":"The &#8220;Robe de Style&#8221; by Lanvin Spring-Summer 2016","datePublished":"2015-10-11T08:49:36+00:00","dateModified":"2020-10-20T22:11:01+00:00","mainEntityOfPage":{"@id":"https:\/\/www.icon-icon.com\/en\/the-robe-de-style-by-lanvin-spring-summer-2016\/"},"wordCount":264,"commentCount":0,"image":{"@id":"https:\/\/www.icon-icon.com\/en\/the-robe-de-style-by-lanvin-spring-summer-2016\/#primaryimage"},"thumbnailUrl":"https:\/\/www.icon-icon.com\/wp-content\/uploads\/2015\/10\/robe_lanvin_0.jpg","keywords":["6e arrondissement","ann\u00e9es20","d\u00e9fil\u00e9","dress","dress-lanvin","fashion","fashionweek","FW16","FWNY","l'\u00c9cole Nationale Sup\u00e9rieure des Beaux-Arts","Lanvin","Londres","milan","New-York","Paris","parisienne","printemps\/\u00e9t\u00e9 2016","robe","Robe Lanvin","robe-style","rue Bonaparte"],"articleSection":["Fashion &amp; accessories","Ready To Wear"],"inLanguage":"en-US","potentialAction":[{"@type":"CommentAction","name":"Comment","target":["https:\/\/www.icon-icon.com\/en\/the-robe-de-style-by-lanvin-spring-summer-2016\/#respond"]}]},{"@type":"WebPage","@id":"https:\/\/www.icon-icon.com\/en\/the-robe-de-style-by-lanvin-spring-summer-2016\/","url":"https:\/\/www.icon-icon.com\/en\/the-robe-de-style-by-lanvin-spring-summer-2016\/","name":"The \"Robe de Style\" by Lanvin Spring-Summer 2016 - ICON-ICON","isPartOf":{"@id":"https:\/\/www.icon-icon.com\/#website"},"primaryImageOfPage":{"@id":"https:\/\/www.icon-icon.com\/en\/the-robe-de-style-by-lanvin-spring-summer-2016\/#primaryimage"},"image":{"@id":"https:\/\/www.icon-icon.com\/en\/the-robe-de-style-by-lanvin-spring-summer-2016\/#primaryimage"},"thumbnailUrl":"https:\/\/www.icon-icon.com\/wp-content\/uploads\/2015\/10\/robe_lanvin_0.jpg","datePublished":"2015-10-11T08:49:36+00:00","dateModified":"2020-10-20T22:11:01+00:00","author":{"@id":"https:\/\/www.icon-icon.com\/#\/schema\/person\/e55d52fc3eb90f0f596d4040244e9e8a"},"breadcrumb":{"@id":"https:\/\/www.icon-icon.com\/en\/the-robe-de-style-by-lanvin-spring-summer-2016\/#breadcrumb"},"inLanguage":"en-US","potentialAction":[{"@type":"ReadAction","target":["https:\/\/www.icon-icon.com\/en\/the-robe-de-style-by-lanvin-spring-summer-2016\/"]}]},{"@type":"ImageObject","inLanguage":"en-US","@id":"https:\/\/www.icon-icon.com\/en\/the-robe-de-style-by-lanvin-spring-summer-2016\/#primaryimage","url":"https:\/\/www.icon-icon.com\/wp-content\/uploads\/2015\/10\/robe_lanvin_0.jpg","contentUrl":"https:\/\/www.icon-icon.com\/wp-content\/uploads\/2015\/10\/robe_lanvin_0.jpg","width":450,"height":675,"caption":"robe_lanvin.jpg"},{"@type":"BreadcrumbList","@id":"https:\/\/www.icon-icon.com\/en\/the-robe-de-style-by-lanvin-spring-summer-2016\/#breadcrumb","itemListElement":[{"@type":"ListItem","position":1,"name":"Accueil","item":"https:\/\/www.icon-icon.com\/en\/"},{"@type":"ListItem","position":2,"name":"The &#8220;Robe de Style&#8221; by Lanvin Spring-Summer 2016"}]},{"@type":"WebSite","@id":"https:\/\/www.icon-icon.com\/#website","url":"https:\/\/www.icon-icon.com\/","name":"ICON-ICON","description":"Luxury Stories","potentialAction":[{"@type":"SearchAction","target":{"@type":"EntryPoint","urlTemplate":"https:\/\/www.icon-icon.com\/?s={search_term_string}"},"query-input":{"@type":"PropertyValueSpecification","valueRequired":true,"valueName":"search_term_string"}}],"inLanguage":"en-US"},{"@type":"Person","@id":"https:\/\/www.icon-icon.com\/#\/schema\/person\/e55d52fc3eb90f0f596d4040244e9e8a","name":"Icon-Icon","image":{"@type":"ImageObject","inLanguage":"en-US","@id":"https:\/\/secure.gravatar.com\/avatar\/a805f008148faa69a17c7f0ea39c1c8fe7cf57667bd31c5e023987a404bf2748?s=96&d=mm&r=g","url":"https:\/\/secure.gravatar.com\/avatar\/a805f008148faa69a17c7f0ea39c1c8fe7cf57667bd31c5e023987a404bf2748?s=96&d=mm&r=g","contentUrl":"https:\/\/secure.gravatar.com\/avatar\/a805f008148faa69a17c7f0ea39c1c8fe7cf57667bd31c5e023987a404bf2748?s=96&d=mm&r=g","caption":"Icon-Icon"},"url":"https:\/\/www.icon-icon.com\/en\/author\/icon\/"}]}},"_links":{"self":[{"href":"https:\/\/www.icon-icon.com\/en\/wp-json\/wp\/v2\/posts\/12414","targetHints":{"allow":["GET"]}}],"collection":[{"href":"https:\/\/www.icon-icon.com\/en\/wp-json\/wp\/v2\/posts"}],"about":[{"href":"https:\/\/www.icon-icon.com\/en\/wp-json\/wp\/v2\/types\/post"}],"author":[{"embeddable":true,"href":"https:\/\/www.icon-icon.com\/en\/wp-json\/wp\/v2\/users\/3"}],"replies":[{"embeddable":true,"href":"https:\/\/www.icon-icon.com\/en\/wp-json\/wp\/v2\/comments?post=12414"}],"version-history":[{"count":1,"href":"https:\/\/www.icon-icon.com\/en\/wp-json\/wp\/v2\/posts\/12414\/revisions"}],"predecessor-version":[{"id":28881,"href":"https:\/\/www.icon-icon.com\/en\/wp-json\/wp\/v2\/posts\/12414\/revisions\/28881"}],"wp:featuredmedia":[{"embeddable":true,"href":"https:\/\/www.icon-icon.com\/en\/wp-json\/wp\/v2\/media\/12411"}],"wp:attachment":[{"href":"https:\/\/www.icon-icon.com\/en\/wp-json\/wp\/v2\/media?parent=12414"}],"wp:term":[{"taxonomy":"category","embeddable":true,"href":"https:\/\/www.icon-icon.com\/en\/wp-json\/wp\/v2\/categories?post=12414"},{"taxonomy":"post_tag","embeddable":true,"href":"https:\/\/www.icon-icon.com\/en\/wp-json\/wp\/v2\/tags?post=12414"}],"curies":[{"name":"wp","href":"https:\/\/api.w.org\/{rel}","templated":true}]}}