


{"id":1170,"date":"2013-05-22T15:11:27","date_gmt":"2013-05-22T13:11:27","guid":{"rendered":"http:\/\/icon-vrai.loc\/2013\/05\/22\/chanel-the-premiere-watch-2\/"},"modified":"2020-10-21T00:18:30","modified_gmt":"2020-10-20T22:18:30","slug":"chanel-the-premiere-watch-2","status":"publish","type":"post","link":"https:\/\/www.icon-icon.com\/en\/chanel-the-premiere-watch-2\/","title":{"rendered":"Chanel: the Premi\u00e8re Watch"},"content":{"rendered":"<p>In the Paris of the 80s, a Paris rife with shoulder pad-wearing individuals sporting neon-colored sneakers, there was one institution that was reinventing itself, far from the trendy tumult of the era. Yes, Chanel has always been ahead of its time, and the arrival of Karl Lagerfeld in 1983 only rekindled the brand\u2019s divine fire that had been put out by Coco\u2019s death. She was like an oracle, living fast without worrying about the passing time. When you really think about it, time is a constraint. Minutes linger while seconds push and shove. Gabrielle Chanel herself never wore a watch. Sometimes she would slip a man\u2019s watch around her wrist, both bulky and pocket watch styles. Just like that; just for the style. Then death came and took her away. The double-C brand found itself slipping into a universe far from its good taste. With the coming of Karl Lagerfeld came also the blasting off of Chanel into the watchmaking sphere, guided by the distinguished Jacques Helleu.<\/p>\n<p>Chanel\u2019s creative director for perfumes and watchmaking had a stroke of genius when he designed the&nbsp;<em>Premi\u00e8re<\/em>&nbsp;watch. In a pompous era where fashion was loaded down, he freed it up with simplicity. An 18 carat octagonal casing topped off with canted sapphire glass in yellow gold. Two needles on a black-lacquered dial and a bracelet modeled after the 2.55\u2019s chain. No visible numbers, no second hand, just the word Chanel. The essence of the camellia-lover herself is alive and well here. The name \u2013<em>Premi\u00e8re<\/em>\u2013 rolls off the tongue like an ID number, while the sapphire glass brings to mind the 18th-century room in her dining room&#8230; Jacques Helleu would go on to imagine other timepieces; the J12 was what he would remain loyal to until his death.<\/p>\n<p>And so we come to the year 1987. To announce the entrance of this newborn into the public, making it as noticed as it deserved, the brand opted for an initiation as distinguished as the watch itself. The press file was entrusted to Nicole Wisniak, a female artist who really gets going for all that is beautiful, elegant, distinguished, and exceptional. She was also behind the publication &#8220;spasmodique&#8221;. Selfish, she often used this very quality to get the job done. Trendy collaborators, skilled in their domains, she left it up to Sagan to sign off on a text entitled&nbsp;<em>La Femelle du temps<\/em>&nbsp;and charged Fran\u00e7ois-Marie Banier with coming up with an appropriate portrait. But the most beautiful of declarations was that of In\u00e8s de la Fressange, the quintessential Parisian woman. At the ready-to-wear runway show in October of that same year, she threw hers into the crowd&#8230; It took no more to create the legend of the&nbsp;<em>Premi\u00e8re<\/em>.<\/p>\n","protected":false},"excerpt":{"rendered":"<p>In the Paris of the 80s, a Paris rife with shoulder pad-wearing individuals sporting neon-colored sneakers, there was one institution that was reinventing itself, far from the trendy tumult of the era. Yes, Chanel has always been ahead of its time, and the arrival of Karl Lagerfeld in 1983 only rekindled the brand\u2019s divine fire&#8230;<\/p>\n","protected":false},"author":3,"featured_media":1167,"comment_status":"open","ping_status":"open","sticky":false,"template":"","format":"standard","meta":{"_acf_changed":false,"footnotes":""},"categories":[21],"tags":[1894,477,56,1887,1888,1868,37,38,1870,1905,1287,1875,1866,1867,34,35,889,61,1881,1880,1248,1904,1899,1903,1898,1895,1902,1896,1901,1874,1873,1872,1893,1892,1886,1871,1249,399,1247,337,1891,1885,1900,896,1877,1876,1883,1890,1884,1879,1889,1869,1878,1897],"class_list":["post-1170","post","type-post","status-publish","format-standard","has-post-thumbnail","hentry","category-watches","tag-birth-icon","tag-buy-watch","tag-chanel","tag-chanel-2013","tag-chanel-premiere-1987","tag-chanel-premiere-2013","tag-emblematic","tag-fashion","tag-francois-marie-banier","tag-gabrielle-chane","tag-gabrielle-chanel","tag-history-watch-premiere-chanel","tag-history-watch-premiere-chanel-1987","tag-history-watch-premiere-chanel-2013","tag-icon","tag-icon-icon","tag-jacques-helleu","tag-karl-lagerfeld","tag-karl-lagerfeld-chanel","tag-karl-lagerfeld-chanel-1983","tag-luxury","tag-new-watch","tag-new-watch-2013","tag-new-watch-chanel","tag-new-watch-chanel-2013","tag-new-watch-chanel-premiere-2013","tag-new-watch-premiere","tag-new-watch-premiere-2013","tag-new-watch-premiere-chanel","tag-news-watch-premiere-chanel","tag-nicole-wisniak","tag-nicole-wisniak-1987-egoiste","tag-objects-of-desirs","tag-premiere-1987","tag-premiere-2013","tag-sagan-la-femelle-du-temps","tag-trend","tag-trends","tag-vogue","tag-watch","tag-watch-1987","tag-watch-2013","tag-watch-for-womens","tag-watch-j12","tag-watch-j12-chanel","tag-watch-j12-jacques-helleu","tag-watch-premiere","tag-watch-premiere-1987","tag-watch-premiere-2013","tag-watch-premiere-chanel","tag-watch-premiere-chanel-1987","tag-watch-premiere-chanel-2013","tag-watch-premiere-jacques-helleu","tag-watch-premiere-revisiting-2013"],"acf":[],"yoast_head":"<!-- This site is optimized with the Yoast SEO plugin v27.2 - https:\/\/yoast.com\/product\/yoast-seo-wordpress\/ -->\n<title>Chanel: the Premi\u00e8re Watch - ICON-ICON<\/title>\n<meta name=\"robots\" content=\"index, follow, max-snippet:-1, max-image-preview:large, max-video-preview:-1\" \/>\n<link rel=\"canonical\" href=\"https:\/\/www.icon-icon.com\/en\/chanel-the-premiere-watch-2\/\" \/>\n<meta property=\"og:locale\" content=\"en_US\" \/>\n<meta property=\"og:type\" content=\"article\" \/>\n<meta property=\"og:title\" content=\"Chanel: the Premi\u00e8re Watch - ICON-ICON\" \/>\n<meta property=\"og:description\" content=\"In the Paris of the 80s, a Paris rife with shoulder pad-wearing individuals sporting neon-colored sneakers, there was one institution that was reinventing itself, far from the trendy tumult of the era. Yes, Chanel has always been ahead of its time, and the arrival of Karl Lagerfeld in 1983 only rekindled the brand\u2019s divine fire...\" \/>\n<meta property=\"og:url\" content=\"https:\/\/www.icon-icon.com\/en\/chanel-the-premiere-watch-2\/\" \/>\n<meta property=\"og:site_name\" content=\"ICON-ICON\" \/>\n<meta property=\"article:published_time\" content=\"2013-05-22T13:11:27+00:00\" \/>\n<meta property=\"article:modified_time\" content=\"2020-10-20T22:18:30+00:00\" \/>\n<meta property=\"og:image\" content=\"https:\/\/www.icon-icon.com\/wp-content\/uploads\/2013\/05\/MontrePremiereNaissanceChanel.jpg\" \/>\n\t<meta property=\"og:image:width\" content=\"450\" \/>\n\t<meta property=\"og:image:height\" content=\"675\" \/>\n\t<meta property=\"og:image:type\" content=\"image\/jpeg\" \/>\n<meta name=\"author\" content=\"Icon-Icon\" \/>\n<meta name=\"twitter:card\" content=\"summary_large_image\" \/>\n<meta name=\"twitter:label1\" content=\"Written by\" \/>\n\t<meta name=\"twitter:data1\" content=\"Icon-Icon\" \/>\n\t<meta name=\"twitter:label2\" content=\"Est. reading time\" \/>\n\t<meta name=\"twitter:data2\" content=\"2 minutes\" \/>\n<script type=\"application\/ld+json\" class=\"yoast-schema-graph\">{\"@context\":\"https:\/\/schema.org\",\"@graph\":[{\"@type\":\"Article\",\"@id\":\"https:\/\/www.icon-icon.com\/en\/chanel-the-premiere-watch-2\/#article\",\"isPartOf\":{\"@id\":\"https:\/\/www.icon-icon.com\/en\/chanel-the-premiere-watch-2\/\"},\"author\":{\"name\":\"Icon-Icon\",\"@id\":\"https:\/\/www.icon-icon.com\/#\/schema\/person\/e55d52fc3eb90f0f596d4040244e9e8a\"},\"headline\":\"Chanel: the Premi\u00e8re Watch\",\"datePublished\":\"2013-05-22T13:11:27+00:00\",\"dateModified\":\"2020-10-20T22:18:30+00:00\",\"mainEntityOfPage\":{\"@id\":\"https:\/\/www.icon-icon.com\/en\/chanel-the-premiere-watch-2\/\"},\"wordCount\":470,\"commentCount\":0,\"image\":{\"@id\":\"https:\/\/www.icon-icon.com\/en\/chanel-the-premiere-watch-2\/#primaryimage\"},\"thumbnailUrl\":\"https:\/\/www.icon-icon.com\/wp-content\/uploads\/2013\/05\/MontrePremiereNaissanceChanel.jpg\",\"keywords\":[\"birth-icon\",\"buy-watch\",\"chanel\",\"Chanel-2013\",\"chanel-premi\u00e8re-1987\",\"chanel-premi\u00e8re-2013\",\"emblematic\",\"fashion\",\"fran\u00e7ois-marie-banier\",\"Gabrielle-chane\",\"gabrielle-chanel\",\"history-watch-premi\u00e8re-chanel\",\"history-watch-premi\u00e8re-chanel-1987\",\"history-watch-premi\u00e8re-chanel-2013\",\"icon\",\"icon-icon\",\"jacques-helleu\",\"karl-lagerfeld\",\"karl-lagerfeld-chanel\",\"karl-lagerfeld-chanel-1983\",\"luxury\",\"new-watch\",\"new-watch-2013\",\"new-watch-chanel\",\"new-watch-chanel-2013\",\"new-watch-chanel-premi\u00e8re-2013\",\"new-watch-premi\u00e8re\",\"new-watch-premi\u00e8re-2013\",\"new-watch-premi\u00e8re-chanel\",\"news-watch-premi\u00e8re-chanel\",\"nicole-wisniak\",\"nicole-wisniak-1987-egoiste\",\"objects-of-desirs\",\"Premi\u00e8re-1987\",\"Premi\u00e8re-2013\",\"sagan-la-femelle-du-temps\",\"trend\",\"trends\",\"vogue\",\"watch\",\"watch-1987\",\"watch-2013\",\"watch-for-womens\",\"watch-j12\",\"watch-j12-chanel\",\"watch-j12-jacques-helleu\",\"watch-premi\u00e8re\",\"watch-premi\u00e8re-1987\",\"watch-premi\u00e8re-2013\",\"watch-premi\u00e8re-chanel\",\"watch-premi\u00e8re-chanel-1987\",\"watch-premi\u00e8re-chanel-2013\",\"watch-premi\u00e8re-jacques-helleu\",\"watch-premi\u00e8re-revisiting-2013\"],\"articleSection\":[\"Watches\"],\"inLanguage\":\"en-US\",\"potentialAction\":[{\"@type\":\"CommentAction\",\"name\":\"Comment\",\"target\":[\"https:\/\/www.icon-icon.com\/en\/chanel-the-premiere-watch-2\/#respond\"]}]},{\"@type\":\"WebPage\",\"@id\":\"https:\/\/www.icon-icon.com\/en\/chanel-the-premiere-watch-2\/\",\"url\":\"https:\/\/www.icon-icon.com\/en\/chanel-the-premiere-watch-2\/\",\"name\":\"Chanel: the Premi\u00e8re Watch - ICON-ICON\",\"isPartOf\":{\"@id\":\"https:\/\/www.icon-icon.com\/#website\"},\"primaryImageOfPage\":{\"@id\":\"https:\/\/www.icon-icon.com\/en\/chanel-the-premiere-watch-2\/#primaryimage\"},\"image\":{\"@id\":\"https:\/\/www.icon-icon.com\/en\/chanel-the-premiere-watch-2\/#primaryimage\"},\"thumbnailUrl\":\"https:\/\/www.icon-icon.com\/wp-content\/uploads\/2013\/05\/MontrePremiereNaissanceChanel.jpg\",\"datePublished\":\"2013-05-22T13:11:27+00:00\",\"dateModified\":\"2020-10-20T22:18:30+00:00\",\"author\":{\"@id\":\"https:\/\/www.icon-icon.com\/#\/schema\/person\/e55d52fc3eb90f0f596d4040244e9e8a\"},\"breadcrumb\":{\"@id\":\"https:\/\/www.icon-icon.com\/en\/chanel-the-premiere-watch-2\/#breadcrumb\"},\"inLanguage\":\"en-US\",\"potentialAction\":[{\"@type\":\"ReadAction\",\"target\":[\"https:\/\/www.icon-icon.com\/en\/chanel-the-premiere-watch-2\/\"]}]},{\"@type\":\"ImageObject\",\"inLanguage\":\"en-US\",\"@id\":\"https:\/\/www.icon-icon.com\/en\/chanel-the-premiere-watch-2\/#primaryimage\",\"url\":\"https:\/\/www.icon-icon.com\/wp-content\/uploads\/2013\/05\/MontrePremiereNaissanceChanel.jpg\",\"contentUrl\":\"https:\/\/www.icon-icon.com\/wp-content\/uploads\/2013\/05\/MontrePremiereNaissanceChanel.jpg\",\"width\":450,\"height\":675,\"caption\":\"MontrePremiereNaissanceChanel.jpg\"},{\"@type\":\"BreadcrumbList\",\"@id\":\"https:\/\/www.icon-icon.com\/en\/chanel-the-premiere-watch-2\/#breadcrumb\",\"itemListElement\":[{\"@type\":\"ListItem\",\"position\":1,\"name\":\"Accueil\",\"item\":\"https:\/\/www.icon-icon.com\/en\/\"},{\"@type\":\"ListItem\",\"position\":2,\"name\":\"Chanel: the Premi\u00e8re Watch\"}]},{\"@type\":\"WebSite\",\"@id\":\"https:\/\/www.icon-icon.com\/#website\",\"url\":\"https:\/\/www.icon-icon.com\/\",\"name\":\"ICON-ICON\",\"description\":\"Luxury Stories\",\"potentialAction\":[{\"@type\":\"SearchAction\",\"target\":{\"@type\":\"EntryPoint\",\"urlTemplate\":\"https:\/\/www.icon-icon.com\/?s={search_term_string}\"},\"query-input\":{\"@type\":\"PropertyValueSpecification\",\"valueRequired\":true,\"valueName\":\"search_term_string\"}}],\"inLanguage\":\"en-US\"},{\"@type\":\"Person\",\"@id\":\"https:\/\/www.icon-icon.com\/#\/schema\/person\/e55d52fc3eb90f0f596d4040244e9e8a\",\"name\":\"Icon-Icon\",\"image\":{\"@type\":\"ImageObject\",\"inLanguage\":\"en-US\",\"@id\":\"https:\/\/secure.gravatar.com\/avatar\/a805f008148faa69a17c7f0ea39c1c8fe7cf57667bd31c5e023987a404bf2748?s=96&d=mm&r=g\",\"url\":\"https:\/\/secure.gravatar.com\/avatar\/a805f008148faa69a17c7f0ea39c1c8fe7cf57667bd31c5e023987a404bf2748?s=96&d=mm&r=g\",\"contentUrl\":\"https:\/\/secure.gravatar.com\/avatar\/a805f008148faa69a17c7f0ea39c1c8fe7cf57667bd31c5e023987a404bf2748?s=96&d=mm&r=g\",\"caption\":\"Icon-Icon\"},\"url\":\"https:\/\/www.icon-icon.com\/en\/author\/icon\/\"}]}<\/script>\n<!-- \/ Yoast SEO plugin. -->","yoast_head_json":{"title":"Chanel: the Premi\u00e8re Watch - ICON-ICON","robots":{"index":"index","follow":"follow","max-snippet":"max-snippet:-1","max-image-preview":"max-image-preview:large","max-video-preview":"max-video-preview:-1"},"canonical":"https:\/\/www.icon-icon.com\/en\/chanel-the-premiere-watch-2\/","og_locale":"en_US","og_type":"article","og_title":"Chanel: the Premi\u00e8re Watch - ICON-ICON","og_description":"In the Paris of the 80s, a Paris rife with shoulder pad-wearing individuals sporting neon-colored sneakers, there was one institution that was reinventing itself, far from the trendy tumult of the era. Yes, Chanel has always been ahead of its time, and the arrival of Karl Lagerfeld in 1983 only rekindled the brand\u2019s divine fire...","og_url":"https:\/\/www.icon-icon.com\/en\/chanel-the-premiere-watch-2\/","og_site_name":"ICON-ICON","article_published_time":"2013-05-22T13:11:27+00:00","article_modified_time":"2020-10-20T22:18:30+00:00","og_image":[{"width":450,"height":675,"url":"https:\/\/www.icon-icon.com\/wp-content\/uploads\/2013\/05\/MontrePremiereNaissanceChanel.jpg","type":"image\/jpeg"}],"author":"Icon-Icon","twitter_card":"summary_large_image","twitter_misc":{"Written by":"Icon-Icon","Est. reading time":"2 minutes"},"schema":{"@context":"https:\/\/schema.org","@graph":[{"@type":"Article","@id":"https:\/\/www.icon-icon.com\/en\/chanel-the-premiere-watch-2\/#article","isPartOf":{"@id":"https:\/\/www.icon-icon.com\/en\/chanel-the-premiere-watch-2\/"},"author":{"name":"Icon-Icon","@id":"https:\/\/www.icon-icon.com\/#\/schema\/person\/e55d52fc3eb90f0f596d4040244e9e8a"},"headline":"Chanel: the Premi\u00e8re Watch","datePublished":"2013-05-22T13:11:27+00:00","dateModified":"2020-10-20T22:18:30+00:00","mainEntityOfPage":{"@id":"https:\/\/www.icon-icon.com\/en\/chanel-the-premiere-watch-2\/"},"wordCount":470,"commentCount":0,"image":{"@id":"https:\/\/www.icon-icon.com\/en\/chanel-the-premiere-watch-2\/#primaryimage"},"thumbnailUrl":"https:\/\/www.icon-icon.com\/wp-content\/uploads\/2013\/05\/MontrePremiereNaissanceChanel.jpg","keywords":["birth-icon","buy-watch","chanel","Chanel-2013","chanel-premi\u00e8re-1987","chanel-premi\u00e8re-2013","emblematic","fashion","fran\u00e7ois-marie-banier","Gabrielle-chane","gabrielle-chanel","history-watch-premi\u00e8re-chanel","history-watch-premi\u00e8re-chanel-1987","history-watch-premi\u00e8re-chanel-2013","icon","icon-icon","jacques-helleu","karl-lagerfeld","karl-lagerfeld-chanel","karl-lagerfeld-chanel-1983","luxury","new-watch","new-watch-2013","new-watch-chanel","new-watch-chanel-2013","new-watch-chanel-premi\u00e8re-2013","new-watch-premi\u00e8re","new-watch-premi\u00e8re-2013","new-watch-premi\u00e8re-chanel","news-watch-premi\u00e8re-chanel","nicole-wisniak","nicole-wisniak-1987-egoiste","objects-of-desirs","Premi\u00e8re-1987","Premi\u00e8re-2013","sagan-la-femelle-du-temps","trend","trends","vogue","watch","watch-1987","watch-2013","watch-for-womens","watch-j12","watch-j12-chanel","watch-j12-jacques-helleu","watch-premi\u00e8re","watch-premi\u00e8re-1987","watch-premi\u00e8re-2013","watch-premi\u00e8re-chanel","watch-premi\u00e8re-chanel-1987","watch-premi\u00e8re-chanel-2013","watch-premi\u00e8re-jacques-helleu","watch-premi\u00e8re-revisiting-2013"],"articleSection":["Watches"],"inLanguage":"en-US","potentialAction":[{"@type":"CommentAction","name":"Comment","target":["https:\/\/www.icon-icon.com\/en\/chanel-the-premiere-watch-2\/#respond"]}]},{"@type":"WebPage","@id":"https:\/\/www.icon-icon.com\/en\/chanel-the-premiere-watch-2\/","url":"https:\/\/www.icon-icon.com\/en\/chanel-the-premiere-watch-2\/","name":"Chanel: the Premi\u00e8re Watch - ICON-ICON","isPartOf":{"@id":"https:\/\/www.icon-icon.com\/#website"},"primaryImageOfPage":{"@id":"https:\/\/www.icon-icon.com\/en\/chanel-the-premiere-watch-2\/#primaryimage"},"image":{"@id":"https:\/\/www.icon-icon.com\/en\/chanel-the-premiere-watch-2\/#primaryimage"},"thumbnailUrl":"https:\/\/www.icon-icon.com\/wp-content\/uploads\/2013\/05\/MontrePremiereNaissanceChanel.jpg","datePublished":"2013-05-22T13:11:27+00:00","dateModified":"2020-10-20T22:18:30+00:00","author":{"@id":"https:\/\/www.icon-icon.com\/#\/schema\/person\/e55d52fc3eb90f0f596d4040244e9e8a"},"breadcrumb":{"@id":"https:\/\/www.icon-icon.com\/en\/chanel-the-premiere-watch-2\/#breadcrumb"},"inLanguage":"en-US","potentialAction":[{"@type":"ReadAction","target":["https:\/\/www.icon-icon.com\/en\/chanel-the-premiere-watch-2\/"]}]},{"@type":"ImageObject","inLanguage":"en-US","@id":"https:\/\/www.icon-icon.com\/en\/chanel-the-premiere-watch-2\/#primaryimage","url":"https:\/\/www.icon-icon.com\/wp-content\/uploads\/2013\/05\/MontrePremiereNaissanceChanel.jpg","contentUrl":"https:\/\/www.icon-icon.com\/wp-content\/uploads\/2013\/05\/MontrePremiereNaissanceChanel.jpg","width":450,"height":675,"caption":"MontrePremiereNaissanceChanel.jpg"},{"@type":"BreadcrumbList","@id":"https:\/\/www.icon-icon.com\/en\/chanel-the-premiere-watch-2\/#breadcrumb","itemListElement":[{"@type":"ListItem","position":1,"name":"Accueil","item":"https:\/\/www.icon-icon.com\/en\/"},{"@type":"ListItem","position":2,"name":"Chanel: the Premi\u00e8re Watch"}]},{"@type":"WebSite","@id":"https:\/\/www.icon-icon.com\/#website","url":"https:\/\/www.icon-icon.com\/","name":"ICON-ICON","description":"Luxury Stories","potentialAction":[{"@type":"SearchAction","target":{"@type":"EntryPoint","urlTemplate":"https:\/\/www.icon-icon.com\/?s={search_term_string}"},"query-input":{"@type":"PropertyValueSpecification","valueRequired":true,"valueName":"search_term_string"}}],"inLanguage":"en-US"},{"@type":"Person","@id":"https:\/\/www.icon-icon.com\/#\/schema\/person\/e55d52fc3eb90f0f596d4040244e9e8a","name":"Icon-Icon","image":{"@type":"ImageObject","inLanguage":"en-US","@id":"https:\/\/secure.gravatar.com\/avatar\/a805f008148faa69a17c7f0ea39c1c8fe7cf57667bd31c5e023987a404bf2748?s=96&d=mm&r=g","url":"https:\/\/secure.gravatar.com\/avatar\/a805f008148faa69a17c7f0ea39c1c8fe7cf57667bd31c5e023987a404bf2748?s=96&d=mm&r=g","contentUrl":"https:\/\/secure.gravatar.com\/avatar\/a805f008148faa69a17c7f0ea39c1c8fe7cf57667bd31c5e023987a404bf2748?s=96&d=mm&r=g","caption":"Icon-Icon"},"url":"https:\/\/www.icon-icon.com\/en\/author\/icon\/"}]}},"_links":{"self":[{"href":"https:\/\/www.icon-icon.com\/en\/wp-json\/wp\/v2\/posts\/1170","targetHints":{"allow":["GET"]}}],"collection":[{"href":"https:\/\/www.icon-icon.com\/en\/wp-json\/wp\/v2\/posts"}],"about":[{"href":"https:\/\/www.icon-icon.com\/en\/wp-json\/wp\/v2\/types\/post"}],"author":[{"embeddable":true,"href":"https:\/\/www.icon-icon.com\/en\/wp-json\/wp\/v2\/users\/3"}],"replies":[{"embeddable":true,"href":"https:\/\/www.icon-icon.com\/en\/wp-json\/wp\/v2\/comments?post=1170"}],"version-history":[{"count":1,"href":"https:\/\/www.icon-icon.com\/en\/wp-json\/wp\/v2\/posts\/1170\/revisions"}],"predecessor-version":[{"id":34100,"href":"https:\/\/www.icon-icon.com\/en\/wp-json\/wp\/v2\/posts\/1170\/revisions\/34100"}],"wp:featuredmedia":[{"embeddable":true,"href":"https:\/\/www.icon-icon.com\/en\/wp-json\/wp\/v2\/media\/1167"}],"wp:attachment":[{"href":"https:\/\/www.icon-icon.com\/en\/wp-json\/wp\/v2\/media?parent=1170"}],"wp:term":[{"taxonomy":"category","embeddable":true,"href":"https:\/\/www.icon-icon.com\/en\/wp-json\/wp\/v2\/categories?post=1170"},{"taxonomy":"post_tag","embeddable":true,"href":"https:\/\/www.icon-icon.com\/en\/wp-json\/wp\/v2\/tags?post=1170"}],"curies":[{"name":"wp","href":"https:\/\/api.w.org\/{rel}","templated":true}]}}