


{"id":1136,"date":"2013-05-22T14:52:39","date_gmt":"2013-05-22T12:52:39","guid":{"rendered":"http:\/\/icon-vrai.loc\/2013\/05\/22\/the-berline-by-hermes\/"},"modified":"2020-10-21T00:18:32","modified_gmt":"2020-10-20T22:18:32","slug":"the-berline-by-hermes","status":"publish","type":"post","link":"https:\/\/www.icon-icon.com\/en\/the-berline-by-hermes\/","title":{"rendered":"The Berline by Herm\u00e8s"},"content":{"rendered":"<p>At first glance, you may notice a certain elegance. Closer up, you\u2019ll see the mythical signature. The name might not be a household one yet: the Berline, a new obsession entered into the Herm\u00e8s Family in fall 2011. For the Spring\/Summer 2013, the bag is being released in a mini version. It has already shown up on runways in between crocodile skin, print foulards, and the fluid blouses and pants that are so dear to the brand.<\/p>\n<p>&nbsp;This season, the shoulder strap is getting thinner and longer, offering a more laid back carrying experience that still remains just as distinguished. The fastener and carabiners have preserved their original size. Its inspiration may be more sporty, but the padded leather gives the Berline Mini a decidedly utility belt-esque allure. Made of veal leather, it takes on a captivating, intriguing, and nomadic aura making for an urban sporty style. Through this creation, available in six different colors from mouse grey to salmon pink, Herm\u00e8s is leaning towards the essential: the French leather goods empire&nbsp; is chanting its sacred hymns with a perfection that once again brings chic to the next level.<\/p>\n<p>&nbsp;Through its shape, colors, wearability, and spirit, still mixing classic and modern, the Berline is incontestably the emblem of Herm\u00e8s spring campaign, spearheading the definition of elegance&nbsp;<em>\u00e0 la fran\u00e7aise<\/em>.<\/p>\n","protected":false},"excerpt":{"rendered":"<p>At first glance, you may notice a certain elegance. Closer up, you\u2019ll see the mythical signature. The name might not be a household one yet: the Berline, a new obsession entered into the Herm\u00e8s Family in fall 2011. For the Spring\/Summer 2013, the bag is being released in a mini version. It has already shown&#8230;<\/p>\n","protected":false},"author":3,"featured_media":1132,"comment_status":"open","ping_status":"open","sticky":false,"template":"","format":"standard","meta":{"_acf_changed":false,"footnotes":""},"categories":[32,4],"tags":[3528,3529,3525,3143,65,374,3523,35,63,66,64,84,3531,3524,3204,3530,3526,3527,3150,828,1283],"class_list":["post-1136","post","type-post","status-publish","format-standard","has-post-thumbnail","hentry","category-fashion-accessories","category-handbags","tag-actualites-hermes","tag-berline","tag-boutique-hermes","tag-collection-2013","tag-emblematique","tag-hermes","tag-histoire-hermes","tag-icon-icon","tag-icone","tag-iconique","tag-luxe","tag-mode","tag-nouvelle-collection-2013","tag-nouvelle-collection-hermes","tag-printemps-ete-2013","tag-sac-a-main","tag-sac-a-main-hermes","tag-sac-hermes","tag-sacs","tag-tendance","tag-tendances"],"acf":[],"yoast_head":"<!-- This site is optimized with the Yoast SEO plugin v27.2 - https:\/\/yoast.com\/product\/yoast-seo-wordpress\/ -->\n<title>The Berline by Herm\u00e8s - ICON-ICON<\/title>\n<meta name=\"robots\" content=\"index, follow, max-snippet:-1, max-image-preview:large, max-video-preview:-1\" \/>\n<link rel=\"canonical\" href=\"https:\/\/www.icon-icon.com\/en\/the-berline-by-hermes\/\" \/>\n<meta property=\"og:locale\" content=\"en_US\" \/>\n<meta property=\"og:type\" content=\"article\" \/>\n<meta property=\"og:title\" content=\"The Berline by Herm\u00e8s - ICON-ICON\" \/>\n<meta property=\"og:description\" content=\"At first glance, you may notice a certain elegance. Closer up, you\u2019ll see the mythical signature. The name might not be a household one yet: the Berline, a new obsession entered into the Herm\u00e8s Family in fall 2011. For the Spring\/Summer 2013, the bag is being released in a mini version. It has already shown...\" \/>\n<meta property=\"og:url\" content=\"https:\/\/www.icon-icon.com\/en\/the-berline-by-hermes\/\" \/>\n<meta property=\"og:site_name\" content=\"ICON-ICON\" \/>\n<meta property=\"article:published_time\" content=\"2013-05-22T12:52:39+00:00\" \/>\n<meta property=\"article:modified_time\" content=\"2020-10-20T22:18:32+00:00\" \/>\n<meta property=\"og:image\" content=\"https:\/\/www.icon-icon.com\/wp-content\/uploads\/2013\/05\/posts-31.jpg\" \/>\n\t<meta property=\"og:image:width\" content=\"450\" \/>\n\t<meta property=\"og:image:height\" content=\"675\" \/>\n\t<meta property=\"og:image:type\" content=\"image\/jpeg\" \/>\n<meta name=\"author\" content=\"Icon-Icon\" \/>\n<meta name=\"twitter:card\" content=\"summary_large_image\" \/>\n<meta name=\"twitter:label1\" content=\"Written by\" \/>\n\t<meta name=\"twitter:data1\" content=\"Icon-Icon\" \/>\n\t<meta name=\"twitter:label2\" content=\"Est. reading time\" \/>\n\t<meta name=\"twitter:data2\" content=\"1 minute\" \/>\n<script type=\"application\/ld+json\" class=\"yoast-schema-graph\">{\"@context\":\"https:\/\/schema.org\",\"@graph\":[{\"@type\":\"Article\",\"@id\":\"https:\/\/www.icon-icon.com\/en\/the-berline-by-hermes\/#article\",\"isPartOf\":{\"@id\":\"https:\/\/www.icon-icon.com\/en\/the-berline-by-hermes\/\"},\"author\":{\"name\":\"Icon-Icon\",\"@id\":\"https:\/\/www.icon-icon.com\/#\/schema\/person\/e55d52fc3eb90f0f596d4040244e9e8a\"},\"headline\":\"The Berline by Herm\u00e8s\",\"datePublished\":\"2013-05-22T12:52:39+00:00\",\"dateModified\":\"2020-10-20T22:18:32+00:00\",\"mainEntityOfPage\":{\"@id\":\"https:\/\/www.icon-icon.com\/en\/the-berline-by-hermes\/\"},\"wordCount\":231,\"commentCount\":0,\"image\":{\"@id\":\"https:\/\/www.icon-icon.com\/en\/the-berline-by-hermes\/#primaryimage\"},\"thumbnailUrl\":\"https:\/\/www.icon-icon.com\/wp-content\/uploads\/2013\/05\/posts-31.jpg\",\"keywords\":[\"actualit\u00e9s-herm\u00e8s\",\"Berline\",\"boutique-herm\u00e8s\",\"collection-2013\",\"embl\u00e9matique\",\"hermes\",\"histoire-herm\u00e8s\",\"icon-icon\",\"icone\",\"iconique\",\"luxe\",\"mode\",\"nouvelle-collection-2013\",\"nouvelle-collection-herm\u00e8s\",\"printemps-\u00e9t\u00e9-2013\",\"sac-\u00e0-main\",\"sac-\u00e0-main-herm\u00e8s\",\"sac-herm\u00e8s\",\"sacs\",\"tendance-\",\"tendances\"],\"articleSection\":[\"Fashion &amp; accessories\",\"Handbags\"],\"inLanguage\":\"en-US\",\"potentialAction\":[{\"@type\":\"CommentAction\",\"name\":\"Comment\",\"target\":[\"https:\/\/www.icon-icon.com\/en\/the-berline-by-hermes\/#respond\"]}]},{\"@type\":\"WebPage\",\"@id\":\"https:\/\/www.icon-icon.com\/en\/the-berline-by-hermes\/\",\"url\":\"https:\/\/www.icon-icon.com\/en\/the-berline-by-hermes\/\",\"name\":\"The Berline by Herm\u00e8s - ICON-ICON\",\"isPartOf\":{\"@id\":\"https:\/\/www.icon-icon.com\/#website\"},\"primaryImageOfPage\":{\"@id\":\"https:\/\/www.icon-icon.com\/en\/the-berline-by-hermes\/#primaryimage\"},\"image\":{\"@id\":\"https:\/\/www.icon-icon.com\/en\/the-berline-by-hermes\/#primaryimage\"},\"thumbnailUrl\":\"https:\/\/www.icon-icon.com\/wp-content\/uploads\/2013\/05\/posts-31.jpg\",\"datePublished\":\"2013-05-22T12:52:39+00:00\",\"dateModified\":\"2020-10-20T22:18:32+00:00\",\"author\":{\"@id\":\"https:\/\/www.icon-icon.com\/#\/schema\/person\/e55d52fc3eb90f0f596d4040244e9e8a\"},\"breadcrumb\":{\"@id\":\"https:\/\/www.icon-icon.com\/en\/the-berline-by-hermes\/#breadcrumb\"},\"inLanguage\":\"en-US\",\"potentialAction\":[{\"@type\":\"ReadAction\",\"target\":[\"https:\/\/www.icon-icon.com\/en\/the-berline-by-hermes\/\"]}]},{\"@type\":\"ImageObject\",\"inLanguage\":\"en-US\",\"@id\":\"https:\/\/www.icon-icon.com\/en\/the-berline-by-hermes\/#primaryimage\",\"url\":\"https:\/\/www.icon-icon.com\/wp-content\/uploads\/2013\/05\/posts-31.jpg\",\"contentUrl\":\"https:\/\/www.icon-icon.com\/wp-content\/uploads\/2013\/05\/posts-31.jpg\",\"width\":450,\"height\":675,\"caption\":\"posts-31.jpg\"},{\"@type\":\"BreadcrumbList\",\"@id\":\"https:\/\/www.icon-icon.com\/en\/the-berline-by-hermes\/#breadcrumb\",\"itemListElement\":[{\"@type\":\"ListItem\",\"position\":1,\"name\":\"Accueil\",\"item\":\"https:\/\/www.icon-icon.com\/en\/\"},{\"@type\":\"ListItem\",\"position\":2,\"name\":\"The Berline by Herm\u00e8s\"}]},{\"@type\":\"WebSite\",\"@id\":\"https:\/\/www.icon-icon.com\/#website\",\"url\":\"https:\/\/www.icon-icon.com\/\",\"name\":\"ICON-ICON\",\"description\":\"Luxury Stories\",\"potentialAction\":[{\"@type\":\"SearchAction\",\"target\":{\"@type\":\"EntryPoint\",\"urlTemplate\":\"https:\/\/www.icon-icon.com\/?s={search_term_string}\"},\"query-input\":{\"@type\":\"PropertyValueSpecification\",\"valueRequired\":true,\"valueName\":\"search_term_string\"}}],\"inLanguage\":\"en-US\"},{\"@type\":\"Person\",\"@id\":\"https:\/\/www.icon-icon.com\/#\/schema\/person\/e55d52fc3eb90f0f596d4040244e9e8a\",\"name\":\"Icon-Icon\",\"image\":{\"@type\":\"ImageObject\",\"inLanguage\":\"en-US\",\"@id\":\"https:\/\/secure.gravatar.com\/avatar\/a805f008148faa69a17c7f0ea39c1c8fe7cf57667bd31c5e023987a404bf2748?s=96&d=mm&r=g\",\"url\":\"https:\/\/secure.gravatar.com\/avatar\/a805f008148faa69a17c7f0ea39c1c8fe7cf57667bd31c5e023987a404bf2748?s=96&d=mm&r=g\",\"contentUrl\":\"https:\/\/secure.gravatar.com\/avatar\/a805f008148faa69a17c7f0ea39c1c8fe7cf57667bd31c5e023987a404bf2748?s=96&d=mm&r=g\",\"caption\":\"Icon-Icon\"},\"url\":\"https:\/\/www.icon-icon.com\/en\/author\/icon\/\"}]}<\/script>\n<!-- \/ Yoast SEO plugin. -->","yoast_head_json":{"title":"The Berline by Herm\u00e8s - ICON-ICON","robots":{"index":"index","follow":"follow","max-snippet":"max-snippet:-1","max-image-preview":"max-image-preview:large","max-video-preview":"max-video-preview:-1"},"canonical":"https:\/\/www.icon-icon.com\/en\/the-berline-by-hermes\/","og_locale":"en_US","og_type":"article","og_title":"The Berline by Herm\u00e8s - ICON-ICON","og_description":"At first glance, you may notice a certain elegance. Closer up, you\u2019ll see the mythical signature. The name might not be a household one yet: the Berline, a new obsession entered into the Herm\u00e8s Family in fall 2011. For the Spring\/Summer 2013, the bag is being released in a mini version. It has already shown...","og_url":"https:\/\/www.icon-icon.com\/en\/the-berline-by-hermes\/","og_site_name":"ICON-ICON","article_published_time":"2013-05-22T12:52:39+00:00","article_modified_time":"2020-10-20T22:18:32+00:00","og_image":[{"width":450,"height":675,"url":"https:\/\/www.icon-icon.com\/wp-content\/uploads\/2013\/05\/posts-31.jpg","type":"image\/jpeg"}],"author":"Icon-Icon","twitter_card":"summary_large_image","twitter_misc":{"Written by":"Icon-Icon","Est. reading time":"1 minute"},"schema":{"@context":"https:\/\/schema.org","@graph":[{"@type":"Article","@id":"https:\/\/www.icon-icon.com\/en\/the-berline-by-hermes\/#article","isPartOf":{"@id":"https:\/\/www.icon-icon.com\/en\/the-berline-by-hermes\/"},"author":{"name":"Icon-Icon","@id":"https:\/\/www.icon-icon.com\/#\/schema\/person\/e55d52fc3eb90f0f596d4040244e9e8a"},"headline":"The Berline by Herm\u00e8s","datePublished":"2013-05-22T12:52:39+00:00","dateModified":"2020-10-20T22:18:32+00:00","mainEntityOfPage":{"@id":"https:\/\/www.icon-icon.com\/en\/the-berline-by-hermes\/"},"wordCount":231,"commentCount":0,"image":{"@id":"https:\/\/www.icon-icon.com\/en\/the-berline-by-hermes\/#primaryimage"},"thumbnailUrl":"https:\/\/www.icon-icon.com\/wp-content\/uploads\/2013\/05\/posts-31.jpg","keywords":["actualit\u00e9s-herm\u00e8s","Berline","boutique-herm\u00e8s","collection-2013","embl\u00e9matique","hermes","histoire-herm\u00e8s","icon-icon","icone","iconique","luxe","mode","nouvelle-collection-2013","nouvelle-collection-herm\u00e8s","printemps-\u00e9t\u00e9-2013","sac-\u00e0-main","sac-\u00e0-main-herm\u00e8s","sac-herm\u00e8s","sacs","tendance-","tendances"],"articleSection":["Fashion &amp; accessories","Handbags"],"inLanguage":"en-US","potentialAction":[{"@type":"CommentAction","name":"Comment","target":["https:\/\/www.icon-icon.com\/en\/the-berline-by-hermes\/#respond"]}]},{"@type":"WebPage","@id":"https:\/\/www.icon-icon.com\/en\/the-berline-by-hermes\/","url":"https:\/\/www.icon-icon.com\/en\/the-berline-by-hermes\/","name":"The Berline by Herm\u00e8s - ICON-ICON","isPartOf":{"@id":"https:\/\/www.icon-icon.com\/#website"},"primaryImageOfPage":{"@id":"https:\/\/www.icon-icon.com\/en\/the-berline-by-hermes\/#primaryimage"},"image":{"@id":"https:\/\/www.icon-icon.com\/en\/the-berline-by-hermes\/#primaryimage"},"thumbnailUrl":"https:\/\/www.icon-icon.com\/wp-content\/uploads\/2013\/05\/posts-31.jpg","datePublished":"2013-05-22T12:52:39+00:00","dateModified":"2020-10-20T22:18:32+00:00","author":{"@id":"https:\/\/www.icon-icon.com\/#\/schema\/person\/e55d52fc3eb90f0f596d4040244e9e8a"},"breadcrumb":{"@id":"https:\/\/www.icon-icon.com\/en\/the-berline-by-hermes\/#breadcrumb"},"inLanguage":"en-US","potentialAction":[{"@type":"ReadAction","target":["https:\/\/www.icon-icon.com\/en\/the-berline-by-hermes\/"]}]},{"@type":"ImageObject","inLanguage":"en-US","@id":"https:\/\/www.icon-icon.com\/en\/the-berline-by-hermes\/#primaryimage","url":"https:\/\/www.icon-icon.com\/wp-content\/uploads\/2013\/05\/posts-31.jpg","contentUrl":"https:\/\/www.icon-icon.com\/wp-content\/uploads\/2013\/05\/posts-31.jpg","width":450,"height":675,"caption":"posts-31.jpg"},{"@type":"BreadcrumbList","@id":"https:\/\/www.icon-icon.com\/en\/the-berline-by-hermes\/#breadcrumb","itemListElement":[{"@type":"ListItem","position":1,"name":"Accueil","item":"https:\/\/www.icon-icon.com\/en\/"},{"@type":"ListItem","position":2,"name":"The Berline by Herm\u00e8s"}]},{"@type":"WebSite","@id":"https:\/\/www.icon-icon.com\/#website","url":"https:\/\/www.icon-icon.com\/","name":"ICON-ICON","description":"Luxury Stories","potentialAction":[{"@type":"SearchAction","target":{"@type":"EntryPoint","urlTemplate":"https:\/\/www.icon-icon.com\/?s={search_term_string}"},"query-input":{"@type":"PropertyValueSpecification","valueRequired":true,"valueName":"search_term_string"}}],"inLanguage":"en-US"},{"@type":"Person","@id":"https:\/\/www.icon-icon.com\/#\/schema\/person\/e55d52fc3eb90f0f596d4040244e9e8a","name":"Icon-Icon","image":{"@type":"ImageObject","inLanguage":"en-US","@id":"https:\/\/secure.gravatar.com\/avatar\/a805f008148faa69a17c7f0ea39c1c8fe7cf57667bd31c5e023987a404bf2748?s=96&d=mm&r=g","url":"https:\/\/secure.gravatar.com\/avatar\/a805f008148faa69a17c7f0ea39c1c8fe7cf57667bd31c5e023987a404bf2748?s=96&d=mm&r=g","contentUrl":"https:\/\/secure.gravatar.com\/avatar\/a805f008148faa69a17c7f0ea39c1c8fe7cf57667bd31c5e023987a404bf2748?s=96&d=mm&r=g","caption":"Icon-Icon"},"url":"https:\/\/www.icon-icon.com\/en\/author\/icon\/"}]}},"_links":{"self":[{"href":"https:\/\/www.icon-icon.com\/en\/wp-json\/wp\/v2\/posts\/1136","targetHints":{"allow":["GET"]}}],"collection":[{"href":"https:\/\/www.icon-icon.com\/en\/wp-json\/wp\/v2\/posts"}],"about":[{"href":"https:\/\/www.icon-icon.com\/en\/wp-json\/wp\/v2\/types\/post"}],"author":[{"embeddable":true,"href":"https:\/\/www.icon-icon.com\/en\/wp-json\/wp\/v2\/users\/3"}],"replies":[{"embeddable":true,"href":"https:\/\/www.icon-icon.com\/en\/wp-json\/wp\/v2\/comments?post=1136"}],"version-history":[{"count":1,"href":"https:\/\/www.icon-icon.com\/en\/wp-json\/wp\/v2\/posts\/1136\/revisions"}],"predecessor-version":[{"id":34113,"href":"https:\/\/www.icon-icon.com\/en\/wp-json\/wp\/v2\/posts\/1136\/revisions\/34113"}],"wp:featuredmedia":[{"embeddable":true,"href":"https:\/\/www.icon-icon.com\/en\/wp-json\/wp\/v2\/media\/1132"}],"wp:attachment":[{"href":"https:\/\/www.icon-icon.com\/en\/wp-json\/wp\/v2\/media?parent=1136"}],"wp:term":[{"taxonomy":"category","embeddable":true,"href":"https:\/\/www.icon-icon.com\/en\/wp-json\/wp\/v2\/categories?post=1136"},{"taxonomy":"post_tag","embeddable":true,"href":"https:\/\/www.icon-icon.com\/en\/wp-json\/wp\/v2\/tags?post=1136"}],"curies":[{"name":"wp","href":"https:\/\/api.w.org\/{rel}","templated":true}]}}