


{"id":110,"date":"2013-05-21T09:14:04","date_gmt":"2013-05-21T07:14:04","guid":{"rendered":"http:\/\/icon-vrai.loc\/2013\/05\/21\/the-hypnotic-magic-of-paco-rabanne\/"},"modified":"2020-10-21T00:19:27","modified_gmt":"2020-10-20T22:19:27","slug":"the-hypnotic-magic-of-paco-rabanne","status":"publish","type":"post","link":"https:\/\/www.icon-icon.com\/en\/the-hypnotic-magic-of-paco-rabanne\/","title":{"rendered":"The Hypnotic Magic Of Paco Rabanne!"},"content":{"rendered":"<p>Lydia Maurer will succeed Manish Arora as creative director for Paco Rabanne&#8217;s pr\u00eat-\u00e0-porter line.<\/p>\n<p><span style=\"line-height:1.6em\">The half-German half-Colombian is a graduate of the Ber\u00e7ot studio in Paris. Passing through Yves Saint Laurent and then Givenchy, the 29 year old stylist declared to Fashion Daily News: \u201cThe challenge will be to make the architectural and avant-garde spirit of the original creations coexist with a tangible wardrobe relevant to 2012. Bringing warmth, levity, flexibility to a style that wasn&#8217;t necessarily meant to be sold, all while recreating the hypnotic magic that characterizes in my eyes Paco Rabanne&#8217;s style.\u201d<\/span><\/p>\n<p>Hypnotic magic! So, the images scroll by and we can&#8217;t help but think of&nbsp;<a href=\"http:\/\/www.pacorabanne.com\/en\">Paco Rabanne<\/a>&#8216;s singular genius. His mythic pieces that forever left their mark on the history of fashion: the mythic&nbsp;<a href=\"http:\/\/www.pacorabanne.com\/en#!\/en\/ready-to-wear-fw-2013\">metal dress<\/a>, the&nbsp;<a href=\"http:\/\/www.pacorabanne.com\/en#!\/en\/accessories\/ss-2012-bags\/le69pacorabanne\/\">69 bag<\/a>, no less mythic. A beautiful heritage, meant to be lived, touched, and worn. Rendez-vous in October, for the spring-summer 2013 collection.<\/p>\n","protected":false},"excerpt":{"rendered":"<p>Lydia Maurer will succeed Manish Arora as creative director for Paco Rabanne&#8217;s pr\u00eat-\u00e0-porter line. The half-German half-Colombian is a graduate of the Ber\u00e7ot studio in Paris. Passing through Yves Saint Laurent and then Givenchy, the 29 year old stylist declared to Fashion Daily News: \u201cThe challenge will be to make the architectural and avant-garde spirit&#8230;<\/p>\n","protected":false},"author":3,"featured_media":106,"comment_status":"open","ping_status":"open","sticky":false,"template":"","format":"standard","meta":{"_acf_changed":false,"footnotes":""},"categories":[32,6],"tags":[335,111,606,110,255,334,596,400,37,65,618,38,615,601,608,34,35,63,258,336,115,616,614,594,595,607,619,611,610,84,257,598,593,256,603,179,600,612,604,605,613,599,597,617,254,609,602,337,199],"class_list":["post-110","post","type-post","status-publish","format-standard","has-post-thumbnail","hentry","category-fashion-accessories","category-ready-to-wear","tag-absolute-must-have","tag-accessories","tag-architect","tag-bags-2","tag-cult","tag-design","tag-direction-artistique-de-paco-rabanne","tag-dresses","tag-emblematic","tag-emblematique","tag-experimental","tag-fashion","tag-francoise-hardy","tag-givenchy","tag-haute-couture-1966","tag-icon","tag-icon-icon","tag-icone","tag-icones","tag-icons","tag-icons-3","tag-jane-fonda","tag-knitted-fake-fur","tag-lydia-maurer","tag-manish-arora","tag-metal","tag-metal-dress","tag-minidress","tag-minidresses","tag-mode","tag-must-have","tag-origine-germano-colombienne","tag-paco-rabanne","tag-phare","tag-portable","tag-readytowear","tag-ricardo-tisci","tag-riveted-leather","tag-robe-de-metal","tag-sac-69","tag-seamless-molded-plastic","tag-studio-bercot","tag-styliste","tag-the-mettalurgist","tag-trendy","tag-unwearable-dress","tag-vincent-brun","tag-watch","tag-yves-saint-laurent"],"acf":[],"yoast_head":"<!-- This site is optimized with the Yoast SEO plugin v27.2 - https:\/\/yoast.com\/product\/yoast-seo-wordpress\/ -->\n<title>The Hypnotic Magic Of Paco Rabanne! - ICON-ICON<\/title>\n<meta name=\"robots\" content=\"index, follow, max-snippet:-1, max-image-preview:large, max-video-preview:-1\" \/>\n<link rel=\"canonical\" href=\"https:\/\/www.icon-icon.com\/en\/the-hypnotic-magic-of-paco-rabanne\/\" \/>\n<meta property=\"og:locale\" content=\"en_US\" \/>\n<meta property=\"og:type\" content=\"article\" \/>\n<meta property=\"og:title\" content=\"The Hypnotic Magic Of Paco Rabanne! - ICON-ICON\" \/>\n<meta property=\"og:description\" content=\"Lydia Maurer will succeed Manish Arora as creative director for Paco Rabanne&#8217;s pr\u00eat-\u00e0-porter line. The half-German half-Colombian is a graduate of the Ber\u00e7ot studio in Paris. Passing through Yves Saint Laurent and then Givenchy, the 29 year old stylist declared to Fashion Daily News: \u201cThe challenge will be to make the architectural and avant-garde spirit...\" \/>\n<meta property=\"og:url\" content=\"https:\/\/www.icon-icon.com\/en\/the-hypnotic-magic-of-paco-rabanne\/\" \/>\n<meta property=\"og:site_name\" content=\"ICON-ICON\" \/>\n<meta property=\"article:published_time\" content=\"2013-05-21T07:14:04+00:00\" \/>\n<meta property=\"article:modified_time\" content=\"2020-10-20T22:19:27+00:00\" \/>\n<meta property=\"og:image\" content=\"https:\/\/www.icon-icon.com\/wp-content\/uploads\/2013\/05\/Icon-Icon-Ic\u00f4ne-phare-emblematic-embl\u00e9matique-metal-dress-robe-metal-paco-rabanne.png\" \/>\n\t<meta property=\"og:image:width\" content=\"380\" \/>\n\t<meta property=\"og:image:height\" content=\"666\" \/>\n\t<meta property=\"og:image:type\" content=\"image\/png\" \/>\n<meta name=\"author\" content=\"Icon-Icon\" \/>\n<meta name=\"twitter:card\" content=\"summary_large_image\" \/>\n<meta name=\"twitter:label1\" content=\"Written by\" \/>\n\t<meta name=\"twitter:data1\" content=\"Icon-Icon\" \/>\n\t<meta name=\"twitter:label2\" content=\"Est. reading time\" \/>\n\t<meta name=\"twitter:data2\" content=\"1 minute\" \/>\n<script type=\"application\/ld+json\" class=\"yoast-schema-graph\">{\"@context\":\"https:\/\/schema.org\",\"@graph\":[{\"@type\":\"Article\",\"@id\":\"https:\/\/www.icon-icon.com\/en\/the-hypnotic-magic-of-paco-rabanne\/#article\",\"isPartOf\":{\"@id\":\"https:\/\/www.icon-icon.com\/en\/the-hypnotic-magic-of-paco-rabanne\/\"},\"author\":{\"name\":\"Icon-Icon\",\"@id\":\"https:\/\/www.icon-icon.com\/#\/schema\/person\/e55d52fc3eb90f0f596d4040244e9e8a\"},\"headline\":\"The Hypnotic Magic Of Paco Rabanne!\",\"datePublished\":\"2013-05-21T07:14:04+00:00\",\"dateModified\":\"2020-10-20T22:19:27+00:00\",\"mainEntityOfPage\":{\"@id\":\"https:\/\/www.icon-icon.com\/en\/the-hypnotic-magic-of-paco-rabanne\/\"},\"wordCount\":162,\"commentCount\":0,\"image\":{\"@id\":\"https:\/\/www.icon-icon.com\/en\/the-hypnotic-magic-of-paco-rabanne\/#primaryimage\"},\"thumbnailUrl\":\"https:\/\/www.icon-icon.com\/wp-content\/uploads\/2013\/05\/Icon-Icon-Ic\u00f4ne-phare-emblematic-embl\u00e9matique-metal-dress-robe-metal-paco-rabanne.png\",\"keywords\":[\"absolute-must-have\",\"accessories\",\"architect\",\"bags-2\",\"cult\",\"design\",\"direction-artistique-de-paco-rabanne\",\"dresses\",\"emblematic\",\"embl\u00e9matique\",\"experimental\",\"fashion\",\"francoise-hardy\",\"givenchy\",\"haute-couture-1966\",\"icon\",\"icon-icon\",\"icone\",\"icones\",\"icons\",\"icons-3\",\"jane-fonda\",\"knitted-fake-fur\",\"lydia-maurer\",\"manish-arora\",\"metal\",\"metal-dress\",\"minidress\",\"minidresses\",\"mode\",\"must-have\",\"origine-germano-colombienne\",\"paco-rabanne\",\"phare\",\"portable\",\"readytowear\",\"ricardo-tisci\",\"riveted-leather\",\"robe-de-metal\",\"sac-69\",\"seamless-molded-plastic\",\"studio-bercot\",\"styliste\",\"the-mettalurgist\",\"trendy\",\"unwearable-dress\",\"vincent-brun\",\"watch\",\"yves-saint-laurent\"],\"articleSection\":[\"Fashion &amp; accessories\",\"Ready To Wear\"],\"inLanguage\":\"en-US\",\"potentialAction\":[{\"@type\":\"CommentAction\",\"name\":\"Comment\",\"target\":[\"https:\/\/www.icon-icon.com\/en\/the-hypnotic-magic-of-paco-rabanne\/#respond\"]}]},{\"@type\":\"WebPage\",\"@id\":\"https:\/\/www.icon-icon.com\/en\/the-hypnotic-magic-of-paco-rabanne\/\",\"url\":\"https:\/\/www.icon-icon.com\/en\/the-hypnotic-magic-of-paco-rabanne\/\",\"name\":\"The Hypnotic Magic Of Paco Rabanne! - ICON-ICON\",\"isPartOf\":{\"@id\":\"https:\/\/www.icon-icon.com\/#website\"},\"primaryImageOfPage\":{\"@id\":\"https:\/\/www.icon-icon.com\/en\/the-hypnotic-magic-of-paco-rabanne\/#primaryimage\"},\"image\":{\"@id\":\"https:\/\/www.icon-icon.com\/en\/the-hypnotic-magic-of-paco-rabanne\/#primaryimage\"},\"thumbnailUrl\":\"https:\/\/www.icon-icon.com\/wp-content\/uploads\/2013\/05\/Icon-Icon-Ic\u00f4ne-phare-emblematic-embl\u00e9matique-metal-dress-robe-metal-paco-rabanne.png\",\"datePublished\":\"2013-05-21T07:14:04+00:00\",\"dateModified\":\"2020-10-20T22:19:27+00:00\",\"author\":{\"@id\":\"https:\/\/www.icon-icon.com\/#\/schema\/person\/e55d52fc3eb90f0f596d4040244e9e8a\"},\"breadcrumb\":{\"@id\":\"https:\/\/www.icon-icon.com\/en\/the-hypnotic-magic-of-paco-rabanne\/#breadcrumb\"},\"inLanguage\":\"en-US\",\"potentialAction\":[{\"@type\":\"ReadAction\",\"target\":[\"https:\/\/www.icon-icon.com\/en\/the-hypnotic-magic-of-paco-rabanne\/\"]}]},{\"@type\":\"ImageObject\",\"inLanguage\":\"en-US\",\"@id\":\"https:\/\/www.icon-icon.com\/en\/the-hypnotic-magic-of-paco-rabanne\/#primaryimage\",\"url\":\"https:\/\/www.icon-icon.com\/wp-content\/uploads\/2013\/05\/Icon-Icon-Ic\u00f4ne-phare-emblematic-embl\u00e9matique-metal-dress-robe-metal-paco-rabanne.png\",\"contentUrl\":\"https:\/\/www.icon-icon.com\/wp-content\/uploads\/2013\/05\/Icon-Icon-Ic\u00f4ne-phare-emblematic-embl\u00e9matique-metal-dress-robe-metal-paco-rabanne.png\",\"width\":380,\"height\":666,\"caption\":\"Icon-Icon-Ic\u00f4ne-phare-emblematic-embl\u00e9matique-metal-dress-robe-metal-paco-rabanne.png\"},{\"@type\":\"BreadcrumbList\",\"@id\":\"https:\/\/www.icon-icon.com\/en\/the-hypnotic-magic-of-paco-rabanne\/#breadcrumb\",\"itemListElement\":[{\"@type\":\"ListItem\",\"position\":1,\"name\":\"Accueil\",\"item\":\"https:\/\/www.icon-icon.com\/en\/\"},{\"@type\":\"ListItem\",\"position\":2,\"name\":\"The Hypnotic Magic Of Paco Rabanne!\"}]},{\"@type\":\"WebSite\",\"@id\":\"https:\/\/www.icon-icon.com\/#website\",\"url\":\"https:\/\/www.icon-icon.com\/\",\"name\":\"ICON-ICON\",\"description\":\"Luxury Stories\",\"potentialAction\":[{\"@type\":\"SearchAction\",\"target\":{\"@type\":\"EntryPoint\",\"urlTemplate\":\"https:\/\/www.icon-icon.com\/?s={search_term_string}\"},\"query-input\":{\"@type\":\"PropertyValueSpecification\",\"valueRequired\":true,\"valueName\":\"search_term_string\"}}],\"inLanguage\":\"en-US\"},{\"@type\":\"Person\",\"@id\":\"https:\/\/www.icon-icon.com\/#\/schema\/person\/e55d52fc3eb90f0f596d4040244e9e8a\",\"name\":\"Icon-Icon\",\"image\":{\"@type\":\"ImageObject\",\"inLanguage\":\"en-US\",\"@id\":\"https:\/\/secure.gravatar.com\/avatar\/a805f008148faa69a17c7f0ea39c1c8fe7cf57667bd31c5e023987a404bf2748?s=96&d=mm&r=g\",\"url\":\"https:\/\/secure.gravatar.com\/avatar\/a805f008148faa69a17c7f0ea39c1c8fe7cf57667bd31c5e023987a404bf2748?s=96&d=mm&r=g\",\"contentUrl\":\"https:\/\/secure.gravatar.com\/avatar\/a805f008148faa69a17c7f0ea39c1c8fe7cf57667bd31c5e023987a404bf2748?s=96&d=mm&r=g\",\"caption\":\"Icon-Icon\"},\"url\":\"https:\/\/www.icon-icon.com\/en\/author\/icon\/\"}]}<\/script>\n<!-- \/ Yoast SEO plugin. -->","yoast_head_json":{"title":"The Hypnotic Magic Of Paco Rabanne! - ICON-ICON","robots":{"index":"index","follow":"follow","max-snippet":"max-snippet:-1","max-image-preview":"max-image-preview:large","max-video-preview":"max-video-preview:-1"},"canonical":"https:\/\/www.icon-icon.com\/en\/the-hypnotic-magic-of-paco-rabanne\/","og_locale":"en_US","og_type":"article","og_title":"The Hypnotic Magic Of Paco Rabanne! - ICON-ICON","og_description":"Lydia Maurer will succeed Manish Arora as creative director for Paco Rabanne&#8217;s pr\u00eat-\u00e0-porter line. The half-German half-Colombian is a graduate of the Ber\u00e7ot studio in Paris. Passing through Yves Saint Laurent and then Givenchy, the 29 year old stylist declared to Fashion Daily News: \u201cThe challenge will be to make the architectural and avant-garde spirit...","og_url":"https:\/\/www.icon-icon.com\/en\/the-hypnotic-magic-of-paco-rabanne\/","og_site_name":"ICON-ICON","article_published_time":"2013-05-21T07:14:04+00:00","article_modified_time":"2020-10-20T22:19:27+00:00","og_image":[{"width":380,"height":666,"url":"https:\/\/www.icon-icon.com\/wp-content\/uploads\/2013\/05\/Icon-Icon-Ic\u00f4ne-phare-emblematic-embl\u00e9matique-metal-dress-robe-metal-paco-rabanne.png","type":"image\/png"}],"author":"Icon-Icon","twitter_card":"summary_large_image","twitter_misc":{"Written by":"Icon-Icon","Est. reading time":"1 minute"},"schema":{"@context":"https:\/\/schema.org","@graph":[{"@type":"Article","@id":"https:\/\/www.icon-icon.com\/en\/the-hypnotic-magic-of-paco-rabanne\/#article","isPartOf":{"@id":"https:\/\/www.icon-icon.com\/en\/the-hypnotic-magic-of-paco-rabanne\/"},"author":{"name":"Icon-Icon","@id":"https:\/\/www.icon-icon.com\/#\/schema\/person\/e55d52fc3eb90f0f596d4040244e9e8a"},"headline":"The Hypnotic Magic Of Paco Rabanne!","datePublished":"2013-05-21T07:14:04+00:00","dateModified":"2020-10-20T22:19:27+00:00","mainEntityOfPage":{"@id":"https:\/\/www.icon-icon.com\/en\/the-hypnotic-magic-of-paco-rabanne\/"},"wordCount":162,"commentCount":0,"image":{"@id":"https:\/\/www.icon-icon.com\/en\/the-hypnotic-magic-of-paco-rabanne\/#primaryimage"},"thumbnailUrl":"https:\/\/www.icon-icon.com\/wp-content\/uploads\/2013\/05\/Icon-Icon-Ic\u00f4ne-phare-emblematic-embl\u00e9matique-metal-dress-robe-metal-paco-rabanne.png","keywords":["absolute-must-have","accessories","architect","bags-2","cult","design","direction-artistique-de-paco-rabanne","dresses","emblematic","embl\u00e9matique","experimental","fashion","francoise-hardy","givenchy","haute-couture-1966","icon","icon-icon","icone","icones","icons","icons-3","jane-fonda","knitted-fake-fur","lydia-maurer","manish-arora","metal","metal-dress","minidress","minidresses","mode","must-have","origine-germano-colombienne","paco-rabanne","phare","portable","readytowear","ricardo-tisci","riveted-leather","robe-de-metal","sac-69","seamless-molded-plastic","studio-bercot","styliste","the-mettalurgist","trendy","unwearable-dress","vincent-brun","watch","yves-saint-laurent"],"articleSection":["Fashion &amp; accessories","Ready To Wear"],"inLanguage":"en-US","potentialAction":[{"@type":"CommentAction","name":"Comment","target":["https:\/\/www.icon-icon.com\/en\/the-hypnotic-magic-of-paco-rabanne\/#respond"]}]},{"@type":"WebPage","@id":"https:\/\/www.icon-icon.com\/en\/the-hypnotic-magic-of-paco-rabanne\/","url":"https:\/\/www.icon-icon.com\/en\/the-hypnotic-magic-of-paco-rabanne\/","name":"The Hypnotic Magic Of Paco Rabanne! - ICON-ICON","isPartOf":{"@id":"https:\/\/www.icon-icon.com\/#website"},"primaryImageOfPage":{"@id":"https:\/\/www.icon-icon.com\/en\/the-hypnotic-magic-of-paco-rabanne\/#primaryimage"},"image":{"@id":"https:\/\/www.icon-icon.com\/en\/the-hypnotic-magic-of-paco-rabanne\/#primaryimage"},"thumbnailUrl":"https:\/\/www.icon-icon.com\/wp-content\/uploads\/2013\/05\/Icon-Icon-Ic\u00f4ne-phare-emblematic-embl\u00e9matique-metal-dress-robe-metal-paco-rabanne.png","datePublished":"2013-05-21T07:14:04+00:00","dateModified":"2020-10-20T22:19:27+00:00","author":{"@id":"https:\/\/www.icon-icon.com\/#\/schema\/person\/e55d52fc3eb90f0f596d4040244e9e8a"},"breadcrumb":{"@id":"https:\/\/www.icon-icon.com\/en\/the-hypnotic-magic-of-paco-rabanne\/#breadcrumb"},"inLanguage":"en-US","potentialAction":[{"@type":"ReadAction","target":["https:\/\/www.icon-icon.com\/en\/the-hypnotic-magic-of-paco-rabanne\/"]}]},{"@type":"ImageObject","inLanguage":"en-US","@id":"https:\/\/www.icon-icon.com\/en\/the-hypnotic-magic-of-paco-rabanne\/#primaryimage","url":"https:\/\/www.icon-icon.com\/wp-content\/uploads\/2013\/05\/Icon-Icon-Ic\u00f4ne-phare-emblematic-embl\u00e9matique-metal-dress-robe-metal-paco-rabanne.png","contentUrl":"https:\/\/www.icon-icon.com\/wp-content\/uploads\/2013\/05\/Icon-Icon-Ic\u00f4ne-phare-emblematic-embl\u00e9matique-metal-dress-robe-metal-paco-rabanne.png","width":380,"height":666,"caption":"Icon-Icon-Ic\u00f4ne-phare-emblematic-embl\u00e9matique-metal-dress-robe-metal-paco-rabanne.png"},{"@type":"BreadcrumbList","@id":"https:\/\/www.icon-icon.com\/en\/the-hypnotic-magic-of-paco-rabanne\/#breadcrumb","itemListElement":[{"@type":"ListItem","position":1,"name":"Accueil","item":"https:\/\/www.icon-icon.com\/en\/"},{"@type":"ListItem","position":2,"name":"The Hypnotic Magic Of Paco Rabanne!"}]},{"@type":"WebSite","@id":"https:\/\/www.icon-icon.com\/#website","url":"https:\/\/www.icon-icon.com\/","name":"ICON-ICON","description":"Luxury Stories","potentialAction":[{"@type":"SearchAction","target":{"@type":"EntryPoint","urlTemplate":"https:\/\/www.icon-icon.com\/?s={search_term_string}"},"query-input":{"@type":"PropertyValueSpecification","valueRequired":true,"valueName":"search_term_string"}}],"inLanguage":"en-US"},{"@type":"Person","@id":"https:\/\/www.icon-icon.com\/#\/schema\/person\/e55d52fc3eb90f0f596d4040244e9e8a","name":"Icon-Icon","image":{"@type":"ImageObject","inLanguage":"en-US","@id":"https:\/\/secure.gravatar.com\/avatar\/a805f008148faa69a17c7f0ea39c1c8fe7cf57667bd31c5e023987a404bf2748?s=96&d=mm&r=g","url":"https:\/\/secure.gravatar.com\/avatar\/a805f008148faa69a17c7f0ea39c1c8fe7cf57667bd31c5e023987a404bf2748?s=96&d=mm&r=g","contentUrl":"https:\/\/secure.gravatar.com\/avatar\/a805f008148faa69a17c7f0ea39c1c8fe7cf57667bd31c5e023987a404bf2748?s=96&d=mm&r=g","caption":"Icon-Icon"},"url":"https:\/\/www.icon-icon.com\/en\/author\/icon\/"}]}},"_links":{"self":[{"href":"https:\/\/www.icon-icon.com\/en\/wp-json\/wp\/v2\/posts\/110","targetHints":{"allow":["GET"]}}],"collection":[{"href":"https:\/\/www.icon-icon.com\/en\/wp-json\/wp\/v2\/posts"}],"about":[{"href":"https:\/\/www.icon-icon.com\/en\/wp-json\/wp\/v2\/types\/post"}],"author":[{"embeddable":true,"href":"https:\/\/www.icon-icon.com\/en\/wp-json\/wp\/v2\/users\/3"}],"replies":[{"embeddable":true,"href":"https:\/\/www.icon-icon.com\/en\/wp-json\/wp\/v2\/comments?post=110"}],"version-history":[{"count":1,"href":"https:\/\/www.icon-icon.com\/en\/wp-json\/wp\/v2\/posts\/110\/revisions"}],"predecessor-version":[{"id":34519,"href":"https:\/\/www.icon-icon.com\/en\/wp-json\/wp\/v2\/posts\/110\/revisions\/34519"}],"wp:featuredmedia":[{"embeddable":true,"href":"https:\/\/www.icon-icon.com\/en\/wp-json\/wp\/v2\/media\/106"}],"wp:attachment":[{"href":"https:\/\/www.icon-icon.com\/en\/wp-json\/wp\/v2\/media?parent=110"}],"wp:term":[{"taxonomy":"category","embeddable":true,"href":"https:\/\/www.icon-icon.com\/en\/wp-json\/wp\/v2\/categories?post=110"},{"taxonomy":"post_tag","embeddable":true,"href":"https:\/\/www.icon-icon.com\/en\/wp-json\/wp\/v2\/tags?post=110"}],"curies":[{"name":"wp","href":"https:\/\/api.w.org\/{rel}","templated":true}]}}