


{"id":10195,"date":"2015-03-03T15:05:34","date_gmt":"2015-03-03T14:05:34","guid":{"rendered":"http:\/\/icon-vrai.loc\/2015\/03\/03\/hermes-la-flanerie-with-the-kelly-and-the-carre-scarf\/"},"modified":"2020-10-21T00:12:40","modified_gmt":"2020-10-20T22:12:40","slug":"hermes-la-flanerie-with-the-kelly-and-the-carre-scarf","status":"publish","type":"post","link":"https:\/\/www.icon-icon.com\/en\/hermes-la-flanerie-with-the-kelly-and-the-carre-scarf\/","title":{"rendered":"Herm\u00e8s : La Fl\u00e2nerie with the Kelly and the Carr\u00e9 Scarf"},"content":{"rendered":"","protected":false},"excerpt":{"rendered":"","protected":false},"author":3,"featured_media":0,"comment_status":"open","ping_status":"open","sticky":false,"template":"","format":"standard","meta":{"_acf_changed":false,"footnotes":""},"categories":[32,4],"tags":[107,16225,374,16224,1466,393,3716],"class_list":["post-10195","post","type-post","status-publish","format-standard","hentry","category-fashion-accessories","category-handbags","tag-bag","tag-foulard-hermes","tag-hermes","tag-la-flanerie","tag-paris","tag-sac","tag-video"],"acf":[],"yoast_head":"<!-- This site is optimized with the Yoast SEO plugin v27.2 - https:\/\/yoast.com\/product\/yoast-seo-wordpress\/ -->\n<title>Herm\u00e8s : La Fl\u00e2nerie with the Kelly and the Carr\u00e9 Scarf - ICON-ICON<\/title>\n<meta name=\"robots\" content=\"index, follow, max-snippet:-1, max-image-preview:large, max-video-preview:-1\" \/>\n<link rel=\"canonical\" href=\"https:\/\/www.icon-icon.com\/en\/hermes-la-flanerie-with-the-kelly-and-the-carre-scarf\/\" \/>\n<meta property=\"og:locale\" content=\"en_US\" \/>\n<meta property=\"og:type\" content=\"article\" \/>\n<meta property=\"og:title\" content=\"Herm\u00e8s : La Fl\u00e2nerie with the Kelly and the Carr\u00e9 Scarf - ICON-ICON\" \/>\n<meta property=\"og:url\" content=\"https:\/\/www.icon-icon.com\/en\/hermes-la-flanerie-with-the-kelly-and-the-carre-scarf\/\" \/>\n<meta property=\"og:site_name\" content=\"ICON-ICON\" \/>\n<meta property=\"article:published_time\" content=\"2015-03-03T14:05:34+00:00\" \/>\n<meta property=\"article:modified_time\" content=\"2020-10-20T22:12:40+00:00\" \/>\n<meta name=\"author\" content=\"Icon-Icon\" \/>\n<meta name=\"twitter:card\" content=\"summary_large_image\" \/>\n<meta name=\"twitter:label1\" content=\"Written by\" \/>\n\t<meta name=\"twitter:data1\" content=\"Icon-Icon\" \/>\n<script type=\"application\/ld+json\" class=\"yoast-schema-graph\">{\"@context\":\"https:\/\/schema.org\",\"@graph\":[{\"@type\":\"Article\",\"@id\":\"https:\/\/www.icon-icon.com\/en\/hermes-la-flanerie-with-the-kelly-and-the-carre-scarf\/#article\",\"isPartOf\":{\"@id\":\"https:\/\/www.icon-icon.com\/en\/hermes-la-flanerie-with-the-kelly-and-the-carre-scarf\/\"},\"author\":{\"name\":\"Icon-Icon\",\"@id\":\"https:\/\/www.icon-icon.com\/#\/schema\/person\/e55d52fc3eb90f0f596d4040244e9e8a\"},\"headline\":\"Herm\u00e8s : La Fl\u00e2nerie with the Kelly and the Carr\u00e9 Scarf\",\"datePublished\":\"2015-03-03T14:05:34+00:00\",\"dateModified\":\"2020-10-20T22:12:40+00:00\",\"mainEntityOfPage\":{\"@id\":\"https:\/\/www.icon-icon.com\/en\/hermes-la-flanerie-with-the-kelly-and-the-carre-scarf\/\"},\"wordCount\":12,\"commentCount\":0,\"keywords\":[\"bag\",\"Foulard Herm\u00e8s\",\"hermes\",\"La Fl\u00e2nerie\",\"Paris\",\"sac\",\"vid\u00e9o\"],\"articleSection\":[\"Fashion &amp; accessories\",\"Handbags\"],\"inLanguage\":\"en-US\",\"potentialAction\":[{\"@type\":\"CommentAction\",\"name\":\"Comment\",\"target\":[\"https:\/\/www.icon-icon.com\/en\/hermes-la-flanerie-with-the-kelly-and-the-carre-scarf\/#respond\"]}]},{\"@type\":\"WebPage\",\"@id\":\"https:\/\/www.icon-icon.com\/en\/hermes-la-flanerie-with-the-kelly-and-the-carre-scarf\/\",\"url\":\"https:\/\/www.icon-icon.com\/en\/hermes-la-flanerie-with-the-kelly-and-the-carre-scarf\/\",\"name\":\"Herm\u00e8s : La Fl\u00e2nerie with the Kelly and the Carr\u00e9 Scarf - ICON-ICON\",\"isPartOf\":{\"@id\":\"https:\/\/www.icon-icon.com\/#website\"},\"datePublished\":\"2015-03-03T14:05:34+00:00\",\"dateModified\":\"2020-10-20T22:12:40+00:00\",\"author\":{\"@id\":\"https:\/\/www.icon-icon.com\/#\/schema\/person\/e55d52fc3eb90f0f596d4040244e9e8a\"},\"breadcrumb\":{\"@id\":\"https:\/\/www.icon-icon.com\/en\/hermes-la-flanerie-with-the-kelly-and-the-carre-scarf\/#breadcrumb\"},\"inLanguage\":\"en-US\",\"potentialAction\":[{\"@type\":\"ReadAction\",\"target\":[\"https:\/\/www.icon-icon.com\/en\/hermes-la-flanerie-with-the-kelly-and-the-carre-scarf\/\"]}]},{\"@type\":\"BreadcrumbList\",\"@id\":\"https:\/\/www.icon-icon.com\/en\/hermes-la-flanerie-with-the-kelly-and-the-carre-scarf\/#breadcrumb\",\"itemListElement\":[{\"@type\":\"ListItem\",\"position\":1,\"name\":\"Accueil\",\"item\":\"https:\/\/www.icon-icon.com\/en\/\"},{\"@type\":\"ListItem\",\"position\":2,\"name\":\"Herm\u00e8s : La Fl\u00e2nerie with the Kelly and the Carr\u00e9 Scarf\"}]},{\"@type\":\"WebSite\",\"@id\":\"https:\/\/www.icon-icon.com\/#website\",\"url\":\"https:\/\/www.icon-icon.com\/\",\"name\":\"ICON-ICON\",\"description\":\"Luxury Stories\",\"potentialAction\":[{\"@type\":\"SearchAction\",\"target\":{\"@type\":\"EntryPoint\",\"urlTemplate\":\"https:\/\/www.icon-icon.com\/?s={search_term_string}\"},\"query-input\":{\"@type\":\"PropertyValueSpecification\",\"valueRequired\":true,\"valueName\":\"search_term_string\"}}],\"inLanguage\":\"en-US\"},{\"@type\":\"Person\",\"@id\":\"https:\/\/www.icon-icon.com\/#\/schema\/person\/e55d52fc3eb90f0f596d4040244e9e8a\",\"name\":\"Icon-Icon\",\"image\":{\"@type\":\"ImageObject\",\"inLanguage\":\"en-US\",\"@id\":\"https:\/\/secure.gravatar.com\/avatar\/a805f008148faa69a17c7f0ea39c1c8fe7cf57667bd31c5e023987a404bf2748?s=96&d=mm&r=g\",\"url\":\"https:\/\/secure.gravatar.com\/avatar\/a805f008148faa69a17c7f0ea39c1c8fe7cf57667bd31c5e023987a404bf2748?s=96&d=mm&r=g\",\"contentUrl\":\"https:\/\/secure.gravatar.com\/avatar\/a805f008148faa69a17c7f0ea39c1c8fe7cf57667bd31c5e023987a404bf2748?s=96&d=mm&r=g\",\"caption\":\"Icon-Icon\"},\"url\":\"https:\/\/www.icon-icon.com\/en\/author\/icon\/\"}]}<\/script>\n<!-- \/ Yoast SEO plugin. -->","yoast_head_json":{"title":"Herm\u00e8s : La Fl\u00e2nerie with the Kelly and the Carr\u00e9 Scarf - ICON-ICON","robots":{"index":"index","follow":"follow","max-snippet":"max-snippet:-1","max-image-preview":"max-image-preview:large","max-video-preview":"max-video-preview:-1"},"canonical":"https:\/\/www.icon-icon.com\/en\/hermes-la-flanerie-with-the-kelly-and-the-carre-scarf\/","og_locale":"en_US","og_type":"article","og_title":"Herm\u00e8s : La Fl\u00e2nerie with the Kelly and the Carr\u00e9 Scarf - ICON-ICON","og_url":"https:\/\/www.icon-icon.com\/en\/hermes-la-flanerie-with-the-kelly-and-the-carre-scarf\/","og_site_name":"ICON-ICON","article_published_time":"2015-03-03T14:05:34+00:00","article_modified_time":"2020-10-20T22:12:40+00:00","author":"Icon-Icon","twitter_card":"summary_large_image","twitter_misc":{"Written by":"Icon-Icon"},"schema":{"@context":"https:\/\/schema.org","@graph":[{"@type":"Article","@id":"https:\/\/www.icon-icon.com\/en\/hermes-la-flanerie-with-the-kelly-and-the-carre-scarf\/#article","isPartOf":{"@id":"https:\/\/www.icon-icon.com\/en\/hermes-la-flanerie-with-the-kelly-and-the-carre-scarf\/"},"author":{"name":"Icon-Icon","@id":"https:\/\/www.icon-icon.com\/#\/schema\/person\/e55d52fc3eb90f0f596d4040244e9e8a"},"headline":"Herm\u00e8s : La Fl\u00e2nerie with the Kelly and the Carr\u00e9 Scarf","datePublished":"2015-03-03T14:05:34+00:00","dateModified":"2020-10-20T22:12:40+00:00","mainEntityOfPage":{"@id":"https:\/\/www.icon-icon.com\/en\/hermes-la-flanerie-with-the-kelly-and-the-carre-scarf\/"},"wordCount":12,"commentCount":0,"keywords":["bag","Foulard Herm\u00e8s","hermes","La Fl\u00e2nerie","Paris","sac","vid\u00e9o"],"articleSection":["Fashion &amp; accessories","Handbags"],"inLanguage":"en-US","potentialAction":[{"@type":"CommentAction","name":"Comment","target":["https:\/\/www.icon-icon.com\/en\/hermes-la-flanerie-with-the-kelly-and-the-carre-scarf\/#respond"]}]},{"@type":"WebPage","@id":"https:\/\/www.icon-icon.com\/en\/hermes-la-flanerie-with-the-kelly-and-the-carre-scarf\/","url":"https:\/\/www.icon-icon.com\/en\/hermes-la-flanerie-with-the-kelly-and-the-carre-scarf\/","name":"Herm\u00e8s : La Fl\u00e2nerie with the Kelly and the Carr\u00e9 Scarf - ICON-ICON","isPartOf":{"@id":"https:\/\/www.icon-icon.com\/#website"},"datePublished":"2015-03-03T14:05:34+00:00","dateModified":"2020-10-20T22:12:40+00:00","author":{"@id":"https:\/\/www.icon-icon.com\/#\/schema\/person\/e55d52fc3eb90f0f596d4040244e9e8a"},"breadcrumb":{"@id":"https:\/\/www.icon-icon.com\/en\/hermes-la-flanerie-with-the-kelly-and-the-carre-scarf\/#breadcrumb"},"inLanguage":"en-US","potentialAction":[{"@type":"ReadAction","target":["https:\/\/www.icon-icon.com\/en\/hermes-la-flanerie-with-the-kelly-and-the-carre-scarf\/"]}]},{"@type":"BreadcrumbList","@id":"https:\/\/www.icon-icon.com\/en\/hermes-la-flanerie-with-the-kelly-and-the-carre-scarf\/#breadcrumb","itemListElement":[{"@type":"ListItem","position":1,"name":"Accueil","item":"https:\/\/www.icon-icon.com\/en\/"},{"@type":"ListItem","position":2,"name":"Herm\u00e8s : La Fl\u00e2nerie with the Kelly and the Carr\u00e9 Scarf"}]},{"@type":"WebSite","@id":"https:\/\/www.icon-icon.com\/#website","url":"https:\/\/www.icon-icon.com\/","name":"ICON-ICON","description":"Luxury Stories","potentialAction":[{"@type":"SearchAction","target":{"@type":"EntryPoint","urlTemplate":"https:\/\/www.icon-icon.com\/?s={search_term_string}"},"query-input":{"@type":"PropertyValueSpecification","valueRequired":true,"valueName":"search_term_string"}}],"inLanguage":"en-US"},{"@type":"Person","@id":"https:\/\/www.icon-icon.com\/#\/schema\/person\/e55d52fc3eb90f0f596d4040244e9e8a","name":"Icon-Icon","image":{"@type":"ImageObject","inLanguage":"en-US","@id":"https:\/\/secure.gravatar.com\/avatar\/a805f008148faa69a17c7f0ea39c1c8fe7cf57667bd31c5e023987a404bf2748?s=96&d=mm&r=g","url":"https:\/\/secure.gravatar.com\/avatar\/a805f008148faa69a17c7f0ea39c1c8fe7cf57667bd31c5e023987a404bf2748?s=96&d=mm&r=g","contentUrl":"https:\/\/secure.gravatar.com\/avatar\/a805f008148faa69a17c7f0ea39c1c8fe7cf57667bd31c5e023987a404bf2748?s=96&d=mm&r=g","caption":"Icon-Icon"},"url":"https:\/\/www.icon-icon.com\/en\/author\/icon\/"}]}},"_links":{"self":[{"href":"https:\/\/www.icon-icon.com\/en\/wp-json\/wp\/v2\/posts\/10195","targetHints":{"allow":["GET"]}}],"collection":[{"href":"https:\/\/www.icon-icon.com\/en\/wp-json\/wp\/v2\/posts"}],"about":[{"href":"https:\/\/www.icon-icon.com\/en\/wp-json\/wp\/v2\/types\/post"}],"author":[{"embeddable":true,"href":"https:\/\/www.icon-icon.com\/en\/wp-json\/wp\/v2\/users\/3"}],"replies":[{"embeddable":true,"href":"https:\/\/www.icon-icon.com\/en\/wp-json\/wp\/v2\/comments?post=10195"}],"version-history":[{"count":1,"href":"https:\/\/www.icon-icon.com\/en\/wp-json\/wp\/v2\/posts\/10195\/revisions"}],"predecessor-version":[{"id":29528,"href":"https:\/\/www.icon-icon.com\/en\/wp-json\/wp\/v2\/posts\/10195\/revisions\/29528"}],"wp:attachment":[{"href":"https:\/\/www.icon-icon.com\/en\/wp-json\/wp\/v2\/media?parent=10195"}],"wp:term":[{"taxonomy":"category","embeddable":true,"href":"https:\/\/www.icon-icon.com\/en\/wp-json\/wp\/v2\/categories?post=10195"},{"taxonomy":"post_tag","embeddable":true,"href":"https:\/\/www.icon-icon.com\/en\/wp-json\/wp\/v2\/tags?post=10195"}],"curies":[{"name":"wp","href":"https:\/\/api.w.org\/{rel}","templated":true}]}}