


{"id":100592,"date":"2024-07-18T07:00:57","date_gmt":"2024-07-18T05:00:57","guid":{"rendered":"https:\/\/www.icon-icon.com\/?p=100592"},"modified":"2024-07-18T09:40:53","modified_gmt":"2024-07-18T07:40:53","slug":"louis-vuitton-in-saint-tropez-with-arnaud-donckele-and-maxime-frederic","status":"publish","type":"post","link":"https:\/\/www.icon-icon.com\/en\/louis-vuitton-in-saint-tropez-with-arnaud-donckele-and-maxime-frederic\/","title":{"rendered":"Louis Vuitton in Saint-Tropez with Arnaud Donckele and Maxime Fr\u00e9d\u00e9ric"},"content":{"rendered":"\n<p>Louis Vuitton in Saint-Tropez? This summer, chic and culinary art intertwine in Saint-Tropez with the return of the star-studded duo Arnaud Donckele and Maxime Fr\u00e9d\u00e9ric. In partnership with Louis Vuitton, the chefs are orchestrating a second season of delights at the White 1921 hotel restaurant, infusing the C\u00f4te d&#8217;Azur with refined and authentic neo-Mediterranean gastronomy.<\/p>\n\n\n\n<h2 class=\"wp-block-heading\"><strong><strong>Louis Vuitton in Saint-Tropez with Arnaud Donckele and Maxime Fr\u00e9d\u00e9ric at White 1921<\/strong><\/strong><\/h2>\n\n\n\n<p>In an elegant and relaxed setting, adorned with the iconic orange and pink tiles of the LV By The Pool summer collection, the restaurant at the White 1921 hotel becomes the stage for a culinary adventure. Arnaud Donckele and Maxime Fr\u00e9d\u00e9ric, renowned for their collaboration at Cheval Blanc Paris, celebrate the local flavors and their shared vision of gastronomy throughout the summer of 2024!<\/p>\n\n\n<div class=\"wp-block-image\">\n<figure class=\"aligncenter size-large\"><img loading=\"lazy\" decoding=\"async\" width=\"1024\" height=\"768\" src=\"https:\/\/www.icon-icon.com\/wp-content\/uploads\/2024\/07\/louis-vuitton-saint-tropez-restaurant_f3bc68e8f3402b978da39449c0a0890d-1024x768.jpg\" alt=\"Louis Vuitton \u00e0 Saint-Tropez\" class=\"wp-image-100519\" srcset=\"https:\/\/www.icon-icon.com\/wp-content\/uploads\/2024\/07\/louis-vuitton-saint-tropez-restaurant_f3bc68e8f3402b978da39449c0a0890d-1024x768.jpg 1024w, https:\/\/www.icon-icon.com\/wp-content\/uploads\/2024\/07\/louis-vuitton-saint-tropez-restaurant_f3bc68e8f3402b978da39449c0a0890d-600x450.jpg 600w, https:\/\/www.icon-icon.com\/wp-content\/uploads\/2024\/07\/louis-vuitton-saint-tropez-restaurant_f3bc68e8f3402b978da39449c0a0890d-300x225.jpg 300w, https:\/\/www.icon-icon.com\/wp-content\/uploads\/2024\/07\/louis-vuitton-saint-tropez-restaurant_f3bc68e8f3402b978da39449c0a0890d-768x576.jpg 768w, https:\/\/www.icon-icon.com\/wp-content\/uploads\/2024\/07\/louis-vuitton-saint-tropez-restaurant_f3bc68e8f3402b978da39449c0a0890d-580x435.jpg 580w, https:\/\/www.icon-icon.com\/wp-content\/uploads\/2024\/07\/louis-vuitton-saint-tropez-restaurant_f3bc68e8f3402b978da39449c0a0890d-860x645.jpg 860w, https:\/\/www.icon-icon.com\/wp-content\/uploads\/2024\/07\/louis-vuitton-saint-tropez-restaurant_f3bc68e8f3402b978da39449c0a0890d-1160x870.jpg 1160w, https:\/\/www.icon-icon.com\/wp-content\/uploads\/2024\/07\/louis-vuitton-saint-tropez-restaurant_f3bc68e8f3402b978da39449c0a0890d.jpg 1500w\" sizes=\"auto, (max-width: 1024px) 100vw, 1024px\" \/><\/figure>\n<\/div>\n\n\n<p>&#8220;Collaborating with Louis Vuitton means being part of the history of a unique Maison and building a strong friendship, like the one I have with Maxime and all the passionate people around me,&#8221; emphasizes Arnaud Donckele.<\/p>\n\n\n\n<p>What&#8217;s on the menu? The &#8220;Grand Voyageur&#8221; offering, a nod to Louis Vuitton&#8217;s first art of travel, proposes a symphony of tastes with dishes such as Coconut Fish Ceviche, Roast Farm Chicken with Alpilles Oregano Jus, and Rhubarb and Beaumes-de-Venise Vacherin. For those seeking a more condensed pleasure, the &#8220;Menu Voyage Express&#8221; features creations like Cherry Tomato Tartlet, Saint-Pierre Steamed in Seaweed, and Raspberry Pavlova.<\/p>\n\n\n<div class=\"wp-block-image\">\n<figure class=\"aligncenter size-large\"><img loading=\"lazy\" decoding=\"async\" width=\"768\" height=\"1024\" src=\"https:\/\/www.icon-icon.com\/wp-content\/uploads\/2024\/07\/plat-restaurant-louis-vuitton-saint-tropez_0ffaea843291be47909c4a72397b9b19-768x1024.jpg\" alt=\"\" class=\"wp-image-100517\" srcset=\"https:\/\/www.icon-icon.com\/wp-content\/uploads\/2024\/07\/plat-restaurant-louis-vuitton-saint-tropez_0ffaea843291be47909c4a72397b9b19-768x1024.jpg 768w, https:\/\/www.icon-icon.com\/wp-content\/uploads\/2024\/07\/plat-restaurant-louis-vuitton-saint-tropez_0ffaea843291be47909c4a72397b9b19-600x800.jpg 600w, https:\/\/www.icon-icon.com\/wp-content\/uploads\/2024\/07\/plat-restaurant-louis-vuitton-saint-tropez_0ffaea843291be47909c4a72397b9b19-225x300.jpg 225w, https:\/\/www.icon-icon.com\/wp-content\/uploads\/2024\/07\/plat-restaurant-louis-vuitton-saint-tropez_0ffaea843291be47909c4a72397b9b19-580x774.jpg 580w, https:\/\/www.icon-icon.com\/wp-content\/uploads\/2024\/07\/plat-restaurant-louis-vuitton-saint-tropez_0ffaea843291be47909c4a72397b9b19-860x1147.jpg 860w, https:\/\/www.icon-icon.com\/wp-content\/uploads\/2024\/07\/plat-restaurant-louis-vuitton-saint-tropez_0ffaea843291be47909c4a72397b9b19.jpg 1124w\" sizes=\"auto, (max-width: 768px) 100vw, 768px\" \/><\/figure>\n<\/div>\n\n\n<p>&#8220;The art of craftsmanship in the transformation of materials or human fragility is at the heart of every creation. I hope my teams and Arnaud&#8217;s will bring a touch of love and indulgence,&#8221; explains Maxime Fr\u00e9d\u00e9ric.<\/p>\n\n\n\n<p>The delights don&#8217;t stop there. Maxime Fr\u00e9d\u00e9ric&#8217;s sweet options, like the Chocolate Ice Cream Wafer Profiterole and Rhubarb Vacherin, promise to transport guests into a gourmet dream. Each dish, garnished with fresh vegetables from the Var region gardens, is a tribute to Louis Vuitton&#8217;s exclusivity.<\/p>\n\n\n\n<p>This alliance between Louis Vuitton and the star chefs ultimately transforms each meal into a memorable escapade, an invitation to savor the summer with elegance and indulgence in the heart of Saint-Tropez.<\/p>\n\n\n\n<p><\/p>\n\n\n\n<div class=\"wp-block-buttons is-content-justification-center is-layout-flex wp-container-core-buttons-is-layout-16018d1d wp-block-buttons-is-layout-flex\">\n<div class=\"wp-block-button\"><a class=\"wp-block-button__link wp-element-button\" href=\"https:\/\/fr.louisvuitton.com\/fra-fr\/magasin\/france\/louis-vuitton-restaurant-saint-tropez\" target=\"_blank\" rel=\"noreferrer noopener\">Louis Vuitton A Saint-Tropez<\/a><\/div>\n<\/div>\n\n\n<div class=\"wp-block-image\">\n<figure class=\"aligncenter size-large\"><img loading=\"lazy\" decoding=\"async\" width=\"768\" height=\"1024\" src=\"https:\/\/www.icon-icon.com\/wp-content\/uploads\/2024\/07\/restaurant-saint-topez-louis-vuitton_2dce9a9ece7ee8b5001d0d846f563831-768x1024.jpg\" alt=\"\" class=\"wp-image-100523\" srcset=\"https:\/\/www.icon-icon.com\/wp-content\/uploads\/2024\/07\/restaurant-saint-topez-louis-vuitton_2dce9a9ece7ee8b5001d0d846f563831-768x1024.jpg 768w, https:\/\/www.icon-icon.com\/wp-content\/uploads\/2024\/07\/restaurant-saint-topez-louis-vuitton_2dce9a9ece7ee8b5001d0d846f563831-600x800.jpg 600w, https:\/\/www.icon-icon.com\/wp-content\/uploads\/2024\/07\/restaurant-saint-topez-louis-vuitton_2dce9a9ece7ee8b5001d0d846f563831-225x300.jpg 225w, https:\/\/www.icon-icon.com\/wp-content\/uploads\/2024\/07\/restaurant-saint-topez-louis-vuitton_2dce9a9ece7ee8b5001d0d846f563831-580x774.jpg 580w, https:\/\/www.icon-icon.com\/wp-content\/uploads\/2024\/07\/restaurant-saint-topez-louis-vuitton_2dce9a9ece7ee8b5001d0d846f563831-860x1147.jpg 860w, https:\/\/www.icon-icon.com\/wp-content\/uploads\/2024\/07\/restaurant-saint-topez-louis-vuitton_2dce9a9ece7ee8b5001d0d846f563831.jpg 1124w\" sizes=\"auto, (max-width: 768px) 100vw, 768px\" \/><\/figure>\n<\/div>\n\n\n<p><\/p>\n\n\n\n<p><\/p>\n","protected":false},"excerpt":{"rendered":"<p>Neo-Mediterranean gastronomy ! <\/p>\n","protected":false},"author":3,"featured_media":100522,"comment_status":"closed","ping_status":"closed","sticky":false,"template":"","format":"standard","meta":{"_acf_changed":false,"footnotes":""},"categories":[25091,33390,21282,33929],"tags":[35200,35201],"class_list":["post-100592","post","type-post","status-publish","format-standard","has-post-thumbnail","hentry","category-destinations-iconiques","category-hotels-en","category-iconic-posts-en","category-iconic-posts-a-en","tag-louis-vuitton-in-saint-tropez-with-arnaud-donckele-and-maxime-frederic","tag-neo-mediterranean-gastronomy"],"acf":[],"yoast_head":"<!-- This site is optimized with the Yoast SEO plugin v27.2 - https:\/\/yoast.com\/product\/yoast-seo-wordpress\/ -->\n<title>Louis Vuitton in Saint-Tropez with Arnaud Donckele and Maxime Fr\u00e9d\u00e9ric - ICON-ICON<\/title>\n<meta name=\"robots\" content=\"index, follow, max-snippet:-1, max-image-preview:large, max-video-preview:-1\" \/>\n<link rel=\"canonical\" href=\"http:\/\/www.icon-icon.com\/en\/louis-vuitton-in-saint-tropez-with-arnaud-donckele-and-maxime-frederic\/\" \/>\n<meta property=\"og:locale\" content=\"en_US\" \/>\n<meta property=\"og:type\" content=\"article\" \/>\n<meta property=\"og:title\" content=\"Louis Vuitton in Saint-Tropez with Arnaud Donckele and Maxime Fr\u00e9d\u00e9ric - ICON-ICON\" \/>\n<meta property=\"og:description\" content=\"Neo-Mediterranean gastronomy !\" \/>\n<meta property=\"og:url\" content=\"http:\/\/www.icon-icon.com\/en\/louis-vuitton-in-saint-tropez-with-arnaud-donckele-and-maxime-frederic\/\" \/>\n<meta property=\"og:site_name\" content=\"ICON-ICON\" \/>\n<meta property=\"article:published_time\" content=\"2024-07-18T05:00:57+00:00\" \/>\n<meta property=\"article:modified_time\" content=\"2024-07-18T07:40:53+00:00\" \/>\n<meta property=\"og:image\" content=\"http:\/\/www.icon-icon.com\/wp-content\/uploads\/2024\/07\/875-875-louis-vuitton-restaurant-saint-tropez_cd8d17384ef3a7fae08411ffa280e018.png\" \/>\n\t<meta property=\"og:image:width\" content=\"875\" \/>\n\t<meta property=\"og:image:height\" content=\"1189\" \/>\n\t<meta property=\"og:image:type\" content=\"image\/png\" \/>\n<meta name=\"author\" content=\"Icon-Icon\" \/>\n<meta name=\"twitter:card\" content=\"summary_large_image\" \/>\n<meta name=\"twitter:label1\" content=\"Written by\" \/>\n\t<meta name=\"twitter:data1\" content=\"Icon-Icon\" \/>\n\t<meta name=\"twitter:label2\" content=\"Est. reading time\" \/>\n\t<meta name=\"twitter:data2\" content=\"3 minutes\" \/>\n<script type=\"application\/ld+json\" class=\"yoast-schema-graph\">{\"@context\":\"https:\/\/schema.org\",\"@graph\":[{\"@type\":\"Article\",\"@id\":\"http:\/\/www.icon-icon.com\/en\/louis-vuitton-in-saint-tropez-with-arnaud-donckele-and-maxime-frederic\/#article\",\"isPartOf\":{\"@id\":\"http:\/\/www.icon-icon.com\/en\/louis-vuitton-in-saint-tropez-with-arnaud-donckele-and-maxime-frederic\/\"},\"author\":{\"name\":\"Icon-Icon\",\"@id\":\"https:\/\/www.icon-icon.com\/#\/schema\/person\/e55d52fc3eb90f0f596d4040244e9e8a\"},\"headline\":\"Louis Vuitton in Saint-Tropez with Arnaud Donckele and Maxime Fr\u00e9d\u00e9ric\",\"datePublished\":\"2024-07-18T05:00:57+00:00\",\"dateModified\":\"2024-07-18T07:40:53+00:00\",\"mainEntityOfPage\":{\"@id\":\"http:\/\/www.icon-icon.com\/en\/louis-vuitton-in-saint-tropez-with-arnaud-donckele-and-maxime-frederic\/\"},\"wordCount\":369,\"image\":{\"@id\":\"http:\/\/www.icon-icon.com\/en\/louis-vuitton-in-saint-tropez-with-arnaud-donckele-and-maxime-frederic\/#primaryimage\"},\"thumbnailUrl\":\"https:\/\/www.icon-icon.com\/wp-content\/uploads\/2024\/07\/875-875-louis-vuitton-restaurant-saint-tropez_cd8d17384ef3a7fae08411ffa280e018.png\",\"keywords\":[\"Louis Vuitton in Saint-Tropez with Arnaud Donckele and Maxime Fr\u00e9d\u00e9ric$\",\"neo-Mediterranean gastronomy.\"],\"articleSection\":[\"Destinations Iconiques\",\"H\u00f4tels\",\"Iconic posts\",\"Iconic Posts A\"],\"inLanguage\":\"en-US\"},{\"@type\":\"WebPage\",\"@id\":\"http:\/\/www.icon-icon.com\/en\/louis-vuitton-in-saint-tropez-with-arnaud-donckele-and-maxime-frederic\/\",\"url\":\"http:\/\/www.icon-icon.com\/en\/louis-vuitton-in-saint-tropez-with-arnaud-donckele-and-maxime-frederic\/\",\"name\":\"Louis Vuitton in Saint-Tropez with Arnaud Donckele and Maxime Fr\u00e9d\u00e9ric - ICON-ICON\",\"isPartOf\":{\"@id\":\"https:\/\/www.icon-icon.com\/#website\"},\"primaryImageOfPage\":{\"@id\":\"http:\/\/www.icon-icon.com\/en\/louis-vuitton-in-saint-tropez-with-arnaud-donckele-and-maxime-frederic\/#primaryimage\"},\"image\":{\"@id\":\"http:\/\/www.icon-icon.com\/en\/louis-vuitton-in-saint-tropez-with-arnaud-donckele-and-maxime-frederic\/#primaryimage\"},\"thumbnailUrl\":\"https:\/\/www.icon-icon.com\/wp-content\/uploads\/2024\/07\/875-875-louis-vuitton-restaurant-saint-tropez_cd8d17384ef3a7fae08411ffa280e018.png\",\"datePublished\":\"2024-07-18T05:00:57+00:00\",\"dateModified\":\"2024-07-18T07:40:53+00:00\",\"author\":{\"@id\":\"https:\/\/www.icon-icon.com\/#\/schema\/person\/e55d52fc3eb90f0f596d4040244e9e8a\"},\"breadcrumb\":{\"@id\":\"http:\/\/www.icon-icon.com\/en\/louis-vuitton-in-saint-tropez-with-arnaud-donckele-and-maxime-frederic\/#breadcrumb\"},\"inLanguage\":\"en-US\",\"potentialAction\":[{\"@type\":\"ReadAction\",\"target\":[\"http:\/\/www.icon-icon.com\/en\/louis-vuitton-in-saint-tropez-with-arnaud-donckele-and-maxime-frederic\/\"]}]},{\"@type\":\"ImageObject\",\"inLanguage\":\"en-US\",\"@id\":\"http:\/\/www.icon-icon.com\/en\/louis-vuitton-in-saint-tropez-with-arnaud-donckele-and-maxime-frederic\/#primaryimage\",\"url\":\"https:\/\/www.icon-icon.com\/wp-content\/uploads\/2024\/07\/875-875-louis-vuitton-restaurant-saint-tropez_cd8d17384ef3a7fae08411ffa280e018.png\",\"contentUrl\":\"https:\/\/www.icon-icon.com\/wp-content\/uploads\/2024\/07\/875-875-louis-vuitton-restaurant-saint-tropez_cd8d17384ef3a7fae08411ffa280e018.png\",\"width\":875,\"height\":1189},{\"@type\":\"BreadcrumbList\",\"@id\":\"http:\/\/www.icon-icon.com\/en\/louis-vuitton-in-saint-tropez-with-arnaud-donckele-and-maxime-frederic\/#breadcrumb\",\"itemListElement\":[{\"@type\":\"ListItem\",\"position\":1,\"name\":\"Accueil\",\"item\":\"https:\/\/www.icon-icon.com\/en\/\"},{\"@type\":\"ListItem\",\"position\":2,\"name\":\"Louis Vuitton in Saint-Tropez with Arnaud Donckele and Maxime Fr\u00e9d\u00e9ric\"}]},{\"@type\":\"WebSite\",\"@id\":\"https:\/\/www.icon-icon.com\/#website\",\"url\":\"https:\/\/www.icon-icon.com\/\",\"name\":\"ICON-ICON\",\"description\":\"Luxury Stories\",\"potentialAction\":[{\"@type\":\"SearchAction\",\"target\":{\"@type\":\"EntryPoint\",\"urlTemplate\":\"https:\/\/www.icon-icon.com\/?s={search_term_string}\"},\"query-input\":{\"@type\":\"PropertyValueSpecification\",\"valueRequired\":true,\"valueName\":\"search_term_string\"}}],\"inLanguage\":\"en-US\"},{\"@type\":\"Person\",\"@id\":\"https:\/\/www.icon-icon.com\/#\/schema\/person\/e55d52fc3eb90f0f596d4040244e9e8a\",\"name\":\"Icon-Icon\",\"image\":{\"@type\":\"ImageObject\",\"inLanguage\":\"en-US\",\"@id\":\"https:\/\/secure.gravatar.com\/avatar\/a805f008148faa69a17c7f0ea39c1c8fe7cf57667bd31c5e023987a404bf2748?s=96&d=mm&r=g\",\"url\":\"https:\/\/secure.gravatar.com\/avatar\/a805f008148faa69a17c7f0ea39c1c8fe7cf57667bd31c5e023987a404bf2748?s=96&d=mm&r=g\",\"contentUrl\":\"https:\/\/secure.gravatar.com\/avatar\/a805f008148faa69a17c7f0ea39c1c8fe7cf57667bd31c5e023987a404bf2748?s=96&d=mm&r=g\",\"caption\":\"Icon-Icon\"},\"url\":\"https:\/\/www.icon-icon.com\/en\/author\/icon\/\"}]}<\/script>\n<!-- \/ Yoast SEO plugin. -->","yoast_head_json":{"title":"Louis Vuitton in Saint-Tropez with Arnaud Donckele and Maxime Fr\u00e9d\u00e9ric - ICON-ICON","robots":{"index":"index","follow":"follow","max-snippet":"max-snippet:-1","max-image-preview":"max-image-preview:large","max-video-preview":"max-video-preview:-1"},"canonical":"http:\/\/www.icon-icon.com\/en\/louis-vuitton-in-saint-tropez-with-arnaud-donckele-and-maxime-frederic\/","og_locale":"en_US","og_type":"article","og_title":"Louis Vuitton in Saint-Tropez with Arnaud Donckele and Maxime Fr\u00e9d\u00e9ric - ICON-ICON","og_description":"Neo-Mediterranean gastronomy !","og_url":"http:\/\/www.icon-icon.com\/en\/louis-vuitton-in-saint-tropez-with-arnaud-donckele-and-maxime-frederic\/","og_site_name":"ICON-ICON","article_published_time":"2024-07-18T05:00:57+00:00","article_modified_time":"2024-07-18T07:40:53+00:00","og_image":[{"width":875,"height":1189,"url":"http:\/\/www.icon-icon.com\/wp-content\/uploads\/2024\/07\/875-875-louis-vuitton-restaurant-saint-tropez_cd8d17384ef3a7fae08411ffa280e018.png","type":"image\/png"}],"author":"Icon-Icon","twitter_card":"summary_large_image","twitter_misc":{"Written by":"Icon-Icon","Est. reading time":"3 minutes"},"schema":{"@context":"https:\/\/schema.org","@graph":[{"@type":"Article","@id":"http:\/\/www.icon-icon.com\/en\/louis-vuitton-in-saint-tropez-with-arnaud-donckele-and-maxime-frederic\/#article","isPartOf":{"@id":"http:\/\/www.icon-icon.com\/en\/louis-vuitton-in-saint-tropez-with-arnaud-donckele-and-maxime-frederic\/"},"author":{"name":"Icon-Icon","@id":"https:\/\/www.icon-icon.com\/#\/schema\/person\/e55d52fc3eb90f0f596d4040244e9e8a"},"headline":"Louis Vuitton in Saint-Tropez with Arnaud Donckele and Maxime Fr\u00e9d\u00e9ric","datePublished":"2024-07-18T05:00:57+00:00","dateModified":"2024-07-18T07:40:53+00:00","mainEntityOfPage":{"@id":"http:\/\/www.icon-icon.com\/en\/louis-vuitton-in-saint-tropez-with-arnaud-donckele-and-maxime-frederic\/"},"wordCount":369,"image":{"@id":"http:\/\/www.icon-icon.com\/en\/louis-vuitton-in-saint-tropez-with-arnaud-donckele-and-maxime-frederic\/#primaryimage"},"thumbnailUrl":"https:\/\/www.icon-icon.com\/wp-content\/uploads\/2024\/07\/875-875-louis-vuitton-restaurant-saint-tropez_cd8d17384ef3a7fae08411ffa280e018.png","keywords":["Louis Vuitton in Saint-Tropez with Arnaud Donckele and Maxime Fr\u00e9d\u00e9ric$","neo-Mediterranean gastronomy."],"articleSection":["Destinations Iconiques","H\u00f4tels","Iconic posts","Iconic Posts A"],"inLanguage":"en-US"},{"@type":"WebPage","@id":"http:\/\/www.icon-icon.com\/en\/louis-vuitton-in-saint-tropez-with-arnaud-donckele-and-maxime-frederic\/","url":"http:\/\/www.icon-icon.com\/en\/louis-vuitton-in-saint-tropez-with-arnaud-donckele-and-maxime-frederic\/","name":"Louis Vuitton in Saint-Tropez with Arnaud Donckele and Maxime Fr\u00e9d\u00e9ric - ICON-ICON","isPartOf":{"@id":"https:\/\/www.icon-icon.com\/#website"},"primaryImageOfPage":{"@id":"http:\/\/www.icon-icon.com\/en\/louis-vuitton-in-saint-tropez-with-arnaud-donckele-and-maxime-frederic\/#primaryimage"},"image":{"@id":"http:\/\/www.icon-icon.com\/en\/louis-vuitton-in-saint-tropez-with-arnaud-donckele-and-maxime-frederic\/#primaryimage"},"thumbnailUrl":"https:\/\/www.icon-icon.com\/wp-content\/uploads\/2024\/07\/875-875-louis-vuitton-restaurant-saint-tropez_cd8d17384ef3a7fae08411ffa280e018.png","datePublished":"2024-07-18T05:00:57+00:00","dateModified":"2024-07-18T07:40:53+00:00","author":{"@id":"https:\/\/www.icon-icon.com\/#\/schema\/person\/e55d52fc3eb90f0f596d4040244e9e8a"},"breadcrumb":{"@id":"http:\/\/www.icon-icon.com\/en\/louis-vuitton-in-saint-tropez-with-arnaud-donckele-and-maxime-frederic\/#breadcrumb"},"inLanguage":"en-US","potentialAction":[{"@type":"ReadAction","target":["http:\/\/www.icon-icon.com\/en\/louis-vuitton-in-saint-tropez-with-arnaud-donckele-and-maxime-frederic\/"]}]},{"@type":"ImageObject","inLanguage":"en-US","@id":"http:\/\/www.icon-icon.com\/en\/louis-vuitton-in-saint-tropez-with-arnaud-donckele-and-maxime-frederic\/#primaryimage","url":"https:\/\/www.icon-icon.com\/wp-content\/uploads\/2024\/07\/875-875-louis-vuitton-restaurant-saint-tropez_cd8d17384ef3a7fae08411ffa280e018.png","contentUrl":"https:\/\/www.icon-icon.com\/wp-content\/uploads\/2024\/07\/875-875-louis-vuitton-restaurant-saint-tropez_cd8d17384ef3a7fae08411ffa280e018.png","width":875,"height":1189},{"@type":"BreadcrumbList","@id":"http:\/\/www.icon-icon.com\/en\/louis-vuitton-in-saint-tropez-with-arnaud-donckele-and-maxime-frederic\/#breadcrumb","itemListElement":[{"@type":"ListItem","position":1,"name":"Accueil","item":"https:\/\/www.icon-icon.com\/en\/"},{"@type":"ListItem","position":2,"name":"Louis Vuitton in Saint-Tropez with Arnaud Donckele and Maxime Fr\u00e9d\u00e9ric"}]},{"@type":"WebSite","@id":"https:\/\/www.icon-icon.com\/#website","url":"https:\/\/www.icon-icon.com\/","name":"ICON-ICON","description":"Luxury Stories","potentialAction":[{"@type":"SearchAction","target":{"@type":"EntryPoint","urlTemplate":"https:\/\/www.icon-icon.com\/?s={search_term_string}"},"query-input":{"@type":"PropertyValueSpecification","valueRequired":true,"valueName":"search_term_string"}}],"inLanguage":"en-US"},{"@type":"Person","@id":"https:\/\/www.icon-icon.com\/#\/schema\/person\/e55d52fc3eb90f0f596d4040244e9e8a","name":"Icon-Icon","image":{"@type":"ImageObject","inLanguage":"en-US","@id":"https:\/\/secure.gravatar.com\/avatar\/a805f008148faa69a17c7f0ea39c1c8fe7cf57667bd31c5e023987a404bf2748?s=96&d=mm&r=g","url":"https:\/\/secure.gravatar.com\/avatar\/a805f008148faa69a17c7f0ea39c1c8fe7cf57667bd31c5e023987a404bf2748?s=96&d=mm&r=g","contentUrl":"https:\/\/secure.gravatar.com\/avatar\/a805f008148faa69a17c7f0ea39c1c8fe7cf57667bd31c5e023987a404bf2748?s=96&d=mm&r=g","caption":"Icon-Icon"},"url":"https:\/\/www.icon-icon.com\/en\/author\/icon\/"}]}},"_links":{"self":[{"href":"https:\/\/www.icon-icon.com\/en\/wp-json\/wp\/v2\/posts\/100592","targetHints":{"allow":["GET"]}}],"collection":[{"href":"https:\/\/www.icon-icon.com\/en\/wp-json\/wp\/v2\/posts"}],"about":[{"href":"https:\/\/www.icon-icon.com\/en\/wp-json\/wp\/v2\/types\/post"}],"author":[{"embeddable":true,"href":"https:\/\/www.icon-icon.com\/en\/wp-json\/wp\/v2\/users\/3"}],"replies":[{"embeddable":true,"href":"https:\/\/www.icon-icon.com\/en\/wp-json\/wp\/v2\/comments?post=100592"}],"version-history":[{"count":1,"href":"https:\/\/www.icon-icon.com\/en\/wp-json\/wp\/v2\/posts\/100592\/revisions"}],"predecessor-version":[{"id":100593,"href":"https:\/\/www.icon-icon.com\/en\/wp-json\/wp\/v2\/posts\/100592\/revisions\/100593"}],"wp:featuredmedia":[{"embeddable":true,"href":"https:\/\/www.icon-icon.com\/en\/wp-json\/wp\/v2\/media\/100522"}],"wp:attachment":[{"href":"https:\/\/www.icon-icon.com\/en\/wp-json\/wp\/v2\/media?parent=100592"}],"wp:term":[{"taxonomy":"category","embeddable":true,"href":"https:\/\/www.icon-icon.com\/en\/wp-json\/wp\/v2\/categories?post=100592"},{"taxonomy":"post_tag","embeddable":true,"href":"https:\/\/www.icon-icon.com\/en\/wp-json\/wp\/v2\/tags?post=100592"}],"curies":[{"name":"wp","href":"https:\/\/api.w.org\/{rel}","templated":true}]}}