


{"id":100479,"date":"2024-07-18T06:36:28","date_gmt":"2024-07-18T04:36:28","guid":{"rendered":"https:\/\/www.icon-icon.com\/?p=100479"},"modified":"2024-07-18T09:37:41","modified_gmt":"2024-07-18T07:37:41","slug":"les-etangs-de-corot","status":"publish","type":"post","link":"https:\/\/www.icon-icon.com\/en\/les-etangs-de-corot\/","title":{"rendered":"Les \u00c9tangs de Corot"},"content":{"rendered":"\n<p>To celebrate the summer of 2024, Les \u00c9tangs de Corot offers an immersion in a haven of greenery and preserved nature, just fifteen minutes from Paris and five minutes from Versailles. Nestled in the heart of this peaceful sanctuary, the Caf\u00e9 des Artistes, the hotel&#8217;s bistronomic restaurant, welcomes its guests from Tuesday to Sunday on a magnificent terrace.<\/p>\n\n\n\n<h2 class=\"wp-block-heading\"><strong>The Terrace at Les \u00c9tangs de Corot: Luxury and Serenity Stay<\/strong><\/h2>\n\n\n\n<p>The hotel Les \u00c9tangs de Corot is the perfect balance between luxury, nature, and history. For a summer getaway or an extended stay, this four-star establishment promises an unforgettable experience just a few steps away from the hustle and bustle of Paris&#8230;<\/p>\n\n\n\n<p>With its 42 rooms, it offers an experience of discreet luxury and a gentle way of life at the heart of the hotel. The setting is so mythical because the Impressionist painter Camille Corot and his friends came here to seek inspiration, surrounded by nature!<\/p>\n\n\n<div class=\"wp-block-image\">\n<figure class=\"aligncenter size-large\"><img loading=\"lazy\" decoding=\"async\" width=\"1024\" height=\"768\" src=\"https:\/\/www.icon-icon.com\/wp-content\/uploads\/2024\/07\/etangs-corot-ville-d-avray-190181-1024x768.jpg\" alt=\"\" class=\"wp-image-100466\" srcset=\"https:\/\/www.icon-icon.com\/wp-content\/uploads\/2024\/07\/etangs-corot-ville-d-avray-190181-1024x768.jpg 1024w, https:\/\/www.icon-icon.com\/wp-content\/uploads\/2024\/07\/etangs-corot-ville-d-avray-190181-scaled-600x450.jpg 600w, https:\/\/www.icon-icon.com\/wp-content\/uploads\/2024\/07\/etangs-corot-ville-d-avray-190181-300x225.jpg 300w, https:\/\/www.icon-icon.com\/wp-content\/uploads\/2024\/07\/etangs-corot-ville-d-avray-190181-768x576.jpg 768w, https:\/\/www.icon-icon.com\/wp-content\/uploads\/2024\/07\/etangs-corot-ville-d-avray-190181-1536x1152.jpg 1536w, https:\/\/www.icon-icon.com\/wp-content\/uploads\/2024\/07\/etangs-corot-ville-d-avray-190181-2048x1536.jpg 2048w, https:\/\/www.icon-icon.com\/wp-content\/uploads\/2024\/07\/etangs-corot-ville-d-avray-190181-580x435.jpg 580w, https:\/\/www.icon-icon.com\/wp-content\/uploads\/2024\/07\/etangs-corot-ville-d-avray-190181-860x645.jpg 860w, https:\/\/www.icon-icon.com\/wp-content\/uploads\/2024\/07\/etangs-corot-ville-d-avray-190181-1160x870.jpg 1160w\" sizes=\"auto, (max-width: 1024px) 100vw, 1024px\" \/><\/figure>\n<\/div>\n\n\n<p>Today, in this elegant haven, each room, steeped in history and art, boasts a unique decoration. The spa, set in an exceptional environment, offers a range of relaxing treatments showcasing PHYTOMER&#8217;s expertise, ideal for rejuvenation. It provides a profound relaxation experience for both body and mind, offering an unparalleled wellness retreat. Among the treatments, the PHYTOMER 100% Body Ritual stands out with its combination of sea salt crystal exfoliation, detoxifying marine wrap, and Tr\u00e9sor des Mers treatment. This personalized massage revitalizes the body and can be enjoyed alone or with a partner!<\/p>\n\n\n<div class=\"wp-block-image\">\n<figure class=\"aligncenter size-large\"><img loading=\"lazy\" decoding=\"async\" width=\"1024\" height=\"768\" src=\"https:\/\/www.icon-icon.com\/wp-content\/uploads\/2024\/07\/bains-1024x768.png\" alt=\"\" class=\"wp-image-100468\" srcset=\"https:\/\/www.icon-icon.com\/wp-content\/uploads\/2024\/07\/bains-1024x768.png 1024w, https:\/\/www.icon-icon.com\/wp-content\/uploads\/2024\/07\/bains-600x450.png 600w, https:\/\/www.icon-icon.com\/wp-content\/uploads\/2024\/07\/bains-300x225.png 300w, https:\/\/www.icon-icon.com\/wp-content\/uploads\/2024\/07\/bains-768x576.png 768w, https:\/\/www.icon-icon.com\/wp-content\/uploads\/2024\/07\/bains-580x435.png 580w, https:\/\/www.icon-icon.com\/wp-content\/uploads\/2024\/07\/bains-860x645.png 860w, https:\/\/www.icon-icon.com\/wp-content\/uploads\/2024\/07\/bains-1160x870.png 1160w, https:\/\/www.icon-icon.com\/wp-content\/uploads\/2024\/07\/bains.png 1280w\" sizes=\"auto, (max-width: 1024px) 100vw, 1024px\" \/><\/figure>\n<\/div>\n\n\n<p>Most notably, the establishment has two restaurants, including one Michelin-starred, all labeled Relais &amp; Ch\u00e2teaux, ensuring impeccable quality and service.<\/p>\n\n\n\n<p>Chef R\u00e9mi Chambard draws deep inspiration from the nature and terroir of \u00cele-de-France to create his dishes at the Michelin-starred restaurant Le Corot. Here, guests enjoy a unique menu dedicated to the flavors of the \u00cele-de-France region, highlighting products from villages such as Meaux and Choisy-le-Roi. The Chef excels in the art of enhancing the natural qualities of local produce &#8211; in fact, R\u00e9mi Chambard performs his own &#8220;urban foraging&#8221; at the Potager du Roi in Versailles to better incorporate these fresh ingredients into his culinary creations. Trout with sorrel and finger lime, mushrooms with agastache and caramelized onions, duck accompanied by cherries and zucchini&#8230; The sober and intimate restaurant Le Corot pampers the palate with delights akin to the paintings of the artist it is named after.<\/p>\n\n\n<div class=\"wp-block-image\">\n<figure class=\"aligncenter size-full\"><img loading=\"lazy\" decoding=\"async\" width=\"705\" height=\"460\" src=\"https:\/\/www.icon-icon.com\/wp-content\/uploads\/2024\/07\/m_etangs-corot-ville-d-avray-186105_705x460_center_center.jpg\" alt=\"\" class=\"wp-image-100470\" srcset=\"https:\/\/www.icon-icon.com\/wp-content\/uploads\/2024\/07\/m_etangs-corot-ville-d-avray-186105_705x460_center_center.jpg 705w, https:\/\/www.icon-icon.com\/wp-content\/uploads\/2024\/07\/m_etangs-corot-ville-d-avray-186105_705x460_center_center-600x391.jpg 600w, https:\/\/www.icon-icon.com\/wp-content\/uploads\/2024\/07\/m_etangs-corot-ville-d-avray-186105_705x460_center_center-300x196.jpg 300w, https:\/\/www.icon-icon.com\/wp-content\/uploads\/2024\/07\/m_etangs-corot-ville-d-avray-186105_705x460_center_center-580x378.jpg 580w\" sizes=\"auto, (max-width: 705px) 100vw, 705px\" \/><\/figure>\n<\/div>\n\n\n<p> The Caf\u00e9 des Artistes by Chef\u00a0R\u00e9mi Chambard highlights local products and short supply chains, offering family-style gourmet cuisine. On the menu, a market selection features seasonal dishes such as veal blade carpaccio, creamy burrata, sea bass tartare with citrus, roasted pollock, plancha-cooked duck breast, and confit pork shoulder. Each dish celebrates the freshness and quality of the ingredients, enhanced by the chefs&#8217; expertise.<\/p>\n\n\n\n<p>And then, there\u2019s the famous guinguette&#8230; To mark the 150th anniversary of Impressionism, Les \u00c9tangs de Corot is reconnecting with its illustrious past by reviving the famous riverside guinguettes.<\/p>\n\n\n<div class=\"wp-block-image\">\n<figure class=\"aligncenter size-large\"><img loading=\"lazy\" decoding=\"async\" width=\"1024\" height=\"682\" src=\"https:\/\/www.icon-icon.com\/wp-content\/uploads\/2024\/07\/dzzz-1024x682.jpg\" alt=\"\" class=\"wp-image-100472\" srcset=\"https:\/\/www.icon-icon.com\/wp-content\/uploads\/2024\/07\/dzzz-1024x682.jpg 1024w, https:\/\/www.icon-icon.com\/wp-content\/uploads\/2024\/07\/dzzz-600x399.jpg 600w, https:\/\/www.icon-icon.com\/wp-content\/uploads\/2024\/07\/dzzz-300x200.jpg 300w, https:\/\/www.icon-icon.com\/wp-content\/uploads\/2024\/07\/dzzz-768x511.jpg 768w, https:\/\/www.icon-icon.com\/wp-content\/uploads\/2024\/07\/dzzz-1536x1022.jpg 1536w, https:\/\/www.icon-icon.com\/wp-content\/uploads\/2024\/07\/dzzz-580x386.jpg 580w, https:\/\/www.icon-icon.com\/wp-content\/uploads\/2024\/07\/dzzz-860x572.jpg 860w, https:\/\/www.icon-icon.com\/wp-content\/uploads\/2024\/07\/dzzz-1160x772.jpg 1160w, https:\/\/www.icon-icon.com\/wp-content\/uploads\/2024\/07\/dzzz.jpg 2040w\" sizes=\"auto, (max-width: 1024px) 100vw, 1024px\" \/><\/figure>\n<\/div>\n\n\n<p>Every Friday, from 7:30 PM to 10:30 PM until the end of September, the Guinguette des \u00c9tangs offers a convivial evening with live music, skewers, tapas, dim sum, and signature cocktails.<\/p>\n\n\n\n<p>This unique and historic setting, combined with a festive atmosphere, evokes the moments of joy and relaxation that have made this timeless place famous. It\u2019s the perfect way to enjoy the beautiful days in an idyllic setting.<\/p>\n\n\n\n<div class=\"wp-block-buttons is-content-justification-center is-layout-flex wp-container-core-buttons-is-layout-16018d1d wp-block-buttons-is-layout-flex\">\n<div class=\"wp-block-button\"><a class=\"wp-block-button__link wp-element-button\" href=\"https:\/\/www.etangs-corot.com\/fr\/\" target=\"_blank\" rel=\"noreferrer noopener\">Reservations at Les \u00c9tangs de Corot<\/a><\/div>\n<\/div>\n","protected":false},"excerpt":{"rendered":"<p>An immersion in a haven of greenery.<\/p>\n","protected":false},"author":3,"featured_media":100480,"comment_status":"closed","ping_status":"closed","sticky":false,"template":"","format":"standard","meta":{"_acf_changed":false,"footnotes":""},"categories":[25091,33390,30,21282,33929],"tags":[35160,35158,35156,35159,35157],"class_list":["post-100479","post","type-post","status-publish","format-standard","has-post-thumbnail","hentry","category-destinations-iconiques","category-hotels-en","category-hotels-chefs-2","category-iconic-posts-en","category-iconic-posts-a-en","tag-chef-remi-chambard","tag-immersion-in-a-haven-of-greenery","tag-les-etangs-de-corot","tag-michelin-starred","tag-terrace-at-les-etangs-de-corot"],"acf":[],"yoast_head":"<!-- This site is optimized with the Yoast SEO plugin v27.2 - https:\/\/yoast.com\/product\/yoast-seo-wordpress\/ -->\n<title>Les \u00c9tangs de Corot - ICON-ICON<\/title>\n<meta name=\"description\" content=\"To celebrate the summer of 2024, Les \u00c9tangs de Corot offers an immersion in a haven of greenery and preserved nature\" \/>\n<meta name=\"robots\" content=\"index, follow, max-snippet:-1, max-image-preview:large, max-video-preview:-1\" \/>\n<link rel=\"canonical\" href=\"https:\/\/www.icon-icon.com\/en\/les-etangs-de-corot\/\" \/>\n<meta property=\"og:locale\" content=\"en_US\" \/>\n<meta property=\"og:type\" content=\"article\" \/>\n<meta property=\"og:title\" content=\"Les \u00c9tangs de Corot - ICON-ICON\" \/>\n<meta property=\"og:description\" content=\"To celebrate the summer of 2024, Les \u00c9tangs de Corot offers an immersion in a haven of greenery and preserved nature\" \/>\n<meta property=\"og:url\" content=\"https:\/\/www.icon-icon.com\/en\/les-etangs-de-corot\/\" \/>\n<meta property=\"og:site_name\" content=\"ICON-ICON\" \/>\n<meta property=\"article:published_time\" content=\"2024-07-18T04:36:28+00:00\" \/>\n<meta property=\"article:modified_time\" content=\"2024-07-18T07:37:41+00:00\" \/>\n<meta property=\"og:image\" content=\"https:\/\/www.icon-icon.com\/wp-content\/uploads\/2024\/07\/la-terrasse-du-restaurant-1.jpg\" \/>\n\t<meta property=\"og:image:width\" content=\"900\" \/>\n\t<meta property=\"og:image:height\" content=\"500\" \/>\n\t<meta property=\"og:image:type\" content=\"image\/jpeg\" \/>\n<meta name=\"author\" content=\"Icon-Icon\" \/>\n<meta name=\"twitter:card\" content=\"summary_large_image\" \/>\n<meta name=\"twitter:label1\" content=\"Written by\" \/>\n\t<meta name=\"twitter:data1\" content=\"Icon-Icon\" \/>\n\t<meta name=\"twitter:label2\" content=\"Est. reading time\" \/>\n\t<meta name=\"twitter:data2\" content=\"4 minutes\" \/>\n<script type=\"application\/ld+json\" class=\"yoast-schema-graph\">{\"@context\":\"https:\/\/schema.org\",\"@graph\":[{\"@type\":\"Article\",\"@id\":\"https:\/\/www.icon-icon.com\/en\/les-etangs-de-corot\/#article\",\"isPartOf\":{\"@id\":\"https:\/\/www.icon-icon.com\/en\/les-etangs-de-corot\/\"},\"author\":{\"name\":\"Icon-Icon\",\"@id\":\"https:\/\/www.icon-icon.com\/#\/schema\/person\/e55d52fc3eb90f0f596d4040244e9e8a\"},\"headline\":\"Les \u00c9tangs de Corot\",\"datePublished\":\"2024-07-18T04:36:28+00:00\",\"dateModified\":\"2024-07-18T07:37:41+00:00\",\"mainEntityOfPage\":{\"@id\":\"https:\/\/www.icon-icon.com\/en\/les-etangs-de-corot\/\"},\"wordCount\":569,\"image\":{\"@id\":\"https:\/\/www.icon-icon.com\/en\/les-etangs-de-corot\/#primaryimage\"},\"thumbnailUrl\":\"https:\/\/www.icon-icon.com\/wp-content\/uploads\/2024\/07\/la-terrasse-du-restaurant-1.jpg\",\"keywords\":[\"Chef R\u00e9mi Chambard\",\"immersion in a haven of greenery\",\"Les \u00c9tangs de Corot\",\"Michelin-starred\",\"Terrace at Les \u00c9tangs de Corot\"],\"articleSection\":[\"Destinations Iconiques\",\"H\u00f4tels\",\"Hotels &amp; Chefs\",\"Iconic posts\",\"Iconic Posts A\"],\"inLanguage\":\"en-US\"},{\"@type\":\"WebPage\",\"@id\":\"https:\/\/www.icon-icon.com\/en\/les-etangs-de-corot\/\",\"url\":\"https:\/\/www.icon-icon.com\/en\/les-etangs-de-corot\/\",\"name\":\"Les \u00c9tangs de Corot - ICON-ICON\",\"isPartOf\":{\"@id\":\"https:\/\/www.icon-icon.com\/#website\"},\"primaryImageOfPage\":{\"@id\":\"https:\/\/www.icon-icon.com\/en\/les-etangs-de-corot\/#primaryimage\"},\"image\":{\"@id\":\"https:\/\/www.icon-icon.com\/en\/les-etangs-de-corot\/#primaryimage\"},\"thumbnailUrl\":\"https:\/\/www.icon-icon.com\/wp-content\/uploads\/2024\/07\/la-terrasse-du-restaurant-1.jpg\",\"datePublished\":\"2024-07-18T04:36:28+00:00\",\"dateModified\":\"2024-07-18T07:37:41+00:00\",\"author\":{\"@id\":\"https:\/\/www.icon-icon.com\/#\/schema\/person\/e55d52fc3eb90f0f596d4040244e9e8a\"},\"description\":\"To celebrate the summer of 2024, Les \u00c9tangs de Corot offers an immersion in a haven of greenery and preserved nature\",\"breadcrumb\":{\"@id\":\"https:\/\/www.icon-icon.com\/en\/les-etangs-de-corot\/#breadcrumb\"},\"inLanguage\":\"en-US\",\"potentialAction\":[{\"@type\":\"ReadAction\",\"target\":[\"https:\/\/www.icon-icon.com\/en\/les-etangs-de-corot\/\"]}]},{\"@type\":\"ImageObject\",\"inLanguage\":\"en-US\",\"@id\":\"https:\/\/www.icon-icon.com\/en\/les-etangs-de-corot\/#primaryimage\",\"url\":\"https:\/\/www.icon-icon.com\/wp-content\/uploads\/2024\/07\/la-terrasse-du-restaurant-1.jpg\",\"contentUrl\":\"https:\/\/www.icon-icon.com\/wp-content\/uploads\/2024\/07\/la-terrasse-du-restaurant-1.jpg\",\"width\":900,\"height\":500},{\"@type\":\"BreadcrumbList\",\"@id\":\"https:\/\/www.icon-icon.com\/en\/les-etangs-de-corot\/#breadcrumb\",\"itemListElement\":[{\"@type\":\"ListItem\",\"position\":1,\"name\":\"Accueil\",\"item\":\"https:\/\/www.icon-icon.com\/en\/\"},{\"@type\":\"ListItem\",\"position\":2,\"name\":\"Les \u00c9tangs de Corot\"}]},{\"@type\":\"WebSite\",\"@id\":\"https:\/\/www.icon-icon.com\/#website\",\"url\":\"https:\/\/www.icon-icon.com\/\",\"name\":\"ICON-ICON\",\"description\":\"Luxury Stories\",\"potentialAction\":[{\"@type\":\"SearchAction\",\"target\":{\"@type\":\"EntryPoint\",\"urlTemplate\":\"https:\/\/www.icon-icon.com\/?s={search_term_string}\"},\"query-input\":{\"@type\":\"PropertyValueSpecification\",\"valueRequired\":true,\"valueName\":\"search_term_string\"}}],\"inLanguage\":\"en-US\"},{\"@type\":\"Person\",\"@id\":\"https:\/\/www.icon-icon.com\/#\/schema\/person\/e55d52fc3eb90f0f596d4040244e9e8a\",\"name\":\"Icon-Icon\",\"image\":{\"@type\":\"ImageObject\",\"inLanguage\":\"en-US\",\"@id\":\"https:\/\/secure.gravatar.com\/avatar\/a805f008148faa69a17c7f0ea39c1c8fe7cf57667bd31c5e023987a404bf2748?s=96&d=mm&r=g\",\"url\":\"https:\/\/secure.gravatar.com\/avatar\/a805f008148faa69a17c7f0ea39c1c8fe7cf57667bd31c5e023987a404bf2748?s=96&d=mm&r=g\",\"contentUrl\":\"https:\/\/secure.gravatar.com\/avatar\/a805f008148faa69a17c7f0ea39c1c8fe7cf57667bd31c5e023987a404bf2748?s=96&d=mm&r=g\",\"caption\":\"Icon-Icon\"},\"url\":\"https:\/\/www.icon-icon.com\/en\/author\/icon\/\"}]}<\/script>\n<!-- \/ Yoast SEO plugin. -->","yoast_head_json":{"title":"Les \u00c9tangs de Corot - ICON-ICON","description":"To celebrate the summer of 2024, Les \u00c9tangs de Corot offers an immersion in a haven of greenery and preserved nature","robots":{"index":"index","follow":"follow","max-snippet":"max-snippet:-1","max-image-preview":"max-image-preview:large","max-video-preview":"max-video-preview:-1"},"canonical":"https:\/\/www.icon-icon.com\/en\/les-etangs-de-corot\/","og_locale":"en_US","og_type":"article","og_title":"Les \u00c9tangs de Corot - ICON-ICON","og_description":"To celebrate the summer of 2024, Les \u00c9tangs de Corot offers an immersion in a haven of greenery and preserved nature","og_url":"https:\/\/www.icon-icon.com\/en\/les-etangs-de-corot\/","og_site_name":"ICON-ICON","article_published_time":"2024-07-18T04:36:28+00:00","article_modified_time":"2024-07-18T07:37:41+00:00","og_image":[{"width":900,"height":500,"url":"https:\/\/www.icon-icon.com\/wp-content\/uploads\/2024\/07\/la-terrasse-du-restaurant-1.jpg","type":"image\/jpeg"}],"author":"Icon-Icon","twitter_card":"summary_large_image","twitter_misc":{"Written by":"Icon-Icon","Est. reading time":"4 minutes"},"schema":{"@context":"https:\/\/schema.org","@graph":[{"@type":"Article","@id":"https:\/\/www.icon-icon.com\/en\/les-etangs-de-corot\/#article","isPartOf":{"@id":"https:\/\/www.icon-icon.com\/en\/les-etangs-de-corot\/"},"author":{"name":"Icon-Icon","@id":"https:\/\/www.icon-icon.com\/#\/schema\/person\/e55d52fc3eb90f0f596d4040244e9e8a"},"headline":"Les \u00c9tangs de Corot","datePublished":"2024-07-18T04:36:28+00:00","dateModified":"2024-07-18T07:37:41+00:00","mainEntityOfPage":{"@id":"https:\/\/www.icon-icon.com\/en\/les-etangs-de-corot\/"},"wordCount":569,"image":{"@id":"https:\/\/www.icon-icon.com\/en\/les-etangs-de-corot\/#primaryimage"},"thumbnailUrl":"https:\/\/www.icon-icon.com\/wp-content\/uploads\/2024\/07\/la-terrasse-du-restaurant-1.jpg","keywords":["Chef R\u00e9mi Chambard","immersion in a haven of greenery","Les \u00c9tangs de Corot","Michelin-starred","Terrace at Les \u00c9tangs de Corot"],"articleSection":["Destinations Iconiques","H\u00f4tels","Hotels &amp; Chefs","Iconic posts","Iconic Posts A"],"inLanguage":"en-US"},{"@type":"WebPage","@id":"https:\/\/www.icon-icon.com\/en\/les-etangs-de-corot\/","url":"https:\/\/www.icon-icon.com\/en\/les-etangs-de-corot\/","name":"Les \u00c9tangs de Corot - ICON-ICON","isPartOf":{"@id":"https:\/\/www.icon-icon.com\/#website"},"primaryImageOfPage":{"@id":"https:\/\/www.icon-icon.com\/en\/les-etangs-de-corot\/#primaryimage"},"image":{"@id":"https:\/\/www.icon-icon.com\/en\/les-etangs-de-corot\/#primaryimage"},"thumbnailUrl":"https:\/\/www.icon-icon.com\/wp-content\/uploads\/2024\/07\/la-terrasse-du-restaurant-1.jpg","datePublished":"2024-07-18T04:36:28+00:00","dateModified":"2024-07-18T07:37:41+00:00","author":{"@id":"https:\/\/www.icon-icon.com\/#\/schema\/person\/e55d52fc3eb90f0f596d4040244e9e8a"},"description":"To celebrate the summer of 2024, Les \u00c9tangs de Corot offers an immersion in a haven of greenery and preserved nature","breadcrumb":{"@id":"https:\/\/www.icon-icon.com\/en\/les-etangs-de-corot\/#breadcrumb"},"inLanguage":"en-US","potentialAction":[{"@type":"ReadAction","target":["https:\/\/www.icon-icon.com\/en\/les-etangs-de-corot\/"]}]},{"@type":"ImageObject","inLanguage":"en-US","@id":"https:\/\/www.icon-icon.com\/en\/les-etangs-de-corot\/#primaryimage","url":"https:\/\/www.icon-icon.com\/wp-content\/uploads\/2024\/07\/la-terrasse-du-restaurant-1.jpg","contentUrl":"https:\/\/www.icon-icon.com\/wp-content\/uploads\/2024\/07\/la-terrasse-du-restaurant-1.jpg","width":900,"height":500},{"@type":"BreadcrumbList","@id":"https:\/\/www.icon-icon.com\/en\/les-etangs-de-corot\/#breadcrumb","itemListElement":[{"@type":"ListItem","position":1,"name":"Accueil","item":"https:\/\/www.icon-icon.com\/en\/"},{"@type":"ListItem","position":2,"name":"Les \u00c9tangs de Corot"}]},{"@type":"WebSite","@id":"https:\/\/www.icon-icon.com\/#website","url":"https:\/\/www.icon-icon.com\/","name":"ICON-ICON","description":"Luxury Stories","potentialAction":[{"@type":"SearchAction","target":{"@type":"EntryPoint","urlTemplate":"https:\/\/www.icon-icon.com\/?s={search_term_string}"},"query-input":{"@type":"PropertyValueSpecification","valueRequired":true,"valueName":"search_term_string"}}],"inLanguage":"en-US"},{"@type":"Person","@id":"https:\/\/www.icon-icon.com\/#\/schema\/person\/e55d52fc3eb90f0f596d4040244e9e8a","name":"Icon-Icon","image":{"@type":"ImageObject","inLanguage":"en-US","@id":"https:\/\/secure.gravatar.com\/avatar\/a805f008148faa69a17c7f0ea39c1c8fe7cf57667bd31c5e023987a404bf2748?s=96&d=mm&r=g","url":"https:\/\/secure.gravatar.com\/avatar\/a805f008148faa69a17c7f0ea39c1c8fe7cf57667bd31c5e023987a404bf2748?s=96&d=mm&r=g","contentUrl":"https:\/\/secure.gravatar.com\/avatar\/a805f008148faa69a17c7f0ea39c1c8fe7cf57667bd31c5e023987a404bf2748?s=96&d=mm&r=g","caption":"Icon-Icon"},"url":"https:\/\/www.icon-icon.com\/en\/author\/icon\/"}]}},"_links":{"self":[{"href":"https:\/\/www.icon-icon.com\/en\/wp-json\/wp\/v2\/posts\/100479","targetHints":{"allow":["GET"]}}],"collection":[{"href":"https:\/\/www.icon-icon.com\/en\/wp-json\/wp\/v2\/posts"}],"about":[{"href":"https:\/\/www.icon-icon.com\/en\/wp-json\/wp\/v2\/types\/post"}],"author":[{"embeddable":true,"href":"https:\/\/www.icon-icon.com\/en\/wp-json\/wp\/v2\/users\/3"}],"replies":[{"embeddable":true,"href":"https:\/\/www.icon-icon.com\/en\/wp-json\/wp\/v2\/comments?post=100479"}],"version-history":[{"count":3,"href":"https:\/\/www.icon-icon.com\/en\/wp-json\/wp\/v2\/posts\/100479\/revisions"}],"predecessor-version":[{"id":100509,"href":"https:\/\/www.icon-icon.com\/en\/wp-json\/wp\/v2\/posts\/100479\/revisions\/100509"}],"wp:featuredmedia":[{"embeddable":true,"href":"https:\/\/www.icon-icon.com\/en\/wp-json\/wp\/v2\/media\/100480"}],"wp:attachment":[{"href":"https:\/\/www.icon-icon.com\/en\/wp-json\/wp\/v2\/media?parent=100479"}],"wp:term":[{"taxonomy":"category","embeddable":true,"href":"https:\/\/www.icon-icon.com\/en\/wp-json\/wp\/v2\/categories?post=100479"},{"taxonomy":"post_tag","embeddable":true,"href":"https:\/\/www.icon-icon.com\/en\/wp-json\/wp\/v2\/tags?post=100479"}],"curies":[{"name":"wp","href":"https:\/\/api.w.org\/{rel}","templated":true}]}}