


{"id":615,"date":"2013-05-21T15:57:05","date_gmt":"2013-05-21T13:57:05","guid":{"rendered":"http:\/\/icon-vrai.loc\/2013\/05\/21\/celine-plaid-coat\/"},"modified":"2020-10-21T00:18:59","modified_gmt":"2020-10-20T22:18:59","slug":"celine-plaid-coat","status":"publish","type":"post","link":"http:\/\/www.icon-icon.com\/en\/celine-plaid-coat\/","title":{"rendered":"C\u00e9line Plaid Coat"},"content":{"rendered":"<p>Employing every bit of her savvy rigor, Phoebe Philo uses looped fabrics to concoct coats that seem to be made like cocoons. This texture produces a soft and ideal geometric volume; the coat, what with its loose hems, rounded lines, and knee-length, sums up all of Philo\u2019s signatures: comfort and structure.&nbsp;Moreover, the coat disposes of a strange motif. Gone is the Scottish classic; here, the English designer is playing with the mythic plaid design from the multicultural bag, multicultural and multifunctional as ever. The result: the top part takes an ordinary aura, tracing daily life. It\u2019s enough to de-dramatize an oh-so-powerful piece with perfection.<\/p>\n","protected":false},"excerpt":{"rendered":"<p>Employing every bit of her savvy rigor, Phoebe Philo uses looped fabrics to concoct coats that seem to be made like cocoons. This texture produces a soft and ideal geometric volume; the coat, what with its loose hems, rounded lines, and knee-length, sums up all of Philo\u2019s signatures: comfort and structure.&nbsp;Moreover, the coat disposes of&#8230;<\/p>\n","protected":false},"author":3,"featured_media":612,"comment_status":"open","ping_status":"open","sticky":false,"template":"","format":"standard","meta":{"_acf_changed":false,"footnotes":""},"categories":[32,6],"tags":[1262,2151,2152,2157,37,2154,36,1248,2155,332,2153,2156,399,1247],"class_list":["post-615","post","type-post","status-publish","format-standard","has-post-thumbnail","hentry","category-fashion-accessories","category-ready-to-wear","tag-1262","tag-celine-coat-plaids","tag-celine-minimalism","tag-coat-celine-2013","tag-emblematic","tag-geometric-volume-celine-coat","tag-iconic","tag-luxury","tag-motif-manteau-celine","tag-objects-of-desire","tag-phoebe-philo-celine","tag-plaids-bag-multicultural-celine","tag-trends","tag-vogue"],"acf":[],"yoast_head":"<!-- This site is optimized with the Yoast SEO plugin v27.2 - https:\/\/yoast.com\/product\/yoast-seo-wordpress\/ -->\n<title>C\u00e9line Plaid Coat - ICON-ICON<\/title>\n<meta name=\"robots\" content=\"index, follow, max-snippet:-1, max-image-preview:large, max-video-preview:-1\" \/>\n<link rel=\"canonical\" href=\"https:\/\/www.icon-icon.com\/en\/celine-plaid-coat\/\" \/>\n<meta property=\"og:locale\" content=\"en_US\" \/>\n<meta property=\"og:type\" content=\"article\" \/>\n<meta property=\"og:title\" content=\"C\u00e9line Plaid Coat - ICON-ICON\" \/>\n<meta property=\"og:description\" content=\"Employing every bit of her savvy rigor, Phoebe Philo uses looped fabrics to concoct coats that seem to be made like cocoons. This texture produces a soft and ideal geometric volume; the coat, what with its loose hems, rounded lines, and knee-length, sums up all of Philo\u2019s signatures: comfort and structure.&nbsp;Moreover, the coat disposes of...\" \/>\n<meta property=\"og:url\" content=\"https:\/\/www.icon-icon.com\/en\/celine-plaid-coat\/\" \/>\n<meta property=\"og:site_name\" content=\"ICON-ICON\" \/>\n<meta property=\"article:published_time\" content=\"2013-05-21T13:57:05+00:00\" \/>\n<meta property=\"article:modified_time\" content=\"2020-10-20T22:18:59+00:00\" \/>\n<meta property=\"og:image\" content=\"https:\/\/www.icon-icon.com\/wp-content\/uploads\/2013\/05\/CELINECARREAU.jpg\" \/>\n\t<meta property=\"og:image:width\" content=\"450\" \/>\n\t<meta property=\"og:image:height\" content=\"675\" \/>\n\t<meta property=\"og:image:type\" content=\"image\/jpeg\" \/>\n<meta name=\"author\" content=\"Icon-Icon\" \/>\n<meta name=\"twitter:card\" content=\"summary_large_image\" \/>\n<meta name=\"twitter:label1\" content=\"Written by\" \/>\n\t<meta name=\"twitter:data1\" content=\"Icon-Icon\" \/>\n\t<meta name=\"twitter:label2\" content=\"Est. reading time\" \/>\n\t<meta name=\"twitter:data2\" content=\"1 minute\" \/>\n<script type=\"application\/ld+json\" class=\"yoast-schema-graph\">{\"@context\":\"https:\/\/schema.org\",\"@graph\":[{\"@type\":\"Article\",\"@id\":\"https:\/\/www.icon-icon.com\/en\/celine-plaid-coat\/#article\",\"isPartOf\":{\"@id\":\"https:\/\/www.icon-icon.com\/en\/celine-plaid-coat\/\"},\"author\":{\"name\":\"Icon-Icon\",\"@id\":\"https:\/\/www.icon-icon.com\/#\/schema\/person\/e55d52fc3eb90f0f596d4040244e9e8a\"},\"headline\":\"C\u00e9line Plaid Coat\",\"datePublished\":\"2013-05-21T13:57:05+00:00\",\"dateModified\":\"2020-10-20T22:18:59+00:00\",\"mainEntityOfPage\":{\"@id\":\"https:\/\/www.icon-icon.com\/en\/celine-plaid-coat\/\"},\"wordCount\":112,\"commentCount\":0,\"image\":{\"@id\":\"https:\/\/www.icon-icon.com\/en\/celine-plaid-coat\/#primaryimage\"},\"thumbnailUrl\":\"http:\/\/www.icon-icon.com\/wp-content\/uploads\/2013\/05\/CELINECARREAU.jpg\",\"keywords\":[\"2013\",\"C\u00e9line-coat-plaids\",\"c\u00e9line-minimalism\",\"coat-c\u00e9line-2013\",\"emblematic\",\"geometric-volume-c\u00e9line-coat\",\"iconic\",\"luxury\",\"motif-manteau-c\u00e9line\",\"objects-of-desire\",\"phoebe-philo-c\u00e9line\",\"plaids-bag-multicultural-c\u00e9line\",\"trends\",\"vogue\"],\"articleSection\":[\"Fashion &amp; accessories\",\"Ready To Wear\"],\"inLanguage\":\"en-US\",\"potentialAction\":[{\"@type\":\"CommentAction\",\"name\":\"Comment\",\"target\":[\"https:\/\/www.icon-icon.com\/en\/celine-plaid-coat\/#respond\"]}]},{\"@type\":\"WebPage\",\"@id\":\"https:\/\/www.icon-icon.com\/en\/celine-plaid-coat\/\",\"url\":\"https:\/\/www.icon-icon.com\/en\/celine-plaid-coat\/\",\"name\":\"C\u00e9line Plaid Coat - ICON-ICON\",\"isPartOf\":{\"@id\":\"https:\/\/www.icon-icon.com\/#website\"},\"primaryImageOfPage\":{\"@id\":\"https:\/\/www.icon-icon.com\/en\/celine-plaid-coat\/#primaryimage\"},\"image\":{\"@id\":\"https:\/\/www.icon-icon.com\/en\/celine-plaid-coat\/#primaryimage\"},\"thumbnailUrl\":\"http:\/\/www.icon-icon.com\/wp-content\/uploads\/2013\/05\/CELINECARREAU.jpg\",\"datePublished\":\"2013-05-21T13:57:05+00:00\",\"dateModified\":\"2020-10-20T22:18:59+00:00\",\"author\":{\"@id\":\"https:\/\/www.icon-icon.com\/#\/schema\/person\/e55d52fc3eb90f0f596d4040244e9e8a\"},\"breadcrumb\":{\"@id\":\"https:\/\/www.icon-icon.com\/en\/celine-plaid-coat\/#breadcrumb\"},\"inLanguage\":\"en-US\",\"potentialAction\":[{\"@type\":\"ReadAction\",\"target\":[\"https:\/\/www.icon-icon.com\/en\/celine-plaid-coat\/\"]}]},{\"@type\":\"ImageObject\",\"inLanguage\":\"en-US\",\"@id\":\"https:\/\/www.icon-icon.com\/en\/celine-plaid-coat\/#primaryimage\",\"url\":\"http:\/\/www.icon-icon.com\/wp-content\/uploads\/2013\/05\/CELINECARREAU.jpg\",\"contentUrl\":\"http:\/\/www.icon-icon.com\/wp-content\/uploads\/2013\/05\/CELINECARREAU.jpg\",\"width\":450,\"height\":675,\"caption\":\"CELINECARREAU.jpg\"},{\"@type\":\"BreadcrumbList\",\"@id\":\"https:\/\/www.icon-icon.com\/en\/celine-plaid-coat\/#breadcrumb\",\"itemListElement\":[{\"@type\":\"ListItem\",\"position\":1,\"name\":\"Accueil\",\"item\":\"https:\/\/www.icon-icon.com\/en\/\"},{\"@type\":\"ListItem\",\"position\":2,\"name\":\"C\u00e9line Plaid Coat\"}]},{\"@type\":\"WebSite\",\"@id\":\"https:\/\/www.icon-icon.com\/#website\",\"url\":\"https:\/\/www.icon-icon.com\/\",\"name\":\"ICON-ICON\",\"description\":\"Luxury Stories\",\"potentialAction\":[{\"@type\":\"SearchAction\",\"target\":{\"@type\":\"EntryPoint\",\"urlTemplate\":\"https:\/\/www.icon-icon.com\/?s={search_term_string}\"},\"query-input\":{\"@type\":\"PropertyValueSpecification\",\"valueRequired\":true,\"valueName\":\"search_term_string\"}}],\"inLanguage\":\"en-US\"},{\"@type\":\"Person\",\"@id\":\"https:\/\/www.icon-icon.com\/#\/schema\/person\/e55d52fc3eb90f0f596d4040244e9e8a\",\"name\":\"Icon-Icon\",\"image\":{\"@type\":\"ImageObject\",\"inLanguage\":\"en-US\",\"@id\":\"https:\/\/secure.gravatar.com\/avatar\/a805f008148faa69a17c7f0ea39c1c8fe7cf57667bd31c5e023987a404bf2748?s=96&d=mm&r=g\",\"url\":\"https:\/\/secure.gravatar.com\/avatar\/a805f008148faa69a17c7f0ea39c1c8fe7cf57667bd31c5e023987a404bf2748?s=96&d=mm&r=g\",\"contentUrl\":\"https:\/\/secure.gravatar.com\/avatar\/a805f008148faa69a17c7f0ea39c1c8fe7cf57667bd31c5e023987a404bf2748?s=96&d=mm&r=g\",\"caption\":\"Icon-Icon\"},\"url\":\"http:\/\/www.icon-icon.com\/en\/author\/icon\/\"}]}<\/script>\n<!-- \/ Yoast SEO plugin. -->","yoast_head_json":{"title":"C\u00e9line Plaid Coat - ICON-ICON","robots":{"index":"index","follow":"follow","max-snippet":"max-snippet:-1","max-image-preview":"max-image-preview:large","max-video-preview":"max-video-preview:-1"},"canonical":"https:\/\/www.icon-icon.com\/en\/celine-plaid-coat\/","og_locale":"en_US","og_type":"article","og_title":"C\u00e9line Plaid Coat - ICON-ICON","og_description":"Employing every bit of her savvy rigor, Phoebe Philo uses looped fabrics to concoct coats that seem to be made like cocoons. This texture produces a soft and ideal geometric volume; the coat, what with its loose hems, rounded lines, and knee-length, sums up all of Philo\u2019s signatures: comfort and structure.&nbsp;Moreover, the coat disposes of...","og_url":"https:\/\/www.icon-icon.com\/en\/celine-plaid-coat\/","og_site_name":"ICON-ICON","article_published_time":"2013-05-21T13:57:05+00:00","article_modified_time":"2020-10-20T22:18:59+00:00","og_image":[{"width":450,"height":675,"url":"https:\/\/www.icon-icon.com\/wp-content\/uploads\/2013\/05\/CELINECARREAU.jpg","type":"image\/jpeg"}],"author":"Icon-Icon","twitter_card":"summary_large_image","twitter_misc":{"Written by":"Icon-Icon","Est. reading time":"1 minute"},"schema":{"@context":"https:\/\/schema.org","@graph":[{"@type":"Article","@id":"https:\/\/www.icon-icon.com\/en\/celine-plaid-coat\/#article","isPartOf":{"@id":"https:\/\/www.icon-icon.com\/en\/celine-plaid-coat\/"},"author":{"name":"Icon-Icon","@id":"https:\/\/www.icon-icon.com\/#\/schema\/person\/e55d52fc3eb90f0f596d4040244e9e8a"},"headline":"C\u00e9line Plaid Coat","datePublished":"2013-05-21T13:57:05+00:00","dateModified":"2020-10-20T22:18:59+00:00","mainEntityOfPage":{"@id":"https:\/\/www.icon-icon.com\/en\/celine-plaid-coat\/"},"wordCount":112,"commentCount":0,"image":{"@id":"https:\/\/www.icon-icon.com\/en\/celine-plaid-coat\/#primaryimage"},"thumbnailUrl":"http:\/\/www.icon-icon.com\/wp-content\/uploads\/2013\/05\/CELINECARREAU.jpg","keywords":["2013","C\u00e9line-coat-plaids","c\u00e9line-minimalism","coat-c\u00e9line-2013","emblematic","geometric-volume-c\u00e9line-coat","iconic","luxury","motif-manteau-c\u00e9line","objects-of-desire","phoebe-philo-c\u00e9line","plaids-bag-multicultural-c\u00e9line","trends","vogue"],"articleSection":["Fashion &amp; accessories","Ready To Wear"],"inLanguage":"en-US","potentialAction":[{"@type":"CommentAction","name":"Comment","target":["https:\/\/www.icon-icon.com\/en\/celine-plaid-coat\/#respond"]}]},{"@type":"WebPage","@id":"https:\/\/www.icon-icon.com\/en\/celine-plaid-coat\/","url":"https:\/\/www.icon-icon.com\/en\/celine-plaid-coat\/","name":"C\u00e9line Plaid Coat - ICON-ICON","isPartOf":{"@id":"https:\/\/www.icon-icon.com\/#website"},"primaryImageOfPage":{"@id":"https:\/\/www.icon-icon.com\/en\/celine-plaid-coat\/#primaryimage"},"image":{"@id":"https:\/\/www.icon-icon.com\/en\/celine-plaid-coat\/#primaryimage"},"thumbnailUrl":"http:\/\/www.icon-icon.com\/wp-content\/uploads\/2013\/05\/CELINECARREAU.jpg","datePublished":"2013-05-21T13:57:05+00:00","dateModified":"2020-10-20T22:18:59+00:00","author":{"@id":"https:\/\/www.icon-icon.com\/#\/schema\/person\/e55d52fc3eb90f0f596d4040244e9e8a"},"breadcrumb":{"@id":"https:\/\/www.icon-icon.com\/en\/celine-plaid-coat\/#breadcrumb"},"inLanguage":"en-US","potentialAction":[{"@type":"ReadAction","target":["https:\/\/www.icon-icon.com\/en\/celine-plaid-coat\/"]}]},{"@type":"ImageObject","inLanguage":"en-US","@id":"https:\/\/www.icon-icon.com\/en\/celine-plaid-coat\/#primaryimage","url":"http:\/\/www.icon-icon.com\/wp-content\/uploads\/2013\/05\/CELINECARREAU.jpg","contentUrl":"http:\/\/www.icon-icon.com\/wp-content\/uploads\/2013\/05\/CELINECARREAU.jpg","width":450,"height":675,"caption":"CELINECARREAU.jpg"},{"@type":"BreadcrumbList","@id":"https:\/\/www.icon-icon.com\/en\/celine-plaid-coat\/#breadcrumb","itemListElement":[{"@type":"ListItem","position":1,"name":"Accueil","item":"https:\/\/www.icon-icon.com\/en\/"},{"@type":"ListItem","position":2,"name":"C\u00e9line Plaid Coat"}]},{"@type":"WebSite","@id":"https:\/\/www.icon-icon.com\/#website","url":"https:\/\/www.icon-icon.com\/","name":"ICON-ICON","description":"Luxury Stories","potentialAction":[{"@type":"SearchAction","target":{"@type":"EntryPoint","urlTemplate":"https:\/\/www.icon-icon.com\/?s={search_term_string}"},"query-input":{"@type":"PropertyValueSpecification","valueRequired":true,"valueName":"search_term_string"}}],"inLanguage":"en-US"},{"@type":"Person","@id":"https:\/\/www.icon-icon.com\/#\/schema\/person\/e55d52fc3eb90f0f596d4040244e9e8a","name":"Icon-Icon","image":{"@type":"ImageObject","inLanguage":"en-US","@id":"https:\/\/secure.gravatar.com\/avatar\/a805f008148faa69a17c7f0ea39c1c8fe7cf57667bd31c5e023987a404bf2748?s=96&d=mm&r=g","url":"https:\/\/secure.gravatar.com\/avatar\/a805f008148faa69a17c7f0ea39c1c8fe7cf57667bd31c5e023987a404bf2748?s=96&d=mm&r=g","contentUrl":"https:\/\/secure.gravatar.com\/avatar\/a805f008148faa69a17c7f0ea39c1c8fe7cf57667bd31c5e023987a404bf2748?s=96&d=mm&r=g","caption":"Icon-Icon"},"url":"http:\/\/www.icon-icon.com\/en\/author\/icon\/"}]}},"_links":{"self":[{"href":"http:\/\/www.icon-icon.com\/en\/wp-json\/wp\/v2\/posts\/615","targetHints":{"allow":["GET"]}}],"collection":[{"href":"http:\/\/www.icon-icon.com\/en\/wp-json\/wp\/v2\/posts"}],"about":[{"href":"http:\/\/www.icon-icon.com\/en\/wp-json\/wp\/v2\/types\/post"}],"author":[{"embeddable":true,"href":"http:\/\/www.icon-icon.com\/en\/wp-json\/wp\/v2\/users\/3"}],"replies":[{"embeddable":true,"href":"http:\/\/www.icon-icon.com\/en\/wp-json\/wp\/v2\/comments?post=615"}],"version-history":[{"count":1,"href":"http:\/\/www.icon-icon.com\/en\/wp-json\/wp\/v2\/posts\/615\/revisions"}],"predecessor-version":[{"id":34314,"href":"http:\/\/www.icon-icon.com\/en\/wp-json\/wp\/v2\/posts\/615\/revisions\/34314"}],"wp:featuredmedia":[{"embeddable":true,"href":"http:\/\/www.icon-icon.com\/en\/wp-json\/wp\/v2\/media\/612"}],"wp:attachment":[{"href":"http:\/\/www.icon-icon.com\/en\/wp-json\/wp\/v2\/media?parent=615"}],"wp:term":[{"taxonomy":"category","embeddable":true,"href":"http:\/\/www.icon-icon.com\/en\/wp-json\/wp\/v2\/categories?post=615"},{"taxonomy":"post_tag","embeddable":true,"href":"http:\/\/www.icon-icon.com\/en\/wp-json\/wp\/v2\/tags?post=615"}],"curies":[{"name":"wp","href":"https:\/\/api.w.org\/{rel}","templated":true}]}}