


{"id":446,"date":"2013-05-21T14:04:13","date_gmt":"2013-05-21T12:04:13","guid":{"rendered":"http:\/\/icon-vrai.loc\/2013\/05\/21\/the-hotel-martinez\/"},"modified":"2020-10-21T00:19:08","modified_gmt":"2020-10-20T22:19:08","slug":"the-hotel-martinez","status":"publish","type":"post","link":"http:\/\/www.icon-icon.com\/en\/the-hotel-martinez\/","title":{"rendered":"The H\u00f4tel Martinez"},"content":{"rendered":"<div>Constructed in 1927 in an Art Deco style, then renovated in 1988, this imposing building has been part of a general inventory of cultural patrimony since 2001. During the 2013 Cannes Film Festival, the stars and other onlookers will surely be surprised to see the words \u201cGrand Hyatt\u201d tacked onto the name \u201cMartinez\u201d; the giant international hotel chain has been put in charge of managing the institution. The hotel will nevertheless keep the characteristics that gave it its renown: 409 rooms including 27 suites, a private sand beach, a 2 Michelin-starred restaurant &#8211; La Palme d\u2019Or &#8211; that is the only one in Cannes. This restaurant, keeping in line with an old custom, always hosts the members of the jury and its President &#8211; this year, Audrey Tautou is the Master of Ceremonies &#8211; the night before the opening of the official competition. Clint Eastwood, Leonardo DiCaprio, and Brad Pitt are all well accustomed to this \u00e9toil\u00e9 restaurant.<\/div>\n<div>Moreover, the private outdoor pool and the 900 m\u00b2 Spa Martinez make this destination particularly popular with stars and other actors during the festival. French TV channel Canal + has set up shop every year since 1986 on the Martinez\u2019s private beach for their \u201csp\u00e9cial festival de Cannes\u201d news broadcast. Before the festival\u2019s creation in 1946, the hotel was more frequented by intellectuals like Paul Val\u00e9ry or industrialists like Andr\u00e9 Citro\u00ebn that came to rest and recharge. But it has since become a sort of resort for Hollywood stars and muses of the 7th art with notably Liz Taylor, Charlie Chaplin, and more recently Scarlett Johansson and Monica Bellucci among its clients. The Martinez is also a party destination. Jamiroqua\u00ef offered a concert to festival-goers in 2011 that excited and ravished them with a colorful show in the salons of the Martinez.<\/div>\n<div>The owners may now be Qatari while the managers are American, but stars and other actors will still no doubt flock to France to spend time in this iconic hotel during the Cannes festival.<\/div>\n","protected":false},"excerpt":{"rendered":"<p>Constructed in 1927 in an Art Deco style, then renovated in 1988, this imposing building has been part of a general inventory of cultural patrimony since 2001. During the 2013 Cannes Film Festival, the stars and other onlookers will surely be surprised to see the words \u201cGrand Hyatt\u201d tacked onto the name \u201cMartinez\u201d; the giant&#8230;<\/p>\n","protected":false},"author":3,"featured_media":442,"comment_status":"open","ping_status":"open","sticky":false,"template":"","format":"standard","meta":{"_acf_changed":false,"footnotes":""},"categories":[30],"tags":[1671,1552,1678,1201,1689,71,1680,1692,1687,1684,1690,1691,1686,1679,1672,1688,1685,1674],"class_list":["post-446","post","type-post","status-publish","format-standard","has-post-thumbnail","hentry","category-hotels-chefs-2","tag-andre-citroen","tag-art-deco","tag-audrey-tautou","tag-cannes","tag-cannes-film-festival","tag-charlie-chaplin","tag-grand-hyatt","tag-hollywood","tag-hotel-martinez","tag-liz-taylor","tag-luxury-palaces","tag-michelin","tag-monica-bellucci","tag-palme-d-or","tag-paul-valery","tag-qatari","tag-scarlett-johansson","tag-spa-martinez"],"acf":[],"yoast_head":"<!-- This site is optimized with the Yoast SEO plugin v27.2 - https:\/\/yoast.com\/product\/yoast-seo-wordpress\/ -->\n<title>The H\u00f4tel Martinez - ICON-ICON<\/title>\n<meta name=\"robots\" content=\"index, follow, max-snippet:-1, max-image-preview:large, max-video-preview:-1\" \/>\n<link rel=\"canonical\" href=\"https:\/\/www.icon-icon.com\/en\/the-hotel-martinez\/\" \/>\n<meta property=\"og:locale\" content=\"en_US\" \/>\n<meta property=\"og:type\" content=\"article\" \/>\n<meta property=\"og:title\" content=\"The H\u00f4tel Martinez - ICON-ICON\" \/>\n<meta property=\"og:description\" content=\"Constructed in 1927 in an Art Deco style, then renovated in 1988, this imposing building has been part of a general inventory of cultural patrimony since 2001. During the 2013 Cannes Film Festival, the stars and other onlookers will surely be surprised to see the words \u201cGrand Hyatt\u201d tacked onto the name \u201cMartinez\u201d; the giant...\" \/>\n<meta property=\"og:url\" content=\"https:\/\/www.icon-icon.com\/en\/the-hotel-martinez\/\" \/>\n<meta property=\"og:site_name\" content=\"ICON-ICON\" \/>\n<meta property=\"article:published_time\" content=\"2013-05-21T12:04:13+00:00\" \/>\n<meta property=\"article:modified_time\" content=\"2020-10-20T22:19:08+00:00\" \/>\n<meta property=\"og:image\" content=\"https:\/\/www.icon-icon.com\/wp-content\/uploads\/2015\/05\/mart.jpg\" \/>\n\t<meta property=\"og:image:width\" content=\"650\" \/>\n\t<meta property=\"og:image:height\" content=\"433\" \/>\n\t<meta property=\"og:image:type\" content=\"image\/jpeg\" \/>\n<meta name=\"author\" content=\"Icon-Icon\" \/>\n<meta name=\"twitter:card\" content=\"summary_large_image\" \/>\n<meta name=\"twitter:label1\" content=\"Written by\" \/>\n\t<meta name=\"twitter:data1\" content=\"Icon-Icon\" \/>\n\t<meta name=\"twitter:label2\" content=\"Est. reading time\" \/>\n\t<meta name=\"twitter:data2\" content=\"2 minutes\" \/>\n<script type=\"application\/ld+json\" class=\"yoast-schema-graph\">{\"@context\":\"https:\/\/schema.org\",\"@graph\":[{\"@type\":\"Article\",\"@id\":\"https:\/\/www.icon-icon.com\/en\/the-hotel-martinez\/#article\",\"isPartOf\":{\"@id\":\"https:\/\/www.icon-icon.com\/en\/the-hotel-martinez\/\"},\"author\":{\"name\":\"Icon-Icon\",\"@id\":\"https:\/\/www.icon-icon.com\/#\/schema\/person\/e55d52fc3eb90f0f596d4040244e9e8a\"},\"headline\":\"The H\u00f4tel Martinez\",\"datePublished\":\"2013-05-21T12:04:13+00:00\",\"dateModified\":\"2020-10-20T22:19:08+00:00\",\"mainEntityOfPage\":{\"@id\":\"https:\/\/www.icon-icon.com\/en\/the-hotel-martinez\/\"},\"wordCount\":332,\"commentCount\":0,\"image\":{\"@id\":\"https:\/\/www.icon-icon.com\/en\/the-hotel-martinez\/#primaryimage\"},\"thumbnailUrl\":\"http:\/\/www.icon-icon.com\/wp-content\/uploads\/2015\/05\/mart.jpg\",\"keywords\":[\"Andr\u00e9-Citro\u00ebn\",\"Art-D\u00e9co\",\"Audrey-Tautou\",\"cannes\",\"Cannes-Film-Festival\",\"charlie-chaplin\",\"Grand-Hyatt\",\"Hollywood\",\"H\u00f4tel-Martinez\",\"Liz-Taylor\",\"luxury-palaces\",\"Michelin\",\"Monica-Bellucci\",\"Palme-d-Or\",\"Paul-Val\u00e9ry\",\"Qatari\",\"Scarlett-Johansson\",\"Spa-Martinez\"],\"articleSection\":[\"Hotels &amp; Chefs\"],\"inLanguage\":\"en-US\",\"potentialAction\":[{\"@type\":\"CommentAction\",\"name\":\"Comment\",\"target\":[\"https:\/\/www.icon-icon.com\/en\/the-hotel-martinez\/#respond\"]}]},{\"@type\":\"WebPage\",\"@id\":\"https:\/\/www.icon-icon.com\/en\/the-hotel-martinez\/\",\"url\":\"https:\/\/www.icon-icon.com\/en\/the-hotel-martinez\/\",\"name\":\"The H\u00f4tel Martinez - ICON-ICON\",\"isPartOf\":{\"@id\":\"https:\/\/www.icon-icon.com\/#website\"},\"primaryImageOfPage\":{\"@id\":\"https:\/\/www.icon-icon.com\/en\/the-hotel-martinez\/#primaryimage\"},\"image\":{\"@id\":\"https:\/\/www.icon-icon.com\/en\/the-hotel-martinez\/#primaryimage\"},\"thumbnailUrl\":\"http:\/\/www.icon-icon.com\/wp-content\/uploads\/2015\/05\/mart.jpg\",\"datePublished\":\"2013-05-21T12:04:13+00:00\",\"dateModified\":\"2020-10-20T22:19:08+00:00\",\"author\":{\"@id\":\"https:\/\/www.icon-icon.com\/#\/schema\/person\/e55d52fc3eb90f0f596d4040244e9e8a\"},\"breadcrumb\":{\"@id\":\"https:\/\/www.icon-icon.com\/en\/the-hotel-martinez\/#breadcrumb\"},\"inLanguage\":\"en-US\",\"potentialAction\":[{\"@type\":\"ReadAction\",\"target\":[\"https:\/\/www.icon-icon.com\/en\/the-hotel-martinez\/\"]}]},{\"@type\":\"ImageObject\",\"inLanguage\":\"en-US\",\"@id\":\"https:\/\/www.icon-icon.com\/en\/the-hotel-martinez\/#primaryimage\",\"url\":\"http:\/\/www.icon-icon.com\/wp-content\/uploads\/2015\/05\/mart.jpg\",\"contentUrl\":\"http:\/\/www.icon-icon.com\/wp-content\/uploads\/2015\/05\/mart.jpg\",\"width\":650,\"height\":433,\"caption\":\"mart.jpg\"},{\"@type\":\"BreadcrumbList\",\"@id\":\"https:\/\/www.icon-icon.com\/en\/the-hotel-martinez\/#breadcrumb\",\"itemListElement\":[{\"@type\":\"ListItem\",\"position\":1,\"name\":\"Accueil\",\"item\":\"https:\/\/www.icon-icon.com\/en\/\"},{\"@type\":\"ListItem\",\"position\":2,\"name\":\"The H\u00f4tel Martinez\"}]},{\"@type\":\"WebSite\",\"@id\":\"https:\/\/www.icon-icon.com\/#website\",\"url\":\"https:\/\/www.icon-icon.com\/\",\"name\":\"ICON-ICON\",\"description\":\"Luxury Stories\",\"potentialAction\":[{\"@type\":\"SearchAction\",\"target\":{\"@type\":\"EntryPoint\",\"urlTemplate\":\"https:\/\/www.icon-icon.com\/?s={search_term_string}\"},\"query-input\":{\"@type\":\"PropertyValueSpecification\",\"valueRequired\":true,\"valueName\":\"search_term_string\"}}],\"inLanguage\":\"en-US\"},{\"@type\":\"Person\",\"@id\":\"https:\/\/www.icon-icon.com\/#\/schema\/person\/e55d52fc3eb90f0f596d4040244e9e8a\",\"name\":\"Icon-Icon\",\"image\":{\"@type\":\"ImageObject\",\"inLanguage\":\"en-US\",\"@id\":\"https:\/\/secure.gravatar.com\/avatar\/a805f008148faa69a17c7f0ea39c1c8fe7cf57667bd31c5e023987a404bf2748?s=96&d=mm&r=g\",\"url\":\"https:\/\/secure.gravatar.com\/avatar\/a805f008148faa69a17c7f0ea39c1c8fe7cf57667bd31c5e023987a404bf2748?s=96&d=mm&r=g\",\"contentUrl\":\"https:\/\/secure.gravatar.com\/avatar\/a805f008148faa69a17c7f0ea39c1c8fe7cf57667bd31c5e023987a404bf2748?s=96&d=mm&r=g\",\"caption\":\"Icon-Icon\"},\"url\":\"http:\/\/www.icon-icon.com\/en\/author\/icon\/\"}]}<\/script>\n<!-- \/ Yoast SEO plugin. -->","yoast_head_json":{"title":"The H\u00f4tel Martinez - ICON-ICON","robots":{"index":"index","follow":"follow","max-snippet":"max-snippet:-1","max-image-preview":"max-image-preview:large","max-video-preview":"max-video-preview:-1"},"canonical":"https:\/\/www.icon-icon.com\/en\/the-hotel-martinez\/","og_locale":"en_US","og_type":"article","og_title":"The H\u00f4tel Martinez - ICON-ICON","og_description":"Constructed in 1927 in an Art Deco style, then renovated in 1988, this imposing building has been part of a general inventory of cultural patrimony since 2001. During the 2013 Cannes Film Festival, the stars and other onlookers will surely be surprised to see the words \u201cGrand Hyatt\u201d tacked onto the name \u201cMartinez\u201d; the giant...","og_url":"https:\/\/www.icon-icon.com\/en\/the-hotel-martinez\/","og_site_name":"ICON-ICON","article_published_time":"2013-05-21T12:04:13+00:00","article_modified_time":"2020-10-20T22:19:08+00:00","og_image":[{"width":650,"height":433,"url":"https:\/\/www.icon-icon.com\/wp-content\/uploads\/2015\/05\/mart.jpg","type":"image\/jpeg"}],"author":"Icon-Icon","twitter_card":"summary_large_image","twitter_misc":{"Written by":"Icon-Icon","Est. reading time":"2 minutes"},"schema":{"@context":"https:\/\/schema.org","@graph":[{"@type":"Article","@id":"https:\/\/www.icon-icon.com\/en\/the-hotel-martinez\/#article","isPartOf":{"@id":"https:\/\/www.icon-icon.com\/en\/the-hotel-martinez\/"},"author":{"name":"Icon-Icon","@id":"https:\/\/www.icon-icon.com\/#\/schema\/person\/e55d52fc3eb90f0f596d4040244e9e8a"},"headline":"The H\u00f4tel Martinez","datePublished":"2013-05-21T12:04:13+00:00","dateModified":"2020-10-20T22:19:08+00:00","mainEntityOfPage":{"@id":"https:\/\/www.icon-icon.com\/en\/the-hotel-martinez\/"},"wordCount":332,"commentCount":0,"image":{"@id":"https:\/\/www.icon-icon.com\/en\/the-hotel-martinez\/#primaryimage"},"thumbnailUrl":"http:\/\/www.icon-icon.com\/wp-content\/uploads\/2015\/05\/mart.jpg","keywords":["Andr\u00e9-Citro\u00ebn","Art-D\u00e9co","Audrey-Tautou","cannes","Cannes-Film-Festival","charlie-chaplin","Grand-Hyatt","Hollywood","H\u00f4tel-Martinez","Liz-Taylor","luxury-palaces","Michelin","Monica-Bellucci","Palme-d-Or","Paul-Val\u00e9ry","Qatari","Scarlett-Johansson","Spa-Martinez"],"articleSection":["Hotels &amp; Chefs"],"inLanguage":"en-US","potentialAction":[{"@type":"CommentAction","name":"Comment","target":["https:\/\/www.icon-icon.com\/en\/the-hotel-martinez\/#respond"]}]},{"@type":"WebPage","@id":"https:\/\/www.icon-icon.com\/en\/the-hotel-martinez\/","url":"https:\/\/www.icon-icon.com\/en\/the-hotel-martinez\/","name":"The H\u00f4tel Martinez - ICON-ICON","isPartOf":{"@id":"https:\/\/www.icon-icon.com\/#website"},"primaryImageOfPage":{"@id":"https:\/\/www.icon-icon.com\/en\/the-hotel-martinez\/#primaryimage"},"image":{"@id":"https:\/\/www.icon-icon.com\/en\/the-hotel-martinez\/#primaryimage"},"thumbnailUrl":"http:\/\/www.icon-icon.com\/wp-content\/uploads\/2015\/05\/mart.jpg","datePublished":"2013-05-21T12:04:13+00:00","dateModified":"2020-10-20T22:19:08+00:00","author":{"@id":"https:\/\/www.icon-icon.com\/#\/schema\/person\/e55d52fc3eb90f0f596d4040244e9e8a"},"breadcrumb":{"@id":"https:\/\/www.icon-icon.com\/en\/the-hotel-martinez\/#breadcrumb"},"inLanguage":"en-US","potentialAction":[{"@type":"ReadAction","target":["https:\/\/www.icon-icon.com\/en\/the-hotel-martinez\/"]}]},{"@type":"ImageObject","inLanguage":"en-US","@id":"https:\/\/www.icon-icon.com\/en\/the-hotel-martinez\/#primaryimage","url":"http:\/\/www.icon-icon.com\/wp-content\/uploads\/2015\/05\/mart.jpg","contentUrl":"http:\/\/www.icon-icon.com\/wp-content\/uploads\/2015\/05\/mart.jpg","width":650,"height":433,"caption":"mart.jpg"},{"@type":"BreadcrumbList","@id":"https:\/\/www.icon-icon.com\/en\/the-hotel-martinez\/#breadcrumb","itemListElement":[{"@type":"ListItem","position":1,"name":"Accueil","item":"https:\/\/www.icon-icon.com\/en\/"},{"@type":"ListItem","position":2,"name":"The H\u00f4tel Martinez"}]},{"@type":"WebSite","@id":"https:\/\/www.icon-icon.com\/#website","url":"https:\/\/www.icon-icon.com\/","name":"ICON-ICON","description":"Luxury Stories","potentialAction":[{"@type":"SearchAction","target":{"@type":"EntryPoint","urlTemplate":"https:\/\/www.icon-icon.com\/?s={search_term_string}"},"query-input":{"@type":"PropertyValueSpecification","valueRequired":true,"valueName":"search_term_string"}}],"inLanguage":"en-US"},{"@type":"Person","@id":"https:\/\/www.icon-icon.com\/#\/schema\/person\/e55d52fc3eb90f0f596d4040244e9e8a","name":"Icon-Icon","image":{"@type":"ImageObject","inLanguage":"en-US","@id":"https:\/\/secure.gravatar.com\/avatar\/a805f008148faa69a17c7f0ea39c1c8fe7cf57667bd31c5e023987a404bf2748?s=96&d=mm&r=g","url":"https:\/\/secure.gravatar.com\/avatar\/a805f008148faa69a17c7f0ea39c1c8fe7cf57667bd31c5e023987a404bf2748?s=96&d=mm&r=g","contentUrl":"https:\/\/secure.gravatar.com\/avatar\/a805f008148faa69a17c7f0ea39c1c8fe7cf57667bd31c5e023987a404bf2748?s=96&d=mm&r=g","caption":"Icon-Icon"},"url":"http:\/\/www.icon-icon.com\/en\/author\/icon\/"}]}},"_links":{"self":[{"href":"http:\/\/www.icon-icon.com\/en\/wp-json\/wp\/v2\/posts\/446","targetHints":{"allow":["GET"]}}],"collection":[{"href":"http:\/\/www.icon-icon.com\/en\/wp-json\/wp\/v2\/posts"}],"about":[{"href":"http:\/\/www.icon-icon.com\/en\/wp-json\/wp\/v2\/types\/post"}],"author":[{"embeddable":true,"href":"http:\/\/www.icon-icon.com\/en\/wp-json\/wp\/v2\/users\/3"}],"replies":[{"embeddable":true,"href":"http:\/\/www.icon-icon.com\/en\/wp-json\/wp\/v2\/comments?post=446"}],"version-history":[{"count":1,"href":"http:\/\/www.icon-icon.com\/en\/wp-json\/wp\/v2\/posts\/446\/revisions"}],"predecessor-version":[{"id":34387,"href":"http:\/\/www.icon-icon.com\/en\/wp-json\/wp\/v2\/posts\/446\/revisions\/34387"}],"wp:featuredmedia":[{"embeddable":true,"href":"http:\/\/www.icon-icon.com\/en\/wp-json\/wp\/v2\/media\/442"}],"wp:attachment":[{"href":"http:\/\/www.icon-icon.com\/en\/wp-json\/wp\/v2\/media?parent=446"}],"wp:term":[{"taxonomy":"category","embeddable":true,"href":"http:\/\/www.icon-icon.com\/en\/wp-json\/wp\/v2\/categories?post=446"},{"taxonomy":"post_tag","embeddable":true,"href":"http:\/\/www.icon-icon.com\/en\/wp-json\/wp\/v2\/tags?post=446"}],"curies":[{"name":"wp","href":"https:\/\/api.w.org\/{rel}","templated":true}]}}